{"id":41355,"date":"2010-12-18T15:19:49","date_gmt":"2010-12-18T14:19:49","guid":{"rendered":"http:\/\/www.visit-ulcinj.com\/blog\/?p=41355"},"modified":"2010-12-18T21:30:47","modified_gmt":"2010-12-18T20:30:47","slug":"aferdita-dreshaj-kandidate-per-te-perfaqesuar-kosoven-ne-miss-universe","status":"publish","type":"post","link":"https:\/\/www.visit-ulcinj.com\/blog\/2010\/12\/18\/aferdita-dreshaj-kandidate-per-te-perfaqesuar-kosoven-ne-miss-universe\/","title":{"rendered":"Af\u00ebrdita Dreshaj, kandidate p\u00ebr t\u00eb p\u00ebrfaq\u00ebsuar Kosov\u00ebn n\u00eb Miss Universe"},"content":{"rendered":"<p>Spektakli i bukuris\u00eb \u201cMiss Kosova Universe\u201d i cili ishte planifikuar t\u00eb mbahej me 25 dhjetor, \u00ebsht\u00eb shtyre p\u00ebr dat\u00ebn 15 janar t\u00eb vitit 2011. Kjo ka ardhur p\u00ebr shkak q\u00eb nj\u00eb pjes\u00eb e bashk\u00ebpun\u00ebtor\u00ebve t\u00eb organizator\u00ebve t\u00eb k\u00ebtij evenimenti, kan\u00eb qen\u00eb t\u00eb z\u00ebn\u00eb rreth zgjedhjeve parlamentare n\u00eb Kosov\u00eb dhe t\u00eb angazhuar me incizimet e programeve festive p\u00ebr Vitin e Ri.<\/p>\n<p><img loading=\"lazy\" class=\"alignleft size-full wp-image-41356\" title=\"Aferdita-Dreshaj-2\" src=\"http:\/\/www.visit-ulcinj.com\/blog\/wp-content\/uploads\/2010\/12\/Aferdita-Dreshaj-2.jpg\" alt=\"\" width=\"508\" height=\"762\" \/><\/p>\n<p>Spektakli \u201cMiss Kosova Universe 2011\u201d do t\u00eb organizohet s\u00ebrish nga kompania \u201cArt Motion\u201d n\u00eb bashk\u00ebpunim me Fadil Berish\u00ebn dhe \u201cRTV21\u201d. Agron Selimi drejtor i k\u00ebsaj kompanie b\u00ebri me dije p\u00ebr \u201cZ\u00ebrin\u201d se ndon\u00ebse \u00ebsht\u00eb shtyre asgj\u00eb nuk do t\u00eb zbeh\u00eb r\u00ebnd\u00ebsin\u00eb e k\u00ebtij manifestimi.\u00a0\u201cDhjetori ishte nj\u00eb muaj shum\u00eb i ngarkuar si nga mediet ashtu edhe nga artist\u00ebt tan\u00eb dhe duke pas parasysh zgjedhjet e fundit q\u00eb u mbajt\u00ebn dhe<\/p>\n<p>p\u00ebrgatitjet e programeve festive p\u00ebr Vitin e Ri, menduam q\u00eb k\u00ebt\u00eb spektak\u00ebl ta realizojm\u00eb n\u00eb janar duke qen\u00eb se ky muaj \u00ebsht\u00eb m\u00eb i qet\u00eb dhe ia vlen q\u00eb t\u00eb shohim nj\u00eb spektak\u00ebl t\u00eb bukur\u201d, shprehet ai.<\/p>\n<p>Sipas Selimit n\u00eb kandidatur\u00eb jan\u00eb 28 vajza t\u00eb cilat kan\u00eb filluar q\u00eb p\u00ebrmes spoteve publicitare n\u00eb \u201cRTV21\u201d dhe \u201c21 plus\u201d t\u00eb shfaq\u00ebn disa her\u00eb gjat\u00eb dit\u00ebs, nd\u00ebrsa publikut i mbetet q\u00eb p\u00ebrmes televotimit t\u00eb zgjedh 20 finalistet t\u00eb cilat do t\u00eb publikohen edhe n\u00eb faqen zyrtare www.misskosova.net.<br \/>\nTutje tregoj ai se p\u00ebrgatitjet p\u00ebr vajzat finaliste do t\u00eb fillojn\u00eb n\u00eb fillim t\u00eb janarit, nd\u00ebrsa parashihet q\u00eb ato t\u00eb ken\u00eb p\u00ebr afro dhjet\u00eb dit\u00eb n\u00eb dispozicion. Ai shtoi se ka shum\u00eb vajza t\u00eb bukura sa q\u00eb do t\u00eb k\u00ebt\u00eb shum\u00eb pun\u00eb juria p\u00ebr t\u00eb p\u00ebrzgjedh m\u00eb t\u00eb bukur\u00ebn.<\/p>\n<p>\u201cT\u00eb gjitha vajzat jan\u00eb t\u00eb bukura, por dhjet\u00eb prej tyre do t\u00eb b\u00ebjn\u00eb nj\u00eb gar\u00eb shum\u00eb t\u00eb fort\u00eb q\u00eb besoj se do t\u00eb jet\u00eb e v\u00ebshtir\u00eb edhe p\u00ebr jurin\u00eb p\u00ebr t\u00eb zgjedh m\u00eb t\u00eb bukur\u00ebn prej vajzave\u201d thot\u00eb ai duke shtuar se vajza do t\u00eb zgjidhet prej juris\u00eb nd\u00ebrsa nj\u00eb pik\u00eb do t\u00eb jepet edhe nga publiku.<\/p>\n<p><img loading=\"lazy\" class=\"alignleft size-full wp-image-41357\" title=\"Aferdita-Dreshaj-5\" src=\"http:\/\/www.visit-ulcinj.com\/blog\/wp-content\/uploads\/2010\/12\/Aferdita-Dreshaj-5.jpg\" alt=\"\" width=\"508\" height=\"438\" \/><\/p>\n<p>Af\u00ebrdita Dreshaj gjasa m\u00eb t\u00eb m\u00ebdha p\u00ebr t\u00eb fituar.P\u00ebrpos shum\u00eb vajzave q\u00eb jan\u00eb nga qytet e ndryshme t\u00eb Kosov\u00ebs, n\u00eb k\u00ebt\u00eb gar\u00eb do t\u00eb marrin pjes\u00eb edhe tri vajza nga diaspora. Nj\u00ebra do t\u00eb jet\u00eb nga Belgjika, nj\u00eb tjet\u00ebr nga Suedia, kurse nga Amerika do t\u00eb vjen Af\u00ebrdita Dreshaj.<\/p>\n<p>E kur kihet parasysh sukseset e Af\u00ebrdit\u00ebs n\u00eb fush\u00ebn e mod\u00ebs, nuk kemi se si mos ta cil\u00ebsojm\u00eb si pretendente kryesore p\u00ebr \u00e7mimin e par\u00eb t\u00eb k\u00ebtij spektakli, ani pse organizatori nuk e specifikon asnj\u00ebr\u00ebn nga vajzat si fituese t\u00eb parakohshme. \u201cN\u00eb rast se Af\u00ebrdita hyn\u00eb n\u00eb finale, at\u00ebher\u00eb ajo do t\u00eb b\u00ebhet pjes\u00eb e 20 finalisteve.<br \/>\nSigurisht q\u00eb nga ato 20 vajza, nj\u00ebra edhe do t\u00eb fitoj. Se kush mund t\u00eb jet\u00eb ajo, un\u00eb nuk e di. P\u00ebr ne \u00ebsht\u00eb e r\u00ebnd\u00ebsishme q\u00eb t\u00eb zgjidhet vajza m\u00eb e bukur dhe q\u00eb na p\u00ebrfaq\u00ebson sa m\u00eb bukur n\u00eb Miss Universe 2011\u201d, pohon Selimi.<\/p>\n<p>Nd\u00ebrkoh\u00eb p\u00ebr dallim nga bukuroshja Marigona Dragusha e cila arriti q\u00eb t\u00eb rr\u00ebmbej \u00e7mimin \u201cP\u00ebrcjell\u00ebsja e dyt\u00eb\u201d n\u00eb \u201cMiss Universe 2009\u201d, p\u00ebrfaq\u00ebsuesja e fundit K\u00ebshtjella Pepshi nuk shk\u00eblqeu n\u00eb manifestimin e k\u00ebtij viti. \u201cNuk ka qen\u00eb faji yn\u00eb, ka qen\u00eb nj\u00eb dob\u00ebsi e p\u00ebrfaq\u00ebsues son\u00eb.<\/p>\n<p><a href=\"http:\/\/www.visit-ulcinj.com\/blog\/wp-content\/uploads\/2010\/12\/Aferdita-Dreshaj-1.jpg\"><img loading=\"lazy\" class=\"alignleft size-full wp-image-41359\" title=\"Aferdita-Dreshaj-1\" src=\"http:\/\/www.visit-ulcinj.com\/blog\/wp-content\/uploads\/2010\/12\/Aferdita-Dreshaj-1.jpg\" alt=\"\" width=\"508\" height=\"625\" \/><\/a><\/p>\n<p>Ne jemi munduar q\u00eb t\u00eb ia ofrojm\u00eb t\u00eb gjitha mund\u00ebsit\u00eb, por n\u00ebse ajo nuk mundet t\u2019i aplikoj, mbetet \u00e7\u00ebshtje e saj. Ajo ka qen\u00eb e bukur, ka qen\u00eb e p\u00ebrgatitur, por meq\u00eb jeton n\u00eb Zvic\u00ebr, nuk kishte njohuri t\u00eb mir\u00eb me gjuh\u00ebn angleze dhe kjo i ka kushtuar gjat\u00eb intervist\u00ebs t\u00eb cil\u00ebn e ka dh\u00ebn\u00eb p\u00ebr organizator\u00ebt e Miss Universe\u201d, arsyeton Selimi.<br \/>\nSpektakli \u201cMiss Universe 2011\u201d fitet se do t\u00eb mbahet n\u00eb Brazil por deri n\u00eb muajin prill ende nuk dihet vendi i sakt\u00eb.<\/p>\n<!--YouTube Error: bad URL entered-->\n","protected":false},"excerpt":{"rendered":"<p>Spektakli i bukuris\u00eb \u201cMiss Kosova Universe\u201d i cili ishte planifikuar t\u00eb mbahej me 25 dhjetor, \u00ebsht\u00eb shtyre p\u00ebr dat\u00ebn 15 janar t\u00eb vitit 2011. Kjo ka ardhur p\u00ebr shkak q\u00eb nj\u00eb pjes\u00eb e bashk\u00ebpun\u00ebtor\u00ebve t\u00eb organizator\u00ebve t\u00eb k\u00ebtij evenimenti, kan\u00eb qen\u00eb t\u00eb z\u00ebn\u00eb rreth zgjedhjeve parlamentare n\u00eb Kosov\u00eb dhe t\u00eb angazhuar me incizimet e programeve [&hellip;]<\/p>\n","protected":false},"author":1,"featured_media":0,"comment_status":"open","ping_status":"closed","sticky":false,"template":"","format":"standard","meta":{"spay_email":"","jetpack_publicize_message":"","jetpack_is_tweetstorm":false,"jetpack_publicize_feature_enabled":true},"categories":[1],"tags":[16732,6121,16734,16288,14177,5494,16735,16733,16729,16188,16730,16731],"jetpack_publicize_connections":[],"yoast_head":"<!-- This site is optimized with the Yoast SEO plugin v19.1 - https:\/\/yoast.com\/wordpress\/plugins\/seo\/ -->\n<title>Af\u00ebrdita Dreshaj, kandidate p\u00ebr t\u00eb p\u00ebrfaq\u00ebsuar Kosov\u00ebn n\u00eb Miss Universe - Lajme nga Ulqini<\/title>\n<meta name=\"description\" content=\"Spektakli i bukuris\u00eb \u201cMiss Kosova Universe\u201d i cili ishte planifikuar t\u00eb mbahej me 25 dhjetor, \u00ebsht\u00eb shtyre p\u00ebr dat\u00ebn 15 janar t\u00eb vitit 2011. Kjo ka ardhur\" \/>\n<meta name=\"robots\" content=\"index, follow, max-snippet:-1, max-image-preview:large, max-video-preview:-1\" \/>\n<link rel=\"canonical\" href=\"https:\/\/www.visit-ulcinj.com\/blog\/2010\/12\/18\/aferdita-dreshaj-kandidate-per-te-perfaqesuar-kosoven-ne-miss-universe\/\" \/>\n<meta property=\"og:locale\" content=\"en_US\" \/>\n<meta property=\"og:type\" content=\"article\" \/>\n<meta property=\"og:title\" content=\"Af\u00ebrdita Dreshaj, kandidate p\u00ebr t\u00eb p\u00ebrfaq\u00ebsuar Kosov\u00ebn n\u00eb Miss Universe - Lajme nga Ulqini\" \/>\n<meta property=\"og:description\" content=\"Spektakli i bukuris\u00eb \u201cMiss Kosova Universe\u201d i cili ishte planifikuar t\u00eb mbahej me 25 dhjetor, \u00ebsht\u00eb shtyre p\u00ebr dat\u00ebn 15 janar t\u00eb vitit 2011. Kjo ka ardhur\" \/>\n<meta property=\"og:url\" content=\"https:\/\/www.visit-ulcinj.com\/blog\/2010\/12\/18\/aferdita-dreshaj-kandidate-per-te-perfaqesuar-kosoven-ne-miss-universe\/\" \/>\n<meta property=\"og:site_name\" content=\"Lajme nga Ulqini\" \/>\n<meta property=\"article:published_time\" content=\"2010-12-18T14:19:49+00:00\" \/>\n<meta property=\"article:modified_time\" content=\"2010-12-18T20:30:47+00:00\" \/>\n<meta property=\"og:image\" content=\"http:\/\/www.visit-ulcinj.com\/blog\/wp-content\/uploads\/2010\/12\/Aferdita-Dreshaj-2.jpg\" \/>\n<meta name=\"twitter:label1\" content=\"Written by\" \/>\n\t<meta name=\"twitter:data1\" content=\"ulqini\" \/>\n\t<meta name=\"twitter:label2\" content=\"Est. reading time\" \/>\n\t<meta name=\"twitter:data2\" content=\"4 minutes\" \/>\n<script type=\"application\/ld+json\" class=\"yoast-schema-graph\">{\"@context\":\"https:\/\/schema.org\",\"@graph\":[{\"@type\":\"WebSite\",\"@id\":\"https:\/\/www.visit-ulcinj.com\/blog\/#website\",\"url\":\"https:\/\/www.visit-ulcinj.com\/blog\/\",\"name\":\"Lajme nga Ulqini\",\"description\":\"Lajme,Vijesti,Ulqini,Ulqin,Crna Gora,Mali i Zi\",\"potentialAction\":[{\"@type\":\"SearchAction\",\"target\":{\"@type\":\"EntryPoint\",\"urlTemplate\":\"https:\/\/www.visit-ulcinj.com\/blog\/?s={search_term_string}\"},\"query-input\":\"required name=search_term_string\"}],\"inLanguage\":\"en-US\"},{\"@type\":\"ImageObject\",\"inLanguage\":\"en-US\",\"@id\":\"https:\/\/www.visit-ulcinj.com\/blog\/2010\/12\/18\/aferdita-dreshaj-kandidate-per-te-perfaqesuar-kosoven-ne-miss-universe\/#primaryimage\",\"url\":\"http:\/\/www.visit-ulcinj.com\/blog\/wp-content\/uploads\/2010\/12\/Aferdita-Dreshaj-2.jpg\",\"contentUrl\":\"http:\/\/www.visit-ulcinj.com\/blog\/wp-content\/uploads\/2010\/12\/Aferdita-Dreshaj-2.jpg\"},{\"@type\":\"WebPage\",\"@id\":\"https:\/\/www.visit-ulcinj.com\/blog\/2010\/12\/18\/aferdita-dreshaj-kandidate-per-te-perfaqesuar-kosoven-ne-miss-universe\/#webpage\",\"url\":\"https:\/\/www.visit-ulcinj.com\/blog\/2010\/12\/18\/aferdita-dreshaj-kandidate-per-te-perfaqesuar-kosoven-ne-miss-universe\/\",\"name\":\"Af\u00ebrdita Dreshaj, kandidate p\u00ebr t\u00eb p\u00ebrfaq\u00ebsuar Kosov\u00ebn n\u00eb Miss Universe - Lajme nga Ulqini\",\"isPartOf\":{\"@id\":\"https:\/\/www.visit-ulcinj.com\/blog\/#website\"},\"primaryImageOfPage\":{\"@id\":\"https:\/\/www.visit-ulcinj.com\/blog\/2010\/12\/18\/aferdita-dreshaj-kandidate-per-te-perfaqesuar-kosoven-ne-miss-universe\/#primaryimage\"},\"datePublished\":\"2010-12-18T14:19:49+00:00\",\"dateModified\":\"2010-12-18T20:30:47+00:00\",\"author\":{\"@id\":\"https:\/\/www.visit-ulcinj.com\/blog\/#\/schema\/person\/dcab619c614d3038751c63bc2aadc06d\"},\"description\":\"Spektakli i bukuris\u00eb \u201cMiss Kosova Universe\u201d i cili ishte planifikuar t\u00eb mbahej me 25 dhjetor, \u00ebsht\u00eb shtyre p\u00ebr dat\u00ebn 15 janar t\u00eb vitit 2011. Kjo ka ardhur\",\"breadcrumb\":{\"@id\":\"https:\/\/www.visit-ulcinj.com\/blog\/2010\/12\/18\/aferdita-dreshaj-kandidate-per-te-perfaqesuar-kosoven-ne-miss-universe\/#breadcrumb\"},\"inLanguage\":\"en-US\",\"potentialAction\":[{\"@type\":\"ReadAction\",\"target\":[\"https:\/\/www.visit-ulcinj.com\/blog\/2010\/12\/18\/aferdita-dreshaj-kandidate-per-te-perfaqesuar-kosoven-ne-miss-universe\/\"]}]},{\"@type\":\"BreadcrumbList\",\"@id\":\"https:\/\/www.visit-ulcinj.com\/blog\/2010\/12\/18\/aferdita-dreshaj-kandidate-per-te-perfaqesuar-kosoven-ne-miss-universe\/#breadcrumb\",\"itemListElement\":[{\"@type\":\"ListItem\",\"position\":1,\"name\":\"Af\u00ebrdita Dreshaj, kandidate p\u00ebr t\u00eb p\u00ebrfaq\u00ebsuar Kosov\u00ebn n\u00eb Miss Universe\"}]},{\"@type\":\"Person\",\"@id\":\"https:\/\/www.visit-ulcinj.com\/blog\/#\/schema\/person\/dcab619c614d3038751c63bc2aadc06d\",\"name\":\"ulqini\",\"sameAs\":[\"http:\/\/www.visit-ulcinj.com\"],\"url\":\"https:\/\/www.visit-ulcinj.com\/blog\/author\/admin\/\"}]}<\/script>\n<!-- \/ Yoast SEO plugin. -->","yoast_head_json":{"title":"Af\u00ebrdita Dreshaj, kandidate p\u00ebr t\u00eb p\u00ebrfaq\u00ebsuar Kosov\u00ebn n\u00eb Miss Universe - Lajme nga Ulqini","description":"Spektakli i bukuris\u00eb \u201cMiss Kosova Universe\u201d i cili ishte planifikuar t\u00eb mbahej me 25 dhjetor, \u00ebsht\u00eb shtyre p\u00ebr dat\u00ebn 15 janar t\u00eb vitit 2011. Kjo ka ardhur","robots":{"index":"index","follow":"follow","max-snippet":"max-snippet:-1","max-image-preview":"max-image-preview:large","max-video-preview":"max-video-preview:-1"},"canonical":"https:\/\/www.visit-ulcinj.com\/blog\/2010\/12\/18\/aferdita-dreshaj-kandidate-per-te-perfaqesuar-kosoven-ne-miss-universe\/","og_locale":"en_US","og_type":"article","og_title":"Af\u00ebrdita Dreshaj, kandidate p\u00ebr t\u00eb p\u00ebrfaq\u00ebsuar Kosov\u00ebn n\u00eb Miss Universe - Lajme nga Ulqini","og_description":"Spektakli i bukuris\u00eb \u201cMiss Kosova Universe\u201d i cili ishte planifikuar t\u00eb mbahej me 25 dhjetor, \u00ebsht\u00eb shtyre p\u00ebr dat\u00ebn 15 janar t\u00eb vitit 2011. Kjo ka ardhur","og_url":"https:\/\/www.visit-ulcinj.com\/blog\/2010\/12\/18\/aferdita-dreshaj-kandidate-per-te-perfaqesuar-kosoven-ne-miss-universe\/","og_site_name":"Lajme nga Ulqini","article_published_time":"2010-12-18T14:19:49+00:00","article_modified_time":"2010-12-18T20:30:47+00:00","og_image":[{"url":"http:\/\/www.visit-ulcinj.com\/blog\/wp-content\/uploads\/2010\/12\/Aferdita-Dreshaj-2.jpg"}],"twitter_misc":{"Written by":"ulqini","Est. reading time":"4 minutes"},"schema":{"@context":"https:\/\/schema.org","@graph":[{"@type":"WebSite","@id":"https:\/\/www.visit-ulcinj.com\/blog\/#website","url":"https:\/\/www.visit-ulcinj.com\/blog\/","name":"Lajme nga Ulqini","description":"Lajme,Vijesti,Ulqini,Ulqin,Crna Gora,Mali i Zi","potentialAction":[{"@type":"SearchAction","target":{"@type":"EntryPoint","urlTemplate":"https:\/\/www.visit-ulcinj.com\/blog\/?s={search_term_string}"},"query-input":"required name=search_term_string"}],"inLanguage":"en-US"},{"@type":"ImageObject","inLanguage":"en-US","@id":"https:\/\/www.visit-ulcinj.com\/blog\/2010\/12\/18\/aferdita-dreshaj-kandidate-per-te-perfaqesuar-kosoven-ne-miss-universe\/#primaryimage","url":"http:\/\/www.visit-ulcinj.com\/blog\/wp-content\/uploads\/2010\/12\/Aferdita-Dreshaj-2.jpg","contentUrl":"http:\/\/www.visit-ulcinj.com\/blog\/wp-content\/uploads\/2010\/12\/Aferdita-Dreshaj-2.jpg"},{"@type":"WebPage","@id":"https:\/\/www.visit-ulcinj.com\/blog\/2010\/12\/18\/aferdita-dreshaj-kandidate-per-te-perfaqesuar-kosoven-ne-miss-universe\/#webpage","url":"https:\/\/www.visit-ulcinj.com\/blog\/2010\/12\/18\/aferdita-dreshaj-kandidate-per-te-perfaqesuar-kosoven-ne-miss-universe\/","name":"Af\u00ebrdita Dreshaj, kandidate p\u00ebr t\u00eb p\u00ebrfaq\u00ebsuar Kosov\u00ebn n\u00eb Miss Universe - Lajme nga Ulqini","isPartOf":{"@id":"https:\/\/www.visit-ulcinj.com\/blog\/#website"},"primaryImageOfPage":{"@id":"https:\/\/www.visit-ulcinj.com\/blog\/2010\/12\/18\/aferdita-dreshaj-kandidate-per-te-perfaqesuar-kosoven-ne-miss-universe\/#primaryimage"},"datePublished":"2010-12-18T14:19:49+00:00","dateModified":"2010-12-18T20:30:47+00:00","author":{"@id":"https:\/\/www.visit-ulcinj.com\/blog\/#\/schema\/person\/dcab619c614d3038751c63bc2aadc06d"},"description":"Spektakli i bukuris\u00eb \u201cMiss Kosova Universe\u201d i cili ishte planifikuar t\u00eb mbahej me 25 dhjetor, \u00ebsht\u00eb shtyre p\u00ebr dat\u00ebn 15 janar t\u00eb vitit 2011. Kjo ka ardhur","breadcrumb":{"@id":"https:\/\/www.visit-ulcinj.com\/blog\/2010\/12\/18\/aferdita-dreshaj-kandidate-per-te-perfaqesuar-kosoven-ne-miss-universe\/#breadcrumb"},"inLanguage":"en-US","potentialAction":[{"@type":"ReadAction","target":["https:\/\/www.visit-ulcinj.com\/blog\/2010\/12\/18\/aferdita-dreshaj-kandidate-per-te-perfaqesuar-kosoven-ne-miss-universe\/"]}]},{"@type":"BreadcrumbList","@id":"https:\/\/www.visit-ulcinj.com\/blog\/2010\/12\/18\/aferdita-dreshaj-kandidate-per-te-perfaqesuar-kosoven-ne-miss-universe\/#breadcrumb","itemListElement":[{"@type":"ListItem","position":1,"name":"Af\u00ebrdita Dreshaj, kandidate p\u00ebr t\u00eb p\u00ebrfaq\u00ebsuar Kosov\u00ebn n\u00eb Miss Universe"}]},{"@type":"Person","@id":"https:\/\/www.visit-ulcinj.com\/blog\/#\/schema\/person\/dcab619c614d3038751c63bc2aadc06d","name":"ulqini","sameAs":["http:\/\/www.visit-ulcinj.com"],"url":"https:\/\/www.visit-ulcinj.com\/blog\/author\/admin\/"}]}},"jetpack_featured_media_url":"","jetpack_sharing_enabled":true,"jetpack_shortlink":"https:\/\/wp.me\/pe6lTn-aL1","_links":{"self":[{"href":"https:\/\/www.visit-ulcinj.com\/blog\/wp-json\/wp\/v2\/posts\/41355"}],"collection":[{"href":"https:\/\/www.visit-ulcinj.com\/blog\/wp-json\/wp\/v2\/posts"}],"about":[{"href":"https:\/\/www.visit-ulcinj.com\/blog\/wp-json\/wp\/v2\/types\/post"}],"author":[{"embeddable":true,"href":"https:\/\/www.visit-ulcinj.com\/blog\/wp-json\/wp\/v2\/users\/1"}],"replies":[{"embeddable":true,"href":"https:\/\/www.visit-ulcinj.com\/blog\/wp-json\/wp\/v2\/comments?post=41355"}],"version-history":[{"count":0,"href":"https:\/\/www.visit-ulcinj.com\/blog\/wp-json\/wp\/v2\/posts\/41355\/revisions"}],"wp:attachment":[{"href":"https:\/\/www.visit-ulcinj.com\/blog\/wp-json\/wp\/v2\/media?parent=41355"}],"wp:term":[{"taxonomy":"category","embeddable":true,"href":"https:\/\/www.visit-ulcinj.com\/blog\/wp-json\/wp\/v2\/categories?post=41355"},{"taxonomy":"post_tag","embeddable":true,"href":"https:\/\/www.visit-ulcinj.com\/blog\/wp-json\/wp\/v2\/tags?post=41355"}],"curies":[{"name":"wp","href":"https:\/\/api.w.org\/{rel}","templated":true}]}}