{"id":41361,"date":"2010-12-18T16:27:44","date_gmt":"2010-12-18T15:27:44","guid":{"rendered":"http:\/\/www.visit-ulcinj.com\/blog\/?p=41361"},"modified":"2010-12-18T16:28:11","modified_gmt":"2010-12-18T15:28:11","slug":"traumatizohet-zanfina-ismajli-i-prishet-makina-dhe-kalon-e-tmerruar-naten-ne-autostrade","status":"publish","type":"post","link":"https:\/\/www.visit-ulcinj.com\/blog\/2010\/12\/18\/traumatizohet-zanfina-ismajli-i-prishet-makina-dhe-kalon-e-tmerruar-naten-ne-autostrade\/","title":{"rendered":"Traumatizohet Zanfina Ismajli, i prishet makina dhe kalon e tmerruar nat\u00ebn n\u00eb autostrad\u00eb"},"content":{"rendered":"<p>Pas nj\u00eb defekti n\u00eb makin\u00ebn e saj, kan\u00eb qen\u00eb jo pak, por plot rreth tri or\u00eb n\u00eb mesnat\u00eb, q\u00eb k\u00ebng\u00ebtarja bukuroshe nga Prishtina, Zanfina Ismajli, t\u00eb p\u00ebrjetonte nj\u00eb agoni t\u00eb v\u00ebrtet\u00eb, duke kaluar k\u00ebshtu nj\u00eb traum\u00eb t\u00eb r\u00ebnd\u00eb psikologjike pak dit\u00eb m\u00eb par\u00eb. \u201cN\u00eb momentin q\u00eb i ndodhi kjo e papritur n\u00eb k\u00ebt\u00eb udh\u00ebtim, t\u00eb cilin ajo e kishte nisur e vetme, artistja thuhet se ka par\u00eb tmerrin me sy, duke u pushtuar nga frika e dhunuesve kalimtar\u00eb, ndaj ka vendosur t\u00eb mos ndaloj\u00eb ask\u00ebnd p\u00ebr t\u2019i k\u00ebrkuar ndihm\u00eb\u201d, d\u00ebshmuan t\u00eb af\u00ebrm t\u00eb saj.<\/p>\n<p><img loading=\"lazy\" class=\"alignleft size-full wp-image-41362\" title=\"Zanfina Ismaili (2)\" src=\"http:\/\/www.visit-ulcinj.com\/blog\/wp-content\/uploads\/2010\/12\/Zanfina-Ismaili-2.jpg\" alt=\"\" width=\"508\" height=\"750\" \/><\/p>\n<p>Gjat\u00eb kthimit nga qyteti i Prizrenit, pasi kishte pasur nj\u00eb koncert dhe disa xhirime p\u00ebr nat\u00ebn e Vitit t\u00eb Ri, Zanfina Ismajli p\u00ebrjetoi k\u00ebt\u00eb dram\u00eb t\u00eb r\u00ebnd\u00eb. K\u00ebshtu t\u00eb pakt\u00ebn e p\u00ebrshkruajn\u00eb familjar\u00ebt e saj at\u00eb \u00e7far\u00eb ajo kishte ndier, \u201cnj\u00eb agoni\u201d, e cila ka zgjatur m\u00eb shum\u00eb se tri or\u00eb n\u00eb autostrad\u00ebn Prizren-Prishtin\u00eb, e gjith\u00eb kjo p\u00ebr shkak t\u00eb defektit n\u00eb makin\u00ebn e saj, tipi xhip (Freelander 2).<\/p>\n<p>K\u00ebng\u00ebtarja \u00ebsht\u00eb tmerruar m\u00eb tep\u00ebr kur n\u00eb momentin q\u00eb ka dashur t\u00eb telefonoj\u00eb t\u00eb \u00ebm\u00ebn, nuk ka mundur dot, pasi telefoni i saj dilte gjith\u00eb koh\u00ebn i mbyllur. Zanfina po p\u00ebrjetonte nj\u00eb shok t\u00eb v\u00ebrtet\u00eb psikologjik. Skena q\u00eb ajo u ka p\u00ebrshkruar familjar\u00ebve ka qen\u00eb si n\u00ebp\u00ebr filmat horror, n\u00eb or\u00ebn 02:00 pas mesnate, n\u00eb mes t\u00eb autostrad\u00ebs, krejt e vetme. M\u00eb t\u00eb r\u00ebnd\u00eb situat\u00ebn e b\u00ebnte moti i ftoht\u00eb, me acar dhe mjegull\u201d, rr\u00ebfen m\u00eb tej p\u00ebr \u201cPanorama plus\u201d, nj\u00eb burim pran\u00eb familjes s\u00eb k\u00ebng\u00ebtares. \u201cE gjith\u00eb ka ndodhur papritur, nd\u00ebrsa makina me t\u00eb cil\u00ebn ajo udh\u00ebtonte m\u00eb shpejt\u00ebsi normale, ka filluar t\u00eb dridhet dhe papritur ka ndaluar.<\/p>\n<p><a href=\"http:\/\/www.visit-ulcinj.com\/blog\/wp-content\/uploads\/2010\/12\/Zanfina-Ismaili-14.jpg\"><img loading=\"lazy\" class=\"alignleft size-full wp-image-41363\" title=\"Zanfina Ismaili (14)\" src=\"http:\/\/www.visit-ulcinj.com\/blog\/wp-content\/uploads\/2010\/12\/Zanfina-Ismaili-14.jpg\" alt=\"\" width=\"508\" height=\"339\" \/><\/a><\/p>\n<p>K\u00ebng\u00ebtarja nuk ka pasur asnj\u00eb mund\u00ebsi t\u00eb l\u00ebviz\u00eb brenda makin\u00ebs, nd\u00ebrkoh\u00eb q\u00eb vet\u00ebm pas pak minutave ajo fiket plot\u00ebsisht. Pas k\u00ebsaj, e gjendur n\u00eb panik tenton t\u00eb telefonoj\u00eb n\u00ebn\u00ebn e saj, Mona dhe kur p\u00ebr pes\u00eb her\u00eb me radh\u00eb telefoni i saj dilte i mbyllur, k\u00ebng\u00ebtarja ka kaluar nj\u00eb shok psikologjik. Ka arritur t\u00eb lidhej n\u00eb telefon me motr\u00ebn Ema, e cila ndodhej jasht\u00eb vendit dhe e vetmja ndihm\u00eb q\u00eb mund t\u2019i jepte ishte ta qet\u00ebsonte me fjal\u00eb dhe t\u2019i jepte kurajo. Por kur Zanfina\u00a0 ndodhej n\u00eb mes t\u00eb autostrad\u00ebs, e rrethuar me male dhe err\u00ebsir\u00eb, e ka kapluar nj\u00eb frik\u00eb e tmerrshme. Nga temperaturat e ul\u00ebta dhe ora e von\u00eb, frika sa vinte e shtohej, p\u00ebr faktin se dhe makinat q\u00eb qarkullonin ishin shum\u00eb t\u00eb rralla.<\/p>\n<p>K\u00ebshtu ka kaluar disa or\u00eb, derisa merr telefonat\u00eb nga e \u00ebma. Kjo ishte nd\u00ebr rastet e rralla q\u00eb Mona nuk e shoq\u00ebronte Zanfin\u00ebn. T\u00eb nes\u00ebrmen ato t\u00eb dyja do t\u00eb ishin p\u00ebr disa xhirime t\u00eb tjera t\u00eb Zanfin\u00ebs. Vet\u00ebm kur \u00ebsht\u00eb zgjuar dhe ka hapur telefonin, ajo i ka telefonuar vajz\u00ebs p\u00ebr ta pyetur se ku ndodhej dhe pse ishte vonuar kaq shum\u00eb, p\u00ebr t\u00eb udh\u00ebtuar nga Prizreni n\u00eb Prishtin\u00eb. Pas komunikimit me Zanfin\u00ebn, e cila i tha se ishte bllokuar p\u00ebr or\u00eb t\u00eb t\u00ebra n\u00eb autostrad\u00eb, Mona lajm\u00ebroi sh\u00ebrbimin p\u00ebrgjegj\u00ebs dhe s\u00eb bashku me ata udh\u00ebtoi drejt vendit t\u00eb ngjarjes.<\/p>\n<p><a href=\"http:\/\/www.visit-ulcinj.com\/blog\/wp-content\/uploads\/2010\/12\/Zanfina-Ismaili-27.jpg\"><img loading=\"lazy\" class=\"alignleft size-full wp-image-41364\" title=\"Zanfina Ismaili (27)\" src=\"http:\/\/www.visit-ulcinj.com\/blog\/wp-content\/uploads\/2010\/12\/Zanfina-Ismaili-27.jpg\" alt=\"\" width=\"508\" height=\"339\" \/><\/a><\/p>\n<p>Pasi kishin b\u00ebr\u00eb kontrollin mbi vetur\u00ebn, ishte konstatuar se nj\u00eb kabull n\u00eb makin\u00eb kishte sjell\u00eb nj\u00eb defekt elektrik n\u00eb motor. Specialist\u00ebt kan\u00eb pohuar se ka qen\u00eb fat p\u00ebr Zanfin\u00ebn q\u00eb ngiste nj\u00eb makin\u00eb t\u00eb till\u00eb, t\u00eb tipit xhip \u201cFreelander 2\u201d.<\/p>\n<!--YouTube Error: bad URL entered-->\n","protected":false},"excerpt":{"rendered":"<p>Pas nj\u00eb defekti n\u00eb makin\u00ebn e saj, kan\u00eb qen\u00eb jo pak, por plot rreth tri or\u00eb n\u00eb mesnat\u00eb, q\u00eb k\u00ebng\u00ebtarja bukuroshe nga Prishtina, Zanfina Ismajli, t\u00eb p\u00ebrjetonte nj\u00eb agoni t\u00eb v\u00ebrtet\u00eb, duke kaluar k\u00ebshtu nj\u00eb traum\u00eb t\u00eb r\u00ebnd\u00eb psikologjike pak dit\u00eb m\u00eb par\u00eb. \u201cN\u00eb momentin q\u00eb i ndodhi kjo e papritur n\u00eb k\u00ebt\u00eb udh\u00ebtim, t\u00eb [&hellip;]<\/p>\n","protected":false},"author":1,"featured_media":0,"comment_status":"open","ping_status":"closed","sticky":false,"template":"","format":"standard","meta":{"spay_email":"","jetpack_publicize_message":"","jetpack_is_tweetstorm":false,"jetpack_publicize_feature_enabled":true},"categories":[1],"tags":[16736,4892,4891,6693,6251,225,4938],"jetpack_publicize_connections":[],"yoast_head":"<!-- This site is optimized with the Yoast SEO plugin v19.1 - https:\/\/yoast.com\/wordpress\/plugins\/seo\/ -->\n<title>Traumatizohet Zanfina Ismajli, i prishet makina dhe kalon e tmerruar nat\u00ebn n\u00eb autostrad\u00eb - Lajme nga Ulqini<\/title>\n<meta name=\"description\" content=\"Pas nj\u00eb defekti n\u00eb makin\u00ebn e saj, kan\u00eb qen\u00eb jo pak, por plot rreth tri or\u00eb n\u00eb mesnat\u00eb, q\u00eb k\u00ebng\u00ebtarja bukuroshe nga Prishtina, Zanfina Ismajli, t\u00eb\" \/>\n<meta name=\"robots\" content=\"index, follow, max-snippet:-1, max-image-preview:large, max-video-preview:-1\" \/>\n<link rel=\"canonical\" href=\"https:\/\/www.visit-ulcinj.com\/blog\/2010\/12\/18\/traumatizohet-zanfina-ismajli-i-prishet-makina-dhe-kalon-e-tmerruar-naten-ne-autostrade\/\" \/>\n<meta property=\"og:locale\" content=\"en_US\" \/>\n<meta property=\"og:type\" content=\"article\" \/>\n<meta property=\"og:title\" content=\"Traumatizohet Zanfina Ismajli, i prishet makina dhe kalon e tmerruar nat\u00ebn n\u00eb autostrad\u00eb - Lajme nga Ulqini\" \/>\n<meta property=\"og:description\" content=\"Pas nj\u00eb defekti n\u00eb makin\u00ebn e saj, kan\u00eb qen\u00eb jo pak, por plot rreth tri or\u00eb n\u00eb mesnat\u00eb, q\u00eb k\u00ebng\u00ebtarja bukuroshe nga Prishtina, Zanfina Ismajli, t\u00eb\" \/>\n<meta property=\"og:url\" content=\"https:\/\/www.visit-ulcinj.com\/blog\/2010\/12\/18\/traumatizohet-zanfina-ismajli-i-prishet-makina-dhe-kalon-e-tmerruar-naten-ne-autostrade\/\" \/>\n<meta property=\"og:site_name\" content=\"Lajme nga Ulqini\" \/>\n<meta property=\"article:published_time\" content=\"2010-12-18T15:27:44+00:00\" \/>\n<meta property=\"article:modified_time\" content=\"2010-12-18T15:28:11+00:00\" \/>\n<meta property=\"og:image\" content=\"http:\/\/www.visit-ulcinj.com\/blog\/wp-content\/uploads\/2010\/12\/Zanfina-Ismaili-2.jpg\" \/>\n<meta name=\"twitter:label1\" content=\"Written by\" \/>\n\t<meta name=\"twitter:data1\" content=\"ulqini\" \/>\n\t<meta name=\"twitter:label2\" content=\"Est. reading time\" \/>\n\t<meta name=\"twitter:data2\" content=\"3 minutes\" \/>\n<script type=\"application\/ld+json\" class=\"yoast-schema-graph\">{\"@context\":\"https:\/\/schema.org\",\"@graph\":[{\"@type\":\"WebSite\",\"@id\":\"https:\/\/www.visit-ulcinj.com\/blog\/#website\",\"url\":\"https:\/\/www.visit-ulcinj.com\/blog\/\",\"name\":\"Lajme nga Ulqini\",\"description\":\"Lajme,Vijesti,Ulqini,Ulqin,Crna Gora,Mali i Zi\",\"potentialAction\":[{\"@type\":\"SearchAction\",\"target\":{\"@type\":\"EntryPoint\",\"urlTemplate\":\"https:\/\/www.visit-ulcinj.com\/blog\/?s={search_term_string}\"},\"query-input\":\"required name=search_term_string\"}],\"inLanguage\":\"en-US\"},{\"@type\":\"ImageObject\",\"inLanguage\":\"en-US\",\"@id\":\"https:\/\/www.visit-ulcinj.com\/blog\/2010\/12\/18\/traumatizohet-zanfina-ismajli-i-prishet-makina-dhe-kalon-e-tmerruar-naten-ne-autostrade\/#primaryimage\",\"url\":\"http:\/\/www.visit-ulcinj.com\/blog\/wp-content\/uploads\/2010\/12\/Zanfina-Ismaili-2.jpg\",\"contentUrl\":\"http:\/\/www.visit-ulcinj.com\/blog\/wp-content\/uploads\/2010\/12\/Zanfina-Ismaili-2.jpg\"},{\"@type\":\"WebPage\",\"@id\":\"https:\/\/www.visit-ulcinj.com\/blog\/2010\/12\/18\/traumatizohet-zanfina-ismajli-i-prishet-makina-dhe-kalon-e-tmerruar-naten-ne-autostrade\/#webpage\",\"url\":\"https:\/\/www.visit-ulcinj.com\/blog\/2010\/12\/18\/traumatizohet-zanfina-ismajli-i-prishet-makina-dhe-kalon-e-tmerruar-naten-ne-autostrade\/\",\"name\":\"Traumatizohet Zanfina Ismajli, i prishet makina dhe kalon e tmerruar nat\u00ebn n\u00eb autostrad\u00eb - Lajme nga Ulqini\",\"isPartOf\":{\"@id\":\"https:\/\/www.visit-ulcinj.com\/blog\/#website\"},\"primaryImageOfPage\":{\"@id\":\"https:\/\/www.visit-ulcinj.com\/blog\/2010\/12\/18\/traumatizohet-zanfina-ismajli-i-prishet-makina-dhe-kalon-e-tmerruar-naten-ne-autostrade\/#primaryimage\"},\"datePublished\":\"2010-12-18T15:27:44+00:00\",\"dateModified\":\"2010-12-18T15:28:11+00:00\",\"author\":{\"@id\":\"https:\/\/www.visit-ulcinj.com\/blog\/#\/schema\/person\/dcab619c614d3038751c63bc2aadc06d\"},\"description\":\"Pas nj\u00eb defekti n\u00eb makin\u00ebn e saj, kan\u00eb qen\u00eb jo pak, por plot rreth tri or\u00eb n\u00eb mesnat\u00eb, q\u00eb k\u00ebng\u00ebtarja bukuroshe nga Prishtina, Zanfina Ismajli, t\u00eb\",\"breadcrumb\":{\"@id\":\"https:\/\/www.visit-ulcinj.com\/blog\/2010\/12\/18\/traumatizohet-zanfina-ismajli-i-prishet-makina-dhe-kalon-e-tmerruar-naten-ne-autostrade\/#breadcrumb\"},\"inLanguage\":\"en-US\",\"potentialAction\":[{\"@type\":\"ReadAction\",\"target\":[\"https:\/\/www.visit-ulcinj.com\/blog\/2010\/12\/18\/traumatizohet-zanfina-ismajli-i-prishet-makina-dhe-kalon-e-tmerruar-naten-ne-autostrade\/\"]}]},{\"@type\":\"BreadcrumbList\",\"@id\":\"https:\/\/www.visit-ulcinj.com\/blog\/2010\/12\/18\/traumatizohet-zanfina-ismajli-i-prishet-makina-dhe-kalon-e-tmerruar-naten-ne-autostrade\/#breadcrumb\",\"itemListElement\":[{\"@type\":\"ListItem\",\"position\":1,\"name\":\"Traumatizohet Zanfina Ismajli, i prishet makina dhe kalon e tmerruar nat\u00ebn n\u00eb autostrad\u00eb\"}]},{\"@type\":\"Person\",\"@id\":\"https:\/\/www.visit-ulcinj.com\/blog\/#\/schema\/person\/dcab619c614d3038751c63bc2aadc06d\",\"name\":\"ulqini\",\"sameAs\":[\"http:\/\/www.visit-ulcinj.com\"],\"url\":\"https:\/\/www.visit-ulcinj.com\/blog\/author\/admin\/\"}]}<\/script>\n<!-- \/ Yoast SEO plugin. -->","yoast_head_json":{"title":"Traumatizohet Zanfina Ismajli, i prishet makina dhe kalon e tmerruar nat\u00ebn n\u00eb autostrad\u00eb - Lajme nga Ulqini","description":"Pas nj\u00eb defekti n\u00eb makin\u00ebn e saj, kan\u00eb qen\u00eb jo pak, por plot rreth tri or\u00eb n\u00eb mesnat\u00eb, q\u00eb k\u00ebng\u00ebtarja bukuroshe nga Prishtina, Zanfina Ismajli, t\u00eb","robots":{"index":"index","follow":"follow","max-snippet":"max-snippet:-1","max-image-preview":"max-image-preview:large","max-video-preview":"max-video-preview:-1"},"canonical":"https:\/\/www.visit-ulcinj.com\/blog\/2010\/12\/18\/traumatizohet-zanfina-ismajli-i-prishet-makina-dhe-kalon-e-tmerruar-naten-ne-autostrade\/","og_locale":"en_US","og_type":"article","og_title":"Traumatizohet Zanfina Ismajli, i prishet makina dhe kalon e tmerruar nat\u00ebn n\u00eb autostrad\u00eb - Lajme nga Ulqini","og_description":"Pas nj\u00eb defekti n\u00eb makin\u00ebn e saj, kan\u00eb qen\u00eb jo pak, por plot rreth tri or\u00eb n\u00eb mesnat\u00eb, q\u00eb k\u00ebng\u00ebtarja bukuroshe nga Prishtina, Zanfina Ismajli, t\u00eb","og_url":"https:\/\/www.visit-ulcinj.com\/blog\/2010\/12\/18\/traumatizohet-zanfina-ismajli-i-prishet-makina-dhe-kalon-e-tmerruar-naten-ne-autostrade\/","og_site_name":"Lajme nga Ulqini","article_published_time":"2010-12-18T15:27:44+00:00","article_modified_time":"2010-12-18T15:28:11+00:00","og_image":[{"url":"http:\/\/www.visit-ulcinj.com\/blog\/wp-content\/uploads\/2010\/12\/Zanfina-Ismaili-2.jpg"}],"twitter_misc":{"Written by":"ulqini","Est. reading time":"3 minutes"},"schema":{"@context":"https:\/\/schema.org","@graph":[{"@type":"WebSite","@id":"https:\/\/www.visit-ulcinj.com\/blog\/#website","url":"https:\/\/www.visit-ulcinj.com\/blog\/","name":"Lajme nga Ulqini","description":"Lajme,Vijesti,Ulqini,Ulqin,Crna Gora,Mali i Zi","potentialAction":[{"@type":"SearchAction","target":{"@type":"EntryPoint","urlTemplate":"https:\/\/www.visit-ulcinj.com\/blog\/?s={search_term_string}"},"query-input":"required name=search_term_string"}],"inLanguage":"en-US"},{"@type":"ImageObject","inLanguage":"en-US","@id":"https:\/\/www.visit-ulcinj.com\/blog\/2010\/12\/18\/traumatizohet-zanfina-ismajli-i-prishet-makina-dhe-kalon-e-tmerruar-naten-ne-autostrade\/#primaryimage","url":"http:\/\/www.visit-ulcinj.com\/blog\/wp-content\/uploads\/2010\/12\/Zanfina-Ismaili-2.jpg","contentUrl":"http:\/\/www.visit-ulcinj.com\/blog\/wp-content\/uploads\/2010\/12\/Zanfina-Ismaili-2.jpg"},{"@type":"WebPage","@id":"https:\/\/www.visit-ulcinj.com\/blog\/2010\/12\/18\/traumatizohet-zanfina-ismajli-i-prishet-makina-dhe-kalon-e-tmerruar-naten-ne-autostrade\/#webpage","url":"https:\/\/www.visit-ulcinj.com\/blog\/2010\/12\/18\/traumatizohet-zanfina-ismajli-i-prishet-makina-dhe-kalon-e-tmerruar-naten-ne-autostrade\/","name":"Traumatizohet Zanfina Ismajli, i prishet makina dhe kalon e tmerruar nat\u00ebn n\u00eb autostrad\u00eb - Lajme nga Ulqini","isPartOf":{"@id":"https:\/\/www.visit-ulcinj.com\/blog\/#website"},"primaryImageOfPage":{"@id":"https:\/\/www.visit-ulcinj.com\/blog\/2010\/12\/18\/traumatizohet-zanfina-ismajli-i-prishet-makina-dhe-kalon-e-tmerruar-naten-ne-autostrade\/#primaryimage"},"datePublished":"2010-12-18T15:27:44+00:00","dateModified":"2010-12-18T15:28:11+00:00","author":{"@id":"https:\/\/www.visit-ulcinj.com\/blog\/#\/schema\/person\/dcab619c614d3038751c63bc2aadc06d"},"description":"Pas nj\u00eb defekti n\u00eb makin\u00ebn e saj, kan\u00eb qen\u00eb jo pak, por plot rreth tri or\u00eb n\u00eb mesnat\u00eb, q\u00eb k\u00ebng\u00ebtarja bukuroshe nga Prishtina, Zanfina Ismajli, t\u00eb","breadcrumb":{"@id":"https:\/\/www.visit-ulcinj.com\/blog\/2010\/12\/18\/traumatizohet-zanfina-ismajli-i-prishet-makina-dhe-kalon-e-tmerruar-naten-ne-autostrade\/#breadcrumb"},"inLanguage":"en-US","potentialAction":[{"@type":"ReadAction","target":["https:\/\/www.visit-ulcinj.com\/blog\/2010\/12\/18\/traumatizohet-zanfina-ismajli-i-prishet-makina-dhe-kalon-e-tmerruar-naten-ne-autostrade\/"]}]},{"@type":"BreadcrumbList","@id":"https:\/\/www.visit-ulcinj.com\/blog\/2010\/12\/18\/traumatizohet-zanfina-ismajli-i-prishet-makina-dhe-kalon-e-tmerruar-naten-ne-autostrade\/#breadcrumb","itemListElement":[{"@type":"ListItem","position":1,"name":"Traumatizohet Zanfina Ismajli, i prishet makina dhe kalon e tmerruar nat\u00ebn n\u00eb autostrad\u00eb"}]},{"@type":"Person","@id":"https:\/\/www.visit-ulcinj.com\/blog\/#\/schema\/person\/dcab619c614d3038751c63bc2aadc06d","name":"ulqini","sameAs":["http:\/\/www.visit-ulcinj.com"],"url":"https:\/\/www.visit-ulcinj.com\/blog\/author\/admin\/"}]}},"jetpack_featured_media_url":"","jetpack_sharing_enabled":true,"jetpack_shortlink":"https:\/\/wp.me\/pe6lTn-aL7","_links":{"self":[{"href":"https:\/\/www.visit-ulcinj.com\/blog\/wp-json\/wp\/v2\/posts\/41361"}],"collection":[{"href":"https:\/\/www.visit-ulcinj.com\/blog\/wp-json\/wp\/v2\/posts"}],"about":[{"href":"https:\/\/www.visit-ulcinj.com\/blog\/wp-json\/wp\/v2\/types\/post"}],"author":[{"embeddable":true,"href":"https:\/\/www.visit-ulcinj.com\/blog\/wp-json\/wp\/v2\/users\/1"}],"replies":[{"embeddable":true,"href":"https:\/\/www.visit-ulcinj.com\/blog\/wp-json\/wp\/v2\/comments?post=41361"}],"version-history":[{"count":0,"href":"https:\/\/www.visit-ulcinj.com\/blog\/wp-json\/wp\/v2\/posts\/41361\/revisions"}],"wp:attachment":[{"href":"https:\/\/www.visit-ulcinj.com\/blog\/wp-json\/wp\/v2\/media?parent=41361"}],"wp:term":[{"taxonomy":"category","embeddable":true,"href":"https:\/\/www.visit-ulcinj.com\/blog\/wp-json\/wp\/v2\/categories?post=41361"},{"taxonomy":"post_tag","embeddable":true,"href":"https:\/\/www.visit-ulcinj.com\/blog\/wp-json\/wp\/v2\/tags?post=41361"}],"curies":[{"name":"wp","href":"https:\/\/api.w.org\/{rel}","templated":true}]}}