{"id":41379,"date":"2010-12-18T18:05:35","date_gmt":"2010-12-18T17:05:35","guid":{"rendered":"http:\/\/www.visit-ulcinj.com\/blog\/?p=41379"},"modified":"2010-12-18T18:05:35","modified_gmt":"2010-12-18T17:05:35","slug":"skrelja-sef-parlamenta-2","status":"publish","type":"post","link":"https:\/\/www.visit-ulcinj.com\/blog\/2010\/12\/18\/skrelja-sef-parlamenta-2\/","title":{"rendered":"\u0160krelja \u0161ef parlamenta"},"content":{"rendered":"<p><strong><a href=\"http:\/\/www.visit-ulcinj.com\/blog\/wp-content\/uploads\/2010\/12\/Skrelja-sef-parlamenta-Ulcinja.jpg\"><img loading=\"lazy\" class=\"alignleft size-full wp-image-41380\" title=\"Skrelja sef parlamenta Ulcinja\" src=\"http:\/\/www.visit-ulcinj.com\/blog\/wp-content\/uploads\/2010\/12\/Skrelja-sef-parlamenta-Ulcinja.jpg\" alt=\"\" width=\"490\" height=\"380\" \/><\/a>DUA, PDP i DPS formirali koaliciju u Ulcinju<\/strong><br \/>\nUlcinj \u2013 Ljui\u0111 \u0160krelja (DPS) imenovan je ju\u010de za novog predsjednika parlamenta najju\u017enije op\u0161tine. Ulcinj je dobio i vladaju\u0107u koaliciju DUA, DPS i PDP za naredni \u010detvorogodi\u0161nji period koja \u0107e, kako su kazali lideri tih partija, biti stabilna i raditi u interesu svih gra\u0111ana bez obzira na politi\u010dku orjentaciju.<br \/>\nU ime koalicije DUA i PDP sporazum su potpisali lideri tih partija Ferhat Dino\u0161a i Ali Red\u017ea, a u ime DPS-a \u0161ef op\u0161tinskog odbora Ljui\u0111 \u0160krelja.<br \/>\nDino\u0161a je nakon potpisivanja sporazuma pred novinarima garantovao da \u0107e vlast biti stabilna \u201cjer je razmotreno sve \u0161to je trebalo da se razmotri\u201d.<br \/>\n\u201cNije se te\u0161ko bilo dogovoriti jer smo jo\u0161 na po\u010detku usaglasili stav da mjesto gradona\u010delnika pripada Demokratskoj uniji Albanaca, a \u010delna funkcija lokalnog parlamenta DPS-u. Naravno, udovoljili smo i ve\u0107ini zahtjeva PDP-a\u201d, kazao je Dino\u0161a.<\/p>\n<p>\u0160krelja, koji je nepun sat nakon toga izabran za \u0161efa parlamenta, bio je mnogo nadahnutiji.<br \/>\n\u201cOvaj prvi snijeg koji donosi radost, petak kao \u0161esti dan dijela na\u0161eg gra\u0111anstva i u i\u0161\u010dekivanju da Crna Gora dobije status kandidata, motivi\u0161u nas da ovu koaliciju u\u010dinimo koalicijom budu\u0107nosti, za sve gra\u0111ane bez obzira na vjersku, politi\u010dku ili bilo koju drugu orijentaciju\u201d, simboli\u010dan je bio \u0160krelja.<br \/>\nZa ulazak u koaliciju, DPS-u \u0107e, osim \u010delnih funkcija SO i mjesta sekretara za privredu, javnu upravu i komunalne djelatnosti koje su i do sada pokrivali kadrovi te partije, pripasti i Sekretarijat za bud\u017eet i finansije.<br \/>\nPDP \u0107e dobiti mjesto potpredsjednika op\u0161tine, a uz Turisti\u010dku organizaciju kadrovi te partije u narednom periodu vodi\u0107e i UPIN i Sekretarijat za inspekcijske poslove. Toj partiji pripala su i neka zamjeni\u010dka mjesta direktora u javnim preduze\u0107ima i potpredsjednika u upravnim odborima.<br \/>\nOstali dio kola\u010da osta\u0107e Dino\u0161evoj partiji.<\/p>\n<p>Bojkot Force, u SDP-u uzdr\u017eani<\/p>\n<p>Odbornici Force napustili su ju\u010dera\u0161nje zasjedanje prije glasanja o \u0160krelji jer, kako je rekao lider Nazif Cungu, procedura izbora nije bila u skladu sa zakonom.<br \/>\n\u201cPo zakonu prvo, odbornici koji pokrivaju mjesto u izvr\u0161noj vlasti, a potvr\u0111eni su im mandati, moraju dati ostavke jer su u konfliktu interesa\u201d, kazao je Cungu.<br \/>\nOn je naveo da \u0107e Forca napustiti sjednicu ukoliko se bude glasalo uprkos kr\u0161enju zakona.<br \/>\nOdbornik DPS-a Borislav Ba\u0161ovi\u0107 negirao je tvrdnje Cungua.<br \/>\n\u201cTi odbornici ostavke moraju podnijeti predsjedniku SO, pa ga zbog toga prvo moramo izabrati\u201d, kategori\u010dan je bio Ba\u0161ovi\u0107.<br \/>\nNa kraju, za \u0160krelju je glasalo 17 odbornika vladaju\u0107e koalicije, dok je pet odbornika iz redova opozicije bilo uzdr\u017eano.<br \/>\nKoalicioni partner DPS-a na republi\u010dkom nivou i doju\u010dera\u0161nji na lokalnom u Ulcinju, SDP, nije podr\u017eao izbor \u0160krelje.<br \/>\n\u201cNe\u0107emo biti protiv njegovog izbora, ali ne\u0107emo ga ni podr\u017eati jer to od nas niko nije tra\u017eio, niti nas je konsultovao\u201d, kazao je odbornik SDP-a Skender Elezagi\u0107.<\/p>\n<p><strong>S.A.<br \/>\n<a href=\"http:\/\/www.vijesti.me\/\" target=\"_blank\">Vijesti<\/a><\/strong><\/p>\n","protected":false},"excerpt":{"rendered":"<p>DUA, PDP i DPS formirali koaliciju u Ulcinju Ulcinj \u2013 Ljui\u0111 \u0160krelja (DPS) imenovan je ju\u010de za novog predsjednika parlamenta najju\u017enije op\u0161tine. Ulcinj je dobio i vladaju\u0107u koaliciju DUA, DPS i PDP za naredni \u010detvorogodi\u0161nji period koja \u0107e, kako su kazali lideri tih partija, biti stabilna i raditi u interesu svih gra\u0111ana bez obzira na [&hellip;]<\/p>\n","protected":false},"author":1,"featured_media":0,"comment_status":"open","ping_status":"closed","sticky":false,"template":"","format":"standard","meta":{"spay_email":"","jetpack_publicize_message":"","jetpack_is_tweetstorm":false,"jetpack_publicize_feature_enabled":true},"categories":[8337],"tags":[19,16739],"jetpack_publicize_connections":[],"yoast_head":"<!-- This site is optimized with the Yoast SEO plugin v19.1 - https:\/\/yoast.com\/wordpress\/plugins\/seo\/ -->\n<title>\u0160krelja \u0161ef parlamenta - Lajme nga Ulqini<\/title>\n<meta name=\"description\" content=\"DUA, PDP i DPS formirali koaliciju u Ulcinju Ulcinj \u2013 Ljui\u0111 \u0160krelja (DPS) imenovan je ju\u010de za novog predsjednika parlamenta najju\u017enije op\u0161tine. Ulcinj je\" \/>\n<meta name=\"robots\" content=\"index, follow, max-snippet:-1, max-image-preview:large, max-video-preview:-1\" \/>\n<link rel=\"canonical\" href=\"https:\/\/www.visit-ulcinj.com\/blog\/2010\/12\/18\/skrelja-sef-parlamenta-2\/\" \/>\n<meta property=\"og:locale\" content=\"en_US\" \/>\n<meta property=\"og:type\" content=\"article\" \/>\n<meta property=\"og:title\" content=\"\u0160krelja \u0161ef parlamenta - Lajme nga Ulqini\" \/>\n<meta property=\"og:description\" content=\"DUA, PDP i DPS formirali koaliciju u Ulcinju Ulcinj \u2013 Ljui\u0111 \u0160krelja (DPS) imenovan je ju\u010de za novog predsjednika parlamenta najju\u017enije op\u0161tine. Ulcinj je\" \/>\n<meta property=\"og:url\" content=\"https:\/\/www.visit-ulcinj.com\/blog\/2010\/12\/18\/skrelja-sef-parlamenta-2\/\" \/>\n<meta property=\"og:site_name\" content=\"Lajme nga Ulqini\" \/>\n<meta property=\"article:published_time\" content=\"2010-12-18T17:05:35+00:00\" \/>\n<meta property=\"og:image\" content=\"http:\/\/www.visit-ulcinj.com\/blog\/wp-content\/uploads\/2010\/12\/Skrelja-sef-parlamenta-Ulcinja.jpg\" \/>\n<meta name=\"twitter:label1\" content=\"Written by\" \/>\n\t<meta name=\"twitter:data1\" content=\"ulqini\" \/>\n\t<meta name=\"twitter:label2\" content=\"Est. reading time\" \/>\n\t<meta name=\"twitter:data2\" content=\"3 minutes\" \/>\n<script type=\"application\/ld+json\" class=\"yoast-schema-graph\">{\"@context\":\"https:\/\/schema.org\",\"@graph\":[{\"@type\":\"WebSite\",\"@id\":\"https:\/\/www.visit-ulcinj.com\/blog\/#website\",\"url\":\"https:\/\/www.visit-ulcinj.com\/blog\/\",\"name\":\"Lajme nga Ulqini\",\"description\":\"Lajme,Vijesti,Ulqini,Ulqin,Crna Gora,Mali i Zi\",\"potentialAction\":[{\"@type\":\"SearchAction\",\"target\":{\"@type\":\"EntryPoint\",\"urlTemplate\":\"https:\/\/www.visit-ulcinj.com\/blog\/?s={search_term_string}\"},\"query-input\":\"required name=search_term_string\"}],\"inLanguage\":\"en-US\"},{\"@type\":\"ImageObject\",\"inLanguage\":\"en-US\",\"@id\":\"https:\/\/www.visit-ulcinj.com\/blog\/2010\/12\/18\/skrelja-sef-parlamenta-2\/#primaryimage\",\"url\":\"https:\/\/www.visit-ulcinj.com\/blog\/wp-content\/uploads\/2010\/12\/Skrelja-sef-parlamenta-Ulcinja.jpg\",\"contentUrl\":\"https:\/\/www.visit-ulcinj.com\/blog\/wp-content\/uploads\/2010\/12\/Skrelja-sef-parlamenta-Ulcinja.jpg\",\"width\":\"720\",\"height\":\"480\"},{\"@type\":\"WebPage\",\"@id\":\"https:\/\/www.visit-ulcinj.com\/blog\/2010\/12\/18\/skrelja-sef-parlamenta-2\/#webpage\",\"url\":\"https:\/\/www.visit-ulcinj.com\/blog\/2010\/12\/18\/skrelja-sef-parlamenta-2\/\",\"name\":\"\u0160krelja \u0161ef parlamenta - Lajme nga Ulqini\",\"isPartOf\":{\"@id\":\"https:\/\/www.visit-ulcinj.com\/blog\/#website\"},\"primaryImageOfPage\":{\"@id\":\"https:\/\/www.visit-ulcinj.com\/blog\/2010\/12\/18\/skrelja-sef-parlamenta-2\/#primaryimage\"},\"datePublished\":\"2010-12-18T17:05:35+00:00\",\"dateModified\":\"2010-12-18T17:05:35+00:00\",\"author\":{\"@id\":\"https:\/\/www.visit-ulcinj.com\/blog\/#\/schema\/person\/dcab619c614d3038751c63bc2aadc06d\"},\"description\":\"DUA, PDP i DPS formirali koaliciju u Ulcinju Ulcinj \u2013 Ljui\u0111 \u0160krelja (DPS) imenovan je ju\u010de za novog predsjednika parlamenta najju\u017enije op\u0161tine. Ulcinj je\",\"breadcrumb\":{\"@id\":\"https:\/\/www.visit-ulcinj.com\/blog\/2010\/12\/18\/skrelja-sef-parlamenta-2\/#breadcrumb\"},\"inLanguage\":\"en-US\",\"potentialAction\":[{\"@type\":\"ReadAction\",\"target\":[\"https:\/\/www.visit-ulcinj.com\/blog\/2010\/12\/18\/skrelja-sef-parlamenta-2\/\"]}]},{\"@type\":\"BreadcrumbList\",\"@id\":\"https:\/\/www.visit-ulcinj.com\/blog\/2010\/12\/18\/skrelja-sef-parlamenta-2\/#breadcrumb\",\"itemListElement\":[{\"@type\":\"ListItem\",\"position\":1,\"name\":\"\u0160krelja \u0161ef parlamenta\"}]},{\"@type\":\"Person\",\"@id\":\"https:\/\/www.visit-ulcinj.com\/blog\/#\/schema\/person\/dcab619c614d3038751c63bc2aadc06d\",\"name\":\"ulqini\",\"sameAs\":[\"http:\/\/www.visit-ulcinj.com\"],\"url\":\"https:\/\/www.visit-ulcinj.com\/blog\/author\/admin\/\"}]}<\/script>\n<!-- \/ Yoast SEO plugin. -->","yoast_head_json":{"title":"\u0160krelja \u0161ef parlamenta - Lajme nga Ulqini","description":"DUA, PDP i DPS formirali koaliciju u Ulcinju Ulcinj \u2013 Ljui\u0111 \u0160krelja (DPS) imenovan je ju\u010de za novog predsjednika parlamenta najju\u017enije op\u0161tine. Ulcinj je","robots":{"index":"index","follow":"follow","max-snippet":"max-snippet:-1","max-image-preview":"max-image-preview:large","max-video-preview":"max-video-preview:-1"},"canonical":"https:\/\/www.visit-ulcinj.com\/blog\/2010\/12\/18\/skrelja-sef-parlamenta-2\/","og_locale":"en_US","og_type":"article","og_title":"\u0160krelja \u0161ef parlamenta - Lajme nga Ulqini","og_description":"DUA, PDP i DPS formirali koaliciju u Ulcinju Ulcinj \u2013 Ljui\u0111 \u0160krelja (DPS) imenovan je ju\u010de za novog predsjednika parlamenta najju\u017enije op\u0161tine. Ulcinj je","og_url":"https:\/\/www.visit-ulcinj.com\/blog\/2010\/12\/18\/skrelja-sef-parlamenta-2\/","og_site_name":"Lajme nga Ulqini","article_published_time":"2010-12-18T17:05:35+00:00","og_image":[{"url":"http:\/\/www.visit-ulcinj.com\/blog\/wp-content\/uploads\/2010\/12\/Skrelja-sef-parlamenta-Ulcinja.jpg"}],"twitter_misc":{"Written by":"ulqini","Est. reading time":"3 minutes"},"schema":{"@context":"https:\/\/schema.org","@graph":[{"@type":"WebSite","@id":"https:\/\/www.visit-ulcinj.com\/blog\/#website","url":"https:\/\/www.visit-ulcinj.com\/blog\/","name":"Lajme nga Ulqini","description":"Lajme,Vijesti,Ulqini,Ulqin,Crna Gora,Mali i Zi","potentialAction":[{"@type":"SearchAction","target":{"@type":"EntryPoint","urlTemplate":"https:\/\/www.visit-ulcinj.com\/blog\/?s={search_term_string}"},"query-input":"required name=search_term_string"}],"inLanguage":"en-US"},{"@type":"ImageObject","inLanguage":"en-US","@id":"https:\/\/www.visit-ulcinj.com\/blog\/2010\/12\/18\/skrelja-sef-parlamenta-2\/#primaryimage","url":"https:\/\/www.visit-ulcinj.com\/blog\/wp-content\/uploads\/2010\/12\/Skrelja-sef-parlamenta-Ulcinja.jpg","contentUrl":"https:\/\/www.visit-ulcinj.com\/blog\/wp-content\/uploads\/2010\/12\/Skrelja-sef-parlamenta-Ulcinja.jpg","width":"720","height":"480"},{"@type":"WebPage","@id":"https:\/\/www.visit-ulcinj.com\/blog\/2010\/12\/18\/skrelja-sef-parlamenta-2\/#webpage","url":"https:\/\/www.visit-ulcinj.com\/blog\/2010\/12\/18\/skrelja-sef-parlamenta-2\/","name":"\u0160krelja \u0161ef parlamenta - Lajme nga Ulqini","isPartOf":{"@id":"https:\/\/www.visit-ulcinj.com\/blog\/#website"},"primaryImageOfPage":{"@id":"https:\/\/www.visit-ulcinj.com\/blog\/2010\/12\/18\/skrelja-sef-parlamenta-2\/#primaryimage"},"datePublished":"2010-12-18T17:05:35+00:00","dateModified":"2010-12-18T17:05:35+00:00","author":{"@id":"https:\/\/www.visit-ulcinj.com\/blog\/#\/schema\/person\/dcab619c614d3038751c63bc2aadc06d"},"description":"DUA, PDP i DPS formirali koaliciju u Ulcinju Ulcinj \u2013 Ljui\u0111 \u0160krelja (DPS) imenovan je ju\u010de za novog predsjednika parlamenta najju\u017enije op\u0161tine. Ulcinj je","breadcrumb":{"@id":"https:\/\/www.visit-ulcinj.com\/blog\/2010\/12\/18\/skrelja-sef-parlamenta-2\/#breadcrumb"},"inLanguage":"en-US","potentialAction":[{"@type":"ReadAction","target":["https:\/\/www.visit-ulcinj.com\/blog\/2010\/12\/18\/skrelja-sef-parlamenta-2\/"]}]},{"@type":"BreadcrumbList","@id":"https:\/\/www.visit-ulcinj.com\/blog\/2010\/12\/18\/skrelja-sef-parlamenta-2\/#breadcrumb","itemListElement":[{"@type":"ListItem","position":1,"name":"\u0160krelja \u0161ef parlamenta"}]},{"@type":"Person","@id":"https:\/\/www.visit-ulcinj.com\/blog\/#\/schema\/person\/dcab619c614d3038751c63bc2aadc06d","name":"ulqini","sameAs":["http:\/\/www.visit-ulcinj.com"],"url":"https:\/\/www.visit-ulcinj.com\/blog\/author\/admin\/"}]}},"jetpack_featured_media_url":"","jetpack_sharing_enabled":true,"jetpack_shortlink":"https:\/\/wp.me\/pe6lTn-aLp","_links":{"self":[{"href":"https:\/\/www.visit-ulcinj.com\/blog\/wp-json\/wp\/v2\/posts\/41379"}],"collection":[{"href":"https:\/\/www.visit-ulcinj.com\/blog\/wp-json\/wp\/v2\/posts"}],"about":[{"href":"https:\/\/www.visit-ulcinj.com\/blog\/wp-json\/wp\/v2\/types\/post"}],"author":[{"embeddable":true,"href":"https:\/\/www.visit-ulcinj.com\/blog\/wp-json\/wp\/v2\/users\/1"}],"replies":[{"embeddable":true,"href":"https:\/\/www.visit-ulcinj.com\/blog\/wp-json\/wp\/v2\/comments?post=41379"}],"version-history":[{"count":0,"href":"https:\/\/www.visit-ulcinj.com\/blog\/wp-json\/wp\/v2\/posts\/41379\/revisions"}],"wp:attachment":[{"href":"https:\/\/www.visit-ulcinj.com\/blog\/wp-json\/wp\/v2\/media?parent=41379"}],"wp:term":[{"taxonomy":"category","embeddable":true,"href":"https:\/\/www.visit-ulcinj.com\/blog\/wp-json\/wp\/v2\/categories?post=41379"},{"taxonomy":"post_tag","embeddable":true,"href":"https:\/\/www.visit-ulcinj.com\/blog\/wp-json\/wp\/v2\/tags?post=41379"}],"curies":[{"name":"wp","href":"https:\/\/api.w.org\/{rel}","templated":true}]}}