{"id":41397,"date":"2010-12-18T21:55:03","date_gmt":"2010-12-18T20:55:03","guid":{"rendered":"http:\/\/www.visit-ulcinj.com\/blog\/?p=41397"},"modified":"2010-12-19T19:04:19","modified_gmt":"2010-12-19T18:04:19","slug":"leonora-nuk-jam-shtatzene","status":"publish","type":"post","link":"https:\/\/www.visit-ulcinj.com\/blog\/2010\/12\/18\/leonora-nuk-jam-shtatzene\/","title":{"rendered":"Leonora: Nuk jam shtatz\u00ebn\u00eb"},"content":{"rendered":"<p><strong>Leonora Jakupi ka mohuar spekulimet se ajo \u00ebsht\u00eb shtatz\u00ebn\u00eb dhe se ajo \u00ebsht\u00eb af\u00ebr martes\u00ebs.<\/strong><\/p>\n<p><img loading=\"lazy\" class=\"alignleft size-full wp-image-41399\" title=\"Leonora Jakupi-4\" src=\"http:\/\/www.visit-ulcinj.com\/blog\/wp-content\/uploads\/2010\/12\/Leonora-Jakupi-4.jpg\" alt=\"\" width=\"508\" height=\"339\" \/><\/p>\n<p>Koh\u00ebve t\u00eb fundit ishte p\u00ebrhapur nj\u00eb thashetheme p\u00ebr k\u00ebng\u00ebtaren kosovare, kinse ajo \u00ebsht\u00eb shtatz\u00ebne dhe se do t\u00eb martohet pas festave t\u00eb fund-vitit. Por, sipas mediave shqiptare, Leonora i ka demantuar k\u00ebt\u00eb thashetheme.<\/p>\n<p>\u201cEdhe un\u00eb e kam d\u00ebgjuar nj\u00eb thashetheme t\u00eb till\u00eb, t\u00eb cilin e mohoj n\u00eb m\u00ebnyr\u00eb kategorike. P\u00ebr momentin martesa \u00ebsht\u00eb gj\u00ebja e fundit q\u00eb kam n\u00eb mendje, dhe p\u00ebrpos k\u00ebsaj n\u00eb jet\u00ebn time private aktualisht nuk ka asnj\u00eb mashkull. Kur dikush t\u00eb m\u00eb vjedh\u00eb zemr\u00ebn, gazetar\u00ebt do t\u2019i njoftoj t\u00eb par\u00ebt\u201d, ka th\u00ebn\u00eb Leonora.<\/p>\n<p><a href=\"http:\/\/www.visit-ulcinj.com\/blog\/wp-content\/uploads\/2010\/12\/Leonora-Jakupi-I-Harruar1.jpg\"><img loading=\"lazy\" class=\"alignleft size-full wp-image-41398\" title=\"Leonora Jakupi - I Harruar\" src=\"http:\/\/www.visit-ulcinj.com\/blog\/wp-content\/uploads\/2010\/12\/Leonora-Jakupi-I-Harruar1.jpg\" alt=\"\" width=\"508\" height=\"339\" \/><\/a><\/p>\n<p>K\u00ebng\u00ebtarja aktualisht \u00ebsht\u00eb duke punuar n\u00eb materiale t\u00eb reja muzikore, t\u00eb cilat do t\u00eb shfaqen p\u00ebr publikun e gjer\u00eb me rastin e festave t\u00eb fundvitit.<\/p>\n<p>Vet\u00ebm pak jav\u00eb m\u00eb par\u00eb Leonora publikoi klipin e saj m\u00eb t\u00eb ri, i cili u prit mjaft mir\u00eb nga shikuesit.<\/p>\n<p><a href=\"http:\/\/www.visit-ulcinj.com\/gallery\/main.php?g2_itemId=20377\" target=\"_blank\"><strong>SHIKO FOTOGALERIN E LEONORA JAKUPIT<\/strong><\/a><\/p>\n<!--YouTube Error: bad URL entered-->\n","protected":false},"excerpt":{"rendered":"<p>Leonora Jakupi ka mohuar spekulimet se ajo \u00ebsht\u00eb shtatz\u00ebn\u00eb dhe se ajo \u00ebsht\u00eb af\u00ebr martes\u00ebs. Koh\u00ebve t\u00eb fundit ishte p\u00ebrhapur nj\u00eb thashetheme p\u00ebr k\u00ebng\u00ebtaren kosovare, kinse ajo \u00ebsht\u00eb shtatz\u00ebne dhe se do t\u00eb martohet pas festave t\u00eb fund-vitit. Por, sipas mediave shqiptare, Leonora i ka demantuar k\u00ebt\u00eb thashetheme. \u201cEdhe un\u00eb e kam d\u00ebgjuar nj\u00eb thashetheme [&hellip;]<\/p>\n","protected":false},"author":1,"featured_media":0,"comment_status":"open","ping_status":"closed","sticky":false,"template":"","format":"standard","meta":{"spay_email":"","jetpack_publicize_message":"","jetpack_is_tweetstorm":false,"jetpack_publicize_feature_enabled":true},"categories":[1],"tags":[16699,16700,5051,16743,16745,6693,16744],"jetpack_publicize_connections":[],"yoast_head":"<!-- This site is optimized with the Yoast SEO plugin v19.1 - https:\/\/yoast.com\/wordpress\/plugins\/seo\/ -->\n<title>Leonora Jakupi, Nuk jam shtatz\u00ebn\u00eb<\/title>\n<meta name=\"description\" content=\"Leonora Jakupi ka mohuar spekulimet se ajo \u00ebsht\u00eb shtatz\u00ebn\u00eb dhe se ajo \u00ebsht\u00eb af\u00ebr martes\u00ebs. Koh\u00ebve t\u00eb fundit ishte p\u00ebrhapur nj\u00eb thashetheme p\u00ebr k\u00ebng\u00ebtaren\" \/>\n<meta name=\"robots\" content=\"index, follow, max-snippet:-1, max-image-preview:large, max-video-preview:-1\" \/>\n<link rel=\"canonical\" href=\"https:\/\/www.visit-ulcinj.com\/blog\/2010\/12\/18\/leonora-nuk-jam-shtatzene\/\" \/>\n<meta property=\"og:locale\" content=\"en_US\" \/>\n<meta property=\"og:type\" content=\"article\" \/>\n<meta property=\"og:title\" content=\"Leonora Jakupi, Nuk jam shtatz\u00ebn\u00eb\" \/>\n<meta property=\"og:description\" content=\"Leonora Jakupi ka mohuar spekulimet se ajo \u00ebsht\u00eb shtatz\u00ebn\u00eb dhe se ajo \u00ebsht\u00eb af\u00ebr martes\u00ebs. Koh\u00ebve t\u00eb fundit ishte p\u00ebrhapur nj\u00eb thashetheme p\u00ebr k\u00ebng\u00ebtaren\" \/>\n<meta property=\"og:url\" content=\"https:\/\/www.visit-ulcinj.com\/blog\/2010\/12\/18\/leonora-nuk-jam-shtatzene\/\" \/>\n<meta property=\"og:site_name\" content=\"Lajme nga Ulqini\" \/>\n<meta property=\"article:published_time\" content=\"2010-12-18T20:55:03+00:00\" \/>\n<meta property=\"article:modified_time\" content=\"2010-12-19T18:04:19+00:00\" \/>\n<meta property=\"og:image\" content=\"http:\/\/www.visit-ulcinj.com\/blog\/wp-content\/uploads\/2010\/12\/Leonora-Jakupi-4.jpg\" \/>\n<meta name=\"twitter:label1\" content=\"Written by\" \/>\n\t<meta name=\"twitter:data1\" content=\"ulqini\" \/>\n\t<meta name=\"twitter:label2\" content=\"Est. reading time\" \/>\n\t<meta name=\"twitter:data2\" content=\"1 minute\" \/>\n<script type=\"application\/ld+json\" class=\"yoast-schema-graph\">{\"@context\":\"https:\/\/schema.org\",\"@graph\":[{\"@type\":\"WebSite\",\"@id\":\"https:\/\/www.visit-ulcinj.com\/blog\/#website\",\"url\":\"https:\/\/www.visit-ulcinj.com\/blog\/\",\"name\":\"Lajme nga Ulqini\",\"description\":\"Lajme,Vijesti,Ulqini,Ulqin,Crna Gora,Mali i Zi\",\"potentialAction\":[{\"@type\":\"SearchAction\",\"target\":{\"@type\":\"EntryPoint\",\"urlTemplate\":\"https:\/\/www.visit-ulcinj.com\/blog\/?s={search_term_string}\"},\"query-input\":\"required name=search_term_string\"}],\"inLanguage\":\"en-US\"},{\"@type\":\"ImageObject\",\"inLanguage\":\"en-US\",\"@id\":\"https:\/\/www.visit-ulcinj.com\/blog\/2010\/12\/18\/leonora-nuk-jam-shtatzene\/#primaryimage\",\"url\":\"http:\/\/www.visit-ulcinj.com\/blog\/wp-content\/uploads\/2010\/12\/Leonora-Jakupi-4.jpg\",\"contentUrl\":\"http:\/\/www.visit-ulcinj.com\/blog\/wp-content\/uploads\/2010\/12\/Leonora-Jakupi-4.jpg\"},{\"@type\":\"WebPage\",\"@id\":\"https:\/\/www.visit-ulcinj.com\/blog\/2010\/12\/18\/leonora-nuk-jam-shtatzene\/#webpage\",\"url\":\"https:\/\/www.visit-ulcinj.com\/blog\/2010\/12\/18\/leonora-nuk-jam-shtatzene\/\",\"name\":\"Leonora Jakupi, Nuk jam shtatz\u00ebn\u00eb\",\"isPartOf\":{\"@id\":\"https:\/\/www.visit-ulcinj.com\/blog\/#website\"},\"primaryImageOfPage\":{\"@id\":\"https:\/\/www.visit-ulcinj.com\/blog\/2010\/12\/18\/leonora-nuk-jam-shtatzene\/#primaryimage\"},\"datePublished\":\"2010-12-18T20:55:03+00:00\",\"dateModified\":\"2010-12-19T18:04:19+00:00\",\"author\":{\"@id\":\"https:\/\/www.visit-ulcinj.com\/blog\/#\/schema\/person\/dcab619c614d3038751c63bc2aadc06d\"},\"description\":\"Leonora Jakupi ka mohuar spekulimet se ajo \u00ebsht\u00eb shtatz\u00ebn\u00eb dhe se ajo \u00ebsht\u00eb af\u00ebr martes\u00ebs. Koh\u00ebve t\u00eb fundit ishte p\u00ebrhapur nj\u00eb thashetheme p\u00ebr k\u00ebng\u00ebtaren\",\"breadcrumb\":{\"@id\":\"https:\/\/www.visit-ulcinj.com\/blog\/2010\/12\/18\/leonora-nuk-jam-shtatzene\/#breadcrumb\"},\"inLanguage\":\"en-US\",\"potentialAction\":[{\"@type\":\"ReadAction\",\"target\":[\"https:\/\/www.visit-ulcinj.com\/blog\/2010\/12\/18\/leonora-nuk-jam-shtatzene\/\"]}]},{\"@type\":\"BreadcrumbList\",\"@id\":\"https:\/\/www.visit-ulcinj.com\/blog\/2010\/12\/18\/leonora-nuk-jam-shtatzene\/#breadcrumb\",\"itemListElement\":[{\"@type\":\"ListItem\",\"position\":1,\"name\":\"Leonora: Nuk jam shtatz\u00ebn\u00eb\"}]},{\"@type\":\"Person\",\"@id\":\"https:\/\/www.visit-ulcinj.com\/blog\/#\/schema\/person\/dcab619c614d3038751c63bc2aadc06d\",\"name\":\"ulqini\",\"sameAs\":[\"http:\/\/www.visit-ulcinj.com\"],\"url\":\"https:\/\/www.visit-ulcinj.com\/blog\/author\/admin\/\"}]}<\/script>\n<!-- \/ Yoast SEO plugin. -->","yoast_head_json":{"title":"Leonora Jakupi, Nuk jam shtatz\u00ebn\u00eb","description":"Leonora Jakupi ka mohuar spekulimet se ajo \u00ebsht\u00eb shtatz\u00ebn\u00eb dhe se ajo \u00ebsht\u00eb af\u00ebr martes\u00ebs. Koh\u00ebve t\u00eb fundit ishte p\u00ebrhapur nj\u00eb thashetheme p\u00ebr k\u00ebng\u00ebtaren","robots":{"index":"index","follow":"follow","max-snippet":"max-snippet:-1","max-image-preview":"max-image-preview:large","max-video-preview":"max-video-preview:-1"},"canonical":"https:\/\/www.visit-ulcinj.com\/blog\/2010\/12\/18\/leonora-nuk-jam-shtatzene\/","og_locale":"en_US","og_type":"article","og_title":"Leonora Jakupi, Nuk jam shtatz\u00ebn\u00eb","og_description":"Leonora Jakupi ka mohuar spekulimet se ajo \u00ebsht\u00eb shtatz\u00ebn\u00eb dhe se ajo \u00ebsht\u00eb af\u00ebr martes\u00ebs. Koh\u00ebve t\u00eb fundit ishte p\u00ebrhapur nj\u00eb thashetheme p\u00ebr k\u00ebng\u00ebtaren","og_url":"https:\/\/www.visit-ulcinj.com\/blog\/2010\/12\/18\/leonora-nuk-jam-shtatzene\/","og_site_name":"Lajme nga Ulqini","article_published_time":"2010-12-18T20:55:03+00:00","article_modified_time":"2010-12-19T18:04:19+00:00","og_image":[{"url":"http:\/\/www.visit-ulcinj.com\/blog\/wp-content\/uploads\/2010\/12\/Leonora-Jakupi-4.jpg"}],"twitter_misc":{"Written by":"ulqini","Est. reading time":"1 minute"},"schema":{"@context":"https:\/\/schema.org","@graph":[{"@type":"WebSite","@id":"https:\/\/www.visit-ulcinj.com\/blog\/#website","url":"https:\/\/www.visit-ulcinj.com\/blog\/","name":"Lajme nga Ulqini","description":"Lajme,Vijesti,Ulqini,Ulqin,Crna Gora,Mali i Zi","potentialAction":[{"@type":"SearchAction","target":{"@type":"EntryPoint","urlTemplate":"https:\/\/www.visit-ulcinj.com\/blog\/?s={search_term_string}"},"query-input":"required name=search_term_string"}],"inLanguage":"en-US"},{"@type":"ImageObject","inLanguage":"en-US","@id":"https:\/\/www.visit-ulcinj.com\/blog\/2010\/12\/18\/leonora-nuk-jam-shtatzene\/#primaryimage","url":"http:\/\/www.visit-ulcinj.com\/blog\/wp-content\/uploads\/2010\/12\/Leonora-Jakupi-4.jpg","contentUrl":"http:\/\/www.visit-ulcinj.com\/blog\/wp-content\/uploads\/2010\/12\/Leonora-Jakupi-4.jpg"},{"@type":"WebPage","@id":"https:\/\/www.visit-ulcinj.com\/blog\/2010\/12\/18\/leonora-nuk-jam-shtatzene\/#webpage","url":"https:\/\/www.visit-ulcinj.com\/blog\/2010\/12\/18\/leonora-nuk-jam-shtatzene\/","name":"Leonora Jakupi, Nuk jam shtatz\u00ebn\u00eb","isPartOf":{"@id":"https:\/\/www.visit-ulcinj.com\/blog\/#website"},"primaryImageOfPage":{"@id":"https:\/\/www.visit-ulcinj.com\/blog\/2010\/12\/18\/leonora-nuk-jam-shtatzene\/#primaryimage"},"datePublished":"2010-12-18T20:55:03+00:00","dateModified":"2010-12-19T18:04:19+00:00","author":{"@id":"https:\/\/www.visit-ulcinj.com\/blog\/#\/schema\/person\/dcab619c614d3038751c63bc2aadc06d"},"description":"Leonora Jakupi ka mohuar spekulimet se ajo \u00ebsht\u00eb shtatz\u00ebn\u00eb dhe se ajo \u00ebsht\u00eb af\u00ebr martes\u00ebs. Koh\u00ebve t\u00eb fundit ishte p\u00ebrhapur nj\u00eb thashetheme p\u00ebr k\u00ebng\u00ebtaren","breadcrumb":{"@id":"https:\/\/www.visit-ulcinj.com\/blog\/2010\/12\/18\/leonora-nuk-jam-shtatzene\/#breadcrumb"},"inLanguage":"en-US","potentialAction":[{"@type":"ReadAction","target":["https:\/\/www.visit-ulcinj.com\/blog\/2010\/12\/18\/leonora-nuk-jam-shtatzene\/"]}]},{"@type":"BreadcrumbList","@id":"https:\/\/www.visit-ulcinj.com\/blog\/2010\/12\/18\/leonora-nuk-jam-shtatzene\/#breadcrumb","itemListElement":[{"@type":"ListItem","position":1,"name":"Leonora: Nuk jam shtatz\u00ebn\u00eb"}]},{"@type":"Person","@id":"https:\/\/www.visit-ulcinj.com\/blog\/#\/schema\/person\/dcab619c614d3038751c63bc2aadc06d","name":"ulqini","sameAs":["http:\/\/www.visit-ulcinj.com"],"url":"https:\/\/www.visit-ulcinj.com\/blog\/author\/admin\/"}]}},"jetpack_featured_media_url":"","jetpack_sharing_enabled":true,"jetpack_shortlink":"https:\/\/wp.me\/pe6lTn-aLH","_links":{"self":[{"href":"https:\/\/www.visit-ulcinj.com\/blog\/wp-json\/wp\/v2\/posts\/41397"}],"collection":[{"href":"https:\/\/www.visit-ulcinj.com\/blog\/wp-json\/wp\/v2\/posts"}],"about":[{"href":"https:\/\/www.visit-ulcinj.com\/blog\/wp-json\/wp\/v2\/types\/post"}],"author":[{"embeddable":true,"href":"https:\/\/www.visit-ulcinj.com\/blog\/wp-json\/wp\/v2\/users\/1"}],"replies":[{"embeddable":true,"href":"https:\/\/www.visit-ulcinj.com\/blog\/wp-json\/wp\/v2\/comments?post=41397"}],"version-history":[{"count":0,"href":"https:\/\/www.visit-ulcinj.com\/blog\/wp-json\/wp\/v2\/posts\/41397\/revisions"}],"wp:attachment":[{"href":"https:\/\/www.visit-ulcinj.com\/blog\/wp-json\/wp\/v2\/media?parent=41397"}],"wp:term":[{"taxonomy":"category","embeddable":true,"href":"https:\/\/www.visit-ulcinj.com\/blog\/wp-json\/wp\/v2\/categories?post=41397"},{"taxonomy":"post_tag","embeddable":true,"href":"https:\/\/www.visit-ulcinj.com\/blog\/wp-json\/wp\/v2\/tags?post=41397"}],"curies":[{"name":"wp","href":"https:\/\/api.w.org\/{rel}","templated":true}]}}