{"id":4140,"date":"2008-10-12T13:21:06","date_gmt":"2008-10-12T18:21:06","guid":{"rendered":"http:\/\/www.visit-ulcinj.com\/blog\/?p=4140"},"modified":"2008-10-17T13:13:49","modified_gmt":"2008-10-17T18:13:49","slug":"libri-nga-hajro-ulqinakubarka-me-visare","status":"publish","type":"post","link":"https:\/\/www.visit-ulcinj.com\/blog\/2008\/10\/12\/libri-nga-hajro-ulqinakubarka-me-visare\/","title":{"rendered":"Libri nga Hajro Ulqinaku,&#8221;Barka me visare&#8221;"},"content":{"rendered":"<p><a href=\"http:\/\/www.visit-ulcinj.com\/blog\/wp-content\/uploads\/2008\/05\/hajroulqinaku1.jpg\"><img loading=\"lazy\" class=\"alignleft size-medium wp-image-1716\" title=\"hajro ulqinaku1\" src=\"http:\/\/www.visit-ulcinj.com\/blog\/wp-content\/uploads\/2008\/05\/hajroulqinaku1.jpg\" alt=\"\" width=\"225\" height=\"300\" \/><\/a>Libri p\u00ebrmban 25 tregime me motive nga deti e q\u00eb pa dyshim jan\u00eb shum\u00eb josh\u00ebs p\u00ebr lexuesit tan\u00eb t\u00eb vegj\u00ebl. Autori e njeh mir\u00eb jet\u00ebn e njer\u00ebzve t\u00eb bregdetit e ve\u00e7mas shpirtin e etur t\u00eb f\u00ebmij\u00ebve kurreshtar\u00eb, t\u00eb etur p\u00ebr tema me motive dhe ide nga deti, bregdeti, ishujt, thesaret, pirat\u00ebt, peshkimi, ullishtat mij\u00ebvje\u00e7are, etj.<br \/>\nEnde nuk ka mbaruar viti kalendarik dhe nga Asociacioni &#8220;Ulqini&#8221; nga Ulqini doli n\u00eb treg dhe nj\u00eb lib\u00ebr me shum\u00eb r\u00ebnd\u00ebsi, i pesti me radh\u00eb k\u00ebt\u00eb vit. B\u00ebhet fjal\u00eb p\u00ebr botimin e tret\u00eb t\u00eb librit &#8220;Barka me visare&#8221; t\u00eb autorit t\u00eb mir\u00ebnjohur nga Ulqini, Hajro Ulqinaku.<br \/>\n&#8220;Barka me visare&#8221; si\u00e7 thot\u00eb edhe vet\u00eb autori \u00ebsht\u00eb nj\u00eb p\u00ebrmbledhje personale me tregimet m\u00eb t\u00eb bukura t\u00eb cilat ia ka kushtuar detit dhe vendlindjes, fakt ky i pamohuesh\u00ebm pasi q\u00eb ky lib\u00ebr edhe \u00ebsht\u00eb parashikuar si lektyr\u00eb shkollore p\u00ebr klas\u00ebn e VI-t\u00eb t\u00eb shkoll\u00ebs fillore t\u00eb reformuar.<br \/>\nLibri p\u00ebrmban 25 tregime me motive nga deti e q\u00eb pa dyshim jan\u00eb shum\u00eb josh\u00ebs p\u00ebr lexuesit tan\u00eb t\u00eb vegj\u00ebl. Autori e njeh mir\u00eb jet\u00ebn e njer\u00ebzve t\u00eb bregdetit e ve\u00e7mas shpirtin e etur t\u00eb f\u00ebmij\u00ebve kurreshtar\u00eb, t\u00eb etur p\u00ebr tema me motive dhe ide nga deti, bregdeti, ishujt, thesaret, pirat\u00ebt, peshkimi, ullishtat mij\u00ebvje\u00e7are, etj.<br \/>\nQ\u00eb leximi t\u00eb jet\u00eb sa m\u00eb i k\u00ebndsh\u00ebm dhe m\u00eb i kapsh\u00ebm p\u00ebr lexuesin, libri p\u00ebrmban edhe nj\u00eb fjalorth terminologjik t\u00eb fjal\u00ebve lokale t\u00eb cilat fliten n\u00eb Ulqin e q\u00eb kan\u00eb t\u00eb b\u00ebjn\u00eb me detin dhe objektet rreth tij.<br \/>\nBotimi i librit t\u00eb till\u00eb pa dyshim \u00ebsht\u00eb nj\u00eb pasuri e madhe si p\u00ebr let\u00ebrsin\u00eb shqipe si dhe paraqet plot\u00ebsim sado t\u00eb vog\u00ebl t\u00eb zbraz\u00ebtis\u00eb s\u00eb krijuar n\u00eb munges\u00eb t\u00eb mjeteve m\u00ebsimore e posa\u00e7\u00ebrisht t\u00eb lektyr\u00ebs shkollore.<br \/>\n<strong>(Barka me visare, Hajro Ulqinaku, botoi Asociacioni &#8220;Ulqini&#8221;, Ulqin, 2008, faqe 128)<br \/>\nG. \u00c7itaku<br \/>\nKoha Javore<\/strong><br \/>\n<!--YouTube Error: bad URL entered--><\/p>\n","protected":false},"excerpt":{"rendered":"<p>Libri p\u00ebrmban 25 tregime me motive nga deti e q\u00eb pa dyshim jan\u00eb shum\u00eb josh\u00ebs p\u00ebr lexuesit tan\u00eb t\u00eb vegj\u00ebl. Autori e njeh mir\u00eb jet\u00ebn e njer\u00ebzve t\u00eb bregdetit e ve\u00e7mas shpirtin e etur t\u00eb f\u00ebmij\u00ebve kurreshtar\u00eb, t\u00eb etur p\u00ebr tema me motive dhe ide nga deti, bregdeti, ishujt, thesaret, pirat\u00ebt, peshkimi, ullishtat mij\u00ebvje\u00e7are, etj. [&hellip;]<\/p>\n","protected":false},"author":1,"featured_media":0,"comment_status":"open","ping_status":"closed","sticky":false,"template":"","format":"standard","meta":{"spay_email":"","jetpack_publicize_message":"","jetpack_is_tweetstorm":false,"jetpack_publicize_feature_enabled":true},"categories":[4],"tags":[961,200,18],"jetpack_publicize_connections":[],"yoast_head":"<!-- This site is optimized with the Yoast SEO plugin v19.1 - https:\/\/yoast.com\/wordpress\/plugins\/seo\/ -->\n<title>Libri nga Hajro Ulqinaku,&quot;Barka me visare&quot; - Lajme nga Ulqini<\/title>\n<meta name=\"description\" content=\"Libri p\u00ebrmban 25 tregime me motive nga deti e q\u00eb pa dyshim jan\u00eb shum\u00eb josh\u00ebs p\u00ebr lexuesit tan\u00eb t\u00eb vegj\u00ebl. Autori e njeh mir\u00eb jet\u00ebn e njer\u00ebzve t\u00eb bregdetit\" \/>\n<meta name=\"robots\" content=\"index, follow, max-snippet:-1, max-image-preview:large, max-video-preview:-1\" \/>\n<link rel=\"canonical\" href=\"https:\/\/www.visit-ulcinj.com\/blog\/2008\/10\/12\/libri-nga-hajro-ulqinakubarka-me-visare\/\" \/>\n<meta property=\"og:locale\" content=\"en_US\" \/>\n<meta property=\"og:type\" content=\"article\" \/>\n<meta property=\"og:title\" content=\"Libri nga Hajro Ulqinaku,&quot;Barka me visare&quot; - Lajme nga Ulqini\" \/>\n<meta property=\"og:description\" content=\"Libri p\u00ebrmban 25 tregime me motive nga deti e q\u00eb pa dyshim jan\u00eb shum\u00eb josh\u00ebs p\u00ebr lexuesit tan\u00eb t\u00eb vegj\u00ebl. Autori e njeh mir\u00eb jet\u00ebn e njer\u00ebzve t\u00eb bregdetit\" \/>\n<meta property=\"og:url\" content=\"https:\/\/www.visit-ulcinj.com\/blog\/2008\/10\/12\/libri-nga-hajro-ulqinakubarka-me-visare\/\" \/>\n<meta property=\"og:site_name\" content=\"Lajme nga Ulqini\" \/>\n<meta property=\"article:published_time\" content=\"2008-10-12T18:21:06+00:00\" \/>\n<meta property=\"article:modified_time\" content=\"2008-10-17T18:13:49+00:00\" \/>\n<meta property=\"og:image\" content=\"http:\/\/www.visit-ulcinj.com\/blog\/wp-content\/uploads\/2008\/05\/hajroulqinaku1.jpg\" \/>\n<meta name=\"twitter:label1\" content=\"Written by\" \/>\n\t<meta name=\"twitter:data1\" content=\"ulqini\" \/>\n\t<meta name=\"twitter:label2\" content=\"Est. reading time\" \/>\n\t<meta name=\"twitter:data2\" content=\"2 minutes\" \/>\n<script type=\"application\/ld+json\" class=\"yoast-schema-graph\">{\"@context\":\"https:\/\/schema.org\",\"@graph\":[{\"@type\":\"WebSite\",\"@id\":\"https:\/\/www.visit-ulcinj.com\/blog\/#website\",\"url\":\"https:\/\/www.visit-ulcinj.com\/blog\/\",\"name\":\"Lajme nga Ulqini\",\"description\":\"Lajme,Vijesti,Ulqini,Ulqin,Crna Gora,Mali i Zi\",\"potentialAction\":[{\"@type\":\"SearchAction\",\"target\":{\"@type\":\"EntryPoint\",\"urlTemplate\":\"https:\/\/www.visit-ulcinj.com\/blog\/?s={search_term_string}\"},\"query-input\":\"required name=search_term_string\"}],\"inLanguage\":\"en-US\"},{\"@type\":\"ImageObject\",\"inLanguage\":\"en-US\",\"@id\":\"https:\/\/www.visit-ulcinj.com\/blog\/2008\/10\/12\/libri-nga-hajro-ulqinakubarka-me-visare\/#primaryimage\",\"url\":\"http:\/\/www.visit-ulcinj.com\/blog\/wp-content\/uploads\/2008\/05\/hajroulqinaku1.jpg\",\"contentUrl\":\"http:\/\/www.visit-ulcinj.com\/blog\/wp-content\/uploads\/2008\/05\/hajroulqinaku1.jpg\"},{\"@type\":\"WebPage\",\"@id\":\"https:\/\/www.visit-ulcinj.com\/blog\/2008\/10\/12\/libri-nga-hajro-ulqinakubarka-me-visare\/#webpage\",\"url\":\"https:\/\/www.visit-ulcinj.com\/blog\/2008\/10\/12\/libri-nga-hajro-ulqinakubarka-me-visare\/\",\"name\":\"Libri nga Hajro Ulqinaku,\\\"Barka me visare\\\" - Lajme nga Ulqini\",\"isPartOf\":{\"@id\":\"https:\/\/www.visit-ulcinj.com\/blog\/#website\"},\"primaryImageOfPage\":{\"@id\":\"https:\/\/www.visit-ulcinj.com\/blog\/2008\/10\/12\/libri-nga-hajro-ulqinakubarka-me-visare\/#primaryimage\"},\"datePublished\":\"2008-10-12T18:21:06+00:00\",\"dateModified\":\"2008-10-17T18:13:49+00:00\",\"author\":{\"@id\":\"https:\/\/www.visit-ulcinj.com\/blog\/#\/schema\/person\/dcab619c614d3038751c63bc2aadc06d\"},\"description\":\"Libri p\u00ebrmban 25 tregime me motive nga deti e q\u00eb pa dyshim jan\u00eb shum\u00eb josh\u00ebs p\u00ebr lexuesit tan\u00eb t\u00eb vegj\u00ebl. Autori e njeh mir\u00eb jet\u00ebn e njer\u00ebzve t\u00eb bregdetit\",\"breadcrumb\":{\"@id\":\"https:\/\/www.visit-ulcinj.com\/blog\/2008\/10\/12\/libri-nga-hajro-ulqinakubarka-me-visare\/#breadcrumb\"},\"inLanguage\":\"en-US\",\"potentialAction\":[{\"@type\":\"ReadAction\",\"target\":[\"https:\/\/www.visit-ulcinj.com\/blog\/2008\/10\/12\/libri-nga-hajro-ulqinakubarka-me-visare\/\"]}]},{\"@type\":\"BreadcrumbList\",\"@id\":\"https:\/\/www.visit-ulcinj.com\/blog\/2008\/10\/12\/libri-nga-hajro-ulqinakubarka-me-visare\/#breadcrumb\",\"itemListElement\":[{\"@type\":\"ListItem\",\"position\":1,\"name\":\"Libri nga Hajro Ulqinaku,&#8221;Barka me visare&#8221;\"}]},{\"@type\":\"Person\",\"@id\":\"https:\/\/www.visit-ulcinj.com\/blog\/#\/schema\/person\/dcab619c614d3038751c63bc2aadc06d\",\"name\":\"ulqini\",\"sameAs\":[\"http:\/\/www.visit-ulcinj.com\"],\"url\":\"https:\/\/www.visit-ulcinj.com\/blog\/author\/admin\/\"}]}<\/script>\n<!-- \/ Yoast SEO plugin. -->","yoast_head_json":{"title":"Libri nga Hajro Ulqinaku,\"Barka me visare\" - Lajme nga Ulqini","description":"Libri p\u00ebrmban 25 tregime me motive nga deti e q\u00eb pa dyshim jan\u00eb shum\u00eb josh\u00ebs p\u00ebr lexuesit tan\u00eb t\u00eb vegj\u00ebl. Autori e njeh mir\u00eb jet\u00ebn e njer\u00ebzve t\u00eb bregdetit","robots":{"index":"index","follow":"follow","max-snippet":"max-snippet:-1","max-image-preview":"max-image-preview:large","max-video-preview":"max-video-preview:-1"},"canonical":"https:\/\/www.visit-ulcinj.com\/blog\/2008\/10\/12\/libri-nga-hajro-ulqinakubarka-me-visare\/","og_locale":"en_US","og_type":"article","og_title":"Libri nga Hajro Ulqinaku,\"Barka me visare\" - Lajme nga Ulqini","og_description":"Libri p\u00ebrmban 25 tregime me motive nga deti e q\u00eb pa dyshim jan\u00eb shum\u00eb josh\u00ebs p\u00ebr lexuesit tan\u00eb t\u00eb vegj\u00ebl. Autori e njeh mir\u00eb jet\u00ebn e njer\u00ebzve t\u00eb bregdetit","og_url":"https:\/\/www.visit-ulcinj.com\/blog\/2008\/10\/12\/libri-nga-hajro-ulqinakubarka-me-visare\/","og_site_name":"Lajme nga Ulqini","article_published_time":"2008-10-12T18:21:06+00:00","article_modified_time":"2008-10-17T18:13:49+00:00","og_image":[{"url":"http:\/\/www.visit-ulcinj.com\/blog\/wp-content\/uploads\/2008\/05\/hajroulqinaku1.jpg"}],"twitter_misc":{"Written by":"ulqini","Est. reading time":"2 minutes"},"schema":{"@context":"https:\/\/schema.org","@graph":[{"@type":"WebSite","@id":"https:\/\/www.visit-ulcinj.com\/blog\/#website","url":"https:\/\/www.visit-ulcinj.com\/blog\/","name":"Lajme nga Ulqini","description":"Lajme,Vijesti,Ulqini,Ulqin,Crna Gora,Mali i Zi","potentialAction":[{"@type":"SearchAction","target":{"@type":"EntryPoint","urlTemplate":"https:\/\/www.visit-ulcinj.com\/blog\/?s={search_term_string}"},"query-input":"required name=search_term_string"}],"inLanguage":"en-US"},{"@type":"ImageObject","inLanguage":"en-US","@id":"https:\/\/www.visit-ulcinj.com\/blog\/2008\/10\/12\/libri-nga-hajro-ulqinakubarka-me-visare\/#primaryimage","url":"http:\/\/www.visit-ulcinj.com\/blog\/wp-content\/uploads\/2008\/05\/hajroulqinaku1.jpg","contentUrl":"http:\/\/www.visit-ulcinj.com\/blog\/wp-content\/uploads\/2008\/05\/hajroulqinaku1.jpg"},{"@type":"WebPage","@id":"https:\/\/www.visit-ulcinj.com\/blog\/2008\/10\/12\/libri-nga-hajro-ulqinakubarka-me-visare\/#webpage","url":"https:\/\/www.visit-ulcinj.com\/blog\/2008\/10\/12\/libri-nga-hajro-ulqinakubarka-me-visare\/","name":"Libri nga Hajro Ulqinaku,\"Barka me visare\" - Lajme nga Ulqini","isPartOf":{"@id":"https:\/\/www.visit-ulcinj.com\/blog\/#website"},"primaryImageOfPage":{"@id":"https:\/\/www.visit-ulcinj.com\/blog\/2008\/10\/12\/libri-nga-hajro-ulqinakubarka-me-visare\/#primaryimage"},"datePublished":"2008-10-12T18:21:06+00:00","dateModified":"2008-10-17T18:13:49+00:00","author":{"@id":"https:\/\/www.visit-ulcinj.com\/blog\/#\/schema\/person\/dcab619c614d3038751c63bc2aadc06d"},"description":"Libri p\u00ebrmban 25 tregime me motive nga deti e q\u00eb pa dyshim jan\u00eb shum\u00eb josh\u00ebs p\u00ebr lexuesit tan\u00eb t\u00eb vegj\u00ebl. Autori e njeh mir\u00eb jet\u00ebn e njer\u00ebzve t\u00eb bregdetit","breadcrumb":{"@id":"https:\/\/www.visit-ulcinj.com\/blog\/2008\/10\/12\/libri-nga-hajro-ulqinakubarka-me-visare\/#breadcrumb"},"inLanguage":"en-US","potentialAction":[{"@type":"ReadAction","target":["https:\/\/www.visit-ulcinj.com\/blog\/2008\/10\/12\/libri-nga-hajro-ulqinakubarka-me-visare\/"]}]},{"@type":"BreadcrumbList","@id":"https:\/\/www.visit-ulcinj.com\/blog\/2008\/10\/12\/libri-nga-hajro-ulqinakubarka-me-visare\/#breadcrumb","itemListElement":[{"@type":"ListItem","position":1,"name":"Libri nga Hajro Ulqinaku,&#8221;Barka me visare&#8221;"}]},{"@type":"Person","@id":"https:\/\/www.visit-ulcinj.com\/blog\/#\/schema\/person\/dcab619c614d3038751c63bc2aadc06d","name":"ulqini","sameAs":["http:\/\/www.visit-ulcinj.com"],"url":"https:\/\/www.visit-ulcinj.com\/blog\/author\/admin\/"}]}},"jetpack_featured_media_url":"","jetpack_sharing_enabled":true,"jetpack_shortlink":"https:\/\/wp.me\/pe6lTn-14M","_links":{"self":[{"href":"https:\/\/www.visit-ulcinj.com\/blog\/wp-json\/wp\/v2\/posts\/4140"}],"collection":[{"href":"https:\/\/www.visit-ulcinj.com\/blog\/wp-json\/wp\/v2\/posts"}],"about":[{"href":"https:\/\/www.visit-ulcinj.com\/blog\/wp-json\/wp\/v2\/types\/post"}],"author":[{"embeddable":true,"href":"https:\/\/www.visit-ulcinj.com\/blog\/wp-json\/wp\/v2\/users\/1"}],"replies":[{"embeddable":true,"href":"https:\/\/www.visit-ulcinj.com\/blog\/wp-json\/wp\/v2\/comments?post=4140"}],"version-history":[{"count":0,"href":"https:\/\/www.visit-ulcinj.com\/blog\/wp-json\/wp\/v2\/posts\/4140\/revisions"}],"wp:attachment":[{"href":"https:\/\/www.visit-ulcinj.com\/blog\/wp-json\/wp\/v2\/media?parent=4140"}],"wp:term":[{"taxonomy":"category","embeddable":true,"href":"https:\/\/www.visit-ulcinj.com\/blog\/wp-json\/wp\/v2\/categories?post=4140"},{"taxonomy":"post_tag","embeddable":true,"href":"https:\/\/www.visit-ulcinj.com\/blog\/wp-json\/wp\/v2\/tags?post=4140"}],"curies":[{"name":"wp","href":"https:\/\/api.w.org\/{rel}","templated":true}]}}