{"id":41404,"date":"2010-12-19T09:30:08","date_gmt":"2010-12-19T08:30:08","guid":{"rendered":"http:\/\/www.visit-ulcinj.com\/blog\/?p=41404"},"modified":"2010-12-18T22:20:44","modified_gmt":"2010-12-18T21:20:44","slug":"tingulli-3nt-publikon-albumin-e-ri","status":"publish","type":"post","link":"https:\/\/www.visit-ulcinj.com\/blog\/2010\/12\/19\/tingulli-3nt-publikon-albumin-e-ri\/","title":{"rendered":"Tingulli 3nt publikon albumin e ri"},"content":{"rendered":"<p><a href=\"http:\/\/www.visit-ulcinj.com\/blog\/wp-content\/uploads\/2010\/12\/Tingulli-3nt-Malsore-3.jpg\"><img loading=\"lazy\" class=\"alignleft size-full wp-image-41407\" title=\"Tingulli-3nt-Malsore-3\" src=\"http:\/\/www.visit-ulcinj.com\/blog\/wp-content\/uploads\/2010\/12\/Tingulli-3nt-Malsore-3.jpg\" alt=\"\" width=\"508\" height=\"720\" \/><\/a><\/p>\n<p>Rep grupi Tingulli 3nt k\u00ebto dit\u00eb ka lan\u00e7uar albumin m\u00eb t\u00eb ri t\u00eb titulluar \u201cMa i madhi n\u2019ven\u201d q\u00eb p\u00ebrmban 13 k\u00ebng\u00eb, disa prej t\u00eb cilave tashm\u00eb hite t\u00eb njohura si dueti me Ermal Fejzullahun dhe Flori Mumajesin. Risi n\u00eb k\u00ebt\u00eb projekt p\u00ebrve\u00e7 k\u00ebng\u00ebve t\u00eb reja \u00ebsht\u00eb dhe dueti me Tuna Sejdiun \u201cE dite, se dite\u201d q\u00eb tashm\u00eb \u00ebsht\u00eb b\u00ebr\u00eb nj\u00eb hit i v\u00ebrtet\u00eb s\u00eb bashku me k\u00ebng\u00ebn \u201cMa i madhi n\u2019vend\u201d q\u00eb i paraprin\u00eb albumit.<\/p>\n<p>Promovimi i k\u00ebtij projekti tashm\u00eb ka filluar dhe rep grupi ka prenotuar datat e koncerteve n\u00eb shum\u00eb diskoteka n\u00eb Kosov\u00eb e diaspor\u00eb. K\u00ebto dit\u00eb s\u00eb bashku me albumin, djemt e famsh\u00ebm kan\u00eb publikuar dhe disa foto provokative t\u00eb cilat flitet se jan\u00eb pjes\u00eb e xhirimeve t\u00eb klipit t\u00eb ri q\u00eb pritet t\u00eb shoq\u00ebroj\u00eb albumin. N\u00eb k\u00ebto foto ata shfaqen me veshje komb\u00ebtare s\u00eb bashku me dy femra gjithashtu t\u00eb veshura me veshje komb\u00ebtare por shum\u00eb provokative dhe seksi.<\/p>\n<p><img loading=\"lazy\" class=\"alignleft size-full wp-image-41405\" title=\"Tingulli-3nt-Malsore-1\" src=\"http:\/\/www.visit-ulcinj.com\/blog\/wp-content\/uploads\/2010\/12\/Tingulli-3nt-Malsore-1.jpg\" alt=\"\" width=\"508\" height=\"720\" \/\n\nKoncertet e tyre nuk mbarojn\u00eb me kaq pasi do t\u00eb paraqiten dhe n\u00eb Shtetet e Bashkuara t\u00eb Amerik\u00ebs s\u00eb bashku me Nora Istrefin si dhe p\u00ebr festat e fundvitit do t\u00eb jen\u00eb t\u00eb pranish\u00ebm n\u00eb disa diskoteka shqiptare n\u00eb Zvic\u00ebr.\n\n><img loading=\"lazy\" class=\"alignleft size-full wp-image-41408\" title=\"Tingulli-3nt-Malsore-4\" src=\"http:\/\/www.visit-ulcinj.com\/blog\/wp-content\/uploads\/2010\/12\/Tingulli-3nt-Malsore-4.jpg\" alt=\"\" width=\"508\" height=\"508\" \/><\/p>\n<p><strong>K\u00ebng\u00ebt e albumit \u201cMa I Madhi N\u2019Ven\u201d :<\/strong><\/p>\n<p><strong><a href=\"http:\/\/www.youtube.com\/watch?v=fXNtbSzz2mg\">1. Tingulli 3nt \u2013 Intro<\/a><\/strong><\/p>\n<p><a href=\"http:\/\/www.youtube.com\/watch?v=m3F2-AKdUKM&amp;feature=player_embedded\">2. Tingulli 3nt &#8211; Ma i Madhi n&#8217;Ven<\/a><\/p>\n<p><a href=\"http:\/\/www.youtube.com\/watch?v=shTPJXxfzlY\">3. Tingulli 3nt ft. Ermal Fejzullahu &#8211; I Kom<\/a><\/p>\n<p><a href=\"http:\/\/www.youtube.com\/watch?v=2yN7WZga6A4\">4. Tingulli 3nt ft. Flori &#8211; Ani Ani Syn<\/a><\/p>\n<p><a href=\"http:\/\/www.youtube.com\/watch?v=2yN7WZga6A4\"><\/a><a href=\"http:\/\/www.facebook.com\/video\/video.php?v=148165038569616&amp;comments&amp;ref=mf\">5. Tingulli 3nt \u2013 1 Splif Mas Koncertit<\/a><\/p>\n<p><a href=\"http:\/\/www.youtube.com\/watch?v=jdJ_-HuJ8tE\">6. Tingulli 3nt ft. Tuna \u2013 Kallxom Ku Arrite<\/a><\/p>\n<p><a href=\"http:\/\/www.youtube.com\/watch?v=jdJ_-HuJ8tE\"><\/a><a href=\"http:\/\/www.youtube.com\/watch?v=kwdQ0DS_E0o\">7. Tingulli 3nt ft. Newporn \u2013 That\u2019s It<\/a><\/p>\n<p><a href=\"http:\/\/www.youtube.com\/watch?v=kwdQ0DS_E0o\"><\/a><a href=\"http:\/\/www.youtube.com\/watch?v=eaRKL3bn7eQ\">8. Tingulli 3nt ft. Lyrical Son \u2013 Na e Bojna Nice<\/a><\/p>\n<p><a href=\"http:\/\/www.youtube.com\/watch?v=eaRKL3bn7eQ\"><\/a><a href=\"http:\/\/www.youtube.com\/watch?v=RZe4bSLnfX0\">9. Tingulli 3nt \u2013 Gjith vs Asnihere<\/a><\/p>\n","protected":false},"excerpt":{"rendered":"<p>Rep grupi Tingulli 3nt k\u00ebto dit\u00eb ka lan\u00e7uar albumin m\u00eb t\u00eb ri t\u00eb titulluar \u201cMa i madhi n\u2019ven\u201d q\u00eb p\u00ebrmban 13 k\u00ebng\u00eb, disa prej t\u00eb cilave tashm\u00eb hite t\u00eb njohura si dueti me Ermal Fejzullahun dhe Flori Mumajesin. Risi n\u00eb k\u00ebt\u00eb projekt p\u00ebrve\u00e7 k\u00ebng\u00ebve t\u00eb reja \u00ebsht\u00eb dhe dueti me Tuna Sejdiun \u201cE dite, se [&hellip;]<\/p>\n","protected":false},"author":1,"featured_media":0,"comment_status":"open","ping_status":"closed","sticky":false,"template":"","format":"standard","meta":{"spay_email":"","jetpack_publicize_message":"","jetpack_is_tweetstorm":false,"jetpack_publicize_feature_enabled":true},"categories":[1],"tags":[16748,16746,16747,16750,6920,6693,16751,5317,16710,16749],"jetpack_publicize_connections":[],"yoast_head":"<!-- This site is optimized with the Yoast SEO plugin v19.1 - https:\/\/yoast.com\/wordpress\/plugins\/seo\/ -->\n<title>Tingulli Trent publikon albumin e ri<\/title>\n<meta name=\"description\" content=\"Rep grupi Tingulli 3nt k\u00ebto dit\u00eb ka lan\u00e7uar albumin m\u00eb t\u00eb ri t\u00eb titulluar \u201cMa i madhi n\u2019ven\u201d q\u00eb p\u00ebrmban 13 k\u00ebng\u00eb, disa prej t\u00eb cilave tashm\u00eb hite t\u00eb\" \/>\n<meta name=\"robots\" content=\"index, follow, max-snippet:-1, max-image-preview:large, max-video-preview:-1\" \/>\n<link rel=\"canonical\" href=\"https:\/\/www.visit-ulcinj.com\/blog\/2010\/12\/19\/tingulli-3nt-publikon-albumin-e-ri\/\" \/>\n<meta property=\"og:locale\" content=\"en_US\" \/>\n<meta property=\"og:type\" content=\"article\" \/>\n<meta property=\"og:title\" content=\"Tingulli Trent publikon albumin e ri\" \/>\n<meta property=\"og:description\" content=\"Rep grupi Tingulli 3nt k\u00ebto dit\u00eb ka lan\u00e7uar albumin m\u00eb t\u00eb ri t\u00eb titulluar \u201cMa i madhi n\u2019ven\u201d q\u00eb p\u00ebrmban 13 k\u00ebng\u00eb, disa prej t\u00eb cilave tashm\u00eb hite t\u00eb\" \/>\n<meta property=\"og:url\" content=\"https:\/\/www.visit-ulcinj.com\/blog\/2010\/12\/19\/tingulli-3nt-publikon-albumin-e-ri\/\" \/>\n<meta property=\"og:site_name\" content=\"Lajme nga Ulqini\" \/>\n<meta property=\"article:published_time\" content=\"2010-12-19T08:30:08+00:00\" \/>\n<meta property=\"article:modified_time\" content=\"2010-12-18T21:20:44+00:00\" \/>\n<meta property=\"og:image\" content=\"http:\/\/www.visit-ulcinj.com\/blog\/wp-content\/uploads\/2010\/12\/Tingulli-3nt-Malsore-3.jpg\" \/>\n<meta name=\"twitter:label1\" content=\"Written by\" \/>\n\t<meta name=\"twitter:data1\" content=\"ulqini\" \/>\n\t<meta name=\"twitter:label2\" content=\"Est. reading time\" \/>\n\t<meta name=\"twitter:data2\" content=\"1 minute\" \/>\n<script type=\"application\/ld+json\" class=\"yoast-schema-graph\">{\"@context\":\"https:\/\/schema.org\",\"@graph\":[{\"@type\":\"WebSite\",\"@id\":\"https:\/\/www.visit-ulcinj.com\/blog\/#website\",\"url\":\"https:\/\/www.visit-ulcinj.com\/blog\/\",\"name\":\"Lajme nga Ulqini\",\"description\":\"Lajme,Vijesti,Ulqini,Ulqin,Crna Gora,Mali i Zi\",\"potentialAction\":[{\"@type\":\"SearchAction\",\"target\":{\"@type\":\"EntryPoint\",\"urlTemplate\":\"https:\/\/www.visit-ulcinj.com\/blog\/?s={search_term_string}\"},\"query-input\":\"required name=search_term_string\"}],\"inLanguage\":\"en-US\"},{\"@type\":\"ImageObject\",\"inLanguage\":\"en-US\",\"@id\":\"https:\/\/www.visit-ulcinj.com\/blog\/2010\/12\/19\/tingulli-3nt-publikon-albumin-e-ri\/#primaryimage\",\"url\":\"http:\/\/www.visit-ulcinj.com\/blog\/wp-content\/uploads\/2010\/12\/Tingulli-3nt-Malsore-3.jpg\",\"contentUrl\":\"http:\/\/www.visit-ulcinj.com\/blog\/wp-content\/uploads\/2010\/12\/Tingulli-3nt-Malsore-3.jpg\"},{\"@type\":\"WebPage\",\"@id\":\"https:\/\/www.visit-ulcinj.com\/blog\/2010\/12\/19\/tingulli-3nt-publikon-albumin-e-ri\/#webpage\",\"url\":\"https:\/\/www.visit-ulcinj.com\/blog\/2010\/12\/19\/tingulli-3nt-publikon-albumin-e-ri\/\",\"name\":\"Tingulli Trent publikon albumin e ri\",\"isPartOf\":{\"@id\":\"https:\/\/www.visit-ulcinj.com\/blog\/#website\"},\"primaryImageOfPage\":{\"@id\":\"https:\/\/www.visit-ulcinj.com\/blog\/2010\/12\/19\/tingulli-3nt-publikon-albumin-e-ri\/#primaryimage\"},\"datePublished\":\"2010-12-19T08:30:08+00:00\",\"dateModified\":\"2010-12-18T21:20:44+00:00\",\"author\":{\"@id\":\"https:\/\/www.visit-ulcinj.com\/blog\/#\/schema\/person\/dcab619c614d3038751c63bc2aadc06d\"},\"description\":\"Rep grupi Tingulli 3nt k\u00ebto dit\u00eb ka lan\u00e7uar albumin m\u00eb t\u00eb ri t\u00eb titulluar \u201cMa i madhi n\u2019ven\u201d q\u00eb p\u00ebrmban 13 k\u00ebng\u00eb, disa prej t\u00eb cilave tashm\u00eb hite t\u00eb\",\"breadcrumb\":{\"@id\":\"https:\/\/www.visit-ulcinj.com\/blog\/2010\/12\/19\/tingulli-3nt-publikon-albumin-e-ri\/#breadcrumb\"},\"inLanguage\":\"en-US\",\"potentialAction\":[{\"@type\":\"ReadAction\",\"target\":[\"https:\/\/www.visit-ulcinj.com\/blog\/2010\/12\/19\/tingulli-3nt-publikon-albumin-e-ri\/\"]}]},{\"@type\":\"BreadcrumbList\",\"@id\":\"https:\/\/www.visit-ulcinj.com\/blog\/2010\/12\/19\/tingulli-3nt-publikon-albumin-e-ri\/#breadcrumb\",\"itemListElement\":[{\"@type\":\"ListItem\",\"position\":1,\"name\":\"Tingulli 3nt publikon albumin e ri\"}]},{\"@type\":\"Person\",\"@id\":\"https:\/\/www.visit-ulcinj.com\/blog\/#\/schema\/person\/dcab619c614d3038751c63bc2aadc06d\",\"name\":\"ulqini\",\"sameAs\":[\"http:\/\/www.visit-ulcinj.com\"],\"url\":\"https:\/\/www.visit-ulcinj.com\/blog\/author\/admin\/\"}]}<\/script>\n<!-- \/ Yoast SEO plugin. -->","yoast_head_json":{"title":"Tingulli Trent publikon albumin e ri","description":"Rep grupi Tingulli 3nt k\u00ebto dit\u00eb ka lan\u00e7uar albumin m\u00eb t\u00eb ri t\u00eb titulluar \u201cMa i madhi n\u2019ven\u201d q\u00eb p\u00ebrmban 13 k\u00ebng\u00eb, disa prej t\u00eb cilave tashm\u00eb hite t\u00eb","robots":{"index":"index","follow":"follow","max-snippet":"max-snippet:-1","max-image-preview":"max-image-preview:large","max-video-preview":"max-video-preview:-1"},"canonical":"https:\/\/www.visit-ulcinj.com\/blog\/2010\/12\/19\/tingulli-3nt-publikon-albumin-e-ri\/","og_locale":"en_US","og_type":"article","og_title":"Tingulli Trent publikon albumin e ri","og_description":"Rep grupi Tingulli 3nt k\u00ebto dit\u00eb ka lan\u00e7uar albumin m\u00eb t\u00eb ri t\u00eb titulluar \u201cMa i madhi n\u2019ven\u201d q\u00eb p\u00ebrmban 13 k\u00ebng\u00eb, disa prej t\u00eb cilave tashm\u00eb hite t\u00eb","og_url":"https:\/\/www.visit-ulcinj.com\/blog\/2010\/12\/19\/tingulli-3nt-publikon-albumin-e-ri\/","og_site_name":"Lajme nga Ulqini","article_published_time":"2010-12-19T08:30:08+00:00","article_modified_time":"2010-12-18T21:20:44+00:00","og_image":[{"url":"http:\/\/www.visit-ulcinj.com\/blog\/wp-content\/uploads\/2010\/12\/Tingulli-3nt-Malsore-3.jpg"}],"twitter_misc":{"Written by":"ulqini","Est. reading time":"1 minute"},"schema":{"@context":"https:\/\/schema.org","@graph":[{"@type":"WebSite","@id":"https:\/\/www.visit-ulcinj.com\/blog\/#website","url":"https:\/\/www.visit-ulcinj.com\/blog\/","name":"Lajme nga Ulqini","description":"Lajme,Vijesti,Ulqini,Ulqin,Crna Gora,Mali i Zi","potentialAction":[{"@type":"SearchAction","target":{"@type":"EntryPoint","urlTemplate":"https:\/\/www.visit-ulcinj.com\/blog\/?s={search_term_string}"},"query-input":"required name=search_term_string"}],"inLanguage":"en-US"},{"@type":"ImageObject","inLanguage":"en-US","@id":"https:\/\/www.visit-ulcinj.com\/blog\/2010\/12\/19\/tingulli-3nt-publikon-albumin-e-ri\/#primaryimage","url":"http:\/\/www.visit-ulcinj.com\/blog\/wp-content\/uploads\/2010\/12\/Tingulli-3nt-Malsore-3.jpg","contentUrl":"http:\/\/www.visit-ulcinj.com\/blog\/wp-content\/uploads\/2010\/12\/Tingulli-3nt-Malsore-3.jpg"},{"@type":"WebPage","@id":"https:\/\/www.visit-ulcinj.com\/blog\/2010\/12\/19\/tingulli-3nt-publikon-albumin-e-ri\/#webpage","url":"https:\/\/www.visit-ulcinj.com\/blog\/2010\/12\/19\/tingulli-3nt-publikon-albumin-e-ri\/","name":"Tingulli Trent publikon albumin e ri","isPartOf":{"@id":"https:\/\/www.visit-ulcinj.com\/blog\/#website"},"primaryImageOfPage":{"@id":"https:\/\/www.visit-ulcinj.com\/blog\/2010\/12\/19\/tingulli-3nt-publikon-albumin-e-ri\/#primaryimage"},"datePublished":"2010-12-19T08:30:08+00:00","dateModified":"2010-12-18T21:20:44+00:00","author":{"@id":"https:\/\/www.visit-ulcinj.com\/blog\/#\/schema\/person\/dcab619c614d3038751c63bc2aadc06d"},"description":"Rep grupi Tingulli 3nt k\u00ebto dit\u00eb ka lan\u00e7uar albumin m\u00eb t\u00eb ri t\u00eb titulluar \u201cMa i madhi n\u2019ven\u201d q\u00eb p\u00ebrmban 13 k\u00ebng\u00eb, disa prej t\u00eb cilave tashm\u00eb hite t\u00eb","breadcrumb":{"@id":"https:\/\/www.visit-ulcinj.com\/blog\/2010\/12\/19\/tingulli-3nt-publikon-albumin-e-ri\/#breadcrumb"},"inLanguage":"en-US","potentialAction":[{"@type":"ReadAction","target":["https:\/\/www.visit-ulcinj.com\/blog\/2010\/12\/19\/tingulli-3nt-publikon-albumin-e-ri\/"]}]},{"@type":"BreadcrumbList","@id":"https:\/\/www.visit-ulcinj.com\/blog\/2010\/12\/19\/tingulli-3nt-publikon-albumin-e-ri\/#breadcrumb","itemListElement":[{"@type":"ListItem","position":1,"name":"Tingulli 3nt publikon albumin e ri"}]},{"@type":"Person","@id":"https:\/\/www.visit-ulcinj.com\/blog\/#\/schema\/person\/dcab619c614d3038751c63bc2aadc06d","name":"ulqini","sameAs":["http:\/\/www.visit-ulcinj.com"],"url":"https:\/\/www.visit-ulcinj.com\/blog\/author\/admin\/"}]}},"jetpack_featured_media_url":"","jetpack_sharing_enabled":true,"jetpack_shortlink":"https:\/\/wp.me\/pe6lTn-aLO","_links":{"self":[{"href":"https:\/\/www.visit-ulcinj.com\/blog\/wp-json\/wp\/v2\/posts\/41404"}],"collection":[{"href":"https:\/\/www.visit-ulcinj.com\/blog\/wp-json\/wp\/v2\/posts"}],"about":[{"href":"https:\/\/www.visit-ulcinj.com\/blog\/wp-json\/wp\/v2\/types\/post"}],"author":[{"embeddable":true,"href":"https:\/\/www.visit-ulcinj.com\/blog\/wp-json\/wp\/v2\/users\/1"}],"replies":[{"embeddable":true,"href":"https:\/\/www.visit-ulcinj.com\/blog\/wp-json\/wp\/v2\/comments?post=41404"}],"version-history":[{"count":0,"href":"https:\/\/www.visit-ulcinj.com\/blog\/wp-json\/wp\/v2\/posts\/41404\/revisions"}],"wp:attachment":[{"href":"https:\/\/www.visit-ulcinj.com\/blog\/wp-json\/wp\/v2\/media?parent=41404"}],"wp:term":[{"taxonomy":"category","embeddable":true,"href":"https:\/\/www.visit-ulcinj.com\/blog\/wp-json\/wp\/v2\/categories?post=41404"},{"taxonomy":"post_tag","embeddable":true,"href":"https:\/\/www.visit-ulcinj.com\/blog\/wp-json\/wp\/v2\/tags?post=41404"}],"curies":[{"name":"wp","href":"https:\/\/api.w.org\/{rel}","templated":true}]}}