{"id":41418,"date":"2010-12-19T16:06:53","date_gmt":"2010-12-19T15:06:53","guid":{"rendered":"http:\/\/www.visit-ulcinj.com\/blog\/?p=41418"},"modified":"2010-12-19T16:06:53","modified_gmt":"2010-12-19T15:06:53","slug":"klubi-i-karatese-albulena-me-suksese-te-njepasnjeshme","status":"publish","type":"post","link":"https:\/\/www.visit-ulcinj.com\/blog\/2010\/12\/19\/klubi-i-karatese-albulena-me-suksese-te-njepasnjeshme\/","title":{"rendered":"Klubi i Karates\u00eb  Albulena me suksese t\u00eb nj\u00ebpasnj\u00ebshme"},"content":{"rendered":"<p><strong><a href=\"http:\/\/www.visit-ulcinj.com\/blog\/wp-content\/uploads\/2010\/12\/Klubi-i-Karates\u00eb-Albulena.jpg\"><img loading=\"lazy\" class=\"alignleft size-full wp-image-41419\" title=\"Klubi i Karates\u00eb  Albulena\" src=\"http:\/\/www.visit-ulcinj.com\/blog\/wp-content\/uploads\/2010\/12\/Klubi-i-Karates\u00eb-Albulena.jpg\" alt=\"\" width=\"490\" height=\"390\" \/><\/a>Klubi i Karates\u00eb \u201cAlbulena\u201d zuri vendin e tret\u00eb n\u00eb renditjen e p\u00ebrgjithshme n\u00eb Kup\u00ebn \u201c\u00c7lirimi i Podgoric\u00ebs\u201d<br \/>\n<\/strong><strong>Dy medalje t\u00eb arta, n\u00eb\u00a0kata dhe lufta, fitoi Katarina\u00a0Kujunxhiq, nd\u00ebrsa nga nj\u00eb\u00a0medalje t\u00eb art\u00eb Besnik\u00a0Adoviq, Ardit Astafa, Lejla\u00a0Lihari, Anes Pej\u00e7inoviq dhe\u00a0Xheneta Vu\u00e7iq. <\/strong><\/p>\n<p>Klubi i Karatese \u201cAlbulena\u201d zuri vendin\u00a0e trete ne renditjen e pergjithshme ne\u00a0Kupen e 13-te \u201cClirimi i Podgorices\u201d, qe u\u00a0mbajt te dielen. Garuesit e ketij klubi fituan\u00a0shtate medalje te arta, tri medalje te argjendta\u00a0dhe nente medalje te bronzta.\u00a0Dy medalje te arta, ne kata dhe lufta,\u00a0fitoi Katarina Kujunxhiq, ndersa nga nje\u00a0medalje te arte Besnik Adoviq, Ardit Astafa,\u00a0Lejla Lihari, Anes Pejcinoviq dhe Xheneta\u00a0Vuciq.\u00a0Medalje te argjendta fituan Gojko Popoviq,\u00a0Millosh Dragojeviq dhe Nikolla Hot,\u00a0kurse medalje te bronzta Nikolla Stojilkoviq,\u00a0Anel Elezoviq, Maksut Peku, Albulena\u00a0Ujkashi, Amra Pejcinoviq, Hana Subrahimoviq,\u00a0Alen Divanoviq, Lejla Lihari dhe\u00a0Nermin Malokraja.<\/p>\n<p><strong> <\/strong><strong>Dervishi, seniori m\u00eb\u00a0i mir\u00eb i Turneut <\/strong><\/p>\n<p>Kik boksieri i Klubit \u201cAlbulena\u201d, Emir\u00a0Dervishi, fitoi medalje te arte dhe u\u00a0shpall kampion ne kategorine -75kg ne\u00a0Turneun nderkombetar \u201cPlevla Open\u201d,\u00a0te mbajtur kohe me pare, ku pervec kik\u00a0boksiereve nga Mali i Zi moren pjese\u00a0edhe kik boksiere nga Shqiperia, Bosnja\u00a0e Hercegovina dhe Serbia. Ai u shpall\u00a0seniori me i mire i Turneut per c\u2019gje u\u00a0shperblye me kupe.\u00a0Sukses te madh arriti edhe garuesi\u00a0tjeter i ketij klubi, Ismail Ismajli, i cili fitoi\u00a0po ashtu medalje te arte ne kategorine\u00a0-67kg per juniore.\u00a0Medalje te argjendta ne kete turne\u00a0nga Klubi \u201cAlbulena\u201d fituan Bido Duroviq\u00a0dhe Erjon Zhugjeli, i cili sipas trajnerit\u00a0Agron Ujkashi \u201cishte me i mire se\u00a0kundershtari i tij nga Plevla, por referet\u00a0ia dhane padrejtesisht fitoren garuesit\u00a0vendas\u201d.\u00a0Suksesi i kik boksiereve te Klubit \u201cAlbulena\u201d\u00a0ne Turneun \u201cPlevla Open\u201d pasoi\u00a0ate te arritur vetem disa dite me pare ne\u00a0turneun ne Sarajeve, ku tre kik boksieret\u00a0e \u201cAlbulenes\u201d, Ismail Ismajli, Allmir Kollari\u00a0dhe Bido Duroviq, fituan medalje te\u00a0argjendta.\u00a0Ne kete gare spikati sidomos Ismajli\u00a0i cili ne mecet eliminatore fitoi me\u00a0nderprerje ne raundin e dyte pas tri\u00a0goditjeve te forta low kick.<\/p>\n<p><strong>Besnik Adoviq, kampion i Malit t\u00eb Zi p\u00ebr\u00a0junior\u00eb<\/strong><\/p>\n<p>Garuesit e KK \u201cAlbulena\u201d arriten rezultat te\u00a0lakmueshem edhe ne Kampionatin e Malit\u00a0te Zi per kadete dhe juniore, qe u mbajt\u00a0para disa kohe. Keshtu kampion i Malit\u00a0te Zi per juniore, ne kategorine e rende, u\u00a0shpall Besnik Adoviq, ndersa nenkampione\u00a0te Malit te Zi, Nikolla Hot, Ardit Astafa\u00a0dhe Xheneta Vuciq.\u00a0Medalje te bronzta ne kete kampionat\u00a0fituan Azra Lihari, Sretena Gjuriq dhe Xheneta\u00a0Vuciq.<\/p>\n<p><strong>i.k.<\/strong><strong><br \/>\nKoha Javore<br \/>\n\n\t\t<style type=\"text\/css\">\n\t\t\t#gallery-1 {\n\t\t\t\tmargin: auto;\n\t\t\t}\n\t\t\t#gallery-1 .gallery-item {\n\t\t\t\tfloat: left;\n\t\t\t\tmargin-top: 10px;\n\t\t\t\ttext-align: center;\n\t\t\t\twidth: 33%;\n\t\t\t}\n\t\t\t#gallery-1 img {\n\t\t\t\tborder: 2px solid #cfcfcf;\n\t\t\t}\n\t\t\t#gallery-1 .gallery-caption {\n\t\t\t\tmargin-left: 0;\n\t\t\t}\n\t\t\t\/* see gallery_shortcode() in wp-includes\/media.php *\/\n\t\t<\/style>\n\t\t<div id='gallery-1' class='gallery galleryid-41418 gallery-columns-3 gallery-size-thumbnail'><dl class='gallery-item'>\n\t\t\t<dt class='gallery-icon landscape'>\n\t\t\t\t<a href='https:\/\/www.visit-ulcinj.com\/blog\/wp-content\/uploads\/2010\/12\/Xheneta-Vuciq.jpg'><img width=\"150\" height=\"150\" src=\"https:\/\/www.visit-ulcinj.com\/blog\/wp-content\/uploads\/2010\/12\/Xheneta-Vuciq-150x150.jpg\" class=\"attachment-thumbnail size-thumbnail\" alt=\"\" loading=\"lazy\" \/><\/a>\n\t\t\t<\/dt><\/dl>\n\t\t\t<br style='clear: both' \/>\n\t\t<\/div>\n<\/p>\n<p><\/strong><\/p>\n","protected":false},"excerpt":{"rendered":"<p>Klubi i Karates\u00eb \u201cAlbulena\u201d zuri vendin e tret\u00eb n\u00eb renditjen e p\u00ebrgjithshme n\u00eb Kup\u00ebn \u201c\u00c7lirimi i Podgoric\u00ebs\u201d Dy medalje t\u00eb arta, n\u00eb\u00a0kata dhe lufta, fitoi Katarina\u00a0Kujunxhiq, nd\u00ebrsa nga nj\u00eb\u00a0medalje t\u00eb art\u00eb Besnik\u00a0Adoviq, Ardit Astafa, Lejla\u00a0Lihari, Anes Pej\u00e7inoviq dhe\u00a0Xheneta Vu\u00e7iq. Klubi i Karatese \u201cAlbulena\u201d zuri vendin\u00a0e trete ne renditjen e pergjithshme ne\u00a0Kupen e 13-te \u201cClirimi i [&hellip;]<\/p>\n","protected":false},"author":1,"featured_media":0,"comment_status":"open","ping_status":"closed","sticky":false,"template":"","format":"standard","meta":{"spay_email":"","jetpack_publicize_message":"","jetpack_is_tweetstorm":false,"jetpack_publicize_feature_enabled":true},"categories":[3],"tags":[16752],"jetpack_publicize_connections":[],"yoast_head":"<!-- This site is optimized with the Yoast SEO plugin v19.1 - https:\/\/yoast.com\/wordpress\/plugins\/seo\/ -->\n<title>Klubi i Karates\u00eb Albulena me suksese t\u00eb nj\u00ebpasnj\u00ebshme - Lajme nga Ulqini<\/title>\n<meta name=\"description\" content=\"Klubi i Karates\u00eb \u201cAlbulena\u201d zuri vendin e tret\u00eb n\u00eb renditjen e p\u00ebrgjithshme n\u00eb Kup\u00ebn \u201c\u00c7lirimi i Podgoric\u00ebs\u201d Dy medalje t\u00eb arta, n\u00eb\u00a0kata dhe lufta, fitoi\" \/>\n<meta name=\"robots\" content=\"index, follow, max-snippet:-1, max-image-preview:large, max-video-preview:-1\" \/>\n<link rel=\"canonical\" href=\"https:\/\/www.visit-ulcinj.com\/blog\/2010\/12\/19\/klubi-i-karatese-albulena-me-suksese-te-njepasnjeshme\/\" \/>\n<meta property=\"og:locale\" content=\"en_US\" \/>\n<meta property=\"og:type\" content=\"article\" \/>\n<meta property=\"og:title\" content=\"Klubi i Karates\u00eb Albulena me suksese t\u00eb nj\u00ebpasnj\u00ebshme - Lajme nga Ulqini\" \/>\n<meta property=\"og:description\" content=\"Klubi i Karates\u00eb \u201cAlbulena\u201d zuri vendin e tret\u00eb n\u00eb renditjen e p\u00ebrgjithshme n\u00eb Kup\u00ebn \u201c\u00c7lirimi i Podgoric\u00ebs\u201d Dy medalje t\u00eb arta, n\u00eb\u00a0kata dhe lufta, fitoi\" \/>\n<meta property=\"og:url\" content=\"https:\/\/www.visit-ulcinj.com\/blog\/2010\/12\/19\/klubi-i-karatese-albulena-me-suksese-te-njepasnjeshme\/\" \/>\n<meta property=\"og:site_name\" content=\"Lajme nga Ulqini\" \/>\n<meta property=\"article:published_time\" content=\"2010-12-19T15:06:53+00:00\" \/>\n<meta property=\"og:image\" content=\"https:\/\/www.visit-ulcinj.com\/blog\/wp-content\/uploads\/2010\/12\/Klubi-i-Karates\u00eb-Albulena-150x150.jpg\" \/>\n<meta name=\"twitter:label1\" content=\"Written by\" \/>\n\t<meta name=\"twitter:data1\" content=\"ulqini\" \/>\n\t<meta name=\"twitter:label2\" content=\"Est. reading time\" \/>\n\t<meta name=\"twitter:data2\" content=\"2 minutes\" \/>\n<script type=\"application\/ld+json\" class=\"yoast-schema-graph\">{\"@context\":\"https:\/\/schema.org\",\"@graph\":[{\"@type\":\"WebSite\",\"@id\":\"https:\/\/www.visit-ulcinj.com\/blog\/#website\",\"url\":\"https:\/\/www.visit-ulcinj.com\/blog\/\",\"name\":\"Lajme nga Ulqini\",\"description\":\"Lajme,Vijesti,Ulqini,Ulqin,Crna Gora,Mali i Zi\",\"potentialAction\":[{\"@type\":\"SearchAction\",\"target\":{\"@type\":\"EntryPoint\",\"urlTemplate\":\"https:\/\/www.visit-ulcinj.com\/blog\/?s={search_term_string}\"},\"query-input\":\"required name=search_term_string\"}],\"inLanguage\":\"en-US\"},{\"@type\":\"WebPage\",\"@id\":\"https:\/\/www.visit-ulcinj.com\/blog\/2010\/12\/19\/klubi-i-karatese-albulena-me-suksese-te-njepasnjeshme\/#webpage\",\"url\":\"https:\/\/www.visit-ulcinj.com\/blog\/2010\/12\/19\/klubi-i-karatese-albulena-me-suksese-te-njepasnjeshme\/\",\"name\":\"Klubi i Karates\u00eb Albulena me suksese t\u00eb nj\u00ebpasnj\u00ebshme - Lajme nga Ulqini\",\"isPartOf\":{\"@id\":\"https:\/\/www.visit-ulcinj.com\/blog\/#website\"},\"datePublished\":\"2010-12-19T15:06:53+00:00\",\"dateModified\":\"2010-12-19T15:06:53+00:00\",\"author\":{\"@id\":\"https:\/\/www.visit-ulcinj.com\/blog\/#\/schema\/person\/dcab619c614d3038751c63bc2aadc06d\"},\"description\":\"Klubi i Karates\u00eb \u201cAlbulena\u201d zuri vendin e tret\u00eb n\u00eb renditjen e p\u00ebrgjithshme n\u00eb Kup\u00ebn \u201c\u00c7lirimi i Podgoric\u00ebs\u201d Dy medalje t\u00eb arta, n\u00eb\u00a0kata dhe lufta, fitoi\",\"breadcrumb\":{\"@id\":\"https:\/\/www.visit-ulcinj.com\/blog\/2010\/12\/19\/klubi-i-karatese-albulena-me-suksese-te-njepasnjeshme\/#breadcrumb\"},\"inLanguage\":\"en-US\",\"potentialAction\":[{\"@type\":\"ReadAction\",\"target\":[\"https:\/\/www.visit-ulcinj.com\/blog\/2010\/12\/19\/klubi-i-karatese-albulena-me-suksese-te-njepasnjeshme\/\"]}]},{\"@type\":\"BreadcrumbList\",\"@id\":\"https:\/\/www.visit-ulcinj.com\/blog\/2010\/12\/19\/klubi-i-karatese-albulena-me-suksese-te-njepasnjeshme\/#breadcrumb\",\"itemListElement\":[{\"@type\":\"ListItem\",\"position\":1,\"name\":\"Klubi i Karates\u00eb Albulena me suksese t\u00eb nj\u00ebpasnj\u00ebshme\"}]},{\"@type\":\"Person\",\"@id\":\"https:\/\/www.visit-ulcinj.com\/blog\/#\/schema\/person\/dcab619c614d3038751c63bc2aadc06d\",\"name\":\"ulqini\",\"sameAs\":[\"http:\/\/www.visit-ulcinj.com\"],\"url\":\"https:\/\/www.visit-ulcinj.com\/blog\/author\/admin\/\"}]}<\/script>\n<!-- \/ Yoast SEO plugin. -->","yoast_head_json":{"title":"Klubi i Karates\u00eb Albulena me suksese t\u00eb nj\u00ebpasnj\u00ebshme - Lajme nga Ulqini","description":"Klubi i Karates\u00eb \u201cAlbulena\u201d zuri vendin e tret\u00eb n\u00eb renditjen e p\u00ebrgjithshme n\u00eb Kup\u00ebn \u201c\u00c7lirimi i Podgoric\u00ebs\u201d Dy medalje t\u00eb arta, n\u00eb\u00a0kata dhe lufta, fitoi","robots":{"index":"index","follow":"follow","max-snippet":"max-snippet:-1","max-image-preview":"max-image-preview:large","max-video-preview":"max-video-preview:-1"},"canonical":"https:\/\/www.visit-ulcinj.com\/blog\/2010\/12\/19\/klubi-i-karatese-albulena-me-suksese-te-njepasnjeshme\/","og_locale":"en_US","og_type":"article","og_title":"Klubi i Karates\u00eb Albulena me suksese t\u00eb nj\u00ebpasnj\u00ebshme - Lajme nga Ulqini","og_description":"Klubi i Karates\u00eb \u201cAlbulena\u201d zuri vendin e tret\u00eb n\u00eb renditjen e p\u00ebrgjithshme n\u00eb Kup\u00ebn \u201c\u00c7lirimi i Podgoric\u00ebs\u201d Dy medalje t\u00eb arta, n\u00eb\u00a0kata dhe lufta, fitoi","og_url":"https:\/\/www.visit-ulcinj.com\/blog\/2010\/12\/19\/klubi-i-karatese-albulena-me-suksese-te-njepasnjeshme\/","og_site_name":"Lajme nga Ulqini","article_published_time":"2010-12-19T15:06:53+00:00","og_image":[{"url":"https:\/\/www.visit-ulcinj.com\/blog\/wp-content\/uploads\/2010\/12\/Klubi-i-Karates\u00eb-Albulena-150x150.jpg"}],"twitter_misc":{"Written by":"ulqini","Est. reading time":"2 minutes"},"schema":{"@context":"https:\/\/schema.org","@graph":[{"@type":"WebSite","@id":"https:\/\/www.visit-ulcinj.com\/blog\/#website","url":"https:\/\/www.visit-ulcinj.com\/blog\/","name":"Lajme nga Ulqini","description":"Lajme,Vijesti,Ulqini,Ulqin,Crna Gora,Mali i Zi","potentialAction":[{"@type":"SearchAction","target":{"@type":"EntryPoint","urlTemplate":"https:\/\/www.visit-ulcinj.com\/blog\/?s={search_term_string}"},"query-input":"required name=search_term_string"}],"inLanguage":"en-US"},{"@type":"WebPage","@id":"https:\/\/www.visit-ulcinj.com\/blog\/2010\/12\/19\/klubi-i-karatese-albulena-me-suksese-te-njepasnjeshme\/#webpage","url":"https:\/\/www.visit-ulcinj.com\/blog\/2010\/12\/19\/klubi-i-karatese-albulena-me-suksese-te-njepasnjeshme\/","name":"Klubi i Karates\u00eb Albulena me suksese t\u00eb nj\u00ebpasnj\u00ebshme - Lajme nga Ulqini","isPartOf":{"@id":"https:\/\/www.visit-ulcinj.com\/blog\/#website"},"datePublished":"2010-12-19T15:06:53+00:00","dateModified":"2010-12-19T15:06:53+00:00","author":{"@id":"https:\/\/www.visit-ulcinj.com\/blog\/#\/schema\/person\/dcab619c614d3038751c63bc2aadc06d"},"description":"Klubi i Karates\u00eb \u201cAlbulena\u201d zuri vendin e tret\u00eb n\u00eb renditjen e p\u00ebrgjithshme n\u00eb Kup\u00ebn \u201c\u00c7lirimi i Podgoric\u00ebs\u201d Dy medalje t\u00eb arta, n\u00eb\u00a0kata dhe lufta, fitoi","breadcrumb":{"@id":"https:\/\/www.visit-ulcinj.com\/blog\/2010\/12\/19\/klubi-i-karatese-albulena-me-suksese-te-njepasnjeshme\/#breadcrumb"},"inLanguage":"en-US","potentialAction":[{"@type":"ReadAction","target":["https:\/\/www.visit-ulcinj.com\/blog\/2010\/12\/19\/klubi-i-karatese-albulena-me-suksese-te-njepasnjeshme\/"]}]},{"@type":"BreadcrumbList","@id":"https:\/\/www.visit-ulcinj.com\/blog\/2010\/12\/19\/klubi-i-karatese-albulena-me-suksese-te-njepasnjeshme\/#breadcrumb","itemListElement":[{"@type":"ListItem","position":1,"name":"Klubi i Karates\u00eb Albulena me suksese t\u00eb nj\u00ebpasnj\u00ebshme"}]},{"@type":"Person","@id":"https:\/\/www.visit-ulcinj.com\/blog\/#\/schema\/person\/dcab619c614d3038751c63bc2aadc06d","name":"ulqini","sameAs":["http:\/\/www.visit-ulcinj.com"],"url":"https:\/\/www.visit-ulcinj.com\/blog\/author\/admin\/"}]}},"jetpack_featured_media_url":"","jetpack_sharing_enabled":true,"jetpack_shortlink":"https:\/\/wp.me\/pe6lTn-aM2","_links":{"self":[{"href":"https:\/\/www.visit-ulcinj.com\/blog\/wp-json\/wp\/v2\/posts\/41418"}],"collection":[{"href":"https:\/\/www.visit-ulcinj.com\/blog\/wp-json\/wp\/v2\/posts"}],"about":[{"href":"https:\/\/www.visit-ulcinj.com\/blog\/wp-json\/wp\/v2\/types\/post"}],"author":[{"embeddable":true,"href":"https:\/\/www.visit-ulcinj.com\/blog\/wp-json\/wp\/v2\/users\/1"}],"replies":[{"embeddable":true,"href":"https:\/\/www.visit-ulcinj.com\/blog\/wp-json\/wp\/v2\/comments?post=41418"}],"version-history":[{"count":0,"href":"https:\/\/www.visit-ulcinj.com\/blog\/wp-json\/wp\/v2\/posts\/41418\/revisions"}],"wp:attachment":[{"href":"https:\/\/www.visit-ulcinj.com\/blog\/wp-json\/wp\/v2\/media?parent=41418"}],"wp:term":[{"taxonomy":"category","embeddable":true,"href":"https:\/\/www.visit-ulcinj.com\/blog\/wp-json\/wp\/v2\/categories?post=41418"},{"taxonomy":"post_tag","embeddable":true,"href":"https:\/\/www.visit-ulcinj.com\/blog\/wp-json\/wp\/v2\/tags?post=41418"}],"curies":[{"name":"wp","href":"https:\/\/api.w.org\/{rel}","templated":true}]}}