{"id":41434,"date":"2010-12-20T16:55:57","date_gmt":"2010-12-20T15:55:57","guid":{"rendered":"http:\/\/www.visit-ulcinj.com\/blog\/?p=41434"},"modified":"2010-12-20T19:30:32","modified_gmt":"2010-12-20T18:30:32","slug":"privatizimi-i-ndermarrjeve-shkaterroi-ekonomine-e-ulqinit","status":"publish","type":"post","link":"https:\/\/www.visit-ulcinj.com\/blog\/2010\/12\/20\/privatizimi-i-ndermarrjeve-shkaterroi-ekonomine-e-ulqinit\/","title":{"rendered":"Privatizimi i nd\u00ebrmarrjeve shkat\u00ebrroi ekonomin\u00eb e Ulqinit"},"content":{"rendered":"<p><a href=\"http:\/\/www.visit-ulcinj.com\/blog\/wp-content\/uploads\/2010\/12\/GENCI-NIMANBEGU_AMIR-HOLLAJ_ULQIN.jpg\"><img loading=\"lazy\" class=\"alignleft size-full wp-image-41435\" title=\"GENCI NIMANBEGU_AMIR HOLLAJ_ULQIN\" src=\"http:\/\/www.visit-ulcinj.com\/blog\/wp-content\/uploads\/2010\/12\/GENCI-NIMANBEGU_AMIR-HOLLAJ_ULQIN.jpg\" alt=\"\" width=\"490\" height=\"380\" \/><\/a>Ulqin, 20 dhjetor &#8211;\u00a0\u00a0 Duke debatuar rreth Ligjit mbi privatizimin e nd\u00ebrmarrjeve shtet\u00ebrore, i cili ndodhet n\u00eb procedur\u00ebn kuvendore, deputet\u00ebt shqiptar\u00eb, thon\u00eb se ky \u201ctransformim\u201d e shkat\u00ebrroi ekonomin\u00eb e k\u00ebsaj komune edhe nuk ka asnj\u00eb shenj\u00eb t\u00eb rehabilitimit t\u00eb saj.<\/p>\n<p>Deputeti i Forc\u00ebs s\u00eb Re Demokratike, Genci Nimanbegu privatizimi i nd\u00ebrmarrjeve shoq\u00ebrore u b\u00eb pa u pyetur fare ulqinak\u00ebt, b\u00ebn t\u00eb ditur KosovaLive. Qeveria, shton ai, udh\u00ebheq\u00ebsit i solli nga jasht\u00eb, t\u00eb cil\u00ebt me parat\u00eb e privatizimit blen\u00eb banesa edhe u kthyen nga kishin ardhur, duke i l\u00ebn\u00eb t\u00eb shkret\u00ebruar nd\u00ebrmarrjet dikur t\u00eb suksesshme,edhe duke e b\u00ebr\u00eb Ulqinin me shkall\u00ebn m\u00eb t\u00eb lart\u00eb t\u00eb papun\u00ebsis\u00eb n\u00eb k\u00ebt\u00eb vend.<\/p>\n<p>\u201cKjo ka ndodhur mbi t\u00eb gjitha n\u00eb gjigandin e madh t\u00eb turizmit, \u201cRiviera e Ulqinit\u201d. Rus\u00ebt privatizuan hotelin \u201cOtrant\u201d, i cili \u00ebsht\u00eb i mbyllur n\u00ebn dry, pun\u00ebtor\u00ebt nuk kan\u00eb paga. Po kjo gjendje zot\u00ebron edhe n\u00eb hotelet tjera, \u201cOlympic\u201d e \u201cLydo\u201d n\u00eb Plazh t\u00eb madh. Nd\u00ebrkaq, hoteli \u201cGaleb\u201d u b\u00eb rrafsh me tok\u00eb, edhe pse ishte simboli i objekteve moderne t\u00eb turizmit n\u00eb bregdetin malazias\u201d,- thot\u00eb deputeti Nimanbegu.<\/p>\n<p>Ai apostrofon fatin e keq t\u00eb Kripores, nj\u00eb fabrik\u00eb unike evropiane, me 450 pun\u00ebtor\u00eb, sot nd\u00ebrmarrja e privatizuar ja larguar ekspert\u00ebt ,ka mbetur nj\u00eb num\u00ebr tejet i vog\u00ebl edhe paga e tyre jan\u00eb nga 70 euro.<\/p>\n<p>Edhe kolegu i tij nga Lista shqiptare \u201cPerspektiva\u201d, Amir Hollaj mori si shembull, si\u00e7 tha, t\u00eb ashtuquajturit privatizim t\u00eb Fabrik\u00ebs s\u00eb tepih\u00ebve dhe qilimave n\u00eb An\u00eb t\u00eb Malit, ku punonin mbi 150 veta nga kjo zon\u00eb e varf\u00ebr kufitare.<\/p>\n<p>\u201cPronari i ri, ka t\u00ebhuaj\u00ebsuar edhe oborrin e objektit t\u00eb vjet\u00ebr t\u00eb Shkoll\u00ebs fillore \u201cBedri Elezaga\u201d n\u00eb Kat\u00ebrkoll\u00eb, nj\u00ebra nd\u00ebr shkollat m\u00eb spikatura n\u00eb mbar\u00eb hap\u00ebsir\u00ebn e ish- shtetit jugosllav,q\u00eb \u00ebsht\u00eb propozuar t\u00eb shnd\u00ebrrohet n\u00eb Muzeumin kulturo-arsimor t\u00eb An\u00ebs s\u00eb Malit. K\u00ebrkesa q\u00eb ky oborr i mbushur me pem\u00eb ekzotike unikale, t\u00eb mb\u00ebltuara me dekada t\u00eb t\u00ebra, vazhdon t\u00eb jet\u00eb e pahapur n\u00eb sirtar\u00ebt e Ministris\u00eb s\u00eb Arsimit\u201d, &#8211; n\u00ebnvizon z. Hollaj.<\/p>\n<p><strong>KOHA NET<br \/>\n<!--YouTube Error: bad URL entered--><\/strong><\/p>\n","protected":false},"excerpt":{"rendered":"<p>Ulqin, 20 dhjetor &#8211;\u00a0\u00a0 Duke debatuar rreth Ligjit mbi privatizimin e nd\u00ebrmarrjeve shtet\u00ebrore, i cili ndodhet n\u00eb procedur\u00ebn kuvendore, deputet\u00ebt shqiptar\u00eb, thon\u00eb se ky \u201ctransformim\u201d e shkat\u00ebrroi ekonomin\u00eb e k\u00ebsaj komune edhe nuk ka asnj\u00eb shenj\u00eb t\u00eb rehabilitimit t\u00eb saj. Deputeti i Forc\u00ebs s\u00eb Re Demokratike, Genci Nimanbegu privatizimi i nd\u00ebrmarrjeve shoq\u00ebrore u b\u00eb pa [&hellip;]<\/p>\n","protected":false},"author":1,"featured_media":0,"comment_status":"open","ping_status":"closed","sticky":false,"template":"","format":"standard","meta":{"spay_email":"","jetpack_publicize_message":"","jetpack_is_tweetstorm":false,"jetpack_publicize_feature_enabled":true},"categories":[1,12],"tags":[1303,11799,1073,16760,16759,200,18],"jetpack_publicize_connections":[],"yoast_head":"<!-- This site is optimized with the Yoast SEO plugin v19.1 - https:\/\/yoast.com\/wordpress\/plugins\/seo\/ -->\n<title>Privatizimi i nd\u00ebrmarrjeve shkat\u00ebrroi ekonomin\u00eb e Ulqinit - Lajme nga Ulqini<\/title>\n<meta name=\"description\" content=\"Ulqin, 20 dhjetor -\u00a0\u00a0 Duke debatuar rreth Ligjit mbi privatizimin e nd\u00ebrmarrjeve shtet\u00ebrore, i cili ndodhet n\u00eb procedur\u00ebn kuvendore, deputet\u00ebt shqiptar\u00eb,\" \/>\n<meta name=\"robots\" content=\"index, follow, max-snippet:-1, max-image-preview:large, max-video-preview:-1\" \/>\n<link rel=\"canonical\" href=\"https:\/\/www.visit-ulcinj.com\/blog\/2010\/12\/20\/privatizimi-i-ndermarrjeve-shkaterroi-ekonomine-e-ulqinit\/\" \/>\n<meta property=\"og:locale\" content=\"en_US\" \/>\n<meta property=\"og:type\" content=\"article\" \/>\n<meta property=\"og:title\" content=\"Privatizimi i nd\u00ebrmarrjeve shkat\u00ebrroi ekonomin\u00eb e Ulqinit - Lajme nga Ulqini\" \/>\n<meta property=\"og:description\" content=\"Ulqin, 20 dhjetor -\u00a0\u00a0 Duke debatuar rreth Ligjit mbi privatizimin e nd\u00ebrmarrjeve shtet\u00ebrore, i cili ndodhet n\u00eb procedur\u00ebn kuvendore, deputet\u00ebt shqiptar\u00eb,\" \/>\n<meta property=\"og:url\" content=\"https:\/\/www.visit-ulcinj.com\/blog\/2010\/12\/20\/privatizimi-i-ndermarrjeve-shkaterroi-ekonomine-e-ulqinit\/\" \/>\n<meta property=\"og:site_name\" content=\"Lajme nga Ulqini\" \/>\n<meta property=\"article:published_time\" content=\"2010-12-20T15:55:57+00:00\" \/>\n<meta property=\"article:modified_time\" content=\"2010-12-20T18:30:32+00:00\" \/>\n<meta property=\"og:image\" content=\"http:\/\/www.visit-ulcinj.com\/blog\/wp-content\/uploads\/2010\/12\/GENCI-NIMANBEGU_AMIR-HOLLAJ_ULQIN.jpg\" \/>\n<meta name=\"twitter:label1\" content=\"Written by\" \/>\n\t<meta name=\"twitter:data1\" content=\"ulqini\" \/>\n\t<meta name=\"twitter:label2\" content=\"Est. reading time\" \/>\n\t<meta name=\"twitter:data2\" content=\"2 minutes\" \/>\n<script type=\"application\/ld+json\" class=\"yoast-schema-graph\">{\"@context\":\"https:\/\/schema.org\",\"@graph\":[{\"@type\":\"WebSite\",\"@id\":\"https:\/\/www.visit-ulcinj.com\/blog\/#website\",\"url\":\"https:\/\/www.visit-ulcinj.com\/blog\/\",\"name\":\"Lajme nga Ulqini\",\"description\":\"Lajme,Vijesti,Ulqini,Ulqin,Crna Gora,Mali i Zi\",\"potentialAction\":[{\"@type\":\"SearchAction\",\"target\":{\"@type\":\"EntryPoint\",\"urlTemplate\":\"https:\/\/www.visit-ulcinj.com\/blog\/?s={search_term_string}\"},\"query-input\":\"required name=search_term_string\"}],\"inLanguage\":\"en-US\"},{\"@type\":\"ImageObject\",\"inLanguage\":\"en-US\",\"@id\":\"https:\/\/www.visit-ulcinj.com\/blog\/2010\/12\/20\/privatizimi-i-ndermarrjeve-shkaterroi-ekonomine-e-ulqinit\/#primaryimage\",\"url\":\"https:\/\/www.visit-ulcinj.com\/blog\/wp-content\/uploads\/2010\/12\/GENCI-NIMANBEGU_AMIR-HOLLAJ_ULQIN.jpg\",\"contentUrl\":\"https:\/\/www.visit-ulcinj.com\/blog\/wp-content\/uploads\/2010\/12\/GENCI-NIMANBEGU_AMIR-HOLLAJ_ULQIN.jpg\",\"width\":\"565\",\"height\":\"403\"},{\"@type\":\"WebPage\",\"@id\":\"https:\/\/www.visit-ulcinj.com\/blog\/2010\/12\/20\/privatizimi-i-ndermarrjeve-shkaterroi-ekonomine-e-ulqinit\/#webpage\",\"url\":\"https:\/\/www.visit-ulcinj.com\/blog\/2010\/12\/20\/privatizimi-i-ndermarrjeve-shkaterroi-ekonomine-e-ulqinit\/\",\"name\":\"Privatizimi i nd\u00ebrmarrjeve shkat\u00ebrroi ekonomin\u00eb e Ulqinit - Lajme nga Ulqini\",\"isPartOf\":{\"@id\":\"https:\/\/www.visit-ulcinj.com\/blog\/#website\"},\"primaryImageOfPage\":{\"@id\":\"https:\/\/www.visit-ulcinj.com\/blog\/2010\/12\/20\/privatizimi-i-ndermarrjeve-shkaterroi-ekonomine-e-ulqinit\/#primaryimage\"},\"datePublished\":\"2010-12-20T15:55:57+00:00\",\"dateModified\":\"2010-12-20T18:30:32+00:00\",\"author\":{\"@id\":\"https:\/\/www.visit-ulcinj.com\/blog\/#\/schema\/person\/dcab619c614d3038751c63bc2aadc06d\"},\"description\":\"Ulqin, 20 dhjetor -\u00a0\u00a0 Duke debatuar rreth Ligjit mbi privatizimin e nd\u00ebrmarrjeve shtet\u00ebrore, i cili ndodhet n\u00eb procedur\u00ebn kuvendore, deputet\u00ebt shqiptar\u00eb,\",\"breadcrumb\":{\"@id\":\"https:\/\/www.visit-ulcinj.com\/blog\/2010\/12\/20\/privatizimi-i-ndermarrjeve-shkaterroi-ekonomine-e-ulqinit\/#breadcrumb\"},\"inLanguage\":\"en-US\",\"potentialAction\":[{\"@type\":\"ReadAction\",\"target\":[\"https:\/\/www.visit-ulcinj.com\/blog\/2010\/12\/20\/privatizimi-i-ndermarrjeve-shkaterroi-ekonomine-e-ulqinit\/\"]}]},{\"@type\":\"BreadcrumbList\",\"@id\":\"https:\/\/www.visit-ulcinj.com\/blog\/2010\/12\/20\/privatizimi-i-ndermarrjeve-shkaterroi-ekonomine-e-ulqinit\/#breadcrumb\",\"itemListElement\":[{\"@type\":\"ListItem\",\"position\":1,\"name\":\"Privatizimi i nd\u00ebrmarrjeve shkat\u00ebrroi ekonomin\u00eb e Ulqinit\"}]},{\"@type\":\"Person\",\"@id\":\"https:\/\/www.visit-ulcinj.com\/blog\/#\/schema\/person\/dcab619c614d3038751c63bc2aadc06d\",\"name\":\"ulqini\",\"sameAs\":[\"http:\/\/www.visit-ulcinj.com\"],\"url\":\"https:\/\/www.visit-ulcinj.com\/blog\/author\/admin\/\"}]}<\/script>\n<!-- \/ Yoast SEO plugin. -->","yoast_head_json":{"title":"Privatizimi i nd\u00ebrmarrjeve shkat\u00ebrroi ekonomin\u00eb e Ulqinit - Lajme nga Ulqini","description":"Ulqin, 20 dhjetor -\u00a0\u00a0 Duke debatuar rreth Ligjit mbi privatizimin e nd\u00ebrmarrjeve shtet\u00ebrore, i cili ndodhet n\u00eb procedur\u00ebn kuvendore, deputet\u00ebt shqiptar\u00eb,","robots":{"index":"index","follow":"follow","max-snippet":"max-snippet:-1","max-image-preview":"max-image-preview:large","max-video-preview":"max-video-preview:-1"},"canonical":"https:\/\/www.visit-ulcinj.com\/blog\/2010\/12\/20\/privatizimi-i-ndermarrjeve-shkaterroi-ekonomine-e-ulqinit\/","og_locale":"en_US","og_type":"article","og_title":"Privatizimi i nd\u00ebrmarrjeve shkat\u00ebrroi ekonomin\u00eb e Ulqinit - Lajme nga Ulqini","og_description":"Ulqin, 20 dhjetor -\u00a0\u00a0 Duke debatuar rreth Ligjit mbi privatizimin e nd\u00ebrmarrjeve shtet\u00ebrore, i cili ndodhet n\u00eb procedur\u00ebn kuvendore, deputet\u00ebt shqiptar\u00eb,","og_url":"https:\/\/www.visit-ulcinj.com\/blog\/2010\/12\/20\/privatizimi-i-ndermarrjeve-shkaterroi-ekonomine-e-ulqinit\/","og_site_name":"Lajme nga Ulqini","article_published_time":"2010-12-20T15:55:57+00:00","article_modified_time":"2010-12-20T18:30:32+00:00","og_image":[{"url":"http:\/\/www.visit-ulcinj.com\/blog\/wp-content\/uploads\/2010\/12\/GENCI-NIMANBEGU_AMIR-HOLLAJ_ULQIN.jpg"}],"twitter_misc":{"Written by":"ulqini","Est. reading time":"2 minutes"},"schema":{"@context":"https:\/\/schema.org","@graph":[{"@type":"WebSite","@id":"https:\/\/www.visit-ulcinj.com\/blog\/#website","url":"https:\/\/www.visit-ulcinj.com\/blog\/","name":"Lajme nga Ulqini","description":"Lajme,Vijesti,Ulqini,Ulqin,Crna Gora,Mali i Zi","potentialAction":[{"@type":"SearchAction","target":{"@type":"EntryPoint","urlTemplate":"https:\/\/www.visit-ulcinj.com\/blog\/?s={search_term_string}"},"query-input":"required name=search_term_string"}],"inLanguage":"en-US"},{"@type":"ImageObject","inLanguage":"en-US","@id":"https:\/\/www.visit-ulcinj.com\/blog\/2010\/12\/20\/privatizimi-i-ndermarrjeve-shkaterroi-ekonomine-e-ulqinit\/#primaryimage","url":"https:\/\/www.visit-ulcinj.com\/blog\/wp-content\/uploads\/2010\/12\/GENCI-NIMANBEGU_AMIR-HOLLAJ_ULQIN.jpg","contentUrl":"https:\/\/www.visit-ulcinj.com\/blog\/wp-content\/uploads\/2010\/12\/GENCI-NIMANBEGU_AMIR-HOLLAJ_ULQIN.jpg","width":"565","height":"403"},{"@type":"WebPage","@id":"https:\/\/www.visit-ulcinj.com\/blog\/2010\/12\/20\/privatizimi-i-ndermarrjeve-shkaterroi-ekonomine-e-ulqinit\/#webpage","url":"https:\/\/www.visit-ulcinj.com\/blog\/2010\/12\/20\/privatizimi-i-ndermarrjeve-shkaterroi-ekonomine-e-ulqinit\/","name":"Privatizimi i nd\u00ebrmarrjeve shkat\u00ebrroi ekonomin\u00eb e Ulqinit - Lajme nga Ulqini","isPartOf":{"@id":"https:\/\/www.visit-ulcinj.com\/blog\/#website"},"primaryImageOfPage":{"@id":"https:\/\/www.visit-ulcinj.com\/blog\/2010\/12\/20\/privatizimi-i-ndermarrjeve-shkaterroi-ekonomine-e-ulqinit\/#primaryimage"},"datePublished":"2010-12-20T15:55:57+00:00","dateModified":"2010-12-20T18:30:32+00:00","author":{"@id":"https:\/\/www.visit-ulcinj.com\/blog\/#\/schema\/person\/dcab619c614d3038751c63bc2aadc06d"},"description":"Ulqin, 20 dhjetor -\u00a0\u00a0 Duke debatuar rreth Ligjit mbi privatizimin e nd\u00ebrmarrjeve shtet\u00ebrore, i cili ndodhet n\u00eb procedur\u00ebn kuvendore, deputet\u00ebt shqiptar\u00eb,","breadcrumb":{"@id":"https:\/\/www.visit-ulcinj.com\/blog\/2010\/12\/20\/privatizimi-i-ndermarrjeve-shkaterroi-ekonomine-e-ulqinit\/#breadcrumb"},"inLanguage":"en-US","potentialAction":[{"@type":"ReadAction","target":["https:\/\/www.visit-ulcinj.com\/blog\/2010\/12\/20\/privatizimi-i-ndermarrjeve-shkaterroi-ekonomine-e-ulqinit\/"]}]},{"@type":"BreadcrumbList","@id":"https:\/\/www.visit-ulcinj.com\/blog\/2010\/12\/20\/privatizimi-i-ndermarrjeve-shkaterroi-ekonomine-e-ulqinit\/#breadcrumb","itemListElement":[{"@type":"ListItem","position":1,"name":"Privatizimi i nd\u00ebrmarrjeve shkat\u00ebrroi ekonomin\u00eb e Ulqinit"}]},{"@type":"Person","@id":"https:\/\/www.visit-ulcinj.com\/blog\/#\/schema\/person\/dcab619c614d3038751c63bc2aadc06d","name":"ulqini","sameAs":["http:\/\/www.visit-ulcinj.com"],"url":"https:\/\/www.visit-ulcinj.com\/blog\/author\/admin\/"}]}},"jetpack_featured_media_url":"","jetpack_sharing_enabled":true,"jetpack_shortlink":"https:\/\/wp.me\/pe6lTn-aMi","_links":{"self":[{"href":"https:\/\/www.visit-ulcinj.com\/blog\/wp-json\/wp\/v2\/posts\/41434"}],"collection":[{"href":"https:\/\/www.visit-ulcinj.com\/blog\/wp-json\/wp\/v2\/posts"}],"about":[{"href":"https:\/\/www.visit-ulcinj.com\/blog\/wp-json\/wp\/v2\/types\/post"}],"author":[{"embeddable":true,"href":"https:\/\/www.visit-ulcinj.com\/blog\/wp-json\/wp\/v2\/users\/1"}],"replies":[{"embeddable":true,"href":"https:\/\/www.visit-ulcinj.com\/blog\/wp-json\/wp\/v2\/comments?post=41434"}],"version-history":[{"count":0,"href":"https:\/\/www.visit-ulcinj.com\/blog\/wp-json\/wp\/v2\/posts\/41434\/revisions"}],"wp:attachment":[{"href":"https:\/\/www.visit-ulcinj.com\/blog\/wp-json\/wp\/v2\/media?parent=41434"}],"wp:term":[{"taxonomy":"category","embeddable":true,"href":"https:\/\/www.visit-ulcinj.com\/blog\/wp-json\/wp\/v2\/categories?post=41434"},{"taxonomy":"post_tag","embeddable":true,"href":"https:\/\/www.visit-ulcinj.com\/blog\/wp-json\/wp\/v2\/tags?post=41434"}],"curies":[{"name":"wp","href":"https:\/\/api.w.org\/{rel}","templated":true}]}}