{"id":4145,"date":"2008-10-12T13:46:28","date_gmt":"2008-10-12T18:46:28","guid":{"rendered":"http:\/\/www.visit-ulcinj.com\/blog\/?p=4145"},"modified":"2008-10-17T13:13:43","modified_gmt":"2008-10-17T18:13:43","slug":"homazh-per-fiqri-hasanagen","status":"publish","type":"post","link":"https:\/\/www.visit-ulcinj.com\/blog\/2008\/10\/12\/homazh-per-fiqri-hasanagen\/","title":{"rendered":"Homazh p\u00ebr Fiqri Hasanag\u00ebn"},"content":{"rendered":"<p><a href=\"http:\/\/www.visit-ulcinj.com\/blog\/wp-content\/uploads\/2008\/10\/fiqri-fiqo-hasanaga.jpg\"><img loading=\"lazy\" class=\"alignleft size-medium wp-image-3815\" title=\"fiqri-fiqo-hasanaga\" src=\"http:\/\/www.visit-ulcinj.com\/blog\/wp-content\/uploads\/2008\/10\/fiqri-fiqo-hasanaga-224x300.jpg\" alt=\"\" width=\"224\" height=\"300\" srcset=\"https:\/\/www.visit-ulcinj.com\/blog\/wp-content\/uploads\/2008\/10\/fiqri-fiqo-hasanaga-224x300.jpg 224w, https:\/\/www.visit-ulcinj.com\/blog\/wp-content\/uploads\/2008\/10\/fiqri-fiqo-hasanaga.jpg 290w\" sizes=\"(max-width: 224px) 100vw, 224px\" \/><\/a><strong>Violina e par\u00eb e kllap\u00ebs s\u00eb Ulqinit<\/strong><br \/>\nFiqoja rrjedh nga nj\u00eb familje qytetare me tradit\u00eb ulqinake. Kjo familje p\u00ebr vite me radh\u00eb \u00ebsht\u00eb marr\u00eb me krijimtari, qoft\u00eb humor apo muzik\u00eb. Edhe Fiqoja k\u00ebt\u00eb e trash\u00ebgoi nga t\u00eb par\u00ebt e tij, posa\u00e7\u00ebrisht nga gjyshi i tij &#8211; Cafi i Hasanag\u00ebs, i cili n\u00eb Ulqin edhe sot p\u00ebrmendet me respekt t\u00eb posa\u00e7\u00ebm si bejtexhi me nam\u00eb. Shum\u00eb her\u00eb edhe Fiqoja \u00ebsht\u00eb p\u00ebrgjigjur me humor. Ishte ky nj\u00eb humor i leht\u00eb joofendues. P\u00ebr Fiqon mund t\u00eb thuhet, padyshim, se ka qen\u00eb njeri i rrall\u00eb, modest, i sinqert\u00eb, &#8220;i but\u00eb&#8221;, si\u00e7 thot\u00eb populli yn\u00eb. Esht\u00eb v\u00ebshtir\u00eb ta p\u00ebrshkruash figur\u00ebn e tij markante, e mos t\u00eb gabosh. Nga udh\u00ebtimet e tija n\u00eb festivale t\u00eb ndryshme kan\u00eb mbetur shum\u00eb anegdota, t\u00eb cilat iu kujtohen shok\u00ebve t\u00eb tij m\u00eb t\u00eb ngusht\u00eb.<br \/>\nPara disa dit\u00ebsh nd\u00ebrroi jet\u00eb Fiqri Hasanaga. Si t\u00eb fillosh t\u00eb shkruash p\u00ebr nj\u00eb njeri p\u00ebr t\u00eb cilin mendon se po e takon p\u00ebrs\u00ebri n\u00eb rrug\u00eb, pran\u00eb Qendr\u00ebs s\u00eb kultur\u00ebs, apo n\u00eb ,,Avanti,, ku ai p\u00ebr \u00e7do dit\u00eb q\u00ebndronte duke pir\u00eb kafe. Si t\u00eb shkruash dhe t\u00eb kujtohesh p\u00ebr nj\u00eb personalitet, si\u00e7 duhet tash t\u00eb thuhet, si\u00e7 ka qen\u00eb, Fiqoja. A mund t\u00eb mohoj\u00eb kush se Fiqoja ka qen\u00eb nj\u00eb fizionomi e rrall\u00eb, markante, gjithmon\u00eb e qeshur, kurr\u00eb me ,,turinj\u00eb,, si\u00e7 thot\u00eb populli. Jo. Me t\u00eb v\u00ebrtet\u00eb, nj\u00eb njeri i rrall\u00eb dhe i jasht\u00ebzakonsh\u00ebm. Mendoj se nuk ka pasur njeri i cili nuk ka folur me Fiqon. Shpesh e kam takuar n\u00eb rrug\u00eb, pran\u00eb Qendr\u00ebs s\u00eb kultur\u00ebs, n\u00eb kalim dhe gjithmon\u00eb kemi shk\u00ebmbyer nga nj\u00eb mendim dhe nga nj\u00eb fjal\u00eb, p\u00ebr ngjarje t\u00eb kultur\u00ebs, posa\u00e7\u00ebrisht p\u00ebr Sken\u00ebn verore n\u00eb Kala. Sado se un\u00eb kam qen\u00eb kritik, edhe kur i kam kritikuar pse k\u00ebndojn\u00eb n\u00eb Kala ,,playback,, nd\u00ebrmjet tjerave, Fiqoja , gjithmon\u00eb me buz\u00ebqeshje, duke mos kritikuar ask\u00ebnd, m\u00eb thonte se mir\u00eb, dhe shum\u00eb bukur ka qen\u00eb. A mund t\u00eb jet\u00eb keq n\u00eb Kala.,,A e di mar ti,, m\u00eb thonte , se edhe guri ting\u00ebllon dhe e reflekton ndryshe muzik\u00ebn. M\u00eb kujtohen k\u00ebto fjal\u00eb, por nuk e kam besuar se do t`i shkruaj n\u00eb let\u00ebr p\u00ebr ta kujtuar k\u00ebt\u00eb doaje t\u00eb muzik\u00ebs son\u00eb, i cili ka l\u00ebn\u00eb gjurm\u00eb t\u00eb m\u00ebdha jo vet\u00ebm n\u00eb muzik\u00ebn popullore. Ndoshta edhe kam gabuar duke p\u00ebrmendur termin muzik\u00ebn popullore, sepse m\u00eb duket se Fiqoja \u00ebsht\u00eb marr\u00eb me muzik\u00eb n\u00eb t\u00ebr\u00ebsi. Si t\u00eb shkruash e mos t\u00eb gabosh, sepse nj\u00eb njeri i gjithansh\u00ebm, si\u00e7 ka qen\u00eb Fiqoja, \u00ebsht\u00eb marr\u00eb me art n\u00eb p\u00ebrgjith\u00ebsi. Nj\u00eb kompozitor i muzik\u00ebs, nj\u00eb autor i shum\u00eb k\u00ebng\u00ebve p\u00ebr f\u00ebmij\u00eb, nj\u00eb pedagog &#8211; edukator, nj\u00eb poet i cili ka shkruar poezi, autor i librit&#8230; dhe i cili mbi 30 vite me radh\u00eb ishte prezent, n\u00eb sken\u00ebn muzikore tek ne.<br \/>\nA mund t\u00eb zavend\u00ebsohet Fiqoja. Fiqoja vet\u00eb kishte me than\u00eb me buz\u00ebqeshje dhe me nj\u00eb humor t\u00eb cilin e kan\u00eb si trash\u00ebgimi t\u00eb gjith\u00eb Hasanag\u00ebt, ,, pa mar, si nuk mundet, pa gjith\u00ebkend,, mundet. E v\u00ebrtet\u00eb \u00ebsht\u00eb se mundet, por pa Fiqon ka me qen\u00eb shum\u00eb v\u00ebshtir\u00eb t\u00eb organizohet \u00e7do gj\u00eb, duke filluar nga Festivali i k\u00ebng\u00ebs s\u00eb f\u00ebmij\u00ebve e deri te komponimi i muzik\u00ebs p\u00ebr Ilahi. Un\u00eb nuk shoh se ka ndonj\u00eb personalitet i cili mund ta z\u00ebvend\u00ebsoj\u00eb n\u00eb horizontin e muzik\u00ebs ton\u00eb, tu te ne n\u00eb Ulqin. Pa dyshim se Fiqoja ka l\u00ebn\u00eb nj\u00eb zbraz\u00ebti t\u00eb madhe n\u00eb muzik\u00ebn dhe n\u00eb kultur\u00ebn ton\u00eb. A mund t\u00eb paramendohet Festivali i f\u00ebmij\u00ebve, i cili tashm\u00eb \u00ebsht\u00eb b\u00ebr\u00eb tradicional, pa Fiqon. M\u00eb duket se, m\u00eb se gjysm\u00ebn e k\u00ebng\u00ebve i ka shkruar dhe i ka komponuar Fiqoja. Si t`i thuash Sar\u00ebs, apo f\u00ebmij\u00ebve t\u00eb tjer\u00eb, se nuk \u00ebsht\u00eb m\u00eb Fiqoja, a mundet truni i tyre ta kuptoj\u00eb se ai nuk kthehet m\u00eb. Me siguri se organizator\u00ebt e Festivalit do ta ndiejn\u00eb munges\u00eb t\u00eb madhe pa Fiqon, aty nuk ka dyshim.<br \/>\n\u00c7ka t\u00eb them p\u00ebr kllap\u00ebn e Ulqinit,n\u00eb t\u00eb cil\u00ebn Fiqoja ka qen\u00eb ,, violina ,, e par\u00eb. A mund ta z\u00eb kush vendin e ti me mandolin\u00eb n\u00eb dor\u00eb. Shum\u00eb nga k\u00ebng\u00ebt t\u00eb cilat i ka pas Kllapa n\u00eb repertoarin e vet\u00eb, jan\u00eb t\u00eb komponuara dhe t\u00eb shkruara nga Fiqoja. N\u00eb shum\u00eb festivale nd\u00ebrkomb\u00ebtare n\u00eb vend dhe jasht\u00eb vendit Kllapa e Ulqinit ka marr\u00eb pjes\u00eb, dhe pa dyshim meritat m\u00eb t\u00eb m\u00ebdha p\u00ebr sukseset e saj i ka Fiqoja, i cili me muzik\u00ebn edhe sharmin e tij, ka dh\u00ebn\u00eb kontribut t\u00eb madh p\u00ebr ngritjen e z\u00ebrit dhe emancipimin e muzik\u00ebs ton\u00eb t\u00eb vjet\u00ebr burimore popollore.<br \/>\nVite me radh\u00eb Fiqoja ka punuar si pedagog n\u00eb shkoll\u00ebn 8 vje\u00e7are si edhe n\u00eb shkoll\u00ebn e muzik\u00ebs. Ai ka l\u00ebn\u00eb gjurm\u00eb t\u00eb pashlyera mbi 3 dekada, duke edukuar gjenerata t\u00eb reja. Edhe me kalimin e tij n\u00eb Radio Ulqin, ku punoi redaktor, nuk e ka braktisur an\u00ebn krijuse dhe edukative. Gjithnj\u00eb ka punuar me brezin e ri dhe f\u00ebmij\u00ebt nuk e kan\u00eb thirr\u00eb ndryshe, p\u00ebrve\u00e7, Fiqoja i jon\u00eb. Z\u00ebrin kurr\u00eb nuk e ka ngritur, sepse ka qen\u00eb &#8220;i gjan\u00eb si deti&#8221;, si\u00e7 thot\u00eb populli. Kjo flet se sa i af\u00ebrt dhe sa i dashur ka qen\u00eb Fiqoja tek f\u00ebmij\u00ebt.<br \/>\nJam i mendimit se figura e tij me mandolin\u00eb n\u00eb dor\u00eb, buz\u00ebqeshja karakteristike n\u00eb sken\u00eb dhe jasht\u00eb saj, me siguri kan\u00eb l\u00ebn\u00eb zbraz\u00ebti t\u00eb madhe te t\u00eb gjith\u00eb ne. Me Fiqon jam shoq\u00ebruar nj\u00eb koh\u00eb t\u00eb gjat\u00eb. Por, ai ka patur shum\u00eb shok\u00eb, sepse vet\u00eb muzika e ka ofruar me njer\u00ebz. Me duket se ky njeri nuk ka pasur asnj\u00eb armik. Tashm\u00eb na ka mbetur q\u00eb Fiqon dhe muzik\u00ebn e tij ta shohim dhe ta d\u00ebgjojm\u00eb n\u00eb ekranin e vog\u00ebl, apo n\u00eb disketa, t\u00eb cilat shum\u00ebkujt ai ia dhuroi. Edhe un\u00eb pata nder, Fiqoja n\u00eb Kala m`i ka dhuruar disa disketa, t\u00eb cilat n\u00eb arkivin tim do t\u00eb ken\u00eb vend t\u00eb posa\u00e7\u00ebm.<br \/>\nFiqoja rrjedh nga nj\u00eb familje qytetare me tradit\u00eb ulqinake. Kjo familje p\u00ebr vite me radh\u00eb \u00ebsht\u00eb marr\u00eb me krijimtari, qoft\u00eb humor apo muzik\u00eb. Edhe Fiqoja k\u00ebt\u00eb e trash\u00ebgoi nga t\u00eb par\u00ebt e tij, posa\u00e7\u00ebrisht nga gjyshi i tij &#8211; Cafi i Hasanag\u00ebs, i cili n\u00eb Ulqin edhe sot p\u00ebrmendet me respekt t\u00eb posa\u00e7\u00ebm si bejtexhi me nam\u00eb. Shum\u00eb her\u00eb edhe Fiqoja \u00ebsht\u00eb p\u00ebrgjigjur me humor. Ishte ky nj\u00eb humor i leht\u00eb joofendues. P\u00ebr Fiqon mund t\u00eb thuhet, padyshim, se ka qen\u00eb njeri i rrall\u00eb, modest, i sinqert\u00eb, &#8220;i but\u00eb&#8221;, si\u00e7 thot\u00eb populli yn\u00eb. Esht\u00eb v\u00ebshtir\u00eb ta p\u00ebrshkruash figur\u00ebn e tij markante, e mos t\u00eb gabosh. Nga udh\u00ebtimet e tija n\u00eb festivale t\u00eb ndryshme kan\u00eb mbetur shum\u00eb anegdota, t\u00eb cilat iu kujtohen shok\u00ebve t\u00eb tij m\u00eb t\u00eb ngusht\u00eb.<br \/>\nMunges\u00eb t\u00eb madhe p\u00ebr Fiqon do t\u00eb ndjej\u00eb edhe Bashk\u00ebsia Islame e Ulqinit dhe kori i saj, ku Fiqoja vite me radh\u00eb ishte i angazhuar. Ka komponuar dhe shkruar shum\u00eb ilahi. T\u00eb gjith\u00eb ne do ta ndiejm\u00eb munges\u00ebn e Fiqri Hasanag\u00ebs, sidomos familja e tij.<\/p>\n<p>Dhe n\u00eb fund n\u00eb promovimin e librit t\u00eb tij n\u00eb Kala, n\u00eb Sken\u00ebn Verore ku morra pjes\u00eb edhe un\u00eb , n\u00eb nj\u00eb mbremje t\u00eb paharruar d\u00ebgjova nj\u00eb bejte nga nj\u00eb miku im, dedikuar Fiqos, dhe me duket se do t\u00eb ishte mir\u00eb ta p\u00ebrfundoj k\u00ebt\u00eb kujtim p\u00ebr Fiqon me k\u00ebt\u00eb bejte:<\/p>\n<p>Kalemin n\u00eb dor\u00eb e morre<br \/>\nLibrin tand ti p\u00ebr me shkru,<br \/>\nQillami rixhat e tuja<br \/>\nMe k\u00ebt\u00eb bejt du me t`uru.<\/p>\n<p>Njikja mramje tan shyhret<br \/>\nNa ka g\u00ebzu t\u00eb gjith\u00eb pa mas\u00eb,<br \/>\nKang\u00ebt tuja kan\u00eb kimet<br \/>\nI ke gja gjyshit past rahmet.<\/p>\n<p>P\u00ebr k\u00ebt\u00eb lib\u00ebr nuk bana hyqmet<br \/>\nAs nga ana e miq\u00ebsis\u00eb,<br \/>\nKanaku juj xhet\u00b4bexhet<br \/>\nP\u00ebr me kriju ka \u00e7alltis.<\/p>\n<p>K\u00ebshtu sonte edhe ti<br \/>\nNa nderove t\u00eb gjith\u00eb pa mas\u00eb,<br \/>\nMe k\u00ebng\u00eb, Fiqri, ti je i par\u00eb,<br \/>\nEdhe ata da t \u00e7mohen si ar\u00eb.<\/p>\n<p>Mendoj se do t\u00eb ishte e tep\u00ebrt t\u00eb them m\u00eb ndonj\u00eb fjal\u00eb p\u00ebr k\u00ebt\u00eb personalitet, i cili nd\u00ebrroi jet\u00eb, por i cili do t\u00eb mbetet gjithmon\u00eb n\u00eb kujtes\u00ebn ton\u00eb.<br \/>\n<strong>Ismet Karamanaga<br \/>\nKoha Javore<\/strong><\/p>\n","protected":false},"excerpt":{"rendered":"<p>Violina e par\u00eb e kllap\u00ebs s\u00eb Ulqinit Fiqoja rrjedh nga nj\u00eb familje qytetare me tradit\u00eb ulqinake. Kjo familje p\u00ebr vite me radh\u00eb \u00ebsht\u00eb marr\u00eb me krijimtari, qoft\u00eb humor apo muzik\u00eb. Edhe Fiqoja k\u00ebt\u00eb e trash\u00ebgoi nga t\u00eb par\u00ebt e tij, posa\u00e7\u00ebrisht nga gjyshi i tij &#8211; Cafi i Hasanag\u00ebs, i cili n\u00eb Ulqin edhe sot [&hellip;]<\/p>\n","protected":false},"author":1,"featured_media":0,"comment_status":"open","ping_status":"closed","sticky":false,"template":"","format":"standard","meta":{"spay_email":"","jetpack_publicize_message":"","jetpack_is_tweetstorm":false,"jetpack_publicize_feature_enabled":true},"categories":[4],"tags":[4650,200],"jetpack_publicize_connections":[],"yoast_head":"<!-- This site is optimized with the Yoast SEO plugin v19.1 - https:\/\/yoast.com\/wordpress\/plugins\/seo\/ -->\n<title>Homazh p\u00ebr Fiqri Hasanag\u00ebn - Lajme nga Ulqini<\/title>\n<meta name=\"description\" content=\"Violina e par\u00eb e kllap\u00ebs s\u00eb Ulqinit Fiqoja rrjedh nga nj\u00eb familje qytetare me tradit\u00eb ulqinake. Kjo familje p\u00ebr vite me radh\u00eb \u00ebsht\u00eb marr\u00eb me krijimtari,\" \/>\n<meta name=\"robots\" content=\"index, follow, max-snippet:-1, max-image-preview:large, max-video-preview:-1\" \/>\n<link rel=\"canonical\" href=\"https:\/\/www.visit-ulcinj.com\/blog\/2008\/10\/12\/homazh-per-fiqri-hasanagen\/\" \/>\n<meta property=\"og:locale\" content=\"en_US\" \/>\n<meta property=\"og:type\" content=\"article\" \/>\n<meta property=\"og:title\" content=\"Homazh p\u00ebr Fiqri Hasanag\u00ebn - Lajme nga Ulqini\" \/>\n<meta property=\"og:description\" content=\"Violina e par\u00eb e kllap\u00ebs s\u00eb Ulqinit Fiqoja rrjedh nga nj\u00eb familje qytetare me tradit\u00eb ulqinake. Kjo familje p\u00ebr vite me radh\u00eb \u00ebsht\u00eb marr\u00eb me krijimtari,\" \/>\n<meta property=\"og:url\" content=\"https:\/\/www.visit-ulcinj.com\/blog\/2008\/10\/12\/homazh-per-fiqri-hasanagen\/\" \/>\n<meta property=\"og:site_name\" content=\"Lajme nga Ulqini\" \/>\n<meta property=\"article:published_time\" content=\"2008-10-12T18:46:28+00:00\" \/>\n<meta property=\"article:modified_time\" content=\"2008-10-17T18:13:43+00:00\" \/>\n<meta property=\"og:image\" content=\"http:\/\/www.visit-ulcinj.com\/blog\/wp-content\/uploads\/2008\/10\/fiqri-fiqo-hasanaga-224x300.jpg\" \/>\n<meta name=\"twitter:label1\" content=\"Written by\" \/>\n\t<meta name=\"twitter:data1\" content=\"ulqini\" \/>\n\t<meta name=\"twitter:label2\" content=\"Est. reading time\" \/>\n\t<meta name=\"twitter:data2\" content=\"7 minutes\" \/>\n<script type=\"application\/ld+json\" class=\"yoast-schema-graph\">{\"@context\":\"https:\/\/schema.org\",\"@graph\":[{\"@type\":\"WebSite\",\"@id\":\"https:\/\/www.visit-ulcinj.com\/blog\/#website\",\"url\":\"https:\/\/www.visit-ulcinj.com\/blog\/\",\"name\":\"Lajme nga Ulqini\",\"description\":\"Lajme,Vijesti,Ulqini,Ulqin,Crna Gora,Mali i Zi\",\"potentialAction\":[{\"@type\":\"SearchAction\",\"target\":{\"@type\":\"EntryPoint\",\"urlTemplate\":\"https:\/\/www.visit-ulcinj.com\/blog\/?s={search_term_string}\"},\"query-input\":\"required name=search_term_string\"}],\"inLanguage\":\"en-US\"},{\"@type\":\"ImageObject\",\"inLanguage\":\"en-US\",\"@id\":\"https:\/\/www.visit-ulcinj.com\/blog\/2008\/10\/12\/homazh-per-fiqri-hasanagen\/#primaryimage\",\"url\":\"http:\/\/www.visit-ulcinj.com\/blog\/wp-content\/uploads\/2008\/10\/fiqri-fiqo-hasanaga-224x300.jpg\",\"contentUrl\":\"http:\/\/www.visit-ulcinj.com\/blog\/wp-content\/uploads\/2008\/10\/fiqri-fiqo-hasanaga-224x300.jpg\"},{\"@type\":\"WebPage\",\"@id\":\"https:\/\/www.visit-ulcinj.com\/blog\/2008\/10\/12\/homazh-per-fiqri-hasanagen\/#webpage\",\"url\":\"https:\/\/www.visit-ulcinj.com\/blog\/2008\/10\/12\/homazh-per-fiqri-hasanagen\/\",\"name\":\"Homazh p\u00ebr Fiqri Hasanag\u00ebn - Lajme nga Ulqini\",\"isPartOf\":{\"@id\":\"https:\/\/www.visit-ulcinj.com\/blog\/#website\"},\"primaryImageOfPage\":{\"@id\":\"https:\/\/www.visit-ulcinj.com\/blog\/2008\/10\/12\/homazh-per-fiqri-hasanagen\/#primaryimage\"},\"datePublished\":\"2008-10-12T18:46:28+00:00\",\"dateModified\":\"2008-10-17T18:13:43+00:00\",\"author\":{\"@id\":\"https:\/\/www.visit-ulcinj.com\/blog\/#\/schema\/person\/dcab619c614d3038751c63bc2aadc06d\"},\"description\":\"Violina e par\u00eb e kllap\u00ebs s\u00eb Ulqinit Fiqoja rrjedh nga nj\u00eb familje qytetare me tradit\u00eb ulqinake. Kjo familje p\u00ebr vite me radh\u00eb \u00ebsht\u00eb marr\u00eb me krijimtari,\",\"breadcrumb\":{\"@id\":\"https:\/\/www.visit-ulcinj.com\/blog\/2008\/10\/12\/homazh-per-fiqri-hasanagen\/#breadcrumb\"},\"inLanguage\":\"en-US\",\"potentialAction\":[{\"@type\":\"ReadAction\",\"target\":[\"https:\/\/www.visit-ulcinj.com\/blog\/2008\/10\/12\/homazh-per-fiqri-hasanagen\/\"]}]},{\"@type\":\"BreadcrumbList\",\"@id\":\"https:\/\/www.visit-ulcinj.com\/blog\/2008\/10\/12\/homazh-per-fiqri-hasanagen\/#breadcrumb\",\"itemListElement\":[{\"@type\":\"ListItem\",\"position\":1,\"name\":\"Homazh p\u00ebr Fiqri Hasanag\u00ebn\"}]},{\"@type\":\"Person\",\"@id\":\"https:\/\/www.visit-ulcinj.com\/blog\/#\/schema\/person\/dcab619c614d3038751c63bc2aadc06d\",\"name\":\"ulqini\",\"sameAs\":[\"http:\/\/www.visit-ulcinj.com\"],\"url\":\"https:\/\/www.visit-ulcinj.com\/blog\/author\/admin\/\"}]}<\/script>\n<!-- \/ Yoast SEO plugin. -->","yoast_head_json":{"title":"Homazh p\u00ebr Fiqri Hasanag\u00ebn - Lajme nga Ulqini","description":"Violina e par\u00eb e kllap\u00ebs s\u00eb Ulqinit Fiqoja rrjedh nga nj\u00eb familje qytetare me tradit\u00eb ulqinake. Kjo familje p\u00ebr vite me radh\u00eb \u00ebsht\u00eb marr\u00eb me krijimtari,","robots":{"index":"index","follow":"follow","max-snippet":"max-snippet:-1","max-image-preview":"max-image-preview:large","max-video-preview":"max-video-preview:-1"},"canonical":"https:\/\/www.visit-ulcinj.com\/blog\/2008\/10\/12\/homazh-per-fiqri-hasanagen\/","og_locale":"en_US","og_type":"article","og_title":"Homazh p\u00ebr Fiqri Hasanag\u00ebn - Lajme nga Ulqini","og_description":"Violina e par\u00eb e kllap\u00ebs s\u00eb Ulqinit Fiqoja rrjedh nga nj\u00eb familje qytetare me tradit\u00eb ulqinake. Kjo familje p\u00ebr vite me radh\u00eb \u00ebsht\u00eb marr\u00eb me krijimtari,","og_url":"https:\/\/www.visit-ulcinj.com\/blog\/2008\/10\/12\/homazh-per-fiqri-hasanagen\/","og_site_name":"Lajme nga Ulqini","article_published_time":"2008-10-12T18:46:28+00:00","article_modified_time":"2008-10-17T18:13:43+00:00","og_image":[{"url":"http:\/\/www.visit-ulcinj.com\/blog\/wp-content\/uploads\/2008\/10\/fiqri-fiqo-hasanaga-224x300.jpg"}],"twitter_misc":{"Written by":"ulqini","Est. reading time":"7 minutes"},"schema":{"@context":"https:\/\/schema.org","@graph":[{"@type":"WebSite","@id":"https:\/\/www.visit-ulcinj.com\/blog\/#website","url":"https:\/\/www.visit-ulcinj.com\/blog\/","name":"Lajme nga Ulqini","description":"Lajme,Vijesti,Ulqini,Ulqin,Crna Gora,Mali i Zi","potentialAction":[{"@type":"SearchAction","target":{"@type":"EntryPoint","urlTemplate":"https:\/\/www.visit-ulcinj.com\/blog\/?s={search_term_string}"},"query-input":"required name=search_term_string"}],"inLanguage":"en-US"},{"@type":"ImageObject","inLanguage":"en-US","@id":"https:\/\/www.visit-ulcinj.com\/blog\/2008\/10\/12\/homazh-per-fiqri-hasanagen\/#primaryimage","url":"http:\/\/www.visit-ulcinj.com\/blog\/wp-content\/uploads\/2008\/10\/fiqri-fiqo-hasanaga-224x300.jpg","contentUrl":"http:\/\/www.visit-ulcinj.com\/blog\/wp-content\/uploads\/2008\/10\/fiqri-fiqo-hasanaga-224x300.jpg"},{"@type":"WebPage","@id":"https:\/\/www.visit-ulcinj.com\/blog\/2008\/10\/12\/homazh-per-fiqri-hasanagen\/#webpage","url":"https:\/\/www.visit-ulcinj.com\/blog\/2008\/10\/12\/homazh-per-fiqri-hasanagen\/","name":"Homazh p\u00ebr Fiqri Hasanag\u00ebn - Lajme nga Ulqini","isPartOf":{"@id":"https:\/\/www.visit-ulcinj.com\/blog\/#website"},"primaryImageOfPage":{"@id":"https:\/\/www.visit-ulcinj.com\/blog\/2008\/10\/12\/homazh-per-fiqri-hasanagen\/#primaryimage"},"datePublished":"2008-10-12T18:46:28+00:00","dateModified":"2008-10-17T18:13:43+00:00","author":{"@id":"https:\/\/www.visit-ulcinj.com\/blog\/#\/schema\/person\/dcab619c614d3038751c63bc2aadc06d"},"description":"Violina e par\u00eb e kllap\u00ebs s\u00eb Ulqinit Fiqoja rrjedh nga nj\u00eb familje qytetare me tradit\u00eb ulqinake. Kjo familje p\u00ebr vite me radh\u00eb \u00ebsht\u00eb marr\u00eb me krijimtari,","breadcrumb":{"@id":"https:\/\/www.visit-ulcinj.com\/blog\/2008\/10\/12\/homazh-per-fiqri-hasanagen\/#breadcrumb"},"inLanguage":"en-US","potentialAction":[{"@type":"ReadAction","target":["https:\/\/www.visit-ulcinj.com\/blog\/2008\/10\/12\/homazh-per-fiqri-hasanagen\/"]}]},{"@type":"BreadcrumbList","@id":"https:\/\/www.visit-ulcinj.com\/blog\/2008\/10\/12\/homazh-per-fiqri-hasanagen\/#breadcrumb","itemListElement":[{"@type":"ListItem","position":1,"name":"Homazh p\u00ebr Fiqri Hasanag\u00ebn"}]},{"@type":"Person","@id":"https:\/\/www.visit-ulcinj.com\/blog\/#\/schema\/person\/dcab619c614d3038751c63bc2aadc06d","name":"ulqini","sameAs":["http:\/\/www.visit-ulcinj.com"],"url":"https:\/\/www.visit-ulcinj.com\/blog\/author\/admin\/"}]}},"jetpack_featured_media_url":"","jetpack_sharing_enabled":true,"jetpack_shortlink":"https:\/\/wp.me\/pe6lTn-14R","_links":{"self":[{"href":"https:\/\/www.visit-ulcinj.com\/blog\/wp-json\/wp\/v2\/posts\/4145"}],"collection":[{"href":"https:\/\/www.visit-ulcinj.com\/blog\/wp-json\/wp\/v2\/posts"}],"about":[{"href":"https:\/\/www.visit-ulcinj.com\/blog\/wp-json\/wp\/v2\/types\/post"}],"author":[{"embeddable":true,"href":"https:\/\/www.visit-ulcinj.com\/blog\/wp-json\/wp\/v2\/users\/1"}],"replies":[{"embeddable":true,"href":"https:\/\/www.visit-ulcinj.com\/blog\/wp-json\/wp\/v2\/comments?post=4145"}],"version-history":[{"count":0,"href":"https:\/\/www.visit-ulcinj.com\/blog\/wp-json\/wp\/v2\/posts\/4145\/revisions"}],"wp:attachment":[{"href":"https:\/\/www.visit-ulcinj.com\/blog\/wp-json\/wp\/v2\/media?parent=4145"}],"wp:term":[{"taxonomy":"category","embeddable":true,"href":"https:\/\/www.visit-ulcinj.com\/blog\/wp-json\/wp\/v2\/categories?post=4145"},{"taxonomy":"post_tag","embeddable":true,"href":"https:\/\/www.visit-ulcinj.com\/blog\/wp-json\/wp\/v2\/tags?post=4145"}],"curies":[{"name":"wp","href":"https:\/\/api.w.org\/{rel}","templated":true}]}}