{"id":41471,"date":"2010-12-20T19:26:38","date_gmt":"2010-12-20T18:26:38","guid":{"rendered":"http:\/\/www.visit-ulcinj.com\/blog\/?p=41471"},"modified":"2010-12-24T17:00:26","modified_gmt":"2010-12-24T16:00:26","slug":"dita-e-flamurit-u-festua-me-madheshti-ne-staten-island-ny-nga-shoqata-shqiptaro-amerikane-ana-e-malit","status":"publish","type":"post","link":"https:\/\/www.visit-ulcinj.com\/blog\/2010\/12\/20\/dita-e-flamurit-u-festua-me-madheshti-ne-staten-island-ny-nga-shoqata-shqiptaro-amerikane-ana-e-malit\/","title":{"rendered":"Dita e flamurit u festua me madh\u00ebshti n\u00eb Staten Island, NY, nga Shoqata Shqiptaro Amerikane &#8220;Ana e Malit&#8221;"},"content":{"rendered":"<p><a href=\"http:\/\/www.visit-ulcinj.com\/blog\/wp-content\/uploads\/2010\/12\/Festa-e-Flamurit-organizuar-nga-Shoqata-e-Anes-se-Malit-Staten-Island-New-York.3.jpg\"><img loading=\"lazy\" class=\"alignleft size-full wp-image-41472\" title=\"Festa e Flamurit organizuar nga Shoqata e Anes se Malit - Staten Island- New York.3\" src=\"http:\/\/www.visit-ulcinj.com\/blog\/wp-content\/uploads\/2010\/12\/Festa-e-Flamurit-organizuar-nga-Shoqata-e-Anes-se-Malit-Staten-Island-New-York.3.jpg\" alt=\"\" width=\"490\" height=\"380\" \/><\/a>Shoqata Shqiptaro Amerikane &#8220;Ana e Malit&#8221; festoi me madh\u00ebshti, m\u00eb 28 N\u00ebntor 2010, Dit\u00ebn e Pavar\u00ebsis\u00eb, n\u00eb restorantin &#8220;Vanderbilt&#8221; n\u00eb Staten Island, New York .<\/p>\n<p>Qindra shqiptar\u00eb u mblodh\u00ebn n\u00eb k\u00ebt\u00eb dit\u00eb t\u00eb bukur festive, n\u00eb dit\u00ebn e shenjt\u00eb t\u00eb Flamurit shqiptar!<\/p>\n<p>Ngjyrat kuq e zi, n\u00eb gjith\u00eb mjediset e k\u00ebtij restoranti i kishin dh\u00ebn\u00eb nj\u00eb pamje sa festive aq dhe patriotike, ishullit magjeps\u00ebs, t\u00eb quajtur Staten Island, n\u00eb New York .<\/p>\n<p>Nd\u00ebrsa i shikoja tavolinat e zbukuruara me ngjyrat e Flamurit ton\u00eb, p\u00ebrball\u00eb dritareve dukej Oqeani Atllantik, n\u00eb uj\u00ebrat e qeta t\u00eb t\u00eb cilit reflektohej ngjyra e kuqe e Flamurit shqiptar n\u00eb at\u00eb dit\u00eb aq t\u00eb bukur festive, ku n\u00eb mes tij vall\u00ebzonin bukuroshet oqeanike, veshur me kostumet me ngjyrat marramend\u00ebse t\u00eb Arb\u00ebris\u00eb.<\/p>\n<p>\u00c7\u2019pamje e magjishme! K\u00ebt\u00eb magji ta jep Flamuri yn\u00eb, Flamuri shqiptar!<\/p>\n<p>N\u00eb hyrje t\u00eb restorantit pjes\u00ebmarr\u00ebsve iu uronte mir\u00ebseardhjen z.Naser \u00c7obaj, kryetar i shoqat\u00ebs &#8220;Ana e Malit, i cili s\u00eb bashku me kryesin\u00eb Nik\u00eb Palkola, Amir Shaba , Jonuz Osmani dhe Fatmir Kallaba kishin b\u00ebr\u00eb nj\u00eb p\u00ebrgatitje serioze p\u00ebr ta festuar k\u00ebt\u00eb dit\u00eb sa m\u00eb ngroht\u00eb dhe sa m\u00eb mir\u00eb.<\/p>\n<p>Programin e kan\u00eb prezantuar dy vajzat simpatike Maida Llolla dhe Medina Zaga.<\/p>\n<p>Pasi \u00ebsht\u00eb k\u00ebnduar Hymni Shqiptar dhe ai amerikan, fjal\u00ebn e p\u00ebrsh\u00ebndetjes e ka mbajtur z.Naser \u00c7obaj i cili nd\u00ebrmjet t\u00eb tjerash tha:<\/p>\n<p>Shoqata &#8220;Ana e Malit&#8221; \u00ebsht\u00eb mbledhur sonte me ju t\u00eb festoj\u00eb Dit\u00ebn e Flamurit ton\u00eb Komb\u00ebtar, e cila tradicionalisht \u00ebsht\u00eb b\u00ebr\u00eb dhe dark\u00eb vjetore e shoqat\u00ebs. Vet\u00eb g\u00ebrshetimi i k\u00ebtyre dy manifestimeve n\u00eb nj\u00eb \u00ebsht\u00eb shum\u00eb dometh\u00ebn\u00ebs p\u00ebr vet\u00eb natyr\u00ebn dhe q\u00ebllimin e egzistimit t\u00eb k\u00ebsaj shoqate.<\/p>\n<p>Qellimi dhe objektivat e shoqat\u00ebs jan\u00eb t\u00eb p\u00ebrqendruara n\u00eb dy mjedise hapsinore, n\u00eb diaspor\u00eb dhe dheun e et\u00ebrve tan\u00eb, t\u00eb cil\u00ebt lidhen nd\u00ebrveti p\u00ebrmes natyr\u00ebs shpirt\u00ebrore dhe t\u00eb asaj pron\u00ebsore.<\/p>\n<p>Sfida kryesore p\u00ebr t\u00eb realizuar q\u00ebllimin ton\u00eb \u00ebsht\u00eb ngritja e nje qendre kulturore.<\/p>\n<p>N\u00eb fund t\u00eb fjalimit z.Cobaj theksoi se kontributi yn\u00eb do t\u00eb jet\u00eb i suksessh\u00ebm n\u00eb se arrijm\u00eb dy objektiva, ate t\u00eb ndalimit t\u00eb shp\u00ebrnguljes nga vendlindja, si edhe at\u00eb t\u00eb ruajtjes s\u00eb gjuh\u00ebs son\u00eb dhe krenaris\u00eb komb\u00ebtare, ashtu si e kan\u00eb ruajtur Arb\u00ebresh\u00ebt n\u00eb Itali p\u00ebr 600 vjet.<\/p>\n<p>Pas fjal\u00ebs p\u00ebrsh\u00ebndet\u00ebse t\u00eb kryetarit sall\u00ebn e ka p\u00ebrfshir\u00eb nj\u00eb entuziaz\u00ebm i shk\u00eblqyer, kur vajzat dhe djemt\u00eb t\u00eb veshur me kostume komb\u00ebtare kan\u00eb interpretuar vallen e &#8220;An\u00ebs s\u00eb Malit&#8221;, vallen e &#8220;Xhamadanit&#8221; dhe t\u00eb &#8220;Rugov\u00ebs&#8221; t\u00eb p\u00ebrgatitura mjesht\u00ebrisht nga znj.Sulltane Gjeka.<\/p>\n<p>N\u00eb k\u00ebt\u00eb fest\u00eb t\u00eb Flamurit ka p\u00ebrsh\u00ebndetur dhe z.Richard Lukaj i cili iu uroi t\u00eb gjith\u00eb shqiptar\u00ebve: G\u00ebzuar Dit\u00ebn e Flamurit Shqiptar! Z.Lukaj ka kryer me sukses t\u00eb shk\u00eblqyer Universitetin n\u00eb New York dhe renditet n\u00eb Crane\u2019s list nd\u00ebr 40 biznesmen\u00ebt m\u00eb t\u00eb suksessh\u00ebm n\u00ebn 40 vje\u00e7. P\u00ebrvec biznesit, kontributi i tij \u00ebsht\u00eb i shquar dhe n\u00eb komunitet.<\/p>\n<p>Z.Lukaj ka qen\u00eb dhe president i organizat\u00ebs lobiste shqiptare NAAC e cila \u00ebsht\u00eb z\u00ebri i shqiptar\u00ebve n\u00eb Washington , si dhe konsull nderi i Shqip\u00ebris\u00eb.<\/p>\n<p>Ana e Malit ka mjaft personalitete t\u00eb shquara t\u00eb cil\u00ebt po japin kontributin e duhur n\u00eb \u00e7\u00ebshtjen Komb\u00ebtare. K\u00ebshtu avokati i mir\u00ebnjohur z.Sabri Gjoni kishte ardhur s\u00eb bashku me familjen e tij, ku djali i tij i vog\u00ebl ishte veshur me kostum komb\u00ebtar.<\/p>\n<p>N\u00eb krah t\u00eb familjes Gjoni ishte ulur z.Cafo Boga dhe z.Shkreli t\u00eb cil\u00ebt vazhdimisht marrin pjes\u00eb n\u00eb k\u00ebto aktivitete t\u00eb r\u00ebnd\u00ebsishme t\u00eb vendit ton\u00eb.<\/p>\n<p>Poezia &#8220;Hymni i Flamurit&#8221; shkruar nga Fan S.Noli \u00ebsht\u00eb recituar nga zonjusha Valbona Shabani, nj\u00eb poezi q\u00eb pritet me dashuri t\u00eb madhe n\u00eb k\u00ebto festa.<\/p>\n<p>Nd\u00ebrsa poezin\u00eb p\u00ebr &#8220;Gjuh\u00ebn Shqype&#8221; shkruar nga Ndre Mjeda e ka interpretuar zonjusha Leyza Goleshi.<\/p>\n<p>Me duartrokitje t\u00eb nxehta \u00ebsht\u00eb pritur dhe nx\u00ebn\u00ebsi i shkoll\u00ebs Shqipe n\u00eb Staten Island , Arian Kallaba, i cili recitoi poezin\u00eb &#8220;Gjuha Jon\u00eb&#8221;, t\u00eb p\u00ebrgatitur enkas nga m\u00ebsueset e k\u00ebsaj shkolle.<\/p>\n<p>Nj\u00eb interpretim t\u00eb shk\u00eblqyer t\u00eb poezis\u00eb &#8220;P\u00ebr ty Flamur&#8221; ka realizuar dhe nx\u00ebn\u00ebsja me origjin\u00eb nga Ana e Malit, Fitore Nika, e cila u p\u00ebrcoll me duartrokitje t\u00eb stuhishme.<\/p>\n<p>Nj\u00eb surpris\u00eb e bukur ishin dhe dhuratat e d\u00ebrguara si nga botuesi i gazet\u00ebs &#8220;Illyria&#8221; i cili iu fali 150 numra t\u00eb gazet\u00ebs, si dhe nga z.Sulejman Pali q\u00eb kishte d\u00ebrguar nj\u00eb shport\u00eb t\u00eb bukur t\u00eb mbushur plot, p\u00ebr znj.Sulltane Gjeka, m\u00ebsuesen e valltar\u00ebve!<\/p>\n<p>Pjes\u00ebmarr\u00ebsit i kan\u00eb arg\u00ebtuar k\u00ebng\u00ebtar\u00ebt, Ismet Aloshi, Vesel Pelinku, Lirije Dedvukaj, Sead Asllani, t\u00eb drejtuar nga orkestrant\u00ebt Amir Pelinku dhe Nazmi Islami.<\/p>\n<p>Mbr\u00ebmja kaloi n\u00eb nj\u00eb atmosfer\u00eb tejet gazmore organizuar nga k\u00ebshilli organizativ me zot\u00ebrinjt\u00eb Kraja, Shabani, Nika, Kallaba, Sella dhe Osmani.<\/p>\n<p>28 N\u00ebntor, 2010<\/p>\n<p>Staten Island, New York<\/p>\n<p><strong>Nga K\u00ebze Kozeta Zylo<br \/>\n\n\t\t<style type=\"text\/css\">\n\t\t\t#gallery-1 {\n\t\t\t\tmargin: auto;\n\t\t\t}\n\t\t\t#gallery-1 .gallery-item {\n\t\t\t\tfloat: left;\n\t\t\t\tmargin-top: 10px;\n\t\t\t\ttext-align: center;\n\t\t\t\twidth: 33%;\n\t\t\t}\n\t\t\t#gallery-1 img {\n\t\t\t\tborder: 2px solid #cfcfcf;\n\t\t\t}\n\t\t\t#gallery-1 .gallery-caption {\n\t\t\t\tmargin-left: 0;\n\t\t\t}\n\t\t\t\/* see gallery_shortcode() in wp-includes\/media.php *\/\n\t\t<\/style>\n\t\t<div id='gallery-1' class='gallery galleryid-41471 gallery-columns-3 gallery-size-thumbnail'><dl class='gallery-item'>\n\t\t\t<dt class='gallery-icon landscape'>\n\t\t\t\t<a href='https:\/\/www.visit-ulcinj.com\/blog\/wp-content\/uploads\/2010\/12\/Festa-e-Flamurit-organizuar-nga-Shoqata-e-Anes-se-Malit-Staten-Island-New-York.3.jpg'><img width=\"150\" height=\"150\" src=\"https:\/\/www.visit-ulcinj.com\/blog\/wp-content\/uploads\/2010\/12\/Festa-e-Flamurit-organizuar-nga-Shoqata-e-Anes-se-Malit-Staten-Island-New-York.3-150x150.jpg\" class=\"attachment-thumbnail size-thumbnail\" alt=\"\" loading=\"lazy\" \/><\/a>\n\t\t\t<\/dt><\/dl><dl class='gallery-item'>\n\t\t\t<dt class='gallery-icon landscape'>\n\t\t\t\t<a href='https:\/\/www.visit-ulcinj.com\/blog\/wp-content\/uploads\/2010\/12\/Festa-e-Flamurit-organizuar-nga-Shoqata-e-Anes-se-Malit-Staten-Island-New-York.1.jpg'><img width=\"150\" height=\"150\" src=\"https:\/\/www.visit-ulcinj.com\/blog\/wp-content\/uploads\/2010\/12\/Festa-e-Flamurit-organizuar-nga-Shoqata-e-Anes-se-Malit-Staten-Island-New-York.1-150x150.jpg\" class=\"attachment-thumbnail size-thumbnail\" alt=\"\" loading=\"lazy\" \/><\/a>\n\t\t\t<\/dt><\/dl><dl class='gallery-item'>\n\t\t\t<dt class='gallery-icon landscape'>\n\t\t\t\t<a href='https:\/\/www.visit-ulcinj.com\/blog\/wp-content\/uploads\/2010\/12\/Festa-e-Flamurit-organizuar-nga-Shoqata-e-Anes-se-Malit-Staten-Island-New-York.2.jpg'><img width=\"150\" height=\"150\" src=\"https:\/\/www.visit-ulcinj.com\/blog\/wp-content\/uploads\/2010\/12\/Festa-e-Flamurit-organizuar-nga-Shoqata-e-Anes-se-Malit-Staten-Island-New-York.2-150x150.jpg\" class=\"attachment-thumbnail size-thumbnail\" alt=\"\" loading=\"lazy\" \/><\/a>\n\t\t\t<\/dt><\/dl><br style=\"clear: both\" \/><dl class='gallery-item'>\n\t\t\t<dt class='gallery-icon landscape'>\n\t\t\t\t<a href='https:\/\/www.visit-ulcinj.com\/blog\/wp-content\/uploads\/2010\/12\/Festa-e-Flamurit-organizuar-nga-Shoqata-e-Anes-se-Malit-Staten-Island-New-York.4.jpg'><img width=\"150\" height=\"150\" src=\"https:\/\/www.visit-ulcinj.com\/blog\/wp-content\/uploads\/2010\/12\/Festa-e-Flamurit-organizuar-nga-Shoqata-e-Anes-se-Malit-Staten-Island-New-York.4-150x150.jpg\" class=\"attachment-thumbnail size-thumbnail\" alt=\"\" loading=\"lazy\" \/><\/a>\n\t\t\t<\/dt><\/dl><dl class='gallery-item'>\n\t\t\t<dt class='gallery-icon portrait'>\n\t\t\t\t<a href='https:\/\/www.visit-ulcinj.com\/blog\/wp-content\/uploads\/2010\/12\/Festa-e-Flamurit-organizuar-nga-Shoqata-e-Anes-se-Malit-Staten-Island-New-York.5.jpg'><img width=\"150\" height=\"150\" src=\"https:\/\/www.visit-ulcinj.com\/blog\/wp-content\/uploads\/2010\/12\/Festa-e-Flamurit-organizuar-nga-Shoqata-e-Anes-se-Malit-Staten-Island-New-York.5-150x150.jpg\" class=\"attachment-thumbnail size-thumbnail\" alt=\"\" loading=\"lazy\" \/><\/a>\n\t\t\t<\/dt><\/dl><dl class='gallery-item'>\n\t\t\t<dt class='gallery-icon landscape'>\n\t\t\t\t<a href='https:\/\/www.visit-ulcinj.com\/blog\/wp-content\/uploads\/2010\/12\/Festa-e-Flamurit-organizuar-nga-Shoqata-e-Anes-se-Malit-Staten-Island-New-York.6.jpg'><img width=\"150\" height=\"150\" src=\"https:\/\/www.visit-ulcinj.com\/blog\/wp-content\/uploads\/2010\/12\/Festa-e-Flamurit-organizuar-nga-Shoqata-e-Anes-se-Malit-Staten-Island-New-York.6-150x150.jpg\" class=\"attachment-thumbnail size-thumbnail\" alt=\"\" loading=\"lazy\" \/><\/a>\n\t\t\t<\/dt><\/dl><br style=\"clear: both\" \/><dl class='gallery-item'>\n\t\t\t<dt class='gallery-icon landscape'>\n\t\t\t\t<a href='https:\/\/www.visit-ulcinj.com\/blog\/wp-content\/uploads\/2010\/12\/Festa-e-Flamurit-organizuar-nga-Shoqata-e-Anes-se-Malit-Staten-Island-New-York.7.jpg'><img width=\"150\" height=\"150\" src=\"https:\/\/www.visit-ulcinj.com\/blog\/wp-content\/uploads\/2010\/12\/Festa-e-Flamurit-organizuar-nga-Shoqata-e-Anes-se-Malit-Staten-Island-New-York.7-150x150.jpg\" class=\"attachment-thumbnail size-thumbnail\" alt=\"\" loading=\"lazy\" \/><\/a>\n\t\t\t<\/dt><\/dl><dl class='gallery-item'>\n\t\t\t<dt class='gallery-icon landscape'>\n\t\t\t\t<a href='https:\/\/www.visit-ulcinj.com\/blog\/wp-content\/uploads\/2010\/12\/Festa-e-Flamurit-organizuar-nga-Shoqata-e-Anes-se-Malit-Staten-Island-New-York.8.jpg'><img width=\"150\" height=\"150\" src=\"https:\/\/www.visit-ulcinj.com\/blog\/wp-content\/uploads\/2010\/12\/Festa-e-Flamurit-organizuar-nga-Shoqata-e-Anes-se-Malit-Staten-Island-New-York.8-150x150.jpg\" class=\"attachment-thumbnail size-thumbnail\" alt=\"\" loading=\"lazy\" \/><\/a>\n\t\t\t<\/dt><\/dl><dl class='gallery-item'>\n\t\t\t<dt class='gallery-icon landscape'>\n\t\t\t\t<a href='https:\/\/www.visit-ulcinj.com\/blog\/wp-content\/uploads\/2010\/12\/Festa-e-Flamurit-organizuar-nga-Shoqata-e-Anes-se-Malit-Staten-Island-New-York.9.jpg'><img width=\"150\" height=\"150\" src=\"https:\/\/www.visit-ulcinj.com\/blog\/wp-content\/uploads\/2010\/12\/Festa-e-Flamurit-organizuar-nga-Shoqata-e-Anes-se-Malit-Staten-Island-New-York.9-150x150.jpg\" class=\"attachment-thumbnail size-thumbnail\" alt=\"\" loading=\"lazy\" \/><\/a>\n\t\t\t<\/dt><\/dl><br style=\"clear: both\" \/><dl class='gallery-item'>\n\t\t\t<dt class='gallery-icon landscape'>\n\t\t\t\t<a href='https:\/\/www.visit-ulcinj.com\/blog\/wp-content\/uploads\/2010\/12\/Festa-e-Flamurit-organizuar-nga-Shoqata-e-Anes-se-Malit-Staten-Island-New-York.10.jpg'><img width=\"150\" height=\"150\" src=\"https:\/\/www.visit-ulcinj.com\/blog\/wp-content\/uploads\/2010\/12\/Festa-e-Flamurit-organizuar-nga-Shoqata-e-Anes-se-Malit-Staten-Island-New-York.10-150x150.jpg\" class=\"attachment-thumbnail size-thumbnail\" alt=\"\" loading=\"lazy\" \/><\/a>\n\t\t\t<\/dt><\/dl><dl class='gallery-item'>\n\t\t\t<dt class='gallery-icon landscape'>\n\t\t\t\t<a href='https:\/\/www.visit-ulcinj.com\/blog\/wp-content\/uploads\/2010\/12\/Festa-e-Flamurit-organizuar-nga-Shoqata-e-Anes-se-Malit-Staten-Island-New-York.11.jpg'><img width=\"150\" height=\"150\" src=\"https:\/\/www.visit-ulcinj.com\/blog\/wp-content\/uploads\/2010\/12\/Festa-e-Flamurit-organizuar-nga-Shoqata-e-Anes-se-Malit-Staten-Island-New-York.11-150x150.jpg\" class=\"attachment-thumbnail size-thumbnail\" alt=\"\" loading=\"lazy\" \/><\/a>\n\t\t\t<\/dt><\/dl><dl class='gallery-item'>\n\t\t\t<dt class='gallery-icon landscape'>\n\t\t\t\t<a href='https:\/\/www.visit-ulcinj.com\/blog\/wp-content\/uploads\/2010\/12\/Festa-e-Flamurit-organizuar-nga-Shoqata-e-Anes-se-Malit-Staten-Island-New-York.jpg'><img width=\"150\" height=\"150\" src=\"https:\/\/www.visit-ulcinj.com\/blog\/wp-content\/uploads\/2010\/12\/Festa-e-Flamurit-organizuar-nga-Shoqata-e-Anes-se-Malit-Staten-Island-New-York-150x150.jpg\" class=\"attachment-thumbnail size-thumbnail\" alt=\"\" loading=\"lazy\" \/><\/a>\n\t\t\t<\/dt><\/dl><br style=\"clear: both\" \/>\n\t\t<\/div>\n<br \/>\n<\/strong><!--YouTube Error: bad URL entered--><\/p>\n","protected":false},"excerpt":{"rendered":"<p>Shoqata Shqiptaro Amerikane &#8220;Ana e Malit&#8221; festoi me madh\u00ebshti, m\u00eb 28 N\u00ebntor 2010, Dit\u00ebn e Pavar\u00ebsis\u00eb, n\u00eb restorantin &#8220;Vanderbilt&#8221; n\u00eb Staten Island, New York . Qindra shqiptar\u00eb u mblodh\u00ebn n\u00eb k\u00ebt\u00eb dit\u00eb t\u00eb bukur festive, n\u00eb dit\u00ebn e shenjt\u00eb t\u00eb Flamurit shqiptar! Ngjyrat kuq e zi, n\u00eb gjith\u00eb mjediset e k\u00ebtij restoranti i kishin dh\u00ebn\u00eb [&hellip;]<\/p>\n","protected":false},"author":1,"featured_media":0,"comment_status":"open","ping_status":"closed","sticky":false,"template":"","format":"standard","meta":{"spay_email":"","jetpack_publicize_message":"","jetpack_is_tweetstorm":false,"jetpack_publicize_feature_enabled":true},"categories":[7,4],"tags":[14351,3505,212,16775,14352,14349,14353,3510,3502,14354,12340,14355,16216,14356,3516,14357,3511,3504,14358,3220,16214,8966,16491,14359,3506,3499,14360,14361,3509,16210,16211,14362,14363,3507,14655,3717,3500,1762,4625,16490,16771,3228,14364,22008,13230,3512,16212,95,14365,3227,14366,3513,14348,1082,16773,16772,4642,3514,14367,3501,14368,14369,14370,16774,10472,2083,3231,14371,3617,16769,16202,3508,14372,3503,14373,14374,3515,16770,16215,3498,2800,15160,14375,200,18,1388,16213,14376],"jetpack_publicize_connections":[],"yoast_head":"<!-- This site is optimized with the Yoast SEO plugin v19.1 - https:\/\/yoast.com\/wordpress\/plugins\/seo\/ -->\n<title>Dita e flamurit u festua me madh\u00ebshti n\u00eb Staten Island, NY, nga Shoqata Shqiptaro Amerikane &quot;Ana e Malit&quot; - Lajme nga Ulqini<\/title>\n<meta name=\"description\" content=\"Shoqata Shqiptaro Amerikane &quot;Ana e Malit&quot; festoi me madh\u00ebshti, m\u00eb 28 N\u00ebntor 2010, Dit\u00ebn e Pavar\u00ebsis\u00eb, n\u00eb restorantin &quot;Vanderbilt&quot; n\u00eb Staten Island, New\" \/>\n<meta name=\"robots\" content=\"index, follow, max-snippet:-1, max-image-preview:large, max-video-preview:-1\" \/>\n<link rel=\"canonical\" href=\"https:\/\/www.visit-ulcinj.com\/blog\/2010\/12\/20\/dita-e-flamurit-u-festua-me-madheshti-ne-staten-island-ny-nga-shoqata-shqiptaro-amerikane-ana-e-malit\/\" \/>\n<meta property=\"og:locale\" content=\"en_US\" \/>\n<meta property=\"og:type\" content=\"article\" \/>\n<meta property=\"og:title\" content=\"Dita e flamurit u festua me madh\u00ebshti n\u00eb Staten Island, NY, nga Shoqata Shqiptaro Amerikane &quot;Ana e Malit&quot; - Lajme nga Ulqini\" \/>\n<meta property=\"og:description\" content=\"Shoqata Shqiptaro Amerikane &quot;Ana e Malit&quot; festoi me madh\u00ebshti, m\u00eb 28 N\u00ebntor 2010, Dit\u00ebn e Pavar\u00ebsis\u00eb, n\u00eb restorantin &quot;Vanderbilt&quot; n\u00eb Staten Island, New\" \/>\n<meta property=\"og:url\" content=\"https:\/\/www.visit-ulcinj.com\/blog\/2010\/12\/20\/dita-e-flamurit-u-festua-me-madheshti-ne-staten-island-ny-nga-shoqata-shqiptaro-amerikane-ana-e-malit\/\" \/>\n<meta property=\"og:site_name\" content=\"Lajme nga Ulqini\" \/>\n<meta property=\"article:published_time\" content=\"2010-12-20T18:26:38+00:00\" \/>\n<meta property=\"article:modified_time\" content=\"2010-12-24T16:00:26+00:00\" \/>\n<meta property=\"og:image\" content=\"https:\/\/www.visit-ulcinj.com\/blog\/wp-content\/uploads\/2010\/12\/Festa-e-Flamurit-organizuar-nga-Shoqata-e-Anes-se-Malit-Staten-Island-New-York.3-150x150.jpg\" \/>\n<meta name=\"twitter:label1\" content=\"Written by\" \/>\n\t<meta name=\"twitter:data1\" content=\"ulqini\" \/>\n\t<meta name=\"twitter:label2\" content=\"Est. reading time\" \/>\n\t<meta name=\"twitter:data2\" content=\"4 minutes\" \/>\n<script type=\"application\/ld+json\" class=\"yoast-schema-graph\">{\"@context\":\"https:\/\/schema.org\",\"@graph\":[{\"@type\":\"WebSite\",\"@id\":\"https:\/\/www.visit-ulcinj.com\/blog\/#website\",\"url\":\"https:\/\/www.visit-ulcinj.com\/blog\/\",\"name\":\"Lajme nga Ulqini\",\"description\":\"Lajme,Vijesti,Ulqini,Ulqin,Crna Gora,Mali i Zi\",\"potentialAction\":[{\"@type\":\"SearchAction\",\"target\":{\"@type\":\"EntryPoint\",\"urlTemplate\":\"https:\/\/www.visit-ulcinj.com\/blog\/?s={search_term_string}\"},\"query-input\":\"required name=search_term_string\"}],\"inLanguage\":\"en-US\"},{\"@type\":\"ImageObject\",\"inLanguage\":\"en-US\",\"@id\":\"https:\/\/www.visit-ulcinj.com\/blog\/2010\/12\/20\/dita-e-flamurit-u-festua-me-madheshti-ne-staten-island-ny-nga-shoqata-shqiptaro-amerikane-ana-e-malit\/#primaryimage\",\"url\":\"https:\/\/www.visit-ulcinj.com\/blog\/wp-content\/uploads\/2010\/12\/Festa-e-Flamurit-organizuar-nga-Shoqata-e-Anes-se-Malit-Staten-Island-New-York.3.jpg\",\"contentUrl\":\"https:\/\/www.visit-ulcinj.com\/blog\/wp-content\/uploads\/2010\/12\/Festa-e-Flamurit-organizuar-nga-Shoqata-e-Anes-se-Malit-Staten-Island-New-York.3.jpg\",\"width\":\"640\",\"height\":\"480\"},{\"@type\":\"WebPage\",\"@id\":\"https:\/\/www.visit-ulcinj.com\/blog\/2010\/12\/20\/dita-e-flamurit-u-festua-me-madheshti-ne-staten-island-ny-nga-shoqata-shqiptaro-amerikane-ana-e-malit\/#webpage\",\"url\":\"https:\/\/www.visit-ulcinj.com\/blog\/2010\/12\/20\/dita-e-flamurit-u-festua-me-madheshti-ne-staten-island-ny-nga-shoqata-shqiptaro-amerikane-ana-e-malit\/\",\"name\":\"Dita e flamurit u festua me madh\u00ebshti n\u00eb Staten Island, NY, nga Shoqata Shqiptaro Amerikane \\\"Ana e Malit\\\" - Lajme nga Ulqini\",\"isPartOf\":{\"@id\":\"https:\/\/www.visit-ulcinj.com\/blog\/#website\"},\"primaryImageOfPage\":{\"@id\":\"https:\/\/www.visit-ulcinj.com\/blog\/2010\/12\/20\/dita-e-flamurit-u-festua-me-madheshti-ne-staten-island-ny-nga-shoqata-shqiptaro-amerikane-ana-e-malit\/#primaryimage\"},\"datePublished\":\"2010-12-20T18:26:38+00:00\",\"dateModified\":\"2010-12-24T16:00:26+00:00\",\"author\":{\"@id\":\"https:\/\/www.visit-ulcinj.com\/blog\/#\/schema\/person\/dcab619c614d3038751c63bc2aadc06d\"},\"description\":\"Shoqata Shqiptaro Amerikane \\\"Ana e Malit\\\" festoi me madh\u00ebshti, m\u00eb 28 N\u00ebntor 2010, Dit\u00ebn e Pavar\u00ebsis\u00eb, n\u00eb restorantin \\\"Vanderbilt\\\" n\u00eb Staten Island, New\",\"breadcrumb\":{\"@id\":\"https:\/\/www.visit-ulcinj.com\/blog\/2010\/12\/20\/dita-e-flamurit-u-festua-me-madheshti-ne-staten-island-ny-nga-shoqata-shqiptaro-amerikane-ana-e-malit\/#breadcrumb\"},\"inLanguage\":\"en-US\",\"potentialAction\":[{\"@type\":\"ReadAction\",\"target\":[\"https:\/\/www.visit-ulcinj.com\/blog\/2010\/12\/20\/dita-e-flamurit-u-festua-me-madheshti-ne-staten-island-ny-nga-shoqata-shqiptaro-amerikane-ana-e-malit\/\"]}]},{\"@type\":\"BreadcrumbList\",\"@id\":\"https:\/\/www.visit-ulcinj.com\/blog\/2010\/12\/20\/dita-e-flamurit-u-festua-me-madheshti-ne-staten-island-ny-nga-shoqata-shqiptaro-amerikane-ana-e-malit\/#breadcrumb\",\"itemListElement\":[{\"@type\":\"ListItem\",\"position\":1,\"name\":\"Dita e flamurit u festua me madh\u00ebshti n\u00eb Staten Island, NY, nga Shoqata Shqiptaro Amerikane &#8220;Ana e Malit&#8221;\"}]},{\"@type\":\"Person\",\"@id\":\"https:\/\/www.visit-ulcinj.com\/blog\/#\/schema\/person\/dcab619c614d3038751c63bc2aadc06d\",\"name\":\"ulqini\",\"sameAs\":[\"http:\/\/www.visit-ulcinj.com\"],\"url\":\"https:\/\/www.visit-ulcinj.com\/blog\/author\/admin\/\"}]}<\/script>\n<!-- \/ Yoast SEO plugin. -->","yoast_head_json":{"title":"Dita e flamurit u festua me madh\u00ebshti n\u00eb Staten Island, NY, nga Shoqata Shqiptaro Amerikane \"Ana e Malit\" - Lajme nga Ulqini","description":"Shoqata Shqiptaro Amerikane \"Ana e Malit\" festoi me madh\u00ebshti, m\u00eb 28 N\u00ebntor 2010, Dit\u00ebn e Pavar\u00ebsis\u00eb, n\u00eb restorantin \"Vanderbilt\" n\u00eb Staten Island, New","robots":{"index":"index","follow":"follow","max-snippet":"max-snippet:-1","max-image-preview":"max-image-preview:large","max-video-preview":"max-video-preview:-1"},"canonical":"https:\/\/www.visit-ulcinj.com\/blog\/2010\/12\/20\/dita-e-flamurit-u-festua-me-madheshti-ne-staten-island-ny-nga-shoqata-shqiptaro-amerikane-ana-e-malit\/","og_locale":"en_US","og_type":"article","og_title":"Dita e flamurit u festua me madh\u00ebshti n\u00eb Staten Island, NY, nga Shoqata Shqiptaro Amerikane \"Ana e Malit\" - Lajme nga Ulqini","og_description":"Shoqata Shqiptaro Amerikane \"Ana e Malit\" festoi me madh\u00ebshti, m\u00eb 28 N\u00ebntor 2010, Dit\u00ebn e Pavar\u00ebsis\u00eb, n\u00eb restorantin \"Vanderbilt\" n\u00eb Staten Island, New","og_url":"https:\/\/www.visit-ulcinj.com\/blog\/2010\/12\/20\/dita-e-flamurit-u-festua-me-madheshti-ne-staten-island-ny-nga-shoqata-shqiptaro-amerikane-ana-e-malit\/","og_site_name":"Lajme nga Ulqini","article_published_time":"2010-12-20T18:26:38+00:00","article_modified_time":"2010-12-24T16:00:26+00:00","og_image":[{"url":"https:\/\/www.visit-ulcinj.com\/blog\/wp-content\/uploads\/2010\/12\/Festa-e-Flamurit-organizuar-nga-Shoqata-e-Anes-se-Malit-Staten-Island-New-York.3-150x150.jpg"}],"twitter_misc":{"Written by":"ulqini","Est. reading time":"4 minutes"},"schema":{"@context":"https:\/\/schema.org","@graph":[{"@type":"WebSite","@id":"https:\/\/www.visit-ulcinj.com\/blog\/#website","url":"https:\/\/www.visit-ulcinj.com\/blog\/","name":"Lajme nga Ulqini","description":"Lajme,Vijesti,Ulqini,Ulqin,Crna Gora,Mali i Zi","potentialAction":[{"@type":"SearchAction","target":{"@type":"EntryPoint","urlTemplate":"https:\/\/www.visit-ulcinj.com\/blog\/?s={search_term_string}"},"query-input":"required name=search_term_string"}],"inLanguage":"en-US"},{"@type":"ImageObject","inLanguage":"en-US","@id":"https:\/\/www.visit-ulcinj.com\/blog\/2010\/12\/20\/dita-e-flamurit-u-festua-me-madheshti-ne-staten-island-ny-nga-shoqata-shqiptaro-amerikane-ana-e-malit\/#primaryimage","url":"https:\/\/www.visit-ulcinj.com\/blog\/wp-content\/uploads\/2010\/12\/Festa-e-Flamurit-organizuar-nga-Shoqata-e-Anes-se-Malit-Staten-Island-New-York.3.jpg","contentUrl":"https:\/\/www.visit-ulcinj.com\/blog\/wp-content\/uploads\/2010\/12\/Festa-e-Flamurit-organizuar-nga-Shoqata-e-Anes-se-Malit-Staten-Island-New-York.3.jpg","width":"640","height":"480"},{"@type":"WebPage","@id":"https:\/\/www.visit-ulcinj.com\/blog\/2010\/12\/20\/dita-e-flamurit-u-festua-me-madheshti-ne-staten-island-ny-nga-shoqata-shqiptaro-amerikane-ana-e-malit\/#webpage","url":"https:\/\/www.visit-ulcinj.com\/blog\/2010\/12\/20\/dita-e-flamurit-u-festua-me-madheshti-ne-staten-island-ny-nga-shoqata-shqiptaro-amerikane-ana-e-malit\/","name":"Dita e flamurit u festua me madh\u00ebshti n\u00eb Staten Island, NY, nga Shoqata Shqiptaro Amerikane \"Ana e Malit\" - Lajme nga Ulqini","isPartOf":{"@id":"https:\/\/www.visit-ulcinj.com\/blog\/#website"},"primaryImageOfPage":{"@id":"https:\/\/www.visit-ulcinj.com\/blog\/2010\/12\/20\/dita-e-flamurit-u-festua-me-madheshti-ne-staten-island-ny-nga-shoqata-shqiptaro-amerikane-ana-e-malit\/#primaryimage"},"datePublished":"2010-12-20T18:26:38+00:00","dateModified":"2010-12-24T16:00:26+00:00","author":{"@id":"https:\/\/www.visit-ulcinj.com\/blog\/#\/schema\/person\/dcab619c614d3038751c63bc2aadc06d"},"description":"Shoqata Shqiptaro Amerikane \"Ana e Malit\" festoi me madh\u00ebshti, m\u00eb 28 N\u00ebntor 2010, Dit\u00ebn e Pavar\u00ebsis\u00eb, n\u00eb restorantin \"Vanderbilt\" n\u00eb Staten Island, New","breadcrumb":{"@id":"https:\/\/www.visit-ulcinj.com\/blog\/2010\/12\/20\/dita-e-flamurit-u-festua-me-madheshti-ne-staten-island-ny-nga-shoqata-shqiptaro-amerikane-ana-e-malit\/#breadcrumb"},"inLanguage":"en-US","potentialAction":[{"@type":"ReadAction","target":["https:\/\/www.visit-ulcinj.com\/blog\/2010\/12\/20\/dita-e-flamurit-u-festua-me-madheshti-ne-staten-island-ny-nga-shoqata-shqiptaro-amerikane-ana-e-malit\/"]}]},{"@type":"BreadcrumbList","@id":"https:\/\/www.visit-ulcinj.com\/blog\/2010\/12\/20\/dita-e-flamurit-u-festua-me-madheshti-ne-staten-island-ny-nga-shoqata-shqiptaro-amerikane-ana-e-malit\/#breadcrumb","itemListElement":[{"@type":"ListItem","position":1,"name":"Dita e flamurit u festua me madh\u00ebshti n\u00eb Staten Island, NY, nga Shoqata Shqiptaro Amerikane &#8220;Ana e Malit&#8221;"}]},{"@type":"Person","@id":"https:\/\/www.visit-ulcinj.com\/blog\/#\/schema\/person\/dcab619c614d3038751c63bc2aadc06d","name":"ulqini","sameAs":["http:\/\/www.visit-ulcinj.com"],"url":"https:\/\/www.visit-ulcinj.com\/blog\/author\/admin\/"}]}},"jetpack_featured_media_url":"","jetpack_sharing_enabled":true,"jetpack_shortlink":"https:\/\/wp.me\/pe6lTn-aMT","_links":{"self":[{"href":"https:\/\/www.visit-ulcinj.com\/blog\/wp-json\/wp\/v2\/posts\/41471"}],"collection":[{"href":"https:\/\/www.visit-ulcinj.com\/blog\/wp-json\/wp\/v2\/posts"}],"about":[{"href":"https:\/\/www.visit-ulcinj.com\/blog\/wp-json\/wp\/v2\/types\/post"}],"author":[{"embeddable":true,"href":"https:\/\/www.visit-ulcinj.com\/blog\/wp-json\/wp\/v2\/users\/1"}],"replies":[{"embeddable":true,"href":"https:\/\/www.visit-ulcinj.com\/blog\/wp-json\/wp\/v2\/comments?post=41471"}],"version-history":[{"count":0,"href":"https:\/\/www.visit-ulcinj.com\/blog\/wp-json\/wp\/v2\/posts\/41471\/revisions"}],"wp:attachment":[{"href":"https:\/\/www.visit-ulcinj.com\/blog\/wp-json\/wp\/v2\/media?parent=41471"}],"wp:term":[{"taxonomy":"category","embeddable":true,"href":"https:\/\/www.visit-ulcinj.com\/blog\/wp-json\/wp\/v2\/categories?post=41471"},{"taxonomy":"post_tag","embeddable":true,"href":"https:\/\/www.visit-ulcinj.com\/blog\/wp-json\/wp\/v2\/tags?post=41471"}],"curies":[{"name":"wp","href":"https:\/\/api.w.org\/{rel}","templated":true}]}}