{"id":4149,"date":"2008-10-12T14:07:25","date_gmt":"2008-10-12T19:07:25","guid":{"rendered":"http:\/\/www.visit-ulcinj.com\/blog\/?p=4149"},"modified":"2008-10-17T13:13:37","modified_gmt":"2008-10-17T18:13:37","slug":"ferhat-dinoshakoha-ka-deshmuar-politiken-e-drejte-te-udsh-se-2","status":"publish","type":"post","link":"https:\/\/www.visit-ulcinj.com\/blog\/2008\/10\/12\/ferhat-dinoshakoha-ka-deshmuar-politiken-e-drejte-te-udsh-se-2\/","title":{"rendered":"Ferhat Dinosha:Koha ka d\u00ebshmuar politik\u00ebn e drejt\u00eb t\u00eb UDSH-s\u00eb (2)"},"content":{"rendered":"<p><a href=\"http:\/\/www.visit-ulcinj.com\/blog\/wp-content\/uploads\/2008\/10\/ferhat-dinosha_1-2.jpg\"><img loading=\"lazy\" class=\"alignleft size-medium wp-image-4150\" title=\"ferhat-dinosha_1-2\" src=\"http:\/\/www.visit-ulcinj.com\/blog\/wp-content\/uploads\/2008\/10\/ferhat-dinosha_1-2-177x300.jpg\" alt=\"\" width=\"177\" height=\"300\" srcset=\"https:\/\/www.visit-ulcinj.com\/blog\/wp-content\/uploads\/2008\/10\/ferhat-dinosha_1-2-177x300.jpg 177w, https:\/\/www.visit-ulcinj.com\/blog\/wp-content\/uploads\/2008\/10\/ferhat-dinosha_1-2.jpg 352w\" sizes=\"(max-width: 177px) 100vw, 177px\" \/><\/a><strong>Koha javore:<\/strong> E njihni, dometh\u00ebn\u00eb e pranoni Ju z. Dinosha si institucion K\u00ebshillin Nacional Shqiptar?<br \/>\n<strong>F. Dinosha: <\/strong>Ne jemi angazhuar t\u00eb par\u00ebt p\u00ebr K\u00ebshillin Nacional t\u00eb Shqiptar\u00ebve dhe natyrisht se prodhimi i b\u00ebr\u00eb \u00ebsht\u00eb de facto, di\u00e7ka q\u00eb ka ndodhur. Tjet\u00ebr \u00ebsht\u00eb se jemi t\u00eb pak\u00ebnaqur me kombinatorik\u00ebn e cila ka pasuar. Por si institucion ne do ta njohim. Edhe n\u00ebse nuk marrim pjes\u00eb n\u00eb k\u00ebto kushte n\u00eb K\u00ebshill, ne si institucion do ta njohim p\u00ebr arsye se e dim\u00eb se \u00ebsht\u00eb i nevojsh\u00ebm p\u00ebr shqiptar\u00ebt.<\/p>\n<p><strong>Koha javore:<\/strong>Ju dhe p\u00ebrfaq\u00ebsuesit e tjer\u00eb t\u00eb UDSH-s\u00eb nuk keni marr\u00eb pjes\u00eb deri tani n\u00eb mbledhjet e K\u00ebshillit Nacional Shqiptar. Po n\u00eb t\u00eb ardhmen do t\u00eb merrni pjes\u00eb n\u00eb pun\u00ebn e tij?<br \/>\n<strong>F. Dinosha:<\/strong> Ne kemi nd\u00ebrmend q\u00eb k\u00ebt\u00eb \u00e7\u00ebshtje ta shtrojm\u00eb edhe nj\u00eb her\u00eb n\u00eb nivel t\u00eb K\u00ebshillit Qendror t\u00eb UDSH-s\u00eb p\u00ebr t\u00eb marr\u00eb q\u00ebndrim definitiv dhe paralelisht t\u00eb punojm\u00eb n\u00eb k\u00ebt\u00eb drejtim q\u00eb e p\u00ebrmenda m\u00eb par\u00eb.<\/p>\n<p><strong>Koha javore: <\/strong>Ju p\u00ebrmend\u00ebt m\u00eb par\u00eb nevoj\u00ebn e bashk\u00ebpunimit nd\u00ebrmjet partive shqiptare, por p\u00ebr momentin ky bashk\u00ebpunim sa i p\u00ebrket UDSH-s\u00eb nuk ekziston. N\u00eb Parlamentin e Malit t\u00eb Zi Ju ndani nj\u00eb dhom\u00eb me deputet\u00ebt Bardhi dhe Sinishtaj, por me sa di nuk flisni me ta. Cilat jan\u00eb arsyet?<br \/>\n<strong>F. Dinosha:<\/strong> Kjo q\u00eb thoni nuk flisni nuk q\u00ebndron krejt\u00ebsisht. Ka raporte jo t\u00eb mira, por nuk \u00ebsht\u00eb krejt\u00ebsisht ashtu. P\u00ebr fat t\u00eb keq \u00ebsht\u00eb keq dhe kjo ka ndodhur jo p\u00ebr arsye se ka qen\u00eb nj\u00eb d\u00ebshir\u00eb, nj\u00eb vullnet i imi si p\u00ebrfaq\u00ebsues i UDSH-s\u00eb, por p\u00ebr arsye se p\u00ebrfaq\u00ebsuesit e dy subjekteve t\u00eb tjera shqiptare t\u00eb pranishme n\u00eb Parlamentin e Malit t\u00eb Zi kan\u00eb pasur nj\u00eb vullnet t\u00eb till\u00eb dhe k\u00ebt\u00eb vullnet e kan\u00eb shprehur publikisht.<br \/>\nPas zgjedhjeve t\u00eb fundit parlamentare, p\u00ebrfaq\u00ebsuesi i at\u00ebhersh\u00ebm Iniciativ\u00ebs Qytetare, z. Sinishtaj, ka dal\u00eb n\u00eb opinion me pozicionimin duke th\u00ebn\u00eb se nuk \u00ebsht\u00eb i gatsh\u00ebm t\u00eb formoj\u00eb klub t\u00eb deputet\u00ebve me p\u00ebrfaq\u00ebsuesin e UDSH-s\u00eb duke apostrofuar emrin tim.<br \/>\nDuke ditur ecurin\u00eb e tij politike, faktin se ai ka qen\u00eb gjat\u00eb an\u00ebtar i partis\u00eb joshqiptare dhe se n\u00eb koh\u00ebt e v\u00ebshtira nuk i \u00ebsht\u00eb d\u00ebgjuar z\u00ebri p\u00ebr \u00e7\u00ebshtjen shqiptare, un\u00eb nuk kam dashur t\u00eb jem ai q\u00eb i bien n\u00eb gjunj dikujt t\u00eb till\u00eb q\u00eb aman t\u00eb formojm\u00eb klub.<br \/>\nAs p\u00ebrfaq\u00ebsuesi i LD n\u00eb MZ nuk ka treguar interesim n\u00eb k\u00ebt\u00eb drejtim dhe ne jemi t\u00eb vetmit deputet\u00eb me t\u00eb drejt\u00ebn p\u00ebr t\u00eb pasur klub q\u00eb nuk kemi klub parlamentar. Kjo sjell d\u00ebm edhe s\u00eb paku p\u00ebr dy vende pune. \u00c7do klub i deputet\u00ebve ka t\u00eb drejt\u00eb t\u00eb ket\u00eb nj\u00eb k\u00ebshilltar, t\u00eb profilit juridik ose ekonomik, dhe t\u00eb ket\u00eb nj\u00eb sekretar t\u00eb klubit. Ne k\u00ebto vende na rrin\u00eb vakant\u00eb p\u00ebr arsye se jemi k\u00ebshtu si\u00e7 jemi.<br \/>\nMendoj se kishte qen\u00eb mir\u00eb q\u00eb roli i medias k\u00ebtu t\u00eb kishte qen\u00eb m\u00eb prezent p\u00ebr t\u00eb shtjelluar \u00e7\u00ebshtjen dhe p\u00ebr t\u00eb nxjerr\u00eb fakte t\u00eb cilat jan\u00eb t\u00eb ditura e jo p\u00ebr t\u00eb krijuar ose p\u00ebr tzu mos u marr\u00eb me k\u00ebt\u00eb \u00e7\u00ebshtje fare duke tentuar q\u00eb fajtori t\u00eb gjendet atje ku nuk \u00ebsht\u00eb.<br \/>\nUDSH ka qen\u00eb i gatsh\u00ebm p\u00ebr formimin e klubit. K\u00ebt\u00eb ua kam b\u00ebr\u00eb me dije p\u00ebrfaq\u00ebsuesve t\u00eb dy partive t\u00eb tjera n\u00eb disa faza kur kemi pasur m\u00eb tep\u00ebr kontakt. M\u00eb von\u00eb nuk jam marr\u00eb as un\u00eb me lutje n\u00eb k\u00ebt\u00eb drejtim, por m\u00eb vjen keq q\u00eb Klubi nuk ekziston. E p\u00ebrs\u00ebris, nuk ekziston p\u00ebr arsye t\u00eb pozicionimeve negative, p\u00ebr arsye t\u00eb energjis\u00eb negative t\u00eb p\u00ebrfaq\u00ebsuesve t\u00eb dy partive t\u00eb tjera shqiptare.<\/p>\n<p><strong>Koha javore:<\/strong> N\u00eb kushtet ekzistuese, a \u00ebsht\u00eb i mundur bashk\u00ebpunimi nd\u00ebrmjet partive shqiptare, konkretisht nd\u00ebrmjet UDSH-s\u00eb dhe partive t\u00eb tjera shqiptare? A mendoni se pas shkuarjes Tuaj n\u00eb koalicion me PDS-s\u00eb mund t\u00eb krijoni s\u00ebrish koalicione me partit\u00eb e tjera shqiptare?<br \/>\n<strong>F. Dinosha:<\/strong> Koalicioni me PDS-n\u00eb nuk i ka penguar asnj\u00eb qendre tjet\u00ebr shqiptare jasht\u00eb Malit t\u00eb Zi p\u00ebrve\u00e7 subjekteve shqiptare n\u00eb Mal t\u00eb Zi. Ky koalicion ka ndodhur n\u00eb nivele lokale, p\u00ebr zhvillime ekonomike t\u00eb niveleve lokale.<br \/>\nNe nuk jemi n\u00eb koalicion n\u00eb nivel t\u00eb shtetit me partin\u00eb n\u00eb pushtet. Ne jemi n\u00eb bllokun q\u00eb b\u00ebn qeverin\u00eb m\u00eb se dhjet\u00eb vjet dhe un\u00eb fola di\u00e7ka m\u00eb par\u00eb se pse kemi qen\u00eb dhe mendoj se \u00ebsht\u00eb e qart\u00eb se ka qen\u00eb e lev\u00ebrdisshme p\u00ebr shqiptar\u00ebt q\u00eb t\u00eb pozicionohemi k\u00ebshtu. Po i shohim shqiptar\u00ebt n\u00eb Maqedoni ku ka pasur edhe pak luft\u00eb nd\u00ebrmjet shqiptar\u00ebve dhe maqedon\u00ebve, kurse tani i shohim p\u00ebrfaq\u00ebsuesit e partive shqiptare n\u00eb Qeverin\u00eb e Maqedonis\u00eb, n\u00eb policin\u00eb dhe ushtrin\u00eb e Maqedonis\u00eb.<br \/>\nMir\u00ebpo un\u00eb nuk e kam nd\u00ebrmend t\u00eb bind subjektet e tjera politike n\u00eb Mal t\u00eb Zi t\u00eb cilat ose jan\u00eb shterpe p\u00ebr nga rezultatet q\u00eb kan\u00eb gjat\u00eb 18 vjet\u00ebve t\u00eb veprimit ose jan\u00eb shum\u00eb t\u00eb reja, kurse lider\u00ebt e tyre jan\u00eb mjaft t\u00eb vjet\u00ebr p\u00ebr tzu gjetur p\u00ebr t\u00eb na shitur patriotiz\u00ebm vet\u00ebm n\u00eb dekad\u00ebn e fundit t\u00eb shekullit t\u00eb ri. N\u00eb fundin e shekullit t\u00eb kaluar nuk kan\u00eb qen\u00eb asgj\u00ebkundi dhe mendoj se vet\u00eb votuesit shqiptar\u00eb do ta hetojn\u00eb m\u00eb mir\u00eb k\u00ebt\u00eb gj\u00eb n\u00eb votat q\u00eb na presin vitin e ardhsh\u00ebm p\u00ebr arsye se shum\u00eb gj\u00ebra jan\u00eb m\u00eb t\u00eb qarta dhe p\u00ebr arsye se po rrumbullak\u00ebsohet ajo q\u00eb \u00ebsht\u00eb proces i vendosjes s\u00eb marr\u00ebdh\u00ebnieve mbi baza t\u00eb reja n\u00eb Ballkan.<br \/>\nSidoqoft\u00eb mendoj se duhet t\u00eb b\u00ebhet \u00e7mos q\u00eb t\u00eb kihet bashk\u00ebpunim m\u00eb i mir\u00eb nd\u00ebrmjet partive shqiptare k\u00ebtu n\u00eb Mal t\u00eb Zi. Ndoshta ka ardhur koha q\u00eb t\u00eb punohet n\u00eb drejtim t\u00eb asaj q\u00eb t\u00eb krijohen dy blloqe, dy subjekte, dy grupime politike shqiptare n\u00eb Mal t\u00eb Zi e jo t\u00eb mbes\u00eb situata si\u00e7 \u00ebsht\u00eb tani pes\u00eb gjasht\u00eb parti sa jemi.<br \/>\nDhe un\u00eb mendoj se ne vet\u00eb p\u00ebr shkak t\u00eb vnerit t\u00eb cilin e kemi mbledhur brenda vetvetes nuk jemi n\u00eb gjendje ta b\u00ebjm\u00eb k\u00ebt\u00eb, pra vet\u00eb lider\u00ebt shqiptar\u00eb n\u00eb Mal t\u00eb Zi, pa ndihm\u00ebn e dikujt jasht\u00eb Malit t\u00eb Zi. P\u00ebr k\u00ebt\u00eb arsye UDSH n\u00eb Kuvendin e vet t\u00eb fundit zgjedhor ka dal\u00eb me nj\u00eb Apel drejtuar partive t\u00eb tjera shqiptare p\u00ebr vendosjen e nj\u00eb bashk\u00ebpunimi m\u00eb t\u00eb mir\u00eb nd\u00ebrshqiptar k\u00ebtu n\u00eb Mal t\u00eb Zi duke theksuar n\u00eb k\u00ebt\u00eb apel se mendojm\u00eb se Tirana duhet t\u00eb jet\u00eb ajo e cila duhet t\u00eb na sjell\u00eb k\u00ebtu. Tani Republika e Shqip\u00ebris\u00eb ka ambasador n\u00eb Mal t\u00eb Zi, rruga deri n\u00eb Tiran\u00eb nuk \u00ebsht\u00eb shum\u00eb larg. Un\u00eb nd\u00ebrkoh\u00eb kam pasur shum\u00eb biseda, takime me disa p\u00ebrfaq\u00ebsues t\u00eb shtetit shqiptar t\u00eb cilat kan\u00eb shkuar n\u00eb at\u00eb drejtim q\u00eb t\u00eb ndodh\u00eb nj\u00eb tavolin\u00eb e marr\u00ebveshjes s\u00eb partive shqiptare k\u00ebtu n\u00eb Mal t\u00eb Zi. Kur them marr\u00ebveshjes mendoj e nj\u00eb tavoline e cila do t\u00eb shpiente n\u00eb nj\u00eb marr\u00ebveshje p\u00ebr bashk\u00ebpunim t\u00eb partive shqiptare.<br \/>\nShprehet nj\u00eb doz\u00eb e frik\u00ebs nga ana e personaliteteve relevante t\u00eb politik\u00ebs shqiptare se kjo do t\u00eb mund t\u00eb kishte nj\u00eb doz\u00eb t\u00eb p\u00ebrzierjes n\u00eb pun\u00ebt tona t\u00eb brendshme. Mir\u00ebpo un\u00eb nuk mendoj se \u00ebsht\u00eb ashtu. Nuk mendoj se nd\u00ebrhyrja e shtetit am\u00eb do t\u00eb kishte dimensionin e p\u00ebrzierjes n\u00eb pun\u00ebt e brendshme. Dometh\u00ebn\u00eb p\u00ebr ne \u00e7do nd\u00ebrhyrje e till\u00eb do t\u00eb kishte qen\u00eb i mir\u00ebseardhur dhe un\u00eb do t\u00eb b\u00ebj \u00e7mos q\u00eb kjo t\u00eb ndodh\u00eb, t\u00eb ulemi n\u00eb nj\u00eb tavolin\u00eb, tzi shtrojm\u00eb \u00e7\u00ebshtjet haptas, t\u00eb na sugjeroj\u00eb edhe dikush q\u00eb di dhe ka p\u00ebrvoj\u00eb m\u00eb shum\u00eb ne k\u00ebt\u00eb drejtim se cilat politika shqiptare n\u00eb Mal t\u00eb Zi jan\u00eb t\u00eb leverdisshme, ku kan\u00eb qen\u00eb gabimet dhe si t\u00eb b\u00ebhet q\u00eb n\u00eb t\u00eb ardhmen bashk\u00ebpunimi nd\u00ebrmjet partive shqiptare t\u00eb jet\u00eb m\u00eb i mir\u00eb.<br \/>\n<strong>Bisedoi: I. Kallaba<br \/>\nKoha Javore<\/strong><\/p>\n","protected":false},"excerpt":{"rendered":"<p>Koha javore: E njihni, dometh\u00ebn\u00eb e pranoni Ju z. Dinosha si institucion K\u00ebshillin Nacional Shqiptar? F. Dinosha: Ne jemi angazhuar t\u00eb par\u00ebt p\u00ebr K\u00ebshillin Nacional t\u00eb Shqiptar\u00ebve dhe natyrisht se prodhimi i b\u00ebr\u00eb \u00ebsht\u00eb de facto, di\u00e7ka q\u00eb ka ndodhur. Tjet\u00ebr \u00ebsht\u00eb se jemi t\u00eb pak\u00ebnaqur me kombinatorik\u00ebn e cila ka pasuar. Por si institucion [&hellip;]<\/p>\n","protected":false},"author":1,"featured_media":0,"comment_status":"open","ping_status":"closed","sticky":false,"template":"","format":"standard","meta":{"spay_email":"","jetpack_publicize_message":"","jetpack_is_tweetstorm":false,"jetpack_publicize_feature_enabled":true},"categories":[6,12],"tags":[97,95,2792,200],"jetpack_publicize_connections":[],"yoast_head":"<!-- This site is optimized with the Yoast SEO plugin v19.1 - https:\/\/yoast.com\/wordpress\/plugins\/seo\/ -->\n<title>Ferhat Dinosha:Koha ka d\u00ebshmuar politik\u00ebn e drejt\u00eb t\u00eb UDSH-s\u00eb (2) - Lajme nga Ulqini<\/title>\n<meta name=\"description\" content=\"Koha javore: E njihni, dometh\u00ebn\u00eb e pranoni Ju z. Dinosha si institucion K\u00ebshillin Nacional Shqiptar? F. Dinosha: Ne jemi angazhuar t\u00eb par\u00ebt p\u00ebr K\u00ebshillin\" \/>\n<meta name=\"robots\" content=\"index, follow, max-snippet:-1, max-image-preview:large, max-video-preview:-1\" \/>\n<link rel=\"canonical\" href=\"https:\/\/www.visit-ulcinj.com\/blog\/2008\/10\/12\/ferhat-dinoshakoha-ka-deshmuar-politiken-e-drejte-te-udsh-se-2\/\" \/>\n<meta property=\"og:locale\" content=\"en_US\" \/>\n<meta property=\"og:type\" content=\"article\" \/>\n<meta property=\"og:title\" content=\"Ferhat Dinosha:Koha ka d\u00ebshmuar politik\u00ebn e drejt\u00eb t\u00eb UDSH-s\u00eb (2) - Lajme nga Ulqini\" \/>\n<meta property=\"og:description\" content=\"Koha javore: E njihni, dometh\u00ebn\u00eb e pranoni Ju z. Dinosha si institucion K\u00ebshillin Nacional Shqiptar? F. Dinosha: Ne jemi angazhuar t\u00eb par\u00ebt p\u00ebr K\u00ebshillin\" \/>\n<meta property=\"og:url\" content=\"https:\/\/www.visit-ulcinj.com\/blog\/2008\/10\/12\/ferhat-dinoshakoha-ka-deshmuar-politiken-e-drejte-te-udsh-se-2\/\" \/>\n<meta property=\"og:site_name\" content=\"Lajme nga Ulqini\" \/>\n<meta property=\"article:published_time\" content=\"2008-10-12T19:07:25+00:00\" \/>\n<meta property=\"article:modified_time\" content=\"2008-10-17T18:13:37+00:00\" \/>\n<meta property=\"og:image\" content=\"http:\/\/www.visit-ulcinj.com\/blog\/wp-content\/uploads\/2008\/10\/ferhat-dinosha_1-2-177x300.jpg\" \/>\n<meta name=\"twitter:label1\" content=\"Written by\" \/>\n\t<meta name=\"twitter:data1\" content=\"ulqini\" \/>\n\t<meta name=\"twitter:label2\" content=\"Est. reading time\" \/>\n\t<meta name=\"twitter:data2\" content=\"7 minutes\" \/>\n<script type=\"application\/ld+json\" class=\"yoast-schema-graph\">{\"@context\":\"https:\/\/schema.org\",\"@graph\":[{\"@type\":\"WebSite\",\"@id\":\"https:\/\/www.visit-ulcinj.com\/blog\/#website\",\"url\":\"https:\/\/www.visit-ulcinj.com\/blog\/\",\"name\":\"Lajme nga Ulqini\",\"description\":\"Lajme,Vijesti,Ulqini,Ulqin,Crna Gora,Mali i Zi\",\"potentialAction\":[{\"@type\":\"SearchAction\",\"target\":{\"@type\":\"EntryPoint\",\"urlTemplate\":\"https:\/\/www.visit-ulcinj.com\/blog\/?s={search_term_string}\"},\"query-input\":\"required name=search_term_string\"}],\"inLanguage\":\"en-US\"},{\"@type\":\"ImageObject\",\"inLanguage\":\"en-US\",\"@id\":\"https:\/\/www.visit-ulcinj.com\/blog\/2008\/10\/12\/ferhat-dinoshakoha-ka-deshmuar-politiken-e-drejte-te-udsh-se-2\/#primaryimage\",\"url\":\"http:\/\/www.visit-ulcinj.com\/blog\/wp-content\/uploads\/2008\/10\/ferhat-dinosha_1-2-177x300.jpg\",\"contentUrl\":\"http:\/\/www.visit-ulcinj.com\/blog\/wp-content\/uploads\/2008\/10\/ferhat-dinosha_1-2-177x300.jpg\"},{\"@type\":\"WebPage\",\"@id\":\"https:\/\/www.visit-ulcinj.com\/blog\/2008\/10\/12\/ferhat-dinoshakoha-ka-deshmuar-politiken-e-drejte-te-udsh-se-2\/#webpage\",\"url\":\"https:\/\/www.visit-ulcinj.com\/blog\/2008\/10\/12\/ferhat-dinoshakoha-ka-deshmuar-politiken-e-drejte-te-udsh-se-2\/\",\"name\":\"Ferhat Dinosha:Koha ka d\u00ebshmuar politik\u00ebn e drejt\u00eb t\u00eb UDSH-s\u00eb (2) - Lajme nga Ulqini\",\"isPartOf\":{\"@id\":\"https:\/\/www.visit-ulcinj.com\/blog\/#website\"},\"primaryImageOfPage\":{\"@id\":\"https:\/\/www.visit-ulcinj.com\/blog\/2008\/10\/12\/ferhat-dinoshakoha-ka-deshmuar-politiken-e-drejte-te-udsh-se-2\/#primaryimage\"},\"datePublished\":\"2008-10-12T19:07:25+00:00\",\"dateModified\":\"2008-10-17T18:13:37+00:00\",\"author\":{\"@id\":\"https:\/\/www.visit-ulcinj.com\/blog\/#\/schema\/person\/dcab619c614d3038751c63bc2aadc06d\"},\"description\":\"Koha javore: E njihni, dometh\u00ebn\u00eb e pranoni Ju z. Dinosha si institucion K\u00ebshillin Nacional Shqiptar? F. Dinosha: Ne jemi angazhuar t\u00eb par\u00ebt p\u00ebr K\u00ebshillin\",\"breadcrumb\":{\"@id\":\"https:\/\/www.visit-ulcinj.com\/blog\/2008\/10\/12\/ferhat-dinoshakoha-ka-deshmuar-politiken-e-drejte-te-udsh-se-2\/#breadcrumb\"},\"inLanguage\":\"en-US\",\"potentialAction\":[{\"@type\":\"ReadAction\",\"target\":[\"https:\/\/www.visit-ulcinj.com\/blog\/2008\/10\/12\/ferhat-dinoshakoha-ka-deshmuar-politiken-e-drejte-te-udsh-se-2\/\"]}]},{\"@type\":\"BreadcrumbList\",\"@id\":\"https:\/\/www.visit-ulcinj.com\/blog\/2008\/10\/12\/ferhat-dinoshakoha-ka-deshmuar-politiken-e-drejte-te-udsh-se-2\/#breadcrumb\",\"itemListElement\":[{\"@type\":\"ListItem\",\"position\":1,\"name\":\"Ferhat Dinosha:Koha ka d\u00ebshmuar politik\u00ebn e drejt\u00eb t\u00eb UDSH-s\u00eb (2)\"}]},{\"@type\":\"Person\",\"@id\":\"https:\/\/www.visit-ulcinj.com\/blog\/#\/schema\/person\/dcab619c614d3038751c63bc2aadc06d\",\"name\":\"ulqini\",\"sameAs\":[\"http:\/\/www.visit-ulcinj.com\"],\"url\":\"https:\/\/www.visit-ulcinj.com\/blog\/author\/admin\/\"}]}<\/script>\n<!-- \/ Yoast SEO plugin. -->","yoast_head_json":{"title":"Ferhat Dinosha:Koha ka d\u00ebshmuar politik\u00ebn e drejt\u00eb t\u00eb UDSH-s\u00eb (2) - Lajme nga Ulqini","description":"Koha javore: E njihni, dometh\u00ebn\u00eb e pranoni Ju z. Dinosha si institucion K\u00ebshillin Nacional Shqiptar? F. Dinosha: Ne jemi angazhuar t\u00eb par\u00ebt p\u00ebr K\u00ebshillin","robots":{"index":"index","follow":"follow","max-snippet":"max-snippet:-1","max-image-preview":"max-image-preview:large","max-video-preview":"max-video-preview:-1"},"canonical":"https:\/\/www.visit-ulcinj.com\/blog\/2008\/10\/12\/ferhat-dinoshakoha-ka-deshmuar-politiken-e-drejte-te-udsh-se-2\/","og_locale":"en_US","og_type":"article","og_title":"Ferhat Dinosha:Koha ka d\u00ebshmuar politik\u00ebn e drejt\u00eb t\u00eb UDSH-s\u00eb (2) - Lajme nga Ulqini","og_description":"Koha javore: E njihni, dometh\u00ebn\u00eb e pranoni Ju z. Dinosha si institucion K\u00ebshillin Nacional Shqiptar? F. Dinosha: Ne jemi angazhuar t\u00eb par\u00ebt p\u00ebr K\u00ebshillin","og_url":"https:\/\/www.visit-ulcinj.com\/blog\/2008\/10\/12\/ferhat-dinoshakoha-ka-deshmuar-politiken-e-drejte-te-udsh-se-2\/","og_site_name":"Lajme nga Ulqini","article_published_time":"2008-10-12T19:07:25+00:00","article_modified_time":"2008-10-17T18:13:37+00:00","og_image":[{"url":"http:\/\/www.visit-ulcinj.com\/blog\/wp-content\/uploads\/2008\/10\/ferhat-dinosha_1-2-177x300.jpg"}],"twitter_misc":{"Written by":"ulqini","Est. reading time":"7 minutes"},"schema":{"@context":"https:\/\/schema.org","@graph":[{"@type":"WebSite","@id":"https:\/\/www.visit-ulcinj.com\/blog\/#website","url":"https:\/\/www.visit-ulcinj.com\/blog\/","name":"Lajme nga Ulqini","description":"Lajme,Vijesti,Ulqini,Ulqin,Crna Gora,Mali i Zi","potentialAction":[{"@type":"SearchAction","target":{"@type":"EntryPoint","urlTemplate":"https:\/\/www.visit-ulcinj.com\/blog\/?s={search_term_string}"},"query-input":"required name=search_term_string"}],"inLanguage":"en-US"},{"@type":"ImageObject","inLanguage":"en-US","@id":"https:\/\/www.visit-ulcinj.com\/blog\/2008\/10\/12\/ferhat-dinoshakoha-ka-deshmuar-politiken-e-drejte-te-udsh-se-2\/#primaryimage","url":"http:\/\/www.visit-ulcinj.com\/blog\/wp-content\/uploads\/2008\/10\/ferhat-dinosha_1-2-177x300.jpg","contentUrl":"http:\/\/www.visit-ulcinj.com\/blog\/wp-content\/uploads\/2008\/10\/ferhat-dinosha_1-2-177x300.jpg"},{"@type":"WebPage","@id":"https:\/\/www.visit-ulcinj.com\/blog\/2008\/10\/12\/ferhat-dinoshakoha-ka-deshmuar-politiken-e-drejte-te-udsh-se-2\/#webpage","url":"https:\/\/www.visit-ulcinj.com\/blog\/2008\/10\/12\/ferhat-dinoshakoha-ka-deshmuar-politiken-e-drejte-te-udsh-se-2\/","name":"Ferhat Dinosha:Koha ka d\u00ebshmuar politik\u00ebn e drejt\u00eb t\u00eb UDSH-s\u00eb (2) - Lajme nga Ulqini","isPartOf":{"@id":"https:\/\/www.visit-ulcinj.com\/blog\/#website"},"primaryImageOfPage":{"@id":"https:\/\/www.visit-ulcinj.com\/blog\/2008\/10\/12\/ferhat-dinoshakoha-ka-deshmuar-politiken-e-drejte-te-udsh-se-2\/#primaryimage"},"datePublished":"2008-10-12T19:07:25+00:00","dateModified":"2008-10-17T18:13:37+00:00","author":{"@id":"https:\/\/www.visit-ulcinj.com\/blog\/#\/schema\/person\/dcab619c614d3038751c63bc2aadc06d"},"description":"Koha javore: E njihni, dometh\u00ebn\u00eb e pranoni Ju z. Dinosha si institucion K\u00ebshillin Nacional Shqiptar? F. Dinosha: Ne jemi angazhuar t\u00eb par\u00ebt p\u00ebr K\u00ebshillin","breadcrumb":{"@id":"https:\/\/www.visit-ulcinj.com\/blog\/2008\/10\/12\/ferhat-dinoshakoha-ka-deshmuar-politiken-e-drejte-te-udsh-se-2\/#breadcrumb"},"inLanguage":"en-US","potentialAction":[{"@type":"ReadAction","target":["https:\/\/www.visit-ulcinj.com\/blog\/2008\/10\/12\/ferhat-dinoshakoha-ka-deshmuar-politiken-e-drejte-te-udsh-se-2\/"]}]},{"@type":"BreadcrumbList","@id":"https:\/\/www.visit-ulcinj.com\/blog\/2008\/10\/12\/ferhat-dinoshakoha-ka-deshmuar-politiken-e-drejte-te-udsh-se-2\/#breadcrumb","itemListElement":[{"@type":"ListItem","position":1,"name":"Ferhat Dinosha:Koha ka d\u00ebshmuar politik\u00ebn e drejt\u00eb t\u00eb UDSH-s\u00eb (2)"}]},{"@type":"Person","@id":"https:\/\/www.visit-ulcinj.com\/blog\/#\/schema\/person\/dcab619c614d3038751c63bc2aadc06d","name":"ulqini","sameAs":["http:\/\/www.visit-ulcinj.com"],"url":"https:\/\/www.visit-ulcinj.com\/blog\/author\/admin\/"}]}},"jetpack_featured_media_url":"","jetpack_sharing_enabled":true,"jetpack_shortlink":"https:\/\/wp.me\/pe6lTn-14V","_links":{"self":[{"href":"https:\/\/www.visit-ulcinj.com\/blog\/wp-json\/wp\/v2\/posts\/4149"}],"collection":[{"href":"https:\/\/www.visit-ulcinj.com\/blog\/wp-json\/wp\/v2\/posts"}],"about":[{"href":"https:\/\/www.visit-ulcinj.com\/blog\/wp-json\/wp\/v2\/types\/post"}],"author":[{"embeddable":true,"href":"https:\/\/www.visit-ulcinj.com\/blog\/wp-json\/wp\/v2\/users\/1"}],"replies":[{"embeddable":true,"href":"https:\/\/www.visit-ulcinj.com\/blog\/wp-json\/wp\/v2\/comments?post=4149"}],"version-history":[{"count":0,"href":"https:\/\/www.visit-ulcinj.com\/blog\/wp-json\/wp\/v2\/posts\/4149\/revisions"}],"wp:attachment":[{"href":"https:\/\/www.visit-ulcinj.com\/blog\/wp-json\/wp\/v2\/media?parent=4149"}],"wp:term":[{"taxonomy":"category","embeddable":true,"href":"https:\/\/www.visit-ulcinj.com\/blog\/wp-json\/wp\/v2\/categories?post=4149"},{"taxonomy":"post_tag","embeddable":true,"href":"https:\/\/www.visit-ulcinj.com\/blog\/wp-json\/wp\/v2\/tags?post=4149"}],"curies":[{"name":"wp","href":"https:\/\/api.w.org\/{rel}","templated":true}]}}