{"id":41516,"date":"2010-12-21T22:40:22","date_gmt":"2010-12-21T21:40:22","guid":{"rendered":"http:\/\/www.visit-ulcinj.com\/blog\/?p=41516"},"modified":"2010-12-21T22:43:15","modified_gmt":"2010-12-21T21:43:15","slug":"dafina-zeqiri-s%e2%80%99ka-krize-ne-lidhje","status":"publish","type":"post","link":"https:\/\/www.visit-ulcinj.com\/blog\/2010\/12\/21\/dafina-zeqiri-s%e2%80%99ka-krize-ne-lidhje\/","title":{"rendered":"Dafina Zeqiri s\u2019ka kriz\u00eb n\u00eb lidhje"},"content":{"rendered":"<p><em>Ndarja dhe p\u00ebrleshja e Dafina Zeqirit dhe e Krenar \u00c7o\u00e7aj \u00ebsht\u00eb vet\u00ebm trillim dhe asgj\u00eb tjet\u00ebr. Ata jan\u00eb bashk\u00eb dhe gjenden n\u00eb Gjermani, ku Daffy do t\u00eb k\u00ebndoj\u00eb n\u00eb disa koncerte.<\/em><\/p>\n<p><a href=\"http:\/\/www.visit-ulcinj.com\/blog\/wp-content\/uploads\/2010\/12\/Dafina-Zeqiri-dhe-Krenar-Cocaj.jpg\"><img loading=\"lazy\" class=\"alignleft size-full wp-image-41517\" title=\"Dafina-Zeqiri-dhe-Krenar-Cocaj\" src=\"http:\/\/www.visit-ulcinj.com\/blog\/wp-content\/uploads\/2010\/12\/Dafina-Zeqiri-dhe-Krenar-Cocaj.jpg\" alt=\"\" width=\"508\" height=\"339\" \/><\/a><\/p>\n<p>Thashethemet p\u00ebr ndarjen e k\u00ebng\u00ebtares Dafina Zeqiri dhe Krenar \u00c7o\u00e7aj jan\u00eb vet\u00ebm nj\u00eb spekulim i medieve dhe asgj\u00eb tjet\u00ebr, pasi q\u00eb \u00e7ifti nuk ka pasur asnj\u00eb kriz\u00eb koh\u00ebve t\u00eb fundit.<\/p>\n<p>Realisht, historia e trillimit t\u00eb tregimit se kinse Krenari e ka tradhtuar at\u00eb me modelen Xhulie Nura \u00ebsht\u00eb nj\u00eb histori q\u00eb i takon t\u00eb kaluar\u00ebs s\u00eb Krenarit dhe nuk ka t\u00eb b\u00ebj\u00eb asgj\u00eb m\u00eb lidhjen e tashme t\u00eb k\u00ebng\u00ebtares dhe Krenarit.<\/p>\n<p>\u201cNuk ka pas kurrfar\u00eb p\u00ebrleshje sepse Daffy nuk ka qen\u00eb as t\u00eb premten dhe as t\u00eb shtun\u00ebn n\u00eb lokalin ku thuhet se ka ndodhur p\u00ebrleshja. Ky \u00ebsht\u00eb vet\u00ebm nj\u00eb trillim i medieve dhe asgj\u00eb tjet\u00ebr\u201d, ka th\u00ebn\u00eb p\u00ebr Express Roz\u00eb nj\u00eb burim i af\u00ebrt me k\u00ebng\u00ebtaren Dafina Zeqiri.<br \/>\nRealisht, Express ka tentuar t\u00eb bisedoj\u00eb me Dafin\u00ebn, por k\u00ebng\u00ebtarja nuk ka qen\u00eb n\u00eb Kosov\u00eb.<\/p>\n<p>\u201cAjo \u00ebsht\u00eb n\u00eb Gjermani dhe m\u00eb pastaj do t\u00eb shkoj\u00eb n\u00eb Lond\u00ebr, ku pritet q\u00eb t\u00eb kaloj\u00eb atje fest\u00ebn e Krishtlindjeve dhe Vitit t\u00eb Ri\u201d.<\/p>\n<p>Lajmi i dh\u00ebn\u00eb gjat\u00eb vikendit ishte p\u00ebrcjell\u00eb me zhurm\u00eb t\u00eb madhe n\u00ebp\u00ebr portale t\u00eb ndryshme, nd\u00ebrkaq sipas burimit, pritet q\u00eb Daffy dhe Krenari t\u00eb ngritin edhe padi kund\u00ebr ndonj\u00eb mediumi kosovar.<\/p>\n<p>\u201cLidhja e tyre \u00ebsht\u00eb stabile dhe ata nuk jan\u00eb ndar\u00eb, madje ata kan\u00eb udh\u00ebtuar dje n\u00eb drejtim t\u00eb Gjermanis\u00eb s\u00eb bashku. E t\u00ebr\u00eb kjo \u00ebsht\u00eb nj\u00eb thashetheme. Nuk ka asgj\u00eb t\u00eb v\u00ebrtet\u00eb. Lidhja e Krenarit dhe e Dafin\u00ebs \u00ebsht\u00eb nj\u00eb lidhje stabile\u201d, ka th\u00ebn\u00eb burimi.<\/p>\n<p>Kjo histori kishte t\u00eb b\u00ebnte me nj\u00eb foto t\u00eb Krenarit, kur ai ishte shum\u00eb i ri, madje kjo shihet edhe n\u00eb foton e publikuar, ku thuhet se \u00ebsht\u00eb Xhulia, por n\u00eb at\u00eb foto \u00ebsht\u00eb nj\u00eb person tjet\u00ebr dhe nuk \u00ebsht\u00eb Xhulia ashtu si\u00e7 kan\u00eb pretenduar mediet<\/p>\n<p>\u201cPra nuk \u00ebsht\u00eb nj\u00eb foto e k\u00ebsaj kohe dhe p\u00ebr me tep\u00ebr Krenari \u00ebsht\u00eb me nj\u00eb vajz\u00eb tjet\u00ebr dhe jo me modelen ashtu sikurse kan\u00eb pretenduar mediet\u201d.<\/p>\n<p>Por, pavar\u00ebsisht k\u00ebsaj, shum\u00eb media n\u00eb Kosov\u00eb dhe Shqip\u00ebri kan\u00eb keqp\u00ebrdorur edhe nj\u00eb citat t\u00eb Dafina Zeqirit, e cila madje kishte th\u00ebn\u00eb se ajo foto i takon s\u00eb kaluar\u00ebs s\u00eb Krenarit dhe nuk ka t\u00eb b\u00ebj\u00eb me k\u00ebt\u00eb rast.<\/p>\n<p>\u201cAjo foto \u00ebsht\u00eb nj\u00eb e kaluar e Krenarit dhe nuk komentoj p\u00ebr t\u00eb kaluar\u00ebn e askujt, sepse jetoj p\u00ebr sot dhe p\u00ebr t\u00eb ardhmen. A p\u00ebr Xhulie Nur\u00ebn me vjen keq, por as q\u00eb e njoh k\u00ebt\u00eb vajz\u00eb\u201d, ka th\u00ebn\u00eb Daffy p\u00ebr gazet\u00ebn \u201cPanorama\u201d dje.<\/p>\n<p>Kjo n\u00eb fakt ka hequr dilemat se ka ndodhur ndonj\u00eb p\u00ebrleshje n\u00eb mes t\u00eb dy VIP-ve ashtu sikurse \u00ebsht\u00eb th\u00ebn\u00eb n\u00ebp\u00ebr media gjat\u00eb dit\u00ebs s\u00eb shtun\u00eb dhe t\u00eb diel.<\/p>\n<p>\u201cKam d\u00ebgjuar p\u00ebr t\u00eb si p\u00ebr \u00e7do nj\u00ebri tjet\u00ebr n\u00eb Kosov\u00eb, n\u00ebp\u00ebrmjet videove dhe fotove t\u00eb saj dhe asgj\u00eb tjet\u00ebr nuk mund t\u00eb shtoj\u201d, ka th\u00ebn\u00eb Daffy n\u00eb k\u00ebt\u00eb prononcim p\u00ebr gazet\u00ebn e cila m\u00eb s\u00eb shumti i kishte dh\u00ebn\u00eb hap\u00ebsir\u00eb k\u00ebsaj ngjarjeje.<\/p>\n<p>Por, burimi thot\u00eb se madje Krenari nuk ka qen\u00eb n\u00eb lidhje me ask\u00ebnd, kur Dafina ishte n\u00eb Suedi. \u201cAi ka q\u00ebndruar t\u00eb disa t\u00eb af\u00ebrm t\u00eb tij dhe se nuk b\u00ebhet fjal\u00eb p\u00ebr kurrfar\u00eb tradhtie n\u00eb mes t\u00eb k\u00ebtij \u00e7ifti\u201d.<\/p>\n<p>Dafina Zeqiri dhe Krenar \u00c7o\u00e7aj jan\u00eb t\u00eb fejuar dhe \u00ebsht\u00eb pritur nj\u00eb martes\u00eb e tyre k\u00ebt\u00eb vit, por m\u00eb sa duket ajo do t\u00eb shtyhet p\u00ebr vitin e ardhsh\u00ebm.<\/p>\n<!--YouTube Error: bad URL entered-->\n","protected":false},"excerpt":{"rendered":"<p>Ndarja dhe p\u00ebrleshja e Dafina Zeqirit dhe e Krenar \u00c7o\u00e7aj \u00ebsht\u00eb vet\u00ebm trillim dhe asgj\u00eb tjet\u00ebr. Ata jan\u00eb bashk\u00eb dhe gjenden n\u00eb Gjermani, ku Daffy do t\u00eb k\u00ebndoj\u00eb n\u00eb disa koncerte. Thashethemet p\u00ebr ndarjen e k\u00ebng\u00ebtares Dafina Zeqiri dhe Krenar \u00c7o\u00e7aj jan\u00eb vet\u00ebm nj\u00eb spekulim i medieve dhe asgj\u00eb tjet\u00ebr, pasi q\u00eb \u00e7ifti nuk ka [&hellip;]<\/p>\n","protected":false},"author":1,"featured_media":0,"comment_status":"open","ping_status":"closed","sticky":false,"template":"","format":"standard","meta":{"spay_email":"","jetpack_publicize_message":"","jetpack_is_tweetstorm":false,"jetpack_publicize_feature_enabled":true},"categories":[1],"tags":[4926,12655,16781,6693,16783,16784,16782],"jetpack_publicize_connections":[],"yoast_head":"<!-- This site is optimized with the Yoast SEO plugin v19.1 - https:\/\/yoast.com\/wordpress\/plugins\/seo\/ -->\n<title>Dafina Zeqiri s\u2019ka kriz\u00eb n\u00eb lidhje - Lajme nga Ulqini<\/title>\n<meta name=\"description\" content=\"Ndarja dhe p\u00ebrleshja e Dafina Zeqirit dhe e Krenar \u00c7o\u00e7aj \u00ebsht\u00eb vet\u00ebm trillim dhe asgj\u00eb tjet\u00ebr. Ata jan\u00eb bashk\u00eb dhe gjenden n\u00eb Gjermani, ku Daffy do t\u00eb\" \/>\n<meta name=\"robots\" content=\"index, follow, max-snippet:-1, max-image-preview:large, max-video-preview:-1\" \/>\n<link rel=\"canonical\" href=\"https:\/\/www.visit-ulcinj.com\/blog\/2010\/12\/21\/dafina-zeqiri-s\u2019ka-krize-ne-lidhje\/\" \/>\n<meta property=\"og:locale\" content=\"en_US\" \/>\n<meta property=\"og:type\" content=\"article\" \/>\n<meta property=\"og:title\" content=\"Dafina Zeqiri s\u2019ka kriz\u00eb n\u00eb lidhje - Lajme nga Ulqini\" \/>\n<meta property=\"og:description\" content=\"Ndarja dhe p\u00ebrleshja e Dafina Zeqirit dhe e Krenar \u00c7o\u00e7aj \u00ebsht\u00eb vet\u00ebm trillim dhe asgj\u00eb tjet\u00ebr. Ata jan\u00eb bashk\u00eb dhe gjenden n\u00eb Gjermani, ku Daffy do t\u00eb\" \/>\n<meta property=\"og:url\" content=\"https:\/\/www.visit-ulcinj.com\/blog\/2010\/12\/21\/dafina-zeqiri-s\u2019ka-krize-ne-lidhje\/\" \/>\n<meta property=\"og:site_name\" content=\"Lajme nga Ulqini\" \/>\n<meta property=\"article:published_time\" content=\"2010-12-21T21:40:22+00:00\" \/>\n<meta property=\"article:modified_time\" content=\"2010-12-21T21:43:15+00:00\" \/>\n<meta property=\"og:image\" content=\"http:\/\/www.visit-ulcinj.com\/blog\/wp-content\/uploads\/2010\/12\/Dafina-Zeqiri-dhe-Krenar-Cocaj.jpg\" \/>\n<meta name=\"twitter:label1\" content=\"Written by\" \/>\n\t<meta name=\"twitter:data1\" content=\"ulqini\" \/>\n\t<meta name=\"twitter:label2\" content=\"Est. reading time\" \/>\n\t<meta name=\"twitter:data2\" content=\"3 minutes\" \/>\n<script type=\"application\/ld+json\" class=\"yoast-schema-graph\">{\"@context\":\"https:\/\/schema.org\",\"@graph\":[{\"@type\":\"WebSite\",\"@id\":\"https:\/\/www.visit-ulcinj.com\/blog\/#website\",\"url\":\"https:\/\/www.visit-ulcinj.com\/blog\/\",\"name\":\"Lajme nga Ulqini\",\"description\":\"Lajme,Vijesti,Ulqini,Ulqin,Crna Gora,Mali i Zi\",\"potentialAction\":[{\"@type\":\"SearchAction\",\"target\":{\"@type\":\"EntryPoint\",\"urlTemplate\":\"https:\/\/www.visit-ulcinj.com\/blog\/?s={search_term_string}\"},\"query-input\":\"required name=search_term_string\"}],\"inLanguage\":\"en-US\"},{\"@type\":\"ImageObject\",\"inLanguage\":\"en-US\",\"@id\":\"https:\/\/www.visit-ulcinj.com\/blog\/2010\/12\/21\/dafina-zeqiri-s%e2%80%99ka-krize-ne-lidhje\/#primaryimage\",\"url\":\"http:\/\/www.visit-ulcinj.com\/blog\/wp-content\/uploads\/2010\/12\/Dafina-Zeqiri-dhe-Krenar-Cocaj.jpg\",\"contentUrl\":\"http:\/\/www.visit-ulcinj.com\/blog\/wp-content\/uploads\/2010\/12\/Dafina-Zeqiri-dhe-Krenar-Cocaj.jpg\"},{\"@type\":\"WebPage\",\"@id\":\"https:\/\/www.visit-ulcinj.com\/blog\/2010\/12\/21\/dafina-zeqiri-s%e2%80%99ka-krize-ne-lidhje\/#webpage\",\"url\":\"https:\/\/www.visit-ulcinj.com\/blog\/2010\/12\/21\/dafina-zeqiri-s%e2%80%99ka-krize-ne-lidhje\/\",\"name\":\"Dafina Zeqiri s\u2019ka kriz\u00eb n\u00eb lidhje - Lajme nga Ulqini\",\"isPartOf\":{\"@id\":\"https:\/\/www.visit-ulcinj.com\/blog\/#website\"},\"primaryImageOfPage\":{\"@id\":\"https:\/\/www.visit-ulcinj.com\/blog\/2010\/12\/21\/dafina-zeqiri-s%e2%80%99ka-krize-ne-lidhje\/#primaryimage\"},\"datePublished\":\"2010-12-21T21:40:22+00:00\",\"dateModified\":\"2010-12-21T21:43:15+00:00\",\"author\":{\"@id\":\"https:\/\/www.visit-ulcinj.com\/blog\/#\/schema\/person\/dcab619c614d3038751c63bc2aadc06d\"},\"description\":\"Ndarja dhe p\u00ebrleshja e Dafina Zeqirit dhe e Krenar \u00c7o\u00e7aj \u00ebsht\u00eb vet\u00ebm trillim dhe asgj\u00eb tjet\u00ebr. Ata jan\u00eb bashk\u00eb dhe gjenden n\u00eb Gjermani, ku Daffy do t\u00eb\",\"breadcrumb\":{\"@id\":\"https:\/\/www.visit-ulcinj.com\/blog\/2010\/12\/21\/dafina-zeqiri-s%e2%80%99ka-krize-ne-lidhje\/#breadcrumb\"},\"inLanguage\":\"en-US\",\"potentialAction\":[{\"@type\":\"ReadAction\",\"target\":[\"https:\/\/www.visit-ulcinj.com\/blog\/2010\/12\/21\/dafina-zeqiri-s%e2%80%99ka-krize-ne-lidhje\/\"]}]},{\"@type\":\"BreadcrumbList\",\"@id\":\"https:\/\/www.visit-ulcinj.com\/blog\/2010\/12\/21\/dafina-zeqiri-s%e2%80%99ka-krize-ne-lidhje\/#breadcrumb\",\"itemListElement\":[{\"@type\":\"ListItem\",\"position\":1,\"name\":\"Dafina Zeqiri s\u2019ka kriz\u00eb n\u00eb lidhje\"}]},{\"@type\":\"Person\",\"@id\":\"https:\/\/www.visit-ulcinj.com\/blog\/#\/schema\/person\/dcab619c614d3038751c63bc2aadc06d\",\"name\":\"ulqini\",\"sameAs\":[\"http:\/\/www.visit-ulcinj.com\"],\"url\":\"https:\/\/www.visit-ulcinj.com\/blog\/author\/admin\/\"}]}<\/script>\n<!-- \/ Yoast SEO plugin. -->","yoast_head_json":{"title":"Dafina Zeqiri s\u2019ka kriz\u00eb n\u00eb lidhje - Lajme nga Ulqini","description":"Ndarja dhe p\u00ebrleshja e Dafina Zeqirit dhe e Krenar \u00c7o\u00e7aj \u00ebsht\u00eb vet\u00ebm trillim dhe asgj\u00eb tjet\u00ebr. Ata jan\u00eb bashk\u00eb dhe gjenden n\u00eb Gjermani, ku Daffy do t\u00eb","robots":{"index":"index","follow":"follow","max-snippet":"max-snippet:-1","max-image-preview":"max-image-preview:large","max-video-preview":"max-video-preview:-1"},"canonical":"https:\/\/www.visit-ulcinj.com\/blog\/2010\/12\/21\/dafina-zeqiri-s\u2019ka-krize-ne-lidhje\/","og_locale":"en_US","og_type":"article","og_title":"Dafina Zeqiri s\u2019ka kriz\u00eb n\u00eb lidhje - Lajme nga Ulqini","og_description":"Ndarja dhe p\u00ebrleshja e Dafina Zeqirit dhe e Krenar \u00c7o\u00e7aj \u00ebsht\u00eb vet\u00ebm trillim dhe asgj\u00eb tjet\u00ebr. Ata jan\u00eb bashk\u00eb dhe gjenden n\u00eb Gjermani, ku Daffy do t\u00eb","og_url":"https:\/\/www.visit-ulcinj.com\/blog\/2010\/12\/21\/dafina-zeqiri-s\u2019ka-krize-ne-lidhje\/","og_site_name":"Lajme nga Ulqini","article_published_time":"2010-12-21T21:40:22+00:00","article_modified_time":"2010-12-21T21:43:15+00:00","og_image":[{"url":"http:\/\/www.visit-ulcinj.com\/blog\/wp-content\/uploads\/2010\/12\/Dafina-Zeqiri-dhe-Krenar-Cocaj.jpg"}],"twitter_misc":{"Written by":"ulqini","Est. reading time":"3 minutes"},"schema":{"@context":"https:\/\/schema.org","@graph":[{"@type":"WebSite","@id":"https:\/\/www.visit-ulcinj.com\/blog\/#website","url":"https:\/\/www.visit-ulcinj.com\/blog\/","name":"Lajme nga Ulqini","description":"Lajme,Vijesti,Ulqini,Ulqin,Crna Gora,Mali i Zi","potentialAction":[{"@type":"SearchAction","target":{"@type":"EntryPoint","urlTemplate":"https:\/\/www.visit-ulcinj.com\/blog\/?s={search_term_string}"},"query-input":"required name=search_term_string"}],"inLanguage":"en-US"},{"@type":"ImageObject","inLanguage":"en-US","@id":"https:\/\/www.visit-ulcinj.com\/blog\/2010\/12\/21\/dafina-zeqiri-s%e2%80%99ka-krize-ne-lidhje\/#primaryimage","url":"http:\/\/www.visit-ulcinj.com\/blog\/wp-content\/uploads\/2010\/12\/Dafina-Zeqiri-dhe-Krenar-Cocaj.jpg","contentUrl":"http:\/\/www.visit-ulcinj.com\/blog\/wp-content\/uploads\/2010\/12\/Dafina-Zeqiri-dhe-Krenar-Cocaj.jpg"},{"@type":"WebPage","@id":"https:\/\/www.visit-ulcinj.com\/blog\/2010\/12\/21\/dafina-zeqiri-s%e2%80%99ka-krize-ne-lidhje\/#webpage","url":"https:\/\/www.visit-ulcinj.com\/blog\/2010\/12\/21\/dafina-zeqiri-s%e2%80%99ka-krize-ne-lidhje\/","name":"Dafina Zeqiri s\u2019ka kriz\u00eb n\u00eb lidhje - Lajme nga Ulqini","isPartOf":{"@id":"https:\/\/www.visit-ulcinj.com\/blog\/#website"},"primaryImageOfPage":{"@id":"https:\/\/www.visit-ulcinj.com\/blog\/2010\/12\/21\/dafina-zeqiri-s%e2%80%99ka-krize-ne-lidhje\/#primaryimage"},"datePublished":"2010-12-21T21:40:22+00:00","dateModified":"2010-12-21T21:43:15+00:00","author":{"@id":"https:\/\/www.visit-ulcinj.com\/blog\/#\/schema\/person\/dcab619c614d3038751c63bc2aadc06d"},"description":"Ndarja dhe p\u00ebrleshja e Dafina Zeqirit dhe e Krenar \u00c7o\u00e7aj \u00ebsht\u00eb vet\u00ebm trillim dhe asgj\u00eb tjet\u00ebr. Ata jan\u00eb bashk\u00eb dhe gjenden n\u00eb Gjermani, ku Daffy do t\u00eb","breadcrumb":{"@id":"https:\/\/www.visit-ulcinj.com\/blog\/2010\/12\/21\/dafina-zeqiri-s%e2%80%99ka-krize-ne-lidhje\/#breadcrumb"},"inLanguage":"en-US","potentialAction":[{"@type":"ReadAction","target":["https:\/\/www.visit-ulcinj.com\/blog\/2010\/12\/21\/dafina-zeqiri-s%e2%80%99ka-krize-ne-lidhje\/"]}]},{"@type":"BreadcrumbList","@id":"https:\/\/www.visit-ulcinj.com\/blog\/2010\/12\/21\/dafina-zeqiri-s%e2%80%99ka-krize-ne-lidhje\/#breadcrumb","itemListElement":[{"@type":"ListItem","position":1,"name":"Dafina Zeqiri s\u2019ka kriz\u00eb n\u00eb lidhje"}]},{"@type":"Person","@id":"https:\/\/www.visit-ulcinj.com\/blog\/#\/schema\/person\/dcab619c614d3038751c63bc2aadc06d","name":"ulqini","sameAs":["http:\/\/www.visit-ulcinj.com"],"url":"https:\/\/www.visit-ulcinj.com\/blog\/author\/admin\/"}]}},"jetpack_featured_media_url":"","jetpack_sharing_enabled":true,"jetpack_shortlink":"https:\/\/wp.me\/pe6lTn-aNC","_links":{"self":[{"href":"https:\/\/www.visit-ulcinj.com\/blog\/wp-json\/wp\/v2\/posts\/41516"}],"collection":[{"href":"https:\/\/www.visit-ulcinj.com\/blog\/wp-json\/wp\/v2\/posts"}],"about":[{"href":"https:\/\/www.visit-ulcinj.com\/blog\/wp-json\/wp\/v2\/types\/post"}],"author":[{"embeddable":true,"href":"https:\/\/www.visit-ulcinj.com\/blog\/wp-json\/wp\/v2\/users\/1"}],"replies":[{"embeddable":true,"href":"https:\/\/www.visit-ulcinj.com\/blog\/wp-json\/wp\/v2\/comments?post=41516"}],"version-history":[{"count":0,"href":"https:\/\/www.visit-ulcinj.com\/blog\/wp-json\/wp\/v2\/posts\/41516\/revisions"}],"wp:attachment":[{"href":"https:\/\/www.visit-ulcinj.com\/blog\/wp-json\/wp\/v2\/media?parent=41516"}],"wp:term":[{"taxonomy":"category","embeddable":true,"href":"https:\/\/www.visit-ulcinj.com\/blog\/wp-json\/wp\/v2\/categories?post=41516"},{"taxonomy":"post_tag","embeddable":true,"href":"https:\/\/www.visit-ulcinj.com\/blog\/wp-json\/wp\/v2\/tags?post=41516"}],"curies":[{"name":"wp","href":"https:\/\/api.w.org\/{rel}","templated":true}]}}