{"id":4152,"date":"2008-10-12T14:15:24","date_gmt":"2008-10-12T19:15:24","guid":{"rendered":"http:\/\/www.visit-ulcinj.com\/blog\/?p=4152"},"modified":"2008-10-17T13:13:29","modified_gmt":"2008-10-17T18:13:29","slug":"zepter-crna-gora-zasluzuje-da-bude-kao-monaco","status":"publish","type":"post","link":"https:\/\/www.visit-ulcinj.com\/blog\/2008\/10\/12\/zepter-crna-gora-zasluzuje-da-bude-kao-monaco\/","title":{"rendered":"Zepter: Crna Gora zaslu\u017euje da bude kao Monaco"},"content":{"rendered":"<p><a href=\"http:\/\/www.seebiz.eu\/files\/img\/2008\/2\/5\/zepter.jpg\"><img loading=\"lazy\" class=\"alignleft\" src=\"http:\/\/www.seebiz.eu\/files\/img\/2008\/2\/5\/zepter.jpg\" alt=\"\" width=\"356\" height=\"238\" \/><\/a>PODGORICA &#8211; \u0160vajcarska firma Home Art and Sales Services ?e ukoliko pobijedi na tenderu za Institut \u201cSimo Milo\u0161evi?\u201d ulo\u017eiti najmanje 150 miliona EUR u stvaranje najsavremenijeg kompleksa za odmor, relaksaciju i lije?enje, saop\u0161tio je njen vlasnik Filip Jankovi? Zepter.<br \/>\nJankovi? je rekao da namjerava da unaprijedi zdravstveni turizam u Crnoj Gori i dovede pripadnike svjetskog d\u017eet-seta.<br \/>\n&#8220;Crna Gora u tom smislu zaslu\u017euje da bude poput Monaca i Monte Carla&#8221;, kazao je Jankovi? za Vijesti.<br \/>\nBrojni ?asopisi u regionu i centralnoj i isto?noj Evropi svrstavaju Jankovi?a me?u najbogatilje ljude u ovom dijelu svijetu, sa imovinom od preko ?etiri milijarde USD. U istim anketama, od srpskih biznismena iza njega su svrstani Miroslav Mi\u0161kovi? i Stanko Suboti?, koji su svoj biznis pro\u0161irili na Crnu Goru.<br \/>\nJankovi? je dodao da je njihov osnovni cilj da, koriste?i dosada\u0161nje iskustvo u biznisu, dobre poslovne kontakte i reputaciju koju ima Zepter grupa u doma?im i stranim poslovnim i finansijkim krugovima, od Instituta napravi najsavremeniji kompleks za odmor, relaksaciju i lije?enje, sli?an onim na Zapadu.<br \/>\n&#8220;Prate?i svjetske trendove i potrebe savremenog ?ovjeka, napravi?emo morski spa centar, koji ?e privu?i ne samo turiste, ve? i poslovnu klijentelu iz cijelog svijeta, jer ?emo im pru\u017eiti kompletnu uslugu oporavka i relaksacije. Planiramo ulaganja od 150 miliona EUR u razvoj i savremeniji pristup lije?enju, ali o svemu tome ?emo vi\u0161e mo?i da pri?amo tek kada tender bude zavr\u0161en&#8221;, saop\u0161tio je Jankovi?.<br \/>\nPrema njegovim rije?ima, misija kompanije je usmjerena ka pronala\u017eenju kvalitetnih rje\u0161enja za njegu i o?uvanje zdravlja ljudi.<br \/>\n&#8220;Dokaz za to je 65 miliona zadovoljnih korisnika \u0161irom svijeta. Iako se do sada nijesmo bavili zdravstvenim turizmom, imamo vi\u0161egodi\u0161nje internacionalno iskustvo u oblasti turizma, i spadamo me?u najpoznatije proizvo?a?e medicinskih aparata&#8221;, podsjetio je Jankovi?.<br \/>\n<strong>Izvor \/ Mina-business <\/strong><br \/>\n<!-- vimeo error: not a vimeo video --><\/p>\n","protected":false},"excerpt":{"rendered":"<p>PODGORICA &#8211; \u0160vajcarska firma Home Art and Sales Services ?e ukoliko pobijedi na tenderu za Institut \u201cSimo Milo\u0161evi?\u201d ulo\u017eiti najmanje 150 miliona EUR u stvaranje najsavremenijeg kompleksa za odmor, relaksaciju i lije?enje, saop\u0161tio je njen vlasnik Filip Jankovi? Zepter. Jankovi? je rekao da namjerava da unaprijedi zdravstveni turizam u Crnoj Gori i dovede pripadnike svjetskog [&hellip;]<\/p>\n","protected":false},"author":1,"featured_media":0,"comment_status":"open","ping_status":"closed","sticky":false,"template":"","format":"standard","meta":{"spay_email":"","jetpack_publicize_message":"","jetpack_is_tweetstorm":false,"jetpack_publicize_feature_enabled":true},"categories":[10,12,15],"tags":[20,4651],"jetpack_publicize_connections":[],"yoast_head":"<!-- This site is optimized with the Yoast SEO plugin v19.1 - https:\/\/yoast.com\/wordpress\/plugins\/seo\/ -->\n<title>Zepter: Crna Gora zaslu\u017euje da bude kao Monaco - Lajme nga Ulqini<\/title>\n<meta name=\"description\" content=\"PODGORICA - \u0160vajcarska firma Home Art and Sales Services ?e ukoliko pobijedi na tenderu za Institut \u201cSimo Milo\u0161evi?\u201d ulo\u017eiti najmanje 150 miliona EUR u\" \/>\n<meta name=\"robots\" content=\"index, follow, max-snippet:-1, max-image-preview:large, max-video-preview:-1\" \/>\n<link rel=\"canonical\" href=\"https:\/\/www.visit-ulcinj.com\/blog\/2008\/10\/12\/zepter-crna-gora-zasluzuje-da-bude-kao-monaco\/\" \/>\n<meta property=\"og:locale\" content=\"en_US\" \/>\n<meta property=\"og:type\" content=\"article\" \/>\n<meta property=\"og:title\" content=\"Zepter: Crna Gora zaslu\u017euje da bude kao Monaco - Lajme nga Ulqini\" \/>\n<meta property=\"og:description\" content=\"PODGORICA - \u0160vajcarska firma Home Art and Sales Services ?e ukoliko pobijedi na tenderu za Institut \u201cSimo Milo\u0161evi?\u201d ulo\u017eiti najmanje 150 miliona EUR u\" \/>\n<meta property=\"og:url\" content=\"https:\/\/www.visit-ulcinj.com\/blog\/2008\/10\/12\/zepter-crna-gora-zasluzuje-da-bude-kao-monaco\/\" \/>\n<meta property=\"og:site_name\" content=\"Lajme nga Ulqini\" \/>\n<meta property=\"article:published_time\" content=\"2008-10-12T19:15:24+00:00\" \/>\n<meta property=\"article:modified_time\" content=\"2008-10-17T18:13:29+00:00\" \/>\n<meta property=\"og:image\" content=\"http:\/\/www.seebiz.eu\/files\/img\/2008\/2\/5\/zepter.jpg\" \/>\n<meta name=\"twitter:label1\" content=\"Written by\" \/>\n\t<meta name=\"twitter:data1\" content=\"ulqini\" \/>\n\t<meta name=\"twitter:label2\" content=\"Est. reading time\" \/>\n\t<meta name=\"twitter:data2\" content=\"2 minutes\" \/>\n<script type=\"application\/ld+json\" class=\"yoast-schema-graph\">{\"@context\":\"https:\/\/schema.org\",\"@graph\":[{\"@type\":\"WebSite\",\"@id\":\"https:\/\/www.visit-ulcinj.com\/blog\/#website\",\"url\":\"https:\/\/www.visit-ulcinj.com\/blog\/\",\"name\":\"Lajme nga Ulqini\",\"description\":\"Lajme,Vijesti,Ulqini,Ulqin,Crna Gora,Mali i Zi\",\"potentialAction\":[{\"@type\":\"SearchAction\",\"target\":{\"@type\":\"EntryPoint\",\"urlTemplate\":\"https:\/\/www.visit-ulcinj.com\/blog\/?s={search_term_string}\"},\"query-input\":\"required name=search_term_string\"}],\"inLanguage\":\"en-US\"},{\"@type\":\"ImageObject\",\"inLanguage\":\"en-US\",\"@id\":\"https:\/\/www.visit-ulcinj.com\/blog\/2008\/10\/12\/zepter-crna-gora-zasluzuje-da-bude-kao-monaco\/#primaryimage\",\"url\":\"http:\/\/www.seebiz.eu\/files\/img\/2008\/2\/5\/zepter.jpg\",\"contentUrl\":\"http:\/\/www.seebiz.eu\/files\/img\/2008\/2\/5\/zepter.jpg\"},{\"@type\":\"WebPage\",\"@id\":\"https:\/\/www.visit-ulcinj.com\/blog\/2008\/10\/12\/zepter-crna-gora-zasluzuje-da-bude-kao-monaco\/#webpage\",\"url\":\"https:\/\/www.visit-ulcinj.com\/blog\/2008\/10\/12\/zepter-crna-gora-zasluzuje-da-bude-kao-monaco\/\",\"name\":\"Zepter: Crna Gora zaslu\u017euje da bude kao Monaco - Lajme nga Ulqini\",\"isPartOf\":{\"@id\":\"https:\/\/www.visit-ulcinj.com\/blog\/#website\"},\"primaryImageOfPage\":{\"@id\":\"https:\/\/www.visit-ulcinj.com\/blog\/2008\/10\/12\/zepter-crna-gora-zasluzuje-da-bude-kao-monaco\/#primaryimage\"},\"datePublished\":\"2008-10-12T19:15:24+00:00\",\"dateModified\":\"2008-10-17T18:13:29+00:00\",\"author\":{\"@id\":\"https:\/\/www.visit-ulcinj.com\/blog\/#\/schema\/person\/dcab619c614d3038751c63bc2aadc06d\"},\"description\":\"PODGORICA - \u0160vajcarska firma Home Art and Sales Services ?e ukoliko pobijedi na tenderu za Institut \u201cSimo Milo\u0161evi?\u201d ulo\u017eiti najmanje 150 miliona EUR u\",\"breadcrumb\":{\"@id\":\"https:\/\/www.visit-ulcinj.com\/blog\/2008\/10\/12\/zepter-crna-gora-zasluzuje-da-bude-kao-monaco\/#breadcrumb\"},\"inLanguage\":\"en-US\",\"potentialAction\":[{\"@type\":\"ReadAction\",\"target\":[\"https:\/\/www.visit-ulcinj.com\/blog\/2008\/10\/12\/zepter-crna-gora-zasluzuje-da-bude-kao-monaco\/\"]}]},{\"@type\":\"BreadcrumbList\",\"@id\":\"https:\/\/www.visit-ulcinj.com\/blog\/2008\/10\/12\/zepter-crna-gora-zasluzuje-da-bude-kao-monaco\/#breadcrumb\",\"itemListElement\":[{\"@type\":\"ListItem\",\"position\":1,\"name\":\"Zepter: Crna Gora zaslu\u017euje da bude kao Monaco\"}]},{\"@type\":\"Person\",\"@id\":\"https:\/\/www.visit-ulcinj.com\/blog\/#\/schema\/person\/dcab619c614d3038751c63bc2aadc06d\",\"name\":\"ulqini\",\"sameAs\":[\"http:\/\/www.visit-ulcinj.com\"],\"url\":\"https:\/\/www.visit-ulcinj.com\/blog\/author\/admin\/\"}]}<\/script>\n<!-- \/ Yoast SEO plugin. -->","yoast_head_json":{"title":"Zepter: Crna Gora zaslu\u017euje da bude kao Monaco - Lajme nga Ulqini","description":"PODGORICA - \u0160vajcarska firma Home Art and Sales Services ?e ukoliko pobijedi na tenderu za Institut \u201cSimo Milo\u0161evi?\u201d ulo\u017eiti najmanje 150 miliona EUR u","robots":{"index":"index","follow":"follow","max-snippet":"max-snippet:-1","max-image-preview":"max-image-preview:large","max-video-preview":"max-video-preview:-1"},"canonical":"https:\/\/www.visit-ulcinj.com\/blog\/2008\/10\/12\/zepter-crna-gora-zasluzuje-da-bude-kao-monaco\/","og_locale":"en_US","og_type":"article","og_title":"Zepter: Crna Gora zaslu\u017euje da bude kao Monaco - Lajme nga Ulqini","og_description":"PODGORICA - \u0160vajcarska firma Home Art and Sales Services ?e ukoliko pobijedi na tenderu za Institut \u201cSimo Milo\u0161evi?\u201d ulo\u017eiti najmanje 150 miliona EUR u","og_url":"https:\/\/www.visit-ulcinj.com\/blog\/2008\/10\/12\/zepter-crna-gora-zasluzuje-da-bude-kao-monaco\/","og_site_name":"Lajme nga Ulqini","article_published_time":"2008-10-12T19:15:24+00:00","article_modified_time":"2008-10-17T18:13:29+00:00","og_image":[{"url":"http:\/\/www.seebiz.eu\/files\/img\/2008\/2\/5\/zepter.jpg"}],"twitter_misc":{"Written by":"ulqini","Est. reading time":"2 minutes"},"schema":{"@context":"https:\/\/schema.org","@graph":[{"@type":"WebSite","@id":"https:\/\/www.visit-ulcinj.com\/blog\/#website","url":"https:\/\/www.visit-ulcinj.com\/blog\/","name":"Lajme nga Ulqini","description":"Lajme,Vijesti,Ulqini,Ulqin,Crna Gora,Mali i Zi","potentialAction":[{"@type":"SearchAction","target":{"@type":"EntryPoint","urlTemplate":"https:\/\/www.visit-ulcinj.com\/blog\/?s={search_term_string}"},"query-input":"required name=search_term_string"}],"inLanguage":"en-US"},{"@type":"ImageObject","inLanguage":"en-US","@id":"https:\/\/www.visit-ulcinj.com\/blog\/2008\/10\/12\/zepter-crna-gora-zasluzuje-da-bude-kao-monaco\/#primaryimage","url":"http:\/\/www.seebiz.eu\/files\/img\/2008\/2\/5\/zepter.jpg","contentUrl":"http:\/\/www.seebiz.eu\/files\/img\/2008\/2\/5\/zepter.jpg"},{"@type":"WebPage","@id":"https:\/\/www.visit-ulcinj.com\/blog\/2008\/10\/12\/zepter-crna-gora-zasluzuje-da-bude-kao-monaco\/#webpage","url":"https:\/\/www.visit-ulcinj.com\/blog\/2008\/10\/12\/zepter-crna-gora-zasluzuje-da-bude-kao-monaco\/","name":"Zepter: Crna Gora zaslu\u017euje da bude kao Monaco - Lajme nga Ulqini","isPartOf":{"@id":"https:\/\/www.visit-ulcinj.com\/blog\/#website"},"primaryImageOfPage":{"@id":"https:\/\/www.visit-ulcinj.com\/blog\/2008\/10\/12\/zepter-crna-gora-zasluzuje-da-bude-kao-monaco\/#primaryimage"},"datePublished":"2008-10-12T19:15:24+00:00","dateModified":"2008-10-17T18:13:29+00:00","author":{"@id":"https:\/\/www.visit-ulcinj.com\/blog\/#\/schema\/person\/dcab619c614d3038751c63bc2aadc06d"},"description":"PODGORICA - \u0160vajcarska firma Home Art and Sales Services ?e ukoliko pobijedi na tenderu za Institut \u201cSimo Milo\u0161evi?\u201d ulo\u017eiti najmanje 150 miliona EUR u","breadcrumb":{"@id":"https:\/\/www.visit-ulcinj.com\/blog\/2008\/10\/12\/zepter-crna-gora-zasluzuje-da-bude-kao-monaco\/#breadcrumb"},"inLanguage":"en-US","potentialAction":[{"@type":"ReadAction","target":["https:\/\/www.visit-ulcinj.com\/blog\/2008\/10\/12\/zepter-crna-gora-zasluzuje-da-bude-kao-monaco\/"]}]},{"@type":"BreadcrumbList","@id":"https:\/\/www.visit-ulcinj.com\/blog\/2008\/10\/12\/zepter-crna-gora-zasluzuje-da-bude-kao-monaco\/#breadcrumb","itemListElement":[{"@type":"ListItem","position":1,"name":"Zepter: Crna Gora zaslu\u017euje da bude kao Monaco"}]},{"@type":"Person","@id":"https:\/\/www.visit-ulcinj.com\/blog\/#\/schema\/person\/dcab619c614d3038751c63bc2aadc06d","name":"ulqini","sameAs":["http:\/\/www.visit-ulcinj.com"],"url":"https:\/\/www.visit-ulcinj.com\/blog\/author\/admin\/"}]}},"jetpack_featured_media_url":"","jetpack_sharing_enabled":true,"jetpack_shortlink":"https:\/\/wp.me\/pe6lTn-14Y","_links":{"self":[{"href":"https:\/\/www.visit-ulcinj.com\/blog\/wp-json\/wp\/v2\/posts\/4152"}],"collection":[{"href":"https:\/\/www.visit-ulcinj.com\/blog\/wp-json\/wp\/v2\/posts"}],"about":[{"href":"https:\/\/www.visit-ulcinj.com\/blog\/wp-json\/wp\/v2\/types\/post"}],"author":[{"embeddable":true,"href":"https:\/\/www.visit-ulcinj.com\/blog\/wp-json\/wp\/v2\/users\/1"}],"replies":[{"embeddable":true,"href":"https:\/\/www.visit-ulcinj.com\/blog\/wp-json\/wp\/v2\/comments?post=4152"}],"version-history":[{"count":0,"href":"https:\/\/www.visit-ulcinj.com\/blog\/wp-json\/wp\/v2\/posts\/4152\/revisions"}],"wp:attachment":[{"href":"https:\/\/www.visit-ulcinj.com\/blog\/wp-json\/wp\/v2\/media?parent=4152"}],"wp:term":[{"taxonomy":"category","embeddable":true,"href":"https:\/\/www.visit-ulcinj.com\/blog\/wp-json\/wp\/v2\/categories?post=4152"},{"taxonomy":"post_tag","embeddable":true,"href":"https:\/\/www.visit-ulcinj.com\/blog\/wp-json\/wp\/v2\/tags?post=4152"}],"curies":[{"name":"wp","href":"https:\/\/api.w.org\/{rel}","templated":true}]}}