{"id":41522,"date":"2010-12-22T08:45:04","date_gmt":"2010-12-22T07:45:04","guid":{"rendered":"http:\/\/www.visit-ulcinj.com\/blog\/?p=41522"},"modified":"2010-12-22T11:12:55","modified_gmt":"2010-12-22T10:12:55","slug":"htp-ulcinjska-rivijera-za-novu-godinu-pola-radnika-kuci","status":"publish","type":"post","link":"https:\/\/www.visit-ulcinj.com\/blog\/2010\/12\/22\/htp-ulcinjska-rivijera-za-novu-godinu-pola-radnika-kuci\/","title":{"rendered":"HTP Ulcinjska rivijera: Za Novu godinu pola radnika ku\u0107i"},"content":{"rendered":"<p><strong><a href=\"http:\/\/www.visit-ulcinj.com\/blog\/wp-content\/uploads\/2010\/12\/HTP-_Ulcinjska-rivijera_Crna-Gora.jpg\"><img loading=\"lazy\" class=\"alignleft size-full wp-image-41525\" title=\"HTP-_Ulcinjska-rivijera_Crna-Gora\" src=\"http:\/\/www.visit-ulcinj.com\/blog\/wp-content\/uploads\/2010\/12\/HTP-_Ulcinjska-rivijera_Crna-Gora.jpg\" alt=\"\" width=\"490\" height=\"380\" \/><\/a>Htp \u201eUlcinjska Rivijera\u201d Spremilo Socijalni Program<br \/>\n<\/strong>Ulcinj &#8211; Hotelsko-turisti\u010dko preduze\u0107e \u201cUlcinjska rivijera\u201d planira da do kraja godine realizuje socijalni program koji predvi\u0111a smanjenje broja zaposlenih za 50 odsto. \u201cRivijera ima 210 radnika i za jedno turisti\u010dko-ugostiteljsko preduze\u0107e prosje\u010dna starosna struktura od 56,5 godina je vrlo nepovoljna. Zato planiramo da broj radnika do kraja godine smanjimo za 104, kroz pripremljeni socijalni program\u201d, navodi se u dopisu dostavljenom \u201cVijestima\u201d.<br \/>\nDodaje se da su kriterijumi za sprovo\u0111enje socijalnog programa starost zaposlenih, zdravstveno stanje i u\u010dinci, odnosno dosada\u0161nji efekti u radu.<br \/>\n\u201cZaposleni koji imaju vi\u0161e radnog sta\u017ea imaju pravo na ve\u0107e otpremnine.<\/p>\n<p>Maksimalni iznos pojedina\u010dne otpremnine ne mo\u017ee pre\u0107i 11.912 eura u neto iznosu. Prilikom obra\u010duna otpremnina predvi\u0111ene su i nepovoljnosti\u201d, pi\u0161e u dopisu i poja\u0161njava da \u201czaposleni, koji imaju do tri godine do penzije, samohrani roditelji sa djetetom ili djecom do 15 godina starosti koja ne rade, kao i invalidi, imaju pravo na dodatnih 12 mjese\u010dnih zarada na utvr\u0111eni iznos otpremnine.<\/p>\n<p>\u201cZaposlenom, koji je ostvario pravo na otpremninu, prestaje radni odnos danom isplate otpremnine. Za realizaciju socijalnog programa, odnosno isplatu otpremnina, Ulcinjska rivijera \u0107e tra\u017eiti pomo\u0107 od Vlade i drugih dr\u017eavnih institucija\u201d, stoji u dopisu u kojem se na kraju ka\u017ee da \u201coni koji \u017eele dobrovoljno da se prijave za u\u010de\u0161\u0107e u socijalnom programu, to treba da urade najkasnije do kraja ove sedmice\u201d.<\/p>\n<p><strong>S.A.<br \/>\n<a href=\"http:\/\/www.vijesti.me\/\" target=\"_blank\">Vijesti<br \/>\n<a href=\"http:\/\/www.montenegroberza.com\/code\/navigate.asp?Id=14&amp;stockId=94\" target=\"_blank\"><img loading=\"lazy\" class=\"alignleft size-full wp-image-41537\" title=\"HTP Ulcinjska rivijera a.d. u stecaju Ulcinj\" src=\"http:\/\/www.visit-ulcinj.com\/blog\/wp-content\/uploads\/2010\/12\/HTP-Ulcinjska-rivijera-a.d.-u-stecaju-Ulcinj.jpg\" alt=\"\" width=\"490\" height=\"380\" \/><\/a><\/a><\/strong><\/p>\n<p><a href=\"http:\/\/www.montenegroberza.com\/code\/navigate.asp?Id=14&amp;stockId=94\" target=\"_blank\"><strong>HTP Ulcinjska rivijera a.d. u stecaju Ulcin<\/strong><\/a><a href=\"http:\/\/www.vijesti.me\/\" target=\"_blank\">j<\/a><strong>Ulcinjska rivijera: Gubitak pove\u0107an \u010dak 61,3%<\/strong><br \/>\nULCINJ &#8211; HTP \u201eUlcinjska rivijera\u201c ostvarila je za prvih devet mjeseci gubitak od 480.484 eura \u0161to je 61,3 odsto vi\u0161e nego lani, kada je gubitak bio 294.738 eura.<\/p>\n<p>Prema rezultatima poslovanja, objavljenih na sajtu Komisije za hartije od vrijednosti poslovni prihod kompanije je iznosio 2,09 miliona eura, dok je u istom periodu pro\u0161le godine bio na nivou 1,68 miliona eura.<\/p>\n<p>Gubitak je ostvaren zahvaljuju\u0107i pove\u0107anju tro\u0161kova zaposlenih na 1,038 miliona eura i amortizacije koja je iznosila 424. 079 eura.<\/p>\n<p>Stalna imovina kompanije iznosi oko 60 miliona eura, dok je obrtna imovina 1,2 miliona.<\/p>\n<h3><a href=\"http:\/\/www.seebiz.eu\/cg\/kompanije\/turizam\/ulcinjska-rivijera-gubitak-povecan-cak-61,3%25,99661.html\" target=\"_blank\"><em>Autor\/izvor<\/em><em>: SEEbiz \/ Portal Analitika<\/em><\/a><\/h3>\n<p><strong> <!--YouTube Error: bad URL entered--><br \/>\n<\/strong><\/p>\n","protected":false},"excerpt":{"rendered":"<p>Htp \u201eUlcinjska Rivijera\u201d Spremilo Socijalni Program Ulcinj &#8211; Hotelsko-turisti\u010dko preduze\u0107e \u201cUlcinjska rivijera\u201d planira da do kraja godine realizuje socijalni program koji predvi\u0111a smanjenje broja zaposlenih za 50 odsto. \u201cRivijera ima 210 radnika i za jedno turisti\u010dko-ugostiteljsko preduze\u0107e prosje\u010dna starosna struktura od 56,5 godina je vrlo nepovoljna. Zato planiramo da broj radnika do kraja godine smanjimo [&hellip;]<\/p>\n","protected":false},"author":1,"featured_media":0,"comment_status":"open","ping_status":"closed","sticky":false,"template":"","format":"standard","meta":{"spay_email":"","jetpack_publicize_message":"","jetpack_is_tweetstorm":false,"jetpack_publicize_feature_enabled":true},"categories":[8337],"tags":[250,19],"jetpack_publicize_connections":[],"yoast_head":"<!-- This site is optimized with the Yoast SEO plugin v19.1 - https:\/\/yoast.com\/wordpress\/plugins\/seo\/ -->\n<title>HTP Ulcinjska rivijera: Za Novu godinu pola radnika ku\u0107i - Lajme nga Ulqini<\/title>\n<meta name=\"description\" content=\"Htp \u201eUlcinjska Rivijera\u201d Spremilo Socijalni Program Ulcinj - Hotelsko-turisti\u010dko preduze\u0107e \u201cUlcinjska rivijera\u201d planira da do kraja godine realizuje\" \/>\n<meta name=\"robots\" content=\"index, follow, max-snippet:-1, max-image-preview:large, max-video-preview:-1\" \/>\n<link rel=\"canonical\" href=\"https:\/\/www.visit-ulcinj.com\/blog\/2010\/12\/22\/htp-ulcinjska-rivijera-za-novu-godinu-pola-radnika-kuci\/\" \/>\n<meta property=\"og:locale\" content=\"en_US\" \/>\n<meta property=\"og:type\" content=\"article\" \/>\n<meta property=\"og:title\" content=\"HTP Ulcinjska rivijera: Za Novu godinu pola radnika ku\u0107i - Lajme nga Ulqini\" \/>\n<meta property=\"og:description\" content=\"Htp \u201eUlcinjska Rivijera\u201d Spremilo Socijalni Program Ulcinj - Hotelsko-turisti\u010dko preduze\u0107e \u201cUlcinjska rivijera\u201d planira da do kraja godine realizuje\" \/>\n<meta property=\"og:url\" content=\"https:\/\/www.visit-ulcinj.com\/blog\/2010\/12\/22\/htp-ulcinjska-rivijera-za-novu-godinu-pola-radnika-kuci\/\" \/>\n<meta property=\"og:site_name\" content=\"Lajme nga Ulqini\" \/>\n<meta property=\"article:published_time\" content=\"2010-12-22T07:45:04+00:00\" \/>\n<meta property=\"article:modified_time\" content=\"2010-12-22T10:12:55+00:00\" \/>\n<meta property=\"og:image\" content=\"http:\/\/www.visit-ulcinj.com\/blog\/wp-content\/uploads\/2010\/12\/HTP-_Ulcinjska-rivijera_Crna-Gora.jpg\" \/>\n<meta name=\"twitter:label1\" content=\"Written by\" \/>\n\t<meta name=\"twitter:data1\" content=\"ulqini\" \/>\n\t<meta name=\"twitter:label2\" content=\"Est. reading time\" \/>\n\t<meta name=\"twitter:data2\" content=\"2 minutes\" \/>\n<script type=\"application\/ld+json\" class=\"yoast-schema-graph\">{\"@context\":\"https:\/\/schema.org\",\"@graph\":[{\"@type\":\"WebSite\",\"@id\":\"https:\/\/www.visit-ulcinj.com\/blog\/#website\",\"url\":\"https:\/\/www.visit-ulcinj.com\/blog\/\",\"name\":\"Lajme nga Ulqini\",\"description\":\"Lajme,Vijesti,Ulqini,Ulqin,Crna Gora,Mali i Zi\",\"potentialAction\":[{\"@type\":\"SearchAction\",\"target\":{\"@type\":\"EntryPoint\",\"urlTemplate\":\"https:\/\/www.visit-ulcinj.com\/blog\/?s={search_term_string}\"},\"query-input\":\"required name=search_term_string\"}],\"inLanguage\":\"en-US\"},{\"@type\":\"ImageObject\",\"inLanguage\":\"en-US\",\"@id\":\"https:\/\/www.visit-ulcinj.com\/blog\/2010\/12\/22\/htp-ulcinjska-rivijera-za-novu-godinu-pola-radnika-kuci\/#primaryimage\",\"url\":\"https:\/\/www.visit-ulcinj.com\/blog\/wp-content\/uploads\/2010\/12\/HTP-_Ulcinjska-rivijera_Crna-Gora.jpg\",\"contentUrl\":\"https:\/\/www.visit-ulcinj.com\/blog\/wp-content\/uploads\/2010\/12\/HTP-_Ulcinjska-rivijera_Crna-Gora.jpg\",\"width\":\"720\",\"height\":\"516\"},{\"@type\":\"WebPage\",\"@id\":\"https:\/\/www.visit-ulcinj.com\/blog\/2010\/12\/22\/htp-ulcinjska-rivijera-za-novu-godinu-pola-radnika-kuci\/#webpage\",\"url\":\"https:\/\/www.visit-ulcinj.com\/blog\/2010\/12\/22\/htp-ulcinjska-rivijera-za-novu-godinu-pola-radnika-kuci\/\",\"name\":\"HTP Ulcinjska rivijera: Za Novu godinu pola radnika ku\u0107i - Lajme nga Ulqini\",\"isPartOf\":{\"@id\":\"https:\/\/www.visit-ulcinj.com\/blog\/#website\"},\"primaryImageOfPage\":{\"@id\":\"https:\/\/www.visit-ulcinj.com\/blog\/2010\/12\/22\/htp-ulcinjska-rivijera-za-novu-godinu-pola-radnika-kuci\/#primaryimage\"},\"datePublished\":\"2010-12-22T07:45:04+00:00\",\"dateModified\":\"2010-12-22T10:12:55+00:00\",\"author\":{\"@id\":\"https:\/\/www.visit-ulcinj.com\/blog\/#\/schema\/person\/dcab619c614d3038751c63bc2aadc06d\"},\"description\":\"Htp \u201eUlcinjska Rivijera\u201d Spremilo Socijalni Program Ulcinj - Hotelsko-turisti\u010dko preduze\u0107e \u201cUlcinjska rivijera\u201d planira da do kraja godine realizuje\",\"breadcrumb\":{\"@id\":\"https:\/\/www.visit-ulcinj.com\/blog\/2010\/12\/22\/htp-ulcinjska-rivijera-za-novu-godinu-pola-radnika-kuci\/#breadcrumb\"},\"inLanguage\":\"en-US\",\"potentialAction\":[{\"@type\":\"ReadAction\",\"target\":[\"https:\/\/www.visit-ulcinj.com\/blog\/2010\/12\/22\/htp-ulcinjska-rivijera-za-novu-godinu-pola-radnika-kuci\/\"]}]},{\"@type\":\"BreadcrumbList\",\"@id\":\"https:\/\/www.visit-ulcinj.com\/blog\/2010\/12\/22\/htp-ulcinjska-rivijera-za-novu-godinu-pola-radnika-kuci\/#breadcrumb\",\"itemListElement\":[{\"@type\":\"ListItem\",\"position\":1,\"name\":\"HTP Ulcinjska rivijera: Za Novu godinu pola radnika ku\u0107i\"}]},{\"@type\":\"Person\",\"@id\":\"https:\/\/www.visit-ulcinj.com\/blog\/#\/schema\/person\/dcab619c614d3038751c63bc2aadc06d\",\"name\":\"ulqini\",\"sameAs\":[\"http:\/\/www.visit-ulcinj.com\"],\"url\":\"https:\/\/www.visit-ulcinj.com\/blog\/author\/admin\/\"}]}<\/script>\n<!-- \/ Yoast SEO plugin. -->","yoast_head_json":{"title":"HTP Ulcinjska rivijera: Za Novu godinu pola radnika ku\u0107i - Lajme nga Ulqini","description":"Htp \u201eUlcinjska Rivijera\u201d Spremilo Socijalni Program Ulcinj - Hotelsko-turisti\u010dko preduze\u0107e \u201cUlcinjska rivijera\u201d planira da do kraja godine realizuje","robots":{"index":"index","follow":"follow","max-snippet":"max-snippet:-1","max-image-preview":"max-image-preview:large","max-video-preview":"max-video-preview:-1"},"canonical":"https:\/\/www.visit-ulcinj.com\/blog\/2010\/12\/22\/htp-ulcinjska-rivijera-za-novu-godinu-pola-radnika-kuci\/","og_locale":"en_US","og_type":"article","og_title":"HTP Ulcinjska rivijera: Za Novu godinu pola radnika ku\u0107i - Lajme nga Ulqini","og_description":"Htp \u201eUlcinjska Rivijera\u201d Spremilo Socijalni Program Ulcinj - Hotelsko-turisti\u010dko preduze\u0107e \u201cUlcinjska rivijera\u201d planira da do kraja godine realizuje","og_url":"https:\/\/www.visit-ulcinj.com\/blog\/2010\/12\/22\/htp-ulcinjska-rivijera-za-novu-godinu-pola-radnika-kuci\/","og_site_name":"Lajme nga Ulqini","article_published_time":"2010-12-22T07:45:04+00:00","article_modified_time":"2010-12-22T10:12:55+00:00","og_image":[{"url":"http:\/\/www.visit-ulcinj.com\/blog\/wp-content\/uploads\/2010\/12\/HTP-_Ulcinjska-rivijera_Crna-Gora.jpg"}],"twitter_misc":{"Written by":"ulqini","Est. reading time":"2 minutes"},"schema":{"@context":"https:\/\/schema.org","@graph":[{"@type":"WebSite","@id":"https:\/\/www.visit-ulcinj.com\/blog\/#website","url":"https:\/\/www.visit-ulcinj.com\/blog\/","name":"Lajme nga Ulqini","description":"Lajme,Vijesti,Ulqini,Ulqin,Crna Gora,Mali i Zi","potentialAction":[{"@type":"SearchAction","target":{"@type":"EntryPoint","urlTemplate":"https:\/\/www.visit-ulcinj.com\/blog\/?s={search_term_string}"},"query-input":"required name=search_term_string"}],"inLanguage":"en-US"},{"@type":"ImageObject","inLanguage":"en-US","@id":"https:\/\/www.visit-ulcinj.com\/blog\/2010\/12\/22\/htp-ulcinjska-rivijera-za-novu-godinu-pola-radnika-kuci\/#primaryimage","url":"https:\/\/www.visit-ulcinj.com\/blog\/wp-content\/uploads\/2010\/12\/HTP-_Ulcinjska-rivijera_Crna-Gora.jpg","contentUrl":"https:\/\/www.visit-ulcinj.com\/blog\/wp-content\/uploads\/2010\/12\/HTP-_Ulcinjska-rivijera_Crna-Gora.jpg","width":"720","height":"516"},{"@type":"WebPage","@id":"https:\/\/www.visit-ulcinj.com\/blog\/2010\/12\/22\/htp-ulcinjska-rivijera-za-novu-godinu-pola-radnika-kuci\/#webpage","url":"https:\/\/www.visit-ulcinj.com\/blog\/2010\/12\/22\/htp-ulcinjska-rivijera-za-novu-godinu-pola-radnika-kuci\/","name":"HTP Ulcinjska rivijera: Za Novu godinu pola radnika ku\u0107i - Lajme nga Ulqini","isPartOf":{"@id":"https:\/\/www.visit-ulcinj.com\/blog\/#website"},"primaryImageOfPage":{"@id":"https:\/\/www.visit-ulcinj.com\/blog\/2010\/12\/22\/htp-ulcinjska-rivijera-za-novu-godinu-pola-radnika-kuci\/#primaryimage"},"datePublished":"2010-12-22T07:45:04+00:00","dateModified":"2010-12-22T10:12:55+00:00","author":{"@id":"https:\/\/www.visit-ulcinj.com\/blog\/#\/schema\/person\/dcab619c614d3038751c63bc2aadc06d"},"description":"Htp \u201eUlcinjska Rivijera\u201d Spremilo Socijalni Program Ulcinj - Hotelsko-turisti\u010dko preduze\u0107e \u201cUlcinjska rivijera\u201d planira da do kraja godine realizuje","breadcrumb":{"@id":"https:\/\/www.visit-ulcinj.com\/blog\/2010\/12\/22\/htp-ulcinjska-rivijera-za-novu-godinu-pola-radnika-kuci\/#breadcrumb"},"inLanguage":"en-US","potentialAction":[{"@type":"ReadAction","target":["https:\/\/www.visit-ulcinj.com\/blog\/2010\/12\/22\/htp-ulcinjska-rivijera-za-novu-godinu-pola-radnika-kuci\/"]}]},{"@type":"BreadcrumbList","@id":"https:\/\/www.visit-ulcinj.com\/blog\/2010\/12\/22\/htp-ulcinjska-rivijera-za-novu-godinu-pola-radnika-kuci\/#breadcrumb","itemListElement":[{"@type":"ListItem","position":1,"name":"HTP Ulcinjska rivijera: Za Novu godinu pola radnika ku\u0107i"}]},{"@type":"Person","@id":"https:\/\/www.visit-ulcinj.com\/blog\/#\/schema\/person\/dcab619c614d3038751c63bc2aadc06d","name":"ulqini","sameAs":["http:\/\/www.visit-ulcinj.com"],"url":"https:\/\/www.visit-ulcinj.com\/blog\/author\/admin\/"}]}},"jetpack_featured_media_url":"","jetpack_sharing_enabled":true,"jetpack_shortlink":"https:\/\/wp.me\/pe6lTn-aNI","_links":{"self":[{"href":"https:\/\/www.visit-ulcinj.com\/blog\/wp-json\/wp\/v2\/posts\/41522"}],"collection":[{"href":"https:\/\/www.visit-ulcinj.com\/blog\/wp-json\/wp\/v2\/posts"}],"about":[{"href":"https:\/\/www.visit-ulcinj.com\/blog\/wp-json\/wp\/v2\/types\/post"}],"author":[{"embeddable":true,"href":"https:\/\/www.visit-ulcinj.com\/blog\/wp-json\/wp\/v2\/users\/1"}],"replies":[{"embeddable":true,"href":"https:\/\/www.visit-ulcinj.com\/blog\/wp-json\/wp\/v2\/comments?post=41522"}],"version-history":[{"count":0,"href":"https:\/\/www.visit-ulcinj.com\/blog\/wp-json\/wp\/v2\/posts\/41522\/revisions"}],"wp:attachment":[{"href":"https:\/\/www.visit-ulcinj.com\/blog\/wp-json\/wp\/v2\/media?parent=41522"}],"wp:term":[{"taxonomy":"category","embeddable":true,"href":"https:\/\/www.visit-ulcinj.com\/blog\/wp-json\/wp\/v2\/categories?post=41522"},{"taxonomy":"post_tag","embeddable":true,"href":"https:\/\/www.visit-ulcinj.com\/blog\/wp-json\/wp\/v2\/tags?post=41522"}],"curies":[{"name":"wp","href":"https:\/\/api.w.org\/{rel}","templated":true}]}}