{"id":41529,"date":"2010-12-22T10:17:01","date_gmt":"2010-12-22T09:17:01","guid":{"rendered":"http:\/\/www.visit-ulcinj.com\/blog\/?p=41529"},"modified":"2010-12-22T11:22:16","modified_gmt":"2010-12-22T10:22:16","slug":"afer-104-punonjes-do-te-largohen-nga-riviera-e-ulqinit","status":"publish","type":"post","link":"https:\/\/www.visit-ulcinj.com\/blog\/2010\/12\/22\/afer-104-punonjes-do-te-largohen-nga-riviera-e-ulqinit\/","title":{"rendered":"Af\u00ebr 104 punonj\u00ebs do t\u00eb largohen nga Riviera e Ulqinit"},"content":{"rendered":"<p><a href=\"http:\/\/www.montenegroberza.com\/code\/navigate.asp?Id=14&amp;stockId=94\" target=\"_blank\"><img loading=\"lazy\" class=\"alignleft size-full wp-image-41530\" title=\"104 punonjes do te largohen nga Riviera e Ulqinit\" src=\"http:\/\/www.visit-ulcinj.com\/blog\/wp-content\/uploads\/2010\/12\/104-punonjes-do-te-largohen-nga-Riviera-e-Ulqinit.jpg\" alt=\"\" width=\"490\" height=\"380\" \/><\/a>Sipas programit t\u00eb ri t\u00eb kursimit af\u00ebrsisht 104 t\u00eb pun\u00ebsuar ne Rvieren e Ulqinit do ta l\u00ebshojn nd\u00ebrmarjen. K\u00ebshtu b\u00ebri t\u00eb ditur e perditeshmja gazeta Vijesti ku asht\u00eb konfirmuar largimi nga puna t\u00eb 104 pun\u00ebtor\u00ebve t\u00eb Rivier\u00ebs s\u00eb Ulqinit..<br \/>\nKjo mas\u00eb vie pas raportimit t\u00eb humbjeve t\u00eb p\u00ebrgjitshme t\u00eb gjiganit Hotelier Riviera e Ulqinit.Reduktimi i personelit punonj\u00ebs pjes\u00ebrisht do t\u00eb ndoh\u00eb p\u00ebrmes t\u00ebheqjes s\u00eb natyrshme, pjes\u00ebrisht duke reduktuar orarin e pun\u00ebs p\u00ebr shum\u00eb sish por nuk p\u00ebrjashtohet as mund\u00ebsia e pezullimit nga puna.Riviera e Ulqinit do ti vije n\u00eb ndihm\u00eb puntor\u00ebve duke k\u00ebrkuar nga ministria perkat\u00ebse q\u00eb t\u00eb vehet n\u00eb sherbim programi social p\u00ebr \u00e7do punoj\u00ebs t\u00eb Rivier\u00ebs s\u00eb Ulqinit.<br \/>\n<strong><a href=\"http:\/\/www.montenegroberza.com\/code\/navigate.asp?Id=14&amp;stockId=94\" target=\"_blank\">KLIKO  PER TI SHIKUAR REZULTATET E RIVIER\u00cbS S\u00cb ULQINIT ONLINE<\/a><\/strong><br \/>\n<a href=\"http:\/\/www.visit-ulcinj.com\/blog\/wp-content\/uploads\/2010\/12\/Riviera-e-Ulqinit-ne-Bursen-e-Malit-te-Zi.jpg\"><img loading=\"lazy\" class=\"alignleft size-full wp-image-41539\" title=\"Riviera e Ulqinit ne Bursen e Malit te Zi\" src=\"http:\/\/www.visit-ulcinj.com\/blog\/wp-content\/uploads\/2010\/12\/Riviera-e-Ulqinit-ne-Bursen-e-Malit-te-Zi.jpg\" alt=\"\" width=\"490\" height=\"380\" \/><\/a><\/p>\n<p><strong>Lajme nga Ulqini<\/strong><br \/>\n<!--YouTube Error: bad URL entered--><\/p>\n","protected":false},"excerpt":{"rendered":"<p>Sipas programit t\u00eb ri t\u00eb kursimit af\u00ebrsisht 104 t\u00eb pun\u00ebsuar ne Rvieren e Ulqinit do ta l\u00ebshojn nd\u00ebrmarjen. K\u00ebshtu b\u00ebri t\u00eb ditur e perditeshmja gazeta Vijesti ku asht\u00eb konfirmuar largimi nga puna t\u00eb 104 pun\u00ebtor\u00ebve t\u00eb Rivier\u00ebs s\u00eb Ulqinit.. Kjo mas\u00eb vie pas raportimit t\u00eb humbjeve t\u00eb p\u00ebrgjitshme t\u00eb gjiganit Hotelier Riviera e Ulqinit.Reduktimi i [&hellip;]<\/p>\n","protected":false},"author":1,"featured_media":0,"comment_status":"open","ping_status":"closed","sticky":false,"template":"","format":"standard","meta":{"spay_email":"","jetpack_publicize_message":"","jetpack_is_tweetstorm":false,"jetpack_publicize_feature_enabled":true},"categories":[1],"tags":[250,95,9996,200,18],"jetpack_publicize_connections":[],"yoast_head":"<!-- This site is optimized with the Yoast SEO plugin v19.1 - https:\/\/yoast.com\/wordpress\/plugins\/seo\/ -->\n<title>Af\u00ebr 104 punonj\u00ebs do t\u00eb largohen nga Riviera e Ulqinit - Lajme nga Ulqini<\/title>\n<meta name=\"description\" content=\"Sipas programit t\u00eb ri t\u00eb kursimit af\u00ebrsisht 104 t\u00eb pun\u00ebsuar ne Rvieren e Ulqinit do ta l\u00ebshojn nd\u00ebrmarjen. K\u00ebshtu b\u00ebri t\u00eb ditur e perditeshmja gazeta\" \/>\n<meta name=\"robots\" content=\"index, follow, max-snippet:-1, max-image-preview:large, max-video-preview:-1\" \/>\n<link rel=\"canonical\" href=\"https:\/\/www.visit-ulcinj.com\/blog\/2010\/12\/22\/afer-104-punonjes-do-te-largohen-nga-riviera-e-ulqinit\/\" \/>\n<meta property=\"og:locale\" content=\"en_US\" \/>\n<meta property=\"og:type\" content=\"article\" \/>\n<meta property=\"og:title\" content=\"Af\u00ebr 104 punonj\u00ebs do t\u00eb largohen nga Riviera e Ulqinit - Lajme nga Ulqini\" \/>\n<meta property=\"og:description\" content=\"Sipas programit t\u00eb ri t\u00eb kursimit af\u00ebrsisht 104 t\u00eb pun\u00ebsuar ne Rvieren e Ulqinit do ta l\u00ebshojn nd\u00ebrmarjen. K\u00ebshtu b\u00ebri t\u00eb ditur e perditeshmja gazeta\" \/>\n<meta property=\"og:url\" content=\"https:\/\/www.visit-ulcinj.com\/blog\/2010\/12\/22\/afer-104-punonjes-do-te-largohen-nga-riviera-e-ulqinit\/\" \/>\n<meta property=\"og:site_name\" content=\"Lajme nga Ulqini\" \/>\n<meta property=\"article:published_time\" content=\"2010-12-22T09:17:01+00:00\" \/>\n<meta property=\"article:modified_time\" content=\"2010-12-22T10:22:16+00:00\" \/>\n<meta property=\"og:image\" content=\"http:\/\/www.visit-ulcinj.com\/blog\/wp-content\/uploads\/2010\/12\/104-punonjes-do-te-largohen-nga-Riviera-e-Ulqinit.jpg\" \/>\n<meta name=\"twitter:label1\" content=\"Written by\" \/>\n\t<meta name=\"twitter:data1\" content=\"ulqini\" \/>\n\t<meta name=\"twitter:label2\" content=\"Est. reading time\" \/>\n\t<meta name=\"twitter:data2\" content=\"1 minute\" \/>\n<script type=\"application\/ld+json\" class=\"yoast-schema-graph\">{\"@context\":\"https:\/\/schema.org\",\"@graph\":[{\"@type\":\"WebSite\",\"@id\":\"https:\/\/www.visit-ulcinj.com\/blog\/#website\",\"url\":\"https:\/\/www.visit-ulcinj.com\/blog\/\",\"name\":\"Lajme nga Ulqini\",\"description\":\"Lajme,Vijesti,Ulqini,Ulqin,Crna Gora,Mali i Zi\",\"potentialAction\":[{\"@type\":\"SearchAction\",\"target\":{\"@type\":\"EntryPoint\",\"urlTemplate\":\"https:\/\/www.visit-ulcinj.com\/blog\/?s={search_term_string}\"},\"query-input\":\"required name=search_term_string\"}],\"inLanguage\":\"en-US\"},{\"@type\":\"ImageObject\",\"inLanguage\":\"en-US\",\"@id\":\"https:\/\/www.visit-ulcinj.com\/blog\/2010\/12\/22\/afer-104-punonjes-do-te-largohen-nga-riviera-e-ulqinit\/#primaryimage\",\"url\":\"https:\/\/www.visit-ulcinj.com\/blog\/wp-content\/uploads\/2010\/12\/104-punonjes-do-te-largohen-nga-Riviera-e-Ulqinit.jpg\",\"contentUrl\":\"https:\/\/www.visit-ulcinj.com\/blog\/wp-content\/uploads\/2010\/12\/104-punonjes-do-te-largohen-nga-Riviera-e-Ulqinit.jpg\",\"width\":\"800\",\"height\":\"400\"},{\"@type\":\"WebPage\",\"@id\":\"https:\/\/www.visit-ulcinj.com\/blog\/2010\/12\/22\/afer-104-punonjes-do-te-largohen-nga-riviera-e-ulqinit\/#webpage\",\"url\":\"https:\/\/www.visit-ulcinj.com\/blog\/2010\/12\/22\/afer-104-punonjes-do-te-largohen-nga-riviera-e-ulqinit\/\",\"name\":\"Af\u00ebr 104 punonj\u00ebs do t\u00eb largohen nga Riviera e Ulqinit - Lajme nga Ulqini\",\"isPartOf\":{\"@id\":\"https:\/\/www.visit-ulcinj.com\/blog\/#website\"},\"primaryImageOfPage\":{\"@id\":\"https:\/\/www.visit-ulcinj.com\/blog\/2010\/12\/22\/afer-104-punonjes-do-te-largohen-nga-riviera-e-ulqinit\/#primaryimage\"},\"datePublished\":\"2010-12-22T09:17:01+00:00\",\"dateModified\":\"2010-12-22T10:22:16+00:00\",\"author\":{\"@id\":\"https:\/\/www.visit-ulcinj.com\/blog\/#\/schema\/person\/dcab619c614d3038751c63bc2aadc06d\"},\"description\":\"Sipas programit t\u00eb ri t\u00eb kursimit af\u00ebrsisht 104 t\u00eb pun\u00ebsuar ne Rvieren e Ulqinit do ta l\u00ebshojn nd\u00ebrmarjen. K\u00ebshtu b\u00ebri t\u00eb ditur e perditeshmja gazeta\",\"breadcrumb\":{\"@id\":\"https:\/\/www.visit-ulcinj.com\/blog\/2010\/12\/22\/afer-104-punonjes-do-te-largohen-nga-riviera-e-ulqinit\/#breadcrumb\"},\"inLanguage\":\"en-US\",\"potentialAction\":[{\"@type\":\"ReadAction\",\"target\":[\"https:\/\/www.visit-ulcinj.com\/blog\/2010\/12\/22\/afer-104-punonjes-do-te-largohen-nga-riviera-e-ulqinit\/\"]}]},{\"@type\":\"BreadcrumbList\",\"@id\":\"https:\/\/www.visit-ulcinj.com\/blog\/2010\/12\/22\/afer-104-punonjes-do-te-largohen-nga-riviera-e-ulqinit\/#breadcrumb\",\"itemListElement\":[{\"@type\":\"ListItem\",\"position\":1,\"name\":\"Af\u00ebr 104 punonj\u00ebs do t\u00eb largohen nga Riviera e Ulqinit\"}]},{\"@type\":\"Person\",\"@id\":\"https:\/\/www.visit-ulcinj.com\/blog\/#\/schema\/person\/dcab619c614d3038751c63bc2aadc06d\",\"name\":\"ulqini\",\"sameAs\":[\"http:\/\/www.visit-ulcinj.com\"],\"url\":\"https:\/\/www.visit-ulcinj.com\/blog\/author\/admin\/\"}]}<\/script>\n<!-- \/ Yoast SEO plugin. -->","yoast_head_json":{"title":"Af\u00ebr 104 punonj\u00ebs do t\u00eb largohen nga Riviera e Ulqinit - Lajme nga Ulqini","description":"Sipas programit t\u00eb ri t\u00eb kursimit af\u00ebrsisht 104 t\u00eb pun\u00ebsuar ne Rvieren e Ulqinit do ta l\u00ebshojn nd\u00ebrmarjen. K\u00ebshtu b\u00ebri t\u00eb ditur e perditeshmja gazeta","robots":{"index":"index","follow":"follow","max-snippet":"max-snippet:-1","max-image-preview":"max-image-preview:large","max-video-preview":"max-video-preview:-1"},"canonical":"https:\/\/www.visit-ulcinj.com\/blog\/2010\/12\/22\/afer-104-punonjes-do-te-largohen-nga-riviera-e-ulqinit\/","og_locale":"en_US","og_type":"article","og_title":"Af\u00ebr 104 punonj\u00ebs do t\u00eb largohen nga Riviera e Ulqinit - Lajme nga Ulqini","og_description":"Sipas programit t\u00eb ri t\u00eb kursimit af\u00ebrsisht 104 t\u00eb pun\u00ebsuar ne Rvieren e Ulqinit do ta l\u00ebshojn nd\u00ebrmarjen. K\u00ebshtu b\u00ebri t\u00eb ditur e perditeshmja gazeta","og_url":"https:\/\/www.visit-ulcinj.com\/blog\/2010\/12\/22\/afer-104-punonjes-do-te-largohen-nga-riviera-e-ulqinit\/","og_site_name":"Lajme nga Ulqini","article_published_time":"2010-12-22T09:17:01+00:00","article_modified_time":"2010-12-22T10:22:16+00:00","og_image":[{"url":"http:\/\/www.visit-ulcinj.com\/blog\/wp-content\/uploads\/2010\/12\/104-punonjes-do-te-largohen-nga-Riviera-e-Ulqinit.jpg"}],"twitter_misc":{"Written by":"ulqini","Est. reading time":"1 minute"},"schema":{"@context":"https:\/\/schema.org","@graph":[{"@type":"WebSite","@id":"https:\/\/www.visit-ulcinj.com\/blog\/#website","url":"https:\/\/www.visit-ulcinj.com\/blog\/","name":"Lajme nga Ulqini","description":"Lajme,Vijesti,Ulqini,Ulqin,Crna Gora,Mali i Zi","potentialAction":[{"@type":"SearchAction","target":{"@type":"EntryPoint","urlTemplate":"https:\/\/www.visit-ulcinj.com\/blog\/?s={search_term_string}"},"query-input":"required name=search_term_string"}],"inLanguage":"en-US"},{"@type":"ImageObject","inLanguage":"en-US","@id":"https:\/\/www.visit-ulcinj.com\/blog\/2010\/12\/22\/afer-104-punonjes-do-te-largohen-nga-riviera-e-ulqinit\/#primaryimage","url":"https:\/\/www.visit-ulcinj.com\/blog\/wp-content\/uploads\/2010\/12\/104-punonjes-do-te-largohen-nga-Riviera-e-Ulqinit.jpg","contentUrl":"https:\/\/www.visit-ulcinj.com\/blog\/wp-content\/uploads\/2010\/12\/104-punonjes-do-te-largohen-nga-Riviera-e-Ulqinit.jpg","width":"800","height":"400"},{"@type":"WebPage","@id":"https:\/\/www.visit-ulcinj.com\/blog\/2010\/12\/22\/afer-104-punonjes-do-te-largohen-nga-riviera-e-ulqinit\/#webpage","url":"https:\/\/www.visit-ulcinj.com\/blog\/2010\/12\/22\/afer-104-punonjes-do-te-largohen-nga-riviera-e-ulqinit\/","name":"Af\u00ebr 104 punonj\u00ebs do t\u00eb largohen nga Riviera e Ulqinit - Lajme nga Ulqini","isPartOf":{"@id":"https:\/\/www.visit-ulcinj.com\/blog\/#website"},"primaryImageOfPage":{"@id":"https:\/\/www.visit-ulcinj.com\/blog\/2010\/12\/22\/afer-104-punonjes-do-te-largohen-nga-riviera-e-ulqinit\/#primaryimage"},"datePublished":"2010-12-22T09:17:01+00:00","dateModified":"2010-12-22T10:22:16+00:00","author":{"@id":"https:\/\/www.visit-ulcinj.com\/blog\/#\/schema\/person\/dcab619c614d3038751c63bc2aadc06d"},"description":"Sipas programit t\u00eb ri t\u00eb kursimit af\u00ebrsisht 104 t\u00eb pun\u00ebsuar ne Rvieren e Ulqinit do ta l\u00ebshojn nd\u00ebrmarjen. K\u00ebshtu b\u00ebri t\u00eb ditur e perditeshmja gazeta","breadcrumb":{"@id":"https:\/\/www.visit-ulcinj.com\/blog\/2010\/12\/22\/afer-104-punonjes-do-te-largohen-nga-riviera-e-ulqinit\/#breadcrumb"},"inLanguage":"en-US","potentialAction":[{"@type":"ReadAction","target":["https:\/\/www.visit-ulcinj.com\/blog\/2010\/12\/22\/afer-104-punonjes-do-te-largohen-nga-riviera-e-ulqinit\/"]}]},{"@type":"BreadcrumbList","@id":"https:\/\/www.visit-ulcinj.com\/blog\/2010\/12\/22\/afer-104-punonjes-do-te-largohen-nga-riviera-e-ulqinit\/#breadcrumb","itemListElement":[{"@type":"ListItem","position":1,"name":"Af\u00ebr 104 punonj\u00ebs do t\u00eb largohen nga Riviera e Ulqinit"}]},{"@type":"Person","@id":"https:\/\/www.visit-ulcinj.com\/blog\/#\/schema\/person\/dcab619c614d3038751c63bc2aadc06d","name":"ulqini","sameAs":["http:\/\/www.visit-ulcinj.com"],"url":"https:\/\/www.visit-ulcinj.com\/blog\/author\/admin\/"}]}},"jetpack_featured_media_url":"","jetpack_sharing_enabled":true,"jetpack_shortlink":"https:\/\/wp.me\/pe6lTn-aNP","_links":{"self":[{"href":"https:\/\/www.visit-ulcinj.com\/blog\/wp-json\/wp\/v2\/posts\/41529"}],"collection":[{"href":"https:\/\/www.visit-ulcinj.com\/blog\/wp-json\/wp\/v2\/posts"}],"about":[{"href":"https:\/\/www.visit-ulcinj.com\/blog\/wp-json\/wp\/v2\/types\/post"}],"author":[{"embeddable":true,"href":"https:\/\/www.visit-ulcinj.com\/blog\/wp-json\/wp\/v2\/users\/1"}],"replies":[{"embeddable":true,"href":"https:\/\/www.visit-ulcinj.com\/blog\/wp-json\/wp\/v2\/comments?post=41529"}],"version-history":[{"count":0,"href":"https:\/\/www.visit-ulcinj.com\/blog\/wp-json\/wp\/v2\/posts\/41529\/revisions"}],"wp:attachment":[{"href":"https:\/\/www.visit-ulcinj.com\/blog\/wp-json\/wp\/v2\/media?parent=41529"}],"wp:term":[{"taxonomy":"category","embeddable":true,"href":"https:\/\/www.visit-ulcinj.com\/blog\/wp-json\/wp\/v2\/categories?post=41529"},{"taxonomy":"post_tag","embeddable":true,"href":"https:\/\/www.visit-ulcinj.com\/blog\/wp-json\/wp\/v2\/tags?post=41529"}],"curies":[{"name":"wp","href":"https:\/\/api.w.org\/{rel}","templated":true}]}}