{"id":4155,"date":"2008-10-12T14:29:10","date_gmt":"2008-10-12T19:29:10","guid":{"rendered":"http:\/\/www.visit-ulcinj.com\/blog\/?p=4155"},"modified":"2008-10-17T13:10:25","modified_gmt":"2008-10-17T18:10:25","slug":"ne-milesh-hapet-medreseja-e-par-fetare-ne-mal-te-zi","status":"publish","type":"post","link":"https:\/\/www.visit-ulcinj.com\/blog\/2008\/10\/12\/ne-milesh-hapet-medreseja-e-par-fetare-ne-mal-te-zi\/","title":{"rendered":"N\u00eb Milesh hapet Medreseja e par fetare n\u00eb Mal t\u00eb Zi"},"content":{"rendered":"<p><a href=\"http:\/\/www.visit-ulcinj.com\/blog\/wp-content\/uploads\/2008\/10\/ne-milesh-hapet-medreseja-fetare.jpg\"><img loading=\"lazy\" class=\"size-medium wp-image-4156 alignleft\" title=\"ne-milesh-hapet-medreseja-fetare\" src=\"http:\/\/www.visit-ulcinj.com\/blog\/wp-content\/uploads\/2008\/10\/ne-milesh-hapet-medreseja-fetare.jpg\" alt=\"\" width=\"209\" height=\"147\" \/><\/a>Tuz &#8211; Medreseja, shkolla e par\u00eb fetare n\u00eb Mal t\u00eb Zi e filloi m\u00ebsimin t\u00eb h\u00ebn\u00ebn. N\u00eb k\u00ebt\u00eb institucion fetar, ligj\u00ebrat\u00ebn e par\u00eb e tha reisi i Bashk\u00ebsis\u00eb Islame n\u00eb Mal t\u00eb Zi, Rifat Fejziq.<br \/>\nN\u00eb k\u00ebt\u00eb Medrese jan\u00eb regjistruar 54 nx\u00ebn\u00ebs nga Podgorica, Tuzi, Rozhaja, Bjello Pola, Berana, Nikshiqi dhe Ulqini.<br \/>\nBI n\u00eb Mal t\u00eb Zi ka njoftuar se hapja solemne e Medreses\u00eb n\u00eb Milesh do t\u00eb b\u00ebhet m\u00eb von\u00eb.<br \/>\n<strong>Burimi \/ Kohapress<\/strong><\/p>\n<!--YouTube Error: bad URL entered-->\n","protected":false},"excerpt":{"rendered":"<p>Tuz &#8211; Medreseja, shkolla e par\u00eb fetare n\u00eb Mal t\u00eb Zi e filloi m\u00ebsimin t\u00eb h\u00ebn\u00ebn. N\u00eb k\u00ebt\u00eb institucion fetar, ligj\u00ebrat\u00ebn e par\u00eb e tha reisi i Bashk\u00ebsis\u00eb Islame n\u00eb Mal t\u00eb Zi, Rifat Fejziq. N\u00eb k\u00ebt\u00eb Medrese jan\u00eb regjistruar 54 nx\u00ebn\u00ebs nga Podgorica, Tuzi, Rozhaja, Bjello Pola, Berana, Nikshiqi dhe Ulqini. BI n\u00eb Mal [&hellip;]<\/p>\n","protected":false},"author":1,"featured_media":0,"comment_status":"open","ping_status":"closed","sticky":false,"template":"","format":"standard","meta":{"spay_email":"","jetpack_publicize_message":"","jetpack_is_tweetstorm":false,"jetpack_publicize_feature_enabled":true},"categories":[4],"tags":[95,4652,201],"jetpack_publicize_connections":[],"yoast_head":"<!-- This site is optimized with the Yoast SEO plugin v19.1 - https:\/\/yoast.com\/wordpress\/plugins\/seo\/ -->\n<title>N\u00eb Milesh hapet Medreseja e par fetare n\u00eb Mal t\u00eb Zi - Lajme nga Ulqini<\/title>\n<meta name=\"description\" content=\"Tuz - Medreseja, shkolla e par\u00eb fetare n\u00eb Mal t\u00eb Zi e filloi m\u00ebsimin t\u00eb h\u00ebn\u00ebn. N\u00eb k\u00ebt\u00eb institucion fetar, ligj\u00ebrat\u00ebn e par\u00eb e tha reisi i Bashk\u00ebsis\u00eb\" \/>\n<meta name=\"robots\" content=\"index, follow, max-snippet:-1, max-image-preview:large, max-video-preview:-1\" \/>\n<link rel=\"canonical\" href=\"https:\/\/www.visit-ulcinj.com\/blog\/2008\/10\/12\/ne-milesh-hapet-medreseja-e-par-fetare-ne-mal-te-zi\/\" \/>\n<meta property=\"og:locale\" content=\"en_US\" \/>\n<meta property=\"og:type\" content=\"article\" \/>\n<meta property=\"og:title\" content=\"N\u00eb Milesh hapet Medreseja e par fetare n\u00eb Mal t\u00eb Zi - Lajme nga Ulqini\" \/>\n<meta property=\"og:description\" content=\"Tuz - Medreseja, shkolla e par\u00eb fetare n\u00eb Mal t\u00eb Zi e filloi m\u00ebsimin t\u00eb h\u00ebn\u00ebn. N\u00eb k\u00ebt\u00eb institucion fetar, ligj\u00ebrat\u00ebn e par\u00eb e tha reisi i Bashk\u00ebsis\u00eb\" \/>\n<meta property=\"og:url\" content=\"https:\/\/www.visit-ulcinj.com\/blog\/2008\/10\/12\/ne-milesh-hapet-medreseja-e-par-fetare-ne-mal-te-zi\/\" \/>\n<meta property=\"og:site_name\" content=\"Lajme nga Ulqini\" \/>\n<meta property=\"article:published_time\" content=\"2008-10-12T19:29:10+00:00\" \/>\n<meta property=\"article:modified_time\" content=\"2008-10-17T18:10:25+00:00\" \/>\n<meta property=\"og:image\" content=\"http:\/\/www.visit-ulcinj.com\/blog\/wp-content\/uploads\/2008\/10\/ne-milesh-hapet-medreseja-fetare.jpg\" \/>\n<meta name=\"twitter:label1\" content=\"Written by\" \/>\n\t<meta name=\"twitter:data1\" content=\"ulqini\" \/>\n<script type=\"application\/ld+json\" class=\"yoast-schema-graph\">{\"@context\":\"https:\/\/schema.org\",\"@graph\":[{\"@type\":\"WebSite\",\"@id\":\"https:\/\/www.visit-ulcinj.com\/blog\/#website\",\"url\":\"https:\/\/www.visit-ulcinj.com\/blog\/\",\"name\":\"Lajme nga Ulqini\",\"description\":\"Lajme,Vijesti,Ulqini,Ulqin,Crna Gora,Mali i Zi\",\"potentialAction\":[{\"@type\":\"SearchAction\",\"target\":{\"@type\":\"EntryPoint\",\"urlTemplate\":\"https:\/\/www.visit-ulcinj.com\/blog\/?s={search_term_string}\"},\"query-input\":\"required name=search_term_string\"}],\"inLanguage\":\"en-US\"},{\"@type\":\"ImageObject\",\"inLanguage\":\"en-US\",\"@id\":\"https:\/\/www.visit-ulcinj.com\/blog\/2008\/10\/12\/ne-milesh-hapet-medreseja-e-par-fetare-ne-mal-te-zi\/#primaryimage\",\"url\":\"http:\/\/www.visit-ulcinj.com\/blog\/wp-content\/uploads\/2008\/10\/ne-milesh-hapet-medreseja-fetare.jpg\",\"contentUrl\":\"http:\/\/www.visit-ulcinj.com\/blog\/wp-content\/uploads\/2008\/10\/ne-milesh-hapet-medreseja-fetare.jpg\"},{\"@type\":\"WebPage\",\"@id\":\"https:\/\/www.visit-ulcinj.com\/blog\/2008\/10\/12\/ne-milesh-hapet-medreseja-e-par-fetare-ne-mal-te-zi\/#webpage\",\"url\":\"https:\/\/www.visit-ulcinj.com\/blog\/2008\/10\/12\/ne-milesh-hapet-medreseja-e-par-fetare-ne-mal-te-zi\/\",\"name\":\"N\u00eb Milesh hapet Medreseja e par fetare n\u00eb Mal t\u00eb Zi - Lajme nga Ulqini\",\"isPartOf\":{\"@id\":\"https:\/\/www.visit-ulcinj.com\/blog\/#website\"},\"primaryImageOfPage\":{\"@id\":\"https:\/\/www.visit-ulcinj.com\/blog\/2008\/10\/12\/ne-milesh-hapet-medreseja-e-par-fetare-ne-mal-te-zi\/#primaryimage\"},\"datePublished\":\"2008-10-12T19:29:10+00:00\",\"dateModified\":\"2008-10-17T18:10:25+00:00\",\"author\":{\"@id\":\"https:\/\/www.visit-ulcinj.com\/blog\/#\/schema\/person\/dcab619c614d3038751c63bc2aadc06d\"},\"description\":\"Tuz - Medreseja, shkolla e par\u00eb fetare n\u00eb Mal t\u00eb Zi e filloi m\u00ebsimin t\u00eb h\u00ebn\u00ebn. N\u00eb k\u00ebt\u00eb institucion fetar, ligj\u00ebrat\u00ebn e par\u00eb e tha reisi i Bashk\u00ebsis\u00eb\",\"breadcrumb\":{\"@id\":\"https:\/\/www.visit-ulcinj.com\/blog\/2008\/10\/12\/ne-milesh-hapet-medreseja-e-par-fetare-ne-mal-te-zi\/#breadcrumb\"},\"inLanguage\":\"en-US\",\"potentialAction\":[{\"@type\":\"ReadAction\",\"target\":[\"https:\/\/www.visit-ulcinj.com\/blog\/2008\/10\/12\/ne-milesh-hapet-medreseja-e-par-fetare-ne-mal-te-zi\/\"]}]},{\"@type\":\"BreadcrumbList\",\"@id\":\"https:\/\/www.visit-ulcinj.com\/blog\/2008\/10\/12\/ne-milesh-hapet-medreseja-e-par-fetare-ne-mal-te-zi\/#breadcrumb\",\"itemListElement\":[{\"@type\":\"ListItem\",\"position\":1,\"name\":\"N\u00eb Milesh hapet Medreseja e par fetare n\u00eb Mal t\u00eb Zi\"}]},{\"@type\":\"Person\",\"@id\":\"https:\/\/www.visit-ulcinj.com\/blog\/#\/schema\/person\/dcab619c614d3038751c63bc2aadc06d\",\"name\":\"ulqini\",\"sameAs\":[\"http:\/\/www.visit-ulcinj.com\"],\"url\":\"https:\/\/www.visit-ulcinj.com\/blog\/author\/admin\/\"}]}<\/script>\n<!-- \/ Yoast SEO plugin. -->","yoast_head_json":{"title":"N\u00eb Milesh hapet Medreseja e par fetare n\u00eb Mal t\u00eb Zi - Lajme nga Ulqini","description":"Tuz - Medreseja, shkolla e par\u00eb fetare n\u00eb Mal t\u00eb Zi e filloi m\u00ebsimin t\u00eb h\u00ebn\u00ebn. N\u00eb k\u00ebt\u00eb institucion fetar, ligj\u00ebrat\u00ebn e par\u00eb e tha reisi i Bashk\u00ebsis\u00eb","robots":{"index":"index","follow":"follow","max-snippet":"max-snippet:-1","max-image-preview":"max-image-preview:large","max-video-preview":"max-video-preview:-1"},"canonical":"https:\/\/www.visit-ulcinj.com\/blog\/2008\/10\/12\/ne-milesh-hapet-medreseja-e-par-fetare-ne-mal-te-zi\/","og_locale":"en_US","og_type":"article","og_title":"N\u00eb Milesh hapet Medreseja e par fetare n\u00eb Mal t\u00eb Zi - Lajme nga Ulqini","og_description":"Tuz - Medreseja, shkolla e par\u00eb fetare n\u00eb Mal t\u00eb Zi e filloi m\u00ebsimin t\u00eb h\u00ebn\u00ebn. N\u00eb k\u00ebt\u00eb institucion fetar, ligj\u00ebrat\u00ebn e par\u00eb e tha reisi i Bashk\u00ebsis\u00eb","og_url":"https:\/\/www.visit-ulcinj.com\/blog\/2008\/10\/12\/ne-milesh-hapet-medreseja-e-par-fetare-ne-mal-te-zi\/","og_site_name":"Lajme nga Ulqini","article_published_time":"2008-10-12T19:29:10+00:00","article_modified_time":"2008-10-17T18:10:25+00:00","og_image":[{"url":"http:\/\/www.visit-ulcinj.com\/blog\/wp-content\/uploads\/2008\/10\/ne-milesh-hapet-medreseja-fetare.jpg"}],"twitter_misc":{"Written by":"ulqini"},"schema":{"@context":"https:\/\/schema.org","@graph":[{"@type":"WebSite","@id":"https:\/\/www.visit-ulcinj.com\/blog\/#website","url":"https:\/\/www.visit-ulcinj.com\/blog\/","name":"Lajme nga Ulqini","description":"Lajme,Vijesti,Ulqini,Ulqin,Crna Gora,Mali i Zi","potentialAction":[{"@type":"SearchAction","target":{"@type":"EntryPoint","urlTemplate":"https:\/\/www.visit-ulcinj.com\/blog\/?s={search_term_string}"},"query-input":"required name=search_term_string"}],"inLanguage":"en-US"},{"@type":"ImageObject","inLanguage":"en-US","@id":"https:\/\/www.visit-ulcinj.com\/blog\/2008\/10\/12\/ne-milesh-hapet-medreseja-e-par-fetare-ne-mal-te-zi\/#primaryimage","url":"http:\/\/www.visit-ulcinj.com\/blog\/wp-content\/uploads\/2008\/10\/ne-milesh-hapet-medreseja-fetare.jpg","contentUrl":"http:\/\/www.visit-ulcinj.com\/blog\/wp-content\/uploads\/2008\/10\/ne-milesh-hapet-medreseja-fetare.jpg"},{"@type":"WebPage","@id":"https:\/\/www.visit-ulcinj.com\/blog\/2008\/10\/12\/ne-milesh-hapet-medreseja-e-par-fetare-ne-mal-te-zi\/#webpage","url":"https:\/\/www.visit-ulcinj.com\/blog\/2008\/10\/12\/ne-milesh-hapet-medreseja-e-par-fetare-ne-mal-te-zi\/","name":"N\u00eb Milesh hapet Medreseja e par fetare n\u00eb Mal t\u00eb Zi - Lajme nga Ulqini","isPartOf":{"@id":"https:\/\/www.visit-ulcinj.com\/blog\/#website"},"primaryImageOfPage":{"@id":"https:\/\/www.visit-ulcinj.com\/blog\/2008\/10\/12\/ne-milesh-hapet-medreseja-e-par-fetare-ne-mal-te-zi\/#primaryimage"},"datePublished":"2008-10-12T19:29:10+00:00","dateModified":"2008-10-17T18:10:25+00:00","author":{"@id":"https:\/\/www.visit-ulcinj.com\/blog\/#\/schema\/person\/dcab619c614d3038751c63bc2aadc06d"},"description":"Tuz - Medreseja, shkolla e par\u00eb fetare n\u00eb Mal t\u00eb Zi e filloi m\u00ebsimin t\u00eb h\u00ebn\u00ebn. N\u00eb k\u00ebt\u00eb institucion fetar, ligj\u00ebrat\u00ebn e par\u00eb e tha reisi i Bashk\u00ebsis\u00eb","breadcrumb":{"@id":"https:\/\/www.visit-ulcinj.com\/blog\/2008\/10\/12\/ne-milesh-hapet-medreseja-e-par-fetare-ne-mal-te-zi\/#breadcrumb"},"inLanguage":"en-US","potentialAction":[{"@type":"ReadAction","target":["https:\/\/www.visit-ulcinj.com\/blog\/2008\/10\/12\/ne-milesh-hapet-medreseja-e-par-fetare-ne-mal-te-zi\/"]}]},{"@type":"BreadcrumbList","@id":"https:\/\/www.visit-ulcinj.com\/blog\/2008\/10\/12\/ne-milesh-hapet-medreseja-e-par-fetare-ne-mal-te-zi\/#breadcrumb","itemListElement":[{"@type":"ListItem","position":1,"name":"N\u00eb Milesh hapet Medreseja e par fetare n\u00eb Mal t\u00eb Zi"}]},{"@type":"Person","@id":"https:\/\/www.visit-ulcinj.com\/blog\/#\/schema\/person\/dcab619c614d3038751c63bc2aadc06d","name":"ulqini","sameAs":["http:\/\/www.visit-ulcinj.com"],"url":"https:\/\/www.visit-ulcinj.com\/blog\/author\/admin\/"}]}},"jetpack_featured_media_url":"","jetpack_sharing_enabled":true,"jetpack_shortlink":"https:\/\/wp.me\/pe6lTn-151","_links":{"self":[{"href":"https:\/\/www.visit-ulcinj.com\/blog\/wp-json\/wp\/v2\/posts\/4155"}],"collection":[{"href":"https:\/\/www.visit-ulcinj.com\/blog\/wp-json\/wp\/v2\/posts"}],"about":[{"href":"https:\/\/www.visit-ulcinj.com\/blog\/wp-json\/wp\/v2\/types\/post"}],"author":[{"embeddable":true,"href":"https:\/\/www.visit-ulcinj.com\/blog\/wp-json\/wp\/v2\/users\/1"}],"replies":[{"embeddable":true,"href":"https:\/\/www.visit-ulcinj.com\/blog\/wp-json\/wp\/v2\/comments?post=4155"}],"version-history":[{"count":0,"href":"https:\/\/www.visit-ulcinj.com\/blog\/wp-json\/wp\/v2\/posts\/4155\/revisions"}],"wp:attachment":[{"href":"https:\/\/www.visit-ulcinj.com\/blog\/wp-json\/wp\/v2\/media?parent=4155"}],"wp:term":[{"taxonomy":"category","embeddable":true,"href":"https:\/\/www.visit-ulcinj.com\/blog\/wp-json\/wp\/v2\/categories?post=4155"},{"taxonomy":"post_tag","embeddable":true,"href":"https:\/\/www.visit-ulcinj.com\/blog\/wp-json\/wp\/v2\/tags?post=4155"}],"curies":[{"name":"wp","href":"https:\/\/api.w.org\/{rel}","templated":true}]}}