{"id":41568,"date":"2010-12-24T16:04:08","date_gmt":"2010-12-24T15:04:08","guid":{"rendered":"http:\/\/www.visit-ulcinj.com\/blog\/?p=41568"},"modified":"2010-12-27T22:27:05","modified_gmt":"2010-12-27T21:27:05","slug":"gezim-hajdinaga-uron-besimtaret-per-krishtlindje","status":"publish","type":"post","link":"https:\/\/www.visit-ulcinj.com\/blog\/2010\/12\/24\/gezim-hajdinaga-uron-besimtaret-per-krishtlindje\/","title":{"rendered":"G\u00ebzim Hajdinaga uron besimtaret per Krishtlindje"},"content":{"rendered":"<p><a href=\"http:\/\/www.visit-ulcinj.com\/blog\/wp-content\/uploads\/2010\/12\/Gezuar-Krishlindjet_Kryetari-_Gezim-Hajdinaga.jpg\"><img loading=\"lazy\" class=\"alignleft size-full wp-image-41569\" title=\"Gezuar Krishlindjet_Kryetari _Gezim Hajdinaga\" src=\"http:\/\/www.visit-ulcinj.com\/blog\/wp-content\/uploads\/2010\/12\/Gezuar-Krishlindjet_Kryetari-_Gezim-Hajdinaga.jpg\" alt=\"\" width=\"490\" height=\"390\" \/><\/a>Me rastin e fest\u00ebs s\u00eb Krishtlindjeve, Kryetari i Ulqinit G\u00ebzim Hajdinaga, p\u00ebrcolli urimet me t\u00eb ngrohta dhe t\u00eb p\u00ebrzem\u00ebrta t\u00eb gjith\u00eb besimtar\u00ebve katolik\u00eb<\/p>\n<p>Ne mesazhin e tij nd\u00ebr t\u00eb tjera thuhet:<\/p>\n<p>\u201cSot \u00ebsht\u00eb nj\u00eb dit\u00eb e sh\u00ebnuar. D\u00ebshiroj me k\u00ebt\u00eb rast t\u00eb uroj nga zemra t\u00eb gjith\u00eb besimtar\u00ebt katolik\u00eb. \u00cbsht\u00eb nj\u00eb dit\u00eb ku secili reflekton p\u00ebr t\u00eb nd\u00ebrtuar ura bashk\u00ebpunimi p\u00ebr nj\u00eb t\u00eb ardhme m\u00eb t\u00eb mir\u00eb, m\u00eb t\u00eb sigurt\u00eb, m\u00eb paq\u00ebsore n\u00eb t\u00eb gjitha ambientet.<\/p>\n<p>Edhe nj\u00eb her\u00eb d\u00ebshiroj t\u2019ju uroj t\u00eb gjith\u00eb besimtar\u00ebve katolik\u00eb \u201cG\u00ebzuar Krishlindjet!\u201d<\/p>\n<p><strong>Kryetari i Ulqinit G\u00ebzim Hajdinaga<\/strong><\/p>\n<p><strong> <\/strong><\/p>\n<h3>Municipality of Ulcinj \/ Ulqin<br \/>\nArsllan Hajdinaga<\/h3>\n","protected":false},"excerpt":{"rendered":"<p>Me rastin e fest\u00ebs s\u00eb Krishtlindjeve, Kryetari i Ulqinit G\u00ebzim Hajdinaga, p\u00ebrcolli urimet me t\u00eb ngrohta dhe t\u00eb p\u00ebrzem\u00ebrta t\u00eb gjith\u00eb besimtar\u00ebve katolik\u00eb Ne mesazhin e tij nd\u00ebr t\u00eb tjera thuhet: \u201cSot \u00ebsht\u00eb nj\u00eb dit\u00eb e sh\u00ebnuar. D\u00ebshiroj me k\u00ebt\u00eb rast t\u00eb uroj nga zemra t\u00eb gjith\u00eb besimtar\u00ebt katolik\u00eb. \u00cbsht\u00eb nj\u00eb dit\u00eb ku secili reflekton [&hellip;]<\/p>\n","protected":false},"author":1,"featured_media":0,"comment_status":"open","ping_status":"closed","sticky":false,"template":"","format":"standard","meta":{"spay_email":"","jetpack_publicize_message":"","jetpack_is_tweetstorm":false,"jetpack_publicize_feature_enabled":true},"categories":[6],"tags":[222,8500,229,16789],"jetpack_publicize_connections":[],"yoast_head":"<!-- This site is optimized with the Yoast SEO plugin v19.1 - https:\/\/yoast.com\/wordpress\/plugins\/seo\/ -->\n<title>G\u00ebzim Hajdinaga uron besimtaret per Krishtlindje - Lajme nga Ulqini<\/title>\n<meta name=\"description\" content=\"Me rastin e fest\u00ebs s\u00eb Krishtlindjeve, Kryetari i Ulqinit G\u00ebzim Hajdinaga, p\u00ebrcolli urimet me t\u00eb ngrohta dhe t\u00eb p\u00ebrzem\u00ebrta t\u00eb gjith\u00eb besimtar\u00ebve katolik\u00eb\" \/>\n<meta name=\"robots\" content=\"index, follow, max-snippet:-1, max-image-preview:large, max-video-preview:-1\" \/>\n<link rel=\"canonical\" href=\"https:\/\/www.visit-ulcinj.com\/blog\/2010\/12\/24\/gezim-hajdinaga-uron-besimtaret-per-krishtlindje\/\" \/>\n<meta property=\"og:locale\" content=\"en_US\" \/>\n<meta property=\"og:type\" content=\"article\" \/>\n<meta property=\"og:title\" content=\"G\u00ebzim Hajdinaga uron besimtaret per Krishtlindje - Lajme nga Ulqini\" \/>\n<meta property=\"og:description\" content=\"Me rastin e fest\u00ebs s\u00eb Krishtlindjeve, Kryetari i Ulqinit G\u00ebzim Hajdinaga, p\u00ebrcolli urimet me t\u00eb ngrohta dhe t\u00eb p\u00ebrzem\u00ebrta t\u00eb gjith\u00eb besimtar\u00ebve katolik\u00eb\" \/>\n<meta property=\"og:url\" content=\"https:\/\/www.visit-ulcinj.com\/blog\/2010\/12\/24\/gezim-hajdinaga-uron-besimtaret-per-krishtlindje\/\" \/>\n<meta property=\"og:site_name\" content=\"Lajme nga Ulqini\" \/>\n<meta property=\"article:published_time\" content=\"2010-12-24T15:04:08+00:00\" \/>\n<meta property=\"article:modified_time\" content=\"2010-12-27T21:27:05+00:00\" \/>\n<meta property=\"og:image\" content=\"http:\/\/www.visit-ulcinj.com\/blog\/wp-content\/uploads\/2010\/12\/Gezuar-Krishlindjet_Kryetari-_Gezim-Hajdinaga.jpg\" \/>\n<meta name=\"twitter:label1\" content=\"Written by\" \/>\n\t<meta name=\"twitter:data1\" content=\"ulqini\" \/>\n\t<meta name=\"twitter:label2\" content=\"Est. reading time\" \/>\n\t<meta name=\"twitter:data2\" content=\"1 minute\" \/>\n<script type=\"application\/ld+json\" class=\"yoast-schema-graph\">{\"@context\":\"https:\/\/schema.org\",\"@graph\":[{\"@type\":\"WebSite\",\"@id\":\"https:\/\/www.visit-ulcinj.com\/blog\/#website\",\"url\":\"https:\/\/www.visit-ulcinj.com\/blog\/\",\"name\":\"Lajme nga Ulqini\",\"description\":\"Lajme,Vijesti,Ulqini,Ulqin,Crna Gora,Mali i Zi\",\"potentialAction\":[{\"@type\":\"SearchAction\",\"target\":{\"@type\":\"EntryPoint\",\"urlTemplate\":\"https:\/\/www.visit-ulcinj.com\/blog\/?s={search_term_string}\"},\"query-input\":\"required name=search_term_string\"}],\"inLanguage\":\"en-US\"},{\"@type\":\"ImageObject\",\"inLanguage\":\"en-US\",\"@id\":\"https:\/\/www.visit-ulcinj.com\/blog\/2010\/12\/24\/gezim-hajdinaga-uron-besimtaret-per-krishtlindje\/#primaryimage\",\"url\":\"https:\/\/www.visit-ulcinj.com\/blog\/wp-content\/uploads\/2010\/12\/Gezuar-Krishlindjet_Kryetari-_Gezim-Hajdinaga.jpg\",\"contentUrl\":\"https:\/\/www.visit-ulcinj.com\/blog\/wp-content\/uploads\/2010\/12\/Gezuar-Krishlindjet_Kryetari-_Gezim-Hajdinaga.jpg\",\"width\":\"768\",\"height\":\"576\"},{\"@type\":\"WebPage\",\"@id\":\"https:\/\/www.visit-ulcinj.com\/blog\/2010\/12\/24\/gezim-hajdinaga-uron-besimtaret-per-krishtlindje\/#webpage\",\"url\":\"https:\/\/www.visit-ulcinj.com\/blog\/2010\/12\/24\/gezim-hajdinaga-uron-besimtaret-per-krishtlindje\/\",\"name\":\"G\u00ebzim Hajdinaga uron besimtaret per Krishtlindje - Lajme nga Ulqini\",\"isPartOf\":{\"@id\":\"https:\/\/www.visit-ulcinj.com\/blog\/#website\"},\"primaryImageOfPage\":{\"@id\":\"https:\/\/www.visit-ulcinj.com\/blog\/2010\/12\/24\/gezim-hajdinaga-uron-besimtaret-per-krishtlindje\/#primaryimage\"},\"datePublished\":\"2010-12-24T15:04:08+00:00\",\"dateModified\":\"2010-12-27T21:27:05+00:00\",\"author\":{\"@id\":\"https:\/\/www.visit-ulcinj.com\/blog\/#\/schema\/person\/dcab619c614d3038751c63bc2aadc06d\"},\"description\":\"Me rastin e fest\u00ebs s\u00eb Krishtlindjeve, Kryetari i Ulqinit G\u00ebzim Hajdinaga, p\u00ebrcolli urimet me t\u00eb ngrohta dhe t\u00eb p\u00ebrzem\u00ebrta t\u00eb gjith\u00eb besimtar\u00ebve katolik\u00eb\",\"breadcrumb\":{\"@id\":\"https:\/\/www.visit-ulcinj.com\/blog\/2010\/12\/24\/gezim-hajdinaga-uron-besimtaret-per-krishtlindje\/#breadcrumb\"},\"inLanguage\":\"en-US\",\"potentialAction\":[{\"@type\":\"ReadAction\",\"target\":[\"https:\/\/www.visit-ulcinj.com\/blog\/2010\/12\/24\/gezim-hajdinaga-uron-besimtaret-per-krishtlindje\/\"]}]},{\"@type\":\"BreadcrumbList\",\"@id\":\"https:\/\/www.visit-ulcinj.com\/blog\/2010\/12\/24\/gezim-hajdinaga-uron-besimtaret-per-krishtlindje\/#breadcrumb\",\"itemListElement\":[{\"@type\":\"ListItem\",\"position\":1,\"name\":\"G\u00ebzim Hajdinaga uron besimtaret per Krishtlindje\"}]},{\"@type\":\"Person\",\"@id\":\"https:\/\/www.visit-ulcinj.com\/blog\/#\/schema\/person\/dcab619c614d3038751c63bc2aadc06d\",\"name\":\"ulqini\",\"sameAs\":[\"http:\/\/www.visit-ulcinj.com\"],\"url\":\"https:\/\/www.visit-ulcinj.com\/blog\/author\/admin\/\"}]}<\/script>\n<!-- \/ Yoast SEO plugin. -->","yoast_head_json":{"title":"G\u00ebzim Hajdinaga uron besimtaret per Krishtlindje - Lajme nga Ulqini","description":"Me rastin e fest\u00ebs s\u00eb Krishtlindjeve, Kryetari i Ulqinit G\u00ebzim Hajdinaga, p\u00ebrcolli urimet me t\u00eb ngrohta dhe t\u00eb p\u00ebrzem\u00ebrta t\u00eb gjith\u00eb besimtar\u00ebve katolik\u00eb","robots":{"index":"index","follow":"follow","max-snippet":"max-snippet:-1","max-image-preview":"max-image-preview:large","max-video-preview":"max-video-preview:-1"},"canonical":"https:\/\/www.visit-ulcinj.com\/blog\/2010\/12\/24\/gezim-hajdinaga-uron-besimtaret-per-krishtlindje\/","og_locale":"en_US","og_type":"article","og_title":"G\u00ebzim Hajdinaga uron besimtaret per Krishtlindje - Lajme nga Ulqini","og_description":"Me rastin e fest\u00ebs s\u00eb Krishtlindjeve, Kryetari i Ulqinit G\u00ebzim Hajdinaga, p\u00ebrcolli urimet me t\u00eb ngrohta dhe t\u00eb p\u00ebrzem\u00ebrta t\u00eb gjith\u00eb besimtar\u00ebve katolik\u00eb","og_url":"https:\/\/www.visit-ulcinj.com\/blog\/2010\/12\/24\/gezim-hajdinaga-uron-besimtaret-per-krishtlindje\/","og_site_name":"Lajme nga Ulqini","article_published_time":"2010-12-24T15:04:08+00:00","article_modified_time":"2010-12-27T21:27:05+00:00","og_image":[{"url":"http:\/\/www.visit-ulcinj.com\/blog\/wp-content\/uploads\/2010\/12\/Gezuar-Krishlindjet_Kryetari-_Gezim-Hajdinaga.jpg"}],"twitter_misc":{"Written by":"ulqini","Est. reading time":"1 minute"},"schema":{"@context":"https:\/\/schema.org","@graph":[{"@type":"WebSite","@id":"https:\/\/www.visit-ulcinj.com\/blog\/#website","url":"https:\/\/www.visit-ulcinj.com\/blog\/","name":"Lajme nga Ulqini","description":"Lajme,Vijesti,Ulqini,Ulqin,Crna Gora,Mali i Zi","potentialAction":[{"@type":"SearchAction","target":{"@type":"EntryPoint","urlTemplate":"https:\/\/www.visit-ulcinj.com\/blog\/?s={search_term_string}"},"query-input":"required name=search_term_string"}],"inLanguage":"en-US"},{"@type":"ImageObject","inLanguage":"en-US","@id":"https:\/\/www.visit-ulcinj.com\/blog\/2010\/12\/24\/gezim-hajdinaga-uron-besimtaret-per-krishtlindje\/#primaryimage","url":"https:\/\/www.visit-ulcinj.com\/blog\/wp-content\/uploads\/2010\/12\/Gezuar-Krishlindjet_Kryetari-_Gezim-Hajdinaga.jpg","contentUrl":"https:\/\/www.visit-ulcinj.com\/blog\/wp-content\/uploads\/2010\/12\/Gezuar-Krishlindjet_Kryetari-_Gezim-Hajdinaga.jpg","width":"768","height":"576"},{"@type":"WebPage","@id":"https:\/\/www.visit-ulcinj.com\/blog\/2010\/12\/24\/gezim-hajdinaga-uron-besimtaret-per-krishtlindje\/#webpage","url":"https:\/\/www.visit-ulcinj.com\/blog\/2010\/12\/24\/gezim-hajdinaga-uron-besimtaret-per-krishtlindje\/","name":"G\u00ebzim Hajdinaga uron besimtaret per Krishtlindje - Lajme nga Ulqini","isPartOf":{"@id":"https:\/\/www.visit-ulcinj.com\/blog\/#website"},"primaryImageOfPage":{"@id":"https:\/\/www.visit-ulcinj.com\/blog\/2010\/12\/24\/gezim-hajdinaga-uron-besimtaret-per-krishtlindje\/#primaryimage"},"datePublished":"2010-12-24T15:04:08+00:00","dateModified":"2010-12-27T21:27:05+00:00","author":{"@id":"https:\/\/www.visit-ulcinj.com\/blog\/#\/schema\/person\/dcab619c614d3038751c63bc2aadc06d"},"description":"Me rastin e fest\u00ebs s\u00eb Krishtlindjeve, Kryetari i Ulqinit G\u00ebzim Hajdinaga, p\u00ebrcolli urimet me t\u00eb ngrohta dhe t\u00eb p\u00ebrzem\u00ebrta t\u00eb gjith\u00eb besimtar\u00ebve katolik\u00eb","breadcrumb":{"@id":"https:\/\/www.visit-ulcinj.com\/blog\/2010\/12\/24\/gezim-hajdinaga-uron-besimtaret-per-krishtlindje\/#breadcrumb"},"inLanguage":"en-US","potentialAction":[{"@type":"ReadAction","target":["https:\/\/www.visit-ulcinj.com\/blog\/2010\/12\/24\/gezim-hajdinaga-uron-besimtaret-per-krishtlindje\/"]}]},{"@type":"BreadcrumbList","@id":"https:\/\/www.visit-ulcinj.com\/blog\/2010\/12\/24\/gezim-hajdinaga-uron-besimtaret-per-krishtlindje\/#breadcrumb","itemListElement":[{"@type":"ListItem","position":1,"name":"G\u00ebzim Hajdinaga uron besimtaret per Krishtlindje"}]},{"@type":"Person","@id":"https:\/\/www.visit-ulcinj.com\/blog\/#\/schema\/person\/dcab619c614d3038751c63bc2aadc06d","name":"ulqini","sameAs":["http:\/\/www.visit-ulcinj.com"],"url":"https:\/\/www.visit-ulcinj.com\/blog\/author\/admin\/"}]}},"jetpack_featured_media_url":"","jetpack_sharing_enabled":true,"jetpack_shortlink":"https:\/\/wp.me\/pe6lTn-aOs","_links":{"self":[{"href":"https:\/\/www.visit-ulcinj.com\/blog\/wp-json\/wp\/v2\/posts\/41568"}],"collection":[{"href":"https:\/\/www.visit-ulcinj.com\/blog\/wp-json\/wp\/v2\/posts"}],"about":[{"href":"https:\/\/www.visit-ulcinj.com\/blog\/wp-json\/wp\/v2\/types\/post"}],"author":[{"embeddable":true,"href":"https:\/\/www.visit-ulcinj.com\/blog\/wp-json\/wp\/v2\/users\/1"}],"replies":[{"embeddable":true,"href":"https:\/\/www.visit-ulcinj.com\/blog\/wp-json\/wp\/v2\/comments?post=41568"}],"version-history":[{"count":0,"href":"https:\/\/www.visit-ulcinj.com\/blog\/wp-json\/wp\/v2\/posts\/41568\/revisions"}],"wp:attachment":[{"href":"https:\/\/www.visit-ulcinj.com\/blog\/wp-json\/wp\/v2\/media?parent=41568"}],"wp:term":[{"taxonomy":"category","embeddable":true,"href":"https:\/\/www.visit-ulcinj.com\/blog\/wp-json\/wp\/v2\/categories?post=41568"},{"taxonomy":"post_tag","embeddable":true,"href":"https:\/\/www.visit-ulcinj.com\/blog\/wp-json\/wp\/v2\/tags?post=41568"}],"curies":[{"name":"wp","href":"https:\/\/api.w.org\/{rel}","templated":true}]}}