{"id":41572,"date":"2010-12-24T16:36:11","date_gmt":"2010-12-24T15:36:11","guid":{"rendered":"http:\/\/www.visit-ulcinj.com\/blog\/?p=41572"},"modified":"2010-12-27T19:31:58","modified_gmt":"2010-12-27T18:31:58","slug":"udsh-ja-urime-per-festen-e-krishtlindjeve","status":"publish","type":"post","link":"https:\/\/www.visit-ulcinj.com\/blog\/2010\/12\/24\/udsh-ja-urime-per-festen-e-krishtlindjeve\/","title":{"rendered":"UDSH-ja: Urime p\u00ebr fest\u00ebn e Krishtlindjeve"},"content":{"rendered":"<h3><img loading=\"lazy\" class=\"alignleft size-thumbnail wp-image-36988\" title=\"UNIONI  DEMOKRATIK I SHQIPTAR\u00cbVE\" src=\"http:\/\/www.visit-ulcinj.com\/blog\/wp-content\/uploads\/2010\/09\/UNIONI-DEMOKRATIK-I-SHQIPTAR\u00cbVE-150x150.jpg\" alt=\"\" width=\"150\" height=\"150\" \/>UNIONI  DEMOKRATIK I SHQIPTAR\u00cbVE<\/h3>\n<h3><strong>DEMOKRATSKA UNIJA ALBANACA <\/strong><\/h3>\n<h3><strong> THE DEMOCRATIC UNION OF ALBANIANS <\/strong><\/h3>\n<p><strong> <\/strong><\/p>\n<p><strong> Tel.\/fax.     030\/ 412 757, 412 599<br \/>\n<\/strong><\/p>\n<p><strong><br \/>\n<\/strong><\/p>\n<p><strong>ULQIN, m\u00eb 24 dhjetor 2010<\/strong><\/p>\n<h2 style=\"text-align: center;\"><strong>Kumtes\u00eb<\/strong><\/h2>\n<p><strong> <\/strong><\/p>\n<p><strong>Urime p\u00ebr fest\u00ebn e krishtlindjeve<\/strong><\/p>\n<p><strong> <\/strong><\/p>\n<p>Me rastin e fest\u00ebs s\u00eb Krishtlindjeve , kryetari i Unionit Demokratik t\u00eb Shqiptar\u00ebve, z.Ferhat Dinosha, n\u00eb em\u00ebr t\u00eb partis\u00eb dhe n\u00eb emrin e tij personal i p\u00ebrg\u00ebzon\u00a0 t\u00eb gjith\u00eb besimtar\u00ebt katolik, duke iu uruar sh\u00ebndet t\u00eb mir\u00eb, g\u00ebzime familjare dhe lumturi n\u00eb jet\u00eb.<br \/>\nKjo fest\u00eb, le t\u00eb na sh\u00ebrbej\u00eb n\u00eb forcimin e dashuris\u00eb p\u00ebr njeri-tjetrin dhe kultivimin e toleranc\u00ebs, si vler\u00eb e demokracis\u00eb p\u00ebr ne dhe brezat qe do t\u00eb vijn\u00eb.<\/p>\n<p>Andaj, le t\u00eb jet\u00eb kjo fest\u00eb e bashkimit dhe toleranc\u00ebs n\u00eb mes\u00a0 njer\u00ebzve, fest\u00eb e pajtimit dhe qet\u00ebsimit shpirt\u00ebror.<\/p>\n<p>Uroj q\u00eb paqja, begatia dhe prosperiteti le t\u00eb ndri\u00e7ojn\u00eb t\u00eb gjith\u00eb besimtar\u00ebt, kudo q\u00eb jan\u00eb.<\/p>\n<p><strong>Sh\u00ebrbimi informativ i UDSH-s\u00eb<br \/>\n<\/strong><br \/>\n<a href=\"http:\/\/www.visit-ulcinj.com\/blog\/wp-content\/uploads\/2010\/12\/UDSH-ja-Gezuar-vitin-e-ri_Ulqin.jpg\"><img loading=\"lazy\" src=\"http:\/\/www.visit-ulcinj.com\/blog\/wp-content\/uploads\/2010\/12\/UDSH-ja-Gezuar-vitin-e-ri_Ulqin.jpg\" alt=\"\" title=\"UDSH-ja Gezuar vitin e ri_Ulqin\" width=\"490\" height=\"721\" class=\"alignleft size-full wp-image-41689\" \/><\/a><\/p>\n","protected":false},"excerpt":{"rendered":"<p>UNIONI DEMOKRATIK I SHQIPTAR\u00cbVE DEMOKRATSKA UNIJA ALBANACA THE DEMOCRATIC UNION OF ALBANIANS Tel.\/fax. 030\/ 412 757, 412 599 ULQIN, m\u00eb 24 dhjetor 2010 Kumtes\u00eb Urime p\u00ebr fest\u00ebn e krishtlindjeve Me rastin e fest\u00ebs s\u00eb Krishtlindjeve , kryetari i Unionit Demokratik t\u00eb Shqiptar\u00ebve, z.Ferhat Dinosha, n\u00eb em\u00ebr t\u00eb partis\u00eb dhe n\u00eb emrin e tij personal i [&hellip;]<\/p>\n","protected":false},"author":1,"featured_media":0,"comment_status":"open","ping_status":"closed","sticky":false,"template":"","format":"standard","meta":{"spay_email":"","jetpack_publicize_message":"","jetpack_is_tweetstorm":false,"jetpack_publicize_feature_enabled":true},"categories":[4],"tags":[86,97,15329,200,18,2445],"jetpack_publicize_connections":[],"yoast_head":"<!-- This site is optimized with the Yoast SEO plugin v19.1 - https:\/\/yoast.com\/wordpress\/plugins\/seo\/ -->\n<title>UDSH-ja: Urime p\u00ebr fest\u00ebn e Krishtlindjeve - Lajme nga Ulqini<\/title>\n<meta name=\"description\" content=\"UNIONI DEMOKRATIK I SHQIPTAR\u00cbVE DEMOKRATSKA UNIJA ALBANACA THE DEMOCRATIC UNION OF ALBANIANS Tel.\/fax. 030\/ 412 757, 412 599 ULQIN, m\u00eb 24 dhjetor 2010\" \/>\n<meta name=\"robots\" content=\"index, follow, max-snippet:-1, max-image-preview:large, max-video-preview:-1\" \/>\n<link rel=\"canonical\" href=\"https:\/\/www.visit-ulcinj.com\/blog\/2010\/12\/24\/udsh-ja-urime-per-festen-e-krishtlindjeve\/\" \/>\n<meta property=\"og:locale\" content=\"en_US\" \/>\n<meta property=\"og:type\" content=\"article\" \/>\n<meta property=\"og:title\" content=\"UDSH-ja: Urime p\u00ebr fest\u00ebn e Krishtlindjeve - Lajme nga Ulqini\" \/>\n<meta property=\"og:description\" content=\"UNIONI DEMOKRATIK I SHQIPTAR\u00cbVE DEMOKRATSKA UNIJA ALBANACA THE DEMOCRATIC UNION OF ALBANIANS Tel.\/fax. 030\/ 412 757, 412 599 ULQIN, m\u00eb 24 dhjetor 2010\" \/>\n<meta property=\"og:url\" content=\"https:\/\/www.visit-ulcinj.com\/blog\/2010\/12\/24\/udsh-ja-urime-per-festen-e-krishtlindjeve\/\" \/>\n<meta property=\"og:site_name\" content=\"Lajme nga Ulqini\" \/>\n<meta property=\"article:published_time\" content=\"2010-12-24T15:36:11+00:00\" \/>\n<meta property=\"article:modified_time\" content=\"2010-12-27T18:31:58+00:00\" \/>\n<meta property=\"og:image\" content=\"http:\/\/www.visit-ulcinj.com\/blog\/wp-content\/uploads\/2010\/12\/UDSH-ja-Gezuar-vitin-e-ri_Ulqin.jpg\" \/>\n<meta name=\"twitter:label1\" content=\"Written by\" \/>\n\t<meta name=\"twitter:data1\" content=\"ulqini\" \/>\n\t<meta name=\"twitter:label2\" content=\"Est. reading time\" \/>\n\t<meta name=\"twitter:data2\" content=\"1 minute\" \/>\n<script type=\"application\/ld+json\" class=\"yoast-schema-graph\">{\"@context\":\"https:\/\/schema.org\",\"@graph\":[{\"@type\":\"WebSite\",\"@id\":\"https:\/\/www.visit-ulcinj.com\/blog\/#website\",\"url\":\"https:\/\/www.visit-ulcinj.com\/blog\/\",\"name\":\"Lajme nga Ulqini\",\"description\":\"Lajme,Vijesti,Ulqini,Ulqin,Crna Gora,Mali i Zi\",\"potentialAction\":[{\"@type\":\"SearchAction\",\"target\":{\"@type\":\"EntryPoint\",\"urlTemplate\":\"https:\/\/www.visit-ulcinj.com\/blog\/?s={search_term_string}\"},\"query-input\":\"required name=search_term_string\"}],\"inLanguage\":\"en-US\"},{\"@type\":\"ImageObject\",\"inLanguage\":\"en-US\",\"@id\":\"https:\/\/www.visit-ulcinj.com\/blog\/2010\/12\/24\/udsh-ja-urime-per-festen-e-krishtlindjeve\/#primaryimage\",\"url\":\"https:\/\/www.visit-ulcinj.com\/blog\/wp-content\/uploads\/2010\/12\/UDSH-ja-Gezuar-vitin-e-ri_Ulqin.jpg\",\"contentUrl\":\"https:\/\/www.visit-ulcinj.com\/blog\/wp-content\/uploads\/2010\/12\/UDSH-ja-Gezuar-vitin-e-ri_Ulqin.jpg\",\"width\":\"396\",\"height\":\"721\"},{\"@type\":\"WebPage\",\"@id\":\"https:\/\/www.visit-ulcinj.com\/blog\/2010\/12\/24\/udsh-ja-urime-per-festen-e-krishtlindjeve\/#webpage\",\"url\":\"https:\/\/www.visit-ulcinj.com\/blog\/2010\/12\/24\/udsh-ja-urime-per-festen-e-krishtlindjeve\/\",\"name\":\"UDSH-ja: Urime p\u00ebr fest\u00ebn e Krishtlindjeve - Lajme nga Ulqini\",\"isPartOf\":{\"@id\":\"https:\/\/www.visit-ulcinj.com\/blog\/#website\"},\"primaryImageOfPage\":{\"@id\":\"https:\/\/www.visit-ulcinj.com\/blog\/2010\/12\/24\/udsh-ja-urime-per-festen-e-krishtlindjeve\/#primaryimage\"},\"datePublished\":\"2010-12-24T15:36:11+00:00\",\"dateModified\":\"2010-12-27T18:31:58+00:00\",\"author\":{\"@id\":\"https:\/\/www.visit-ulcinj.com\/blog\/#\/schema\/person\/dcab619c614d3038751c63bc2aadc06d\"},\"description\":\"UNIONI DEMOKRATIK I SHQIPTAR\u00cbVE DEMOKRATSKA UNIJA ALBANACA THE DEMOCRATIC UNION OF ALBANIANS Tel.\/fax. 030\/ 412 757, 412 599 ULQIN, m\u00eb 24 dhjetor 2010\",\"breadcrumb\":{\"@id\":\"https:\/\/www.visit-ulcinj.com\/blog\/2010\/12\/24\/udsh-ja-urime-per-festen-e-krishtlindjeve\/#breadcrumb\"},\"inLanguage\":\"en-US\",\"potentialAction\":[{\"@type\":\"ReadAction\",\"target\":[\"https:\/\/www.visit-ulcinj.com\/blog\/2010\/12\/24\/udsh-ja-urime-per-festen-e-krishtlindjeve\/\"]}]},{\"@type\":\"BreadcrumbList\",\"@id\":\"https:\/\/www.visit-ulcinj.com\/blog\/2010\/12\/24\/udsh-ja-urime-per-festen-e-krishtlindjeve\/#breadcrumb\",\"itemListElement\":[{\"@type\":\"ListItem\",\"position\":1,\"name\":\"UDSH-ja: Urime p\u00ebr fest\u00ebn e Krishtlindjeve\"}]},{\"@type\":\"Person\",\"@id\":\"https:\/\/www.visit-ulcinj.com\/blog\/#\/schema\/person\/dcab619c614d3038751c63bc2aadc06d\",\"name\":\"ulqini\",\"sameAs\":[\"http:\/\/www.visit-ulcinj.com\"],\"url\":\"https:\/\/www.visit-ulcinj.com\/blog\/author\/admin\/\"}]}<\/script>\n<!-- \/ Yoast SEO plugin. -->","yoast_head_json":{"title":"UDSH-ja: Urime p\u00ebr fest\u00ebn e Krishtlindjeve - Lajme nga Ulqini","description":"UNIONI DEMOKRATIK I SHQIPTAR\u00cbVE DEMOKRATSKA UNIJA ALBANACA THE DEMOCRATIC UNION OF ALBANIANS Tel.\/fax. 030\/ 412 757, 412 599 ULQIN, m\u00eb 24 dhjetor 2010","robots":{"index":"index","follow":"follow","max-snippet":"max-snippet:-1","max-image-preview":"max-image-preview:large","max-video-preview":"max-video-preview:-1"},"canonical":"https:\/\/www.visit-ulcinj.com\/blog\/2010\/12\/24\/udsh-ja-urime-per-festen-e-krishtlindjeve\/","og_locale":"en_US","og_type":"article","og_title":"UDSH-ja: Urime p\u00ebr fest\u00ebn e Krishtlindjeve - Lajme nga Ulqini","og_description":"UNIONI DEMOKRATIK I SHQIPTAR\u00cbVE DEMOKRATSKA UNIJA ALBANACA THE DEMOCRATIC UNION OF ALBANIANS Tel.\/fax. 030\/ 412 757, 412 599 ULQIN, m\u00eb 24 dhjetor 2010","og_url":"https:\/\/www.visit-ulcinj.com\/blog\/2010\/12\/24\/udsh-ja-urime-per-festen-e-krishtlindjeve\/","og_site_name":"Lajme nga Ulqini","article_published_time":"2010-12-24T15:36:11+00:00","article_modified_time":"2010-12-27T18:31:58+00:00","og_image":[{"url":"http:\/\/www.visit-ulcinj.com\/blog\/wp-content\/uploads\/2010\/12\/UDSH-ja-Gezuar-vitin-e-ri_Ulqin.jpg"}],"twitter_misc":{"Written by":"ulqini","Est. reading time":"1 minute"},"schema":{"@context":"https:\/\/schema.org","@graph":[{"@type":"WebSite","@id":"https:\/\/www.visit-ulcinj.com\/blog\/#website","url":"https:\/\/www.visit-ulcinj.com\/blog\/","name":"Lajme nga Ulqini","description":"Lajme,Vijesti,Ulqini,Ulqin,Crna Gora,Mali i Zi","potentialAction":[{"@type":"SearchAction","target":{"@type":"EntryPoint","urlTemplate":"https:\/\/www.visit-ulcinj.com\/blog\/?s={search_term_string}"},"query-input":"required name=search_term_string"}],"inLanguage":"en-US"},{"@type":"ImageObject","inLanguage":"en-US","@id":"https:\/\/www.visit-ulcinj.com\/blog\/2010\/12\/24\/udsh-ja-urime-per-festen-e-krishtlindjeve\/#primaryimage","url":"https:\/\/www.visit-ulcinj.com\/blog\/wp-content\/uploads\/2010\/12\/UDSH-ja-Gezuar-vitin-e-ri_Ulqin.jpg","contentUrl":"https:\/\/www.visit-ulcinj.com\/blog\/wp-content\/uploads\/2010\/12\/UDSH-ja-Gezuar-vitin-e-ri_Ulqin.jpg","width":"396","height":"721"},{"@type":"WebPage","@id":"https:\/\/www.visit-ulcinj.com\/blog\/2010\/12\/24\/udsh-ja-urime-per-festen-e-krishtlindjeve\/#webpage","url":"https:\/\/www.visit-ulcinj.com\/blog\/2010\/12\/24\/udsh-ja-urime-per-festen-e-krishtlindjeve\/","name":"UDSH-ja: Urime p\u00ebr fest\u00ebn e Krishtlindjeve - Lajme nga Ulqini","isPartOf":{"@id":"https:\/\/www.visit-ulcinj.com\/blog\/#website"},"primaryImageOfPage":{"@id":"https:\/\/www.visit-ulcinj.com\/blog\/2010\/12\/24\/udsh-ja-urime-per-festen-e-krishtlindjeve\/#primaryimage"},"datePublished":"2010-12-24T15:36:11+00:00","dateModified":"2010-12-27T18:31:58+00:00","author":{"@id":"https:\/\/www.visit-ulcinj.com\/blog\/#\/schema\/person\/dcab619c614d3038751c63bc2aadc06d"},"description":"UNIONI DEMOKRATIK I SHQIPTAR\u00cbVE DEMOKRATSKA UNIJA ALBANACA THE DEMOCRATIC UNION OF ALBANIANS Tel.\/fax. 030\/ 412 757, 412 599 ULQIN, m\u00eb 24 dhjetor 2010","breadcrumb":{"@id":"https:\/\/www.visit-ulcinj.com\/blog\/2010\/12\/24\/udsh-ja-urime-per-festen-e-krishtlindjeve\/#breadcrumb"},"inLanguage":"en-US","potentialAction":[{"@type":"ReadAction","target":["https:\/\/www.visit-ulcinj.com\/blog\/2010\/12\/24\/udsh-ja-urime-per-festen-e-krishtlindjeve\/"]}]},{"@type":"BreadcrumbList","@id":"https:\/\/www.visit-ulcinj.com\/blog\/2010\/12\/24\/udsh-ja-urime-per-festen-e-krishtlindjeve\/#breadcrumb","itemListElement":[{"@type":"ListItem","position":1,"name":"UDSH-ja: Urime p\u00ebr fest\u00ebn e Krishtlindjeve"}]},{"@type":"Person","@id":"https:\/\/www.visit-ulcinj.com\/blog\/#\/schema\/person\/dcab619c614d3038751c63bc2aadc06d","name":"ulqini","sameAs":["http:\/\/www.visit-ulcinj.com"],"url":"https:\/\/www.visit-ulcinj.com\/blog\/author\/admin\/"}]}},"jetpack_featured_media_url":"","jetpack_sharing_enabled":true,"jetpack_shortlink":"https:\/\/wp.me\/pe6lTn-aOw","_links":{"self":[{"href":"https:\/\/www.visit-ulcinj.com\/blog\/wp-json\/wp\/v2\/posts\/41572"}],"collection":[{"href":"https:\/\/www.visit-ulcinj.com\/blog\/wp-json\/wp\/v2\/posts"}],"about":[{"href":"https:\/\/www.visit-ulcinj.com\/blog\/wp-json\/wp\/v2\/types\/post"}],"author":[{"embeddable":true,"href":"https:\/\/www.visit-ulcinj.com\/blog\/wp-json\/wp\/v2\/users\/1"}],"replies":[{"embeddable":true,"href":"https:\/\/www.visit-ulcinj.com\/blog\/wp-json\/wp\/v2\/comments?post=41572"}],"version-history":[{"count":1,"href":"https:\/\/www.visit-ulcinj.com\/blog\/wp-json\/wp\/v2\/posts\/41572\/revisions"}],"predecessor-version":[{"id":73408,"href":"https:\/\/www.visit-ulcinj.com\/blog\/wp-json\/wp\/v2\/posts\/41572\/revisions\/73408"}],"wp:attachment":[{"href":"https:\/\/www.visit-ulcinj.com\/blog\/wp-json\/wp\/v2\/media?parent=41572"}],"wp:term":[{"taxonomy":"category","embeddable":true,"href":"https:\/\/www.visit-ulcinj.com\/blog\/wp-json\/wp\/v2\/categories?post=41572"},{"taxonomy":"post_tag","embeddable":true,"href":"https:\/\/www.visit-ulcinj.com\/blog\/wp-json\/wp\/v2\/tags?post=41572"}],"curies":[{"name":"wp","href":"https:\/\/api.w.org\/{rel}","templated":true}]}}