{"id":41579,"date":"2010-12-24T16:57:45","date_gmt":"2010-12-24T15:57:45","guid":{"rendered":"http:\/\/www.visit-ulcinj.com\/blog\/?p=41579"},"modified":"2010-12-27T22:27:35","modified_gmt":"2010-12-27T21:27:35","slug":"knsh-ja-urime-festa-e-krishtlindjeve","status":"publish","type":"post","link":"https:\/\/www.visit-ulcinj.com\/blog\/2010\/12\/24\/knsh-ja-urime-festa-e-krishtlindjeve\/","title":{"rendered":"KNSH-ja:  Urime festa e krishtlindjeve"},"content":{"rendered":"<p><strong><a href=\"http:\/\/www.visit-ulcinj.com\/blog\/wp-content\/uploads\/2010\/11\/K\u00cbSHILLI-NACIONAL-I-SHQIPTAR\u00cbVE-N\u00cb-MALIN-E-ZI.jpg\"><img loading=\"lazy\" class=\"alignleft size-medium wp-image-39757\" title=\"K\u00cbSHILLI NACIONAL I SHQIPTAR\u00cbVE N\u00cb MALIN E ZI\" src=\"http:\/\/www.visit-ulcinj.com\/blog\/wp-content\/uploads\/2010\/11\/K\u00cbSHILLI-NACIONAL-I-SHQIPTAR\u00cbVE-N\u00cb-MALIN-E-ZI-300x133.jpg\" alt=\"\" width=\"300\" height=\"133\" srcset=\"https:\/\/www.visit-ulcinj.com\/blog\/wp-content\/uploads\/2010\/11\/K\u00cbSHILLI-NACIONAL-I-SHQIPTAR\u00cbVE-N\u00cb-MALIN-E-ZI-300x133.jpg 300w, https:\/\/www.visit-ulcinj.com\/blog\/wp-content\/uploads\/2010\/11\/K\u00cbSHILLI-NACIONAL-I-SHQIPTAR\u00cbVE-N\u00cb-MALIN-E-ZI.jpg 318w\" sizes=\"(max-width: 300px) 100vw, 300px\" \/><\/a>K\u00cbSHILLI NACIONAL I SHQIPTAR\u00cbVE N\u00cb MALIN E ZI<br \/>\n<\/strong><\/p>\n<p><strong>NACIONALNI SAVJET ALBANACA U CRNOJ GORI<br \/>\n<\/strong><\/p>\n<p><strong>ALBANIAN  NATIONAL COUNCIL IN MONTENEGRO<br \/>\n<\/strong><\/p>\n<p><strong>Nr. 76\/10<\/strong><\/p>\n<p><strong>Ulqin, m\u00eb\u00a0 24.12.2010<\/strong><\/p>\n<h3 style=\"text-align: center;\"><strong>Urim p\u00ebr Krishtlindje<\/strong><\/h3>\n<p>K\u00ebshilli\u00a0 Nacional i Shqiptar\u00ebve n\u00eb Malin e Zi, uron\u00a0\u00a0 besimtar\u00ebt e Krishter\u00eb me rastin e fest\u00ebs s\u00eb\u00a0\u00a0 krishtlindjeve, me d\u00ebshir\u00ebn q\u00eb kjo fest\u00eb t\u00eb sjell\u00eb paqe e bekim n\u00eb familjet e t\u00eb gjith\u00ebve.<\/p>\n<p>&#8220;N\u00eb k\u00ebt\u00eb dit\u00eb t\u00eb harmonis\u00eb e t\u00eb mir\u00ebkuptimit si dhe t\u00eb shpres\u00ebs s\u00eb p\u00ebrjetshme t\u00eb njeriut, shfrytzojm\u00eb rastin q\u00eb t\u00eb gjith\u00eb besimtar\u00ebve t\u00eb Krishter\u00eb shqiptar\u00eb kudo q\u00eb jan\u00eb t Ju\u00a0 urojm\u00eb- G\u00cbZUAR Krishtlindjet.<\/p>\n<p>Lusim Zotin q\u00eb n\u00eb familjet Tuaja t\u00eb keni gjithmon\u00eb paqe, sh\u00ebndet, begati, harmoni\u00a0 e unitet, p\u00ebr t\u00eb cil\u00ebn ne, si shqiptar\u00eb kemi nevoj\u00eb m\u00eb shum\u00eb se kurr\u00eb&#8221;.<\/p>\n<p><strong>Urime t\u00eb gjith\u00ebve! P\u00ebr shum\u00eb mot!<\/strong><\/p>\n<p><strong> <\/strong><\/p>\n<p><strong> <\/strong><\/p>\n<p><strong> <\/strong><\/p>\n<p><strong> KRYETARI<\/strong><\/p>\n<p><strong> Tahir Tahiri<br \/>\n<img loading=\"lazy\" class=\"alignleft\" title=\"URIME KRISHLINDJET NGA KNSH-JA\" src=\"http:\/\/i170.photobucket.com\/albums\/u253\/albanianglitters\/gezuarkershendellat19-1.gif\" alt=\"\" width=\"500\" height=\"400\" \/><\/strong><\/p>\n<p><strong><br \/>\n<\/strong><\/p>\n","protected":false},"excerpt":{"rendered":"<p>K\u00cbSHILLI NACIONAL I SHQIPTAR\u00cbVE N\u00cb MALIN E ZI NACIONALNI SAVJET ALBANACA U CRNOJ GORI ALBANIAN NATIONAL COUNCIL IN MONTENEGRO Nr. 76\/10 Ulqin, m\u00eb\u00a0 24.12.2010 Urim p\u00ebr Krishtlindje K\u00ebshilli\u00a0 Nacional i Shqiptar\u00ebve n\u00eb Malin e Zi, uron\u00a0\u00a0 besimtar\u00ebt e Krishter\u00eb me rastin e fest\u00ebs s\u00eb\u00a0\u00a0 krishtlindjeve, me d\u00ebshir\u00ebn q\u00eb kjo fest\u00eb t\u00eb sjell\u00eb paqe e bekim [&hellip;]<\/p>\n","protected":false},"author":1,"featured_media":0,"comment_status":"open","ping_status":"closed","sticky":false,"template":"","format":"standard","meta":{"spay_email":"","jetpack_publicize_message":"","jetpack_is_tweetstorm":false,"jetpack_publicize_feature_enabled":true},"categories":[4],"tags":[12280,5913,12279,899],"jetpack_publicize_connections":[],"yoast_head":"<!-- This site is optimized with the Yoast SEO plugin v19.1 - https:\/\/yoast.com\/wordpress\/plugins\/seo\/ -->\n<title>KNSH-ja: Urime festa e krishtlindjeve - Lajme nga Ulqini<\/title>\n<meta name=\"description\" content=\"K\u00cbSHILLI NACIONAL I SHQIPTAR\u00cbVE N\u00cb MALIN E ZI NACIONALNI SAVJET ALBANACA U CRNOJ GORI ALBANIAN NATIONAL COUNCIL IN MONTENEGRO Nr. 76\/10 Ulqin, m\u00eb\u00a0\" \/>\n<meta name=\"robots\" content=\"index, follow, max-snippet:-1, max-image-preview:large, max-video-preview:-1\" \/>\n<link rel=\"canonical\" href=\"https:\/\/www.visit-ulcinj.com\/blog\/2010\/12\/24\/knsh-ja-urime-festa-e-krishtlindjeve\/\" \/>\n<meta property=\"og:locale\" content=\"en_US\" \/>\n<meta property=\"og:type\" content=\"article\" \/>\n<meta property=\"og:title\" content=\"KNSH-ja: Urime festa e krishtlindjeve - Lajme nga Ulqini\" \/>\n<meta property=\"og:description\" content=\"K\u00cbSHILLI NACIONAL I SHQIPTAR\u00cbVE N\u00cb MALIN E ZI NACIONALNI SAVJET ALBANACA U CRNOJ GORI ALBANIAN NATIONAL COUNCIL IN MONTENEGRO Nr. 76\/10 Ulqin, m\u00eb\u00a0\" \/>\n<meta property=\"og:url\" content=\"https:\/\/www.visit-ulcinj.com\/blog\/2010\/12\/24\/knsh-ja-urime-festa-e-krishtlindjeve\/\" \/>\n<meta property=\"og:site_name\" content=\"Lajme nga Ulqini\" \/>\n<meta property=\"article:published_time\" content=\"2010-12-24T15:57:45+00:00\" \/>\n<meta property=\"article:modified_time\" content=\"2010-12-27T21:27:35+00:00\" \/>\n<meta property=\"og:image\" content=\"http:\/\/i170.photobucket.com\/albums\/u253\/albanianglitters\/gezuarkershendellat19-1.gif\" \/>\n<meta name=\"twitter:label1\" content=\"Written by\" \/>\n\t<meta name=\"twitter:data1\" content=\"ulqini\" \/>\n\t<meta name=\"twitter:label2\" content=\"Est. reading time\" \/>\n\t<meta name=\"twitter:data2\" content=\"1 minute\" \/>\n<script type=\"application\/ld+json\" class=\"yoast-schema-graph\">{\"@context\":\"https:\/\/schema.org\",\"@graph\":[{\"@type\":\"WebSite\",\"@id\":\"https:\/\/www.visit-ulcinj.com\/blog\/#website\",\"url\":\"https:\/\/www.visit-ulcinj.com\/blog\/\",\"name\":\"Lajme nga Ulqini\",\"description\":\"Lajme,Vijesti,Ulqini,Ulqin,Crna Gora,Mali i Zi\",\"potentialAction\":[{\"@type\":\"SearchAction\",\"target\":{\"@type\":\"EntryPoint\",\"urlTemplate\":\"https:\/\/www.visit-ulcinj.com\/blog\/?s={search_term_string}\"},\"query-input\":\"required name=search_term_string\"}],\"inLanguage\":\"en-US\"},{\"@type\":\"ImageObject\",\"inLanguage\":\"en-US\",\"@id\":\"https:\/\/www.visit-ulcinj.com\/blog\/2010\/12\/24\/knsh-ja-urime-festa-e-krishtlindjeve\/#primaryimage\",\"url\":\"http:\/\/i170.photobucket.com\/albums\/u253\/albanianglitters\/gezuarkershendellat19-1.gif\",\"contentUrl\":\"http:\/\/i170.photobucket.com\/albums\/u253\/albanianglitters\/gezuarkershendellat19-1.gif\"},{\"@type\":\"WebPage\",\"@id\":\"https:\/\/www.visit-ulcinj.com\/blog\/2010\/12\/24\/knsh-ja-urime-festa-e-krishtlindjeve\/#webpage\",\"url\":\"https:\/\/www.visit-ulcinj.com\/blog\/2010\/12\/24\/knsh-ja-urime-festa-e-krishtlindjeve\/\",\"name\":\"KNSH-ja: Urime festa e krishtlindjeve - Lajme nga Ulqini\",\"isPartOf\":{\"@id\":\"https:\/\/www.visit-ulcinj.com\/blog\/#website\"},\"primaryImageOfPage\":{\"@id\":\"https:\/\/www.visit-ulcinj.com\/blog\/2010\/12\/24\/knsh-ja-urime-festa-e-krishtlindjeve\/#primaryimage\"},\"datePublished\":\"2010-12-24T15:57:45+00:00\",\"dateModified\":\"2010-12-27T21:27:35+00:00\",\"author\":{\"@id\":\"https:\/\/www.visit-ulcinj.com\/blog\/#\/schema\/person\/dcab619c614d3038751c63bc2aadc06d\"},\"description\":\"K\u00cbSHILLI NACIONAL I SHQIPTAR\u00cbVE N\u00cb MALIN E ZI NACIONALNI SAVJET ALBANACA U CRNOJ GORI ALBANIAN NATIONAL COUNCIL IN MONTENEGRO Nr. 76\/10 Ulqin, m\u00eb\u00a0\",\"breadcrumb\":{\"@id\":\"https:\/\/www.visit-ulcinj.com\/blog\/2010\/12\/24\/knsh-ja-urime-festa-e-krishtlindjeve\/#breadcrumb\"},\"inLanguage\":\"en-US\",\"potentialAction\":[{\"@type\":\"ReadAction\",\"target\":[\"https:\/\/www.visit-ulcinj.com\/blog\/2010\/12\/24\/knsh-ja-urime-festa-e-krishtlindjeve\/\"]}]},{\"@type\":\"BreadcrumbList\",\"@id\":\"https:\/\/www.visit-ulcinj.com\/blog\/2010\/12\/24\/knsh-ja-urime-festa-e-krishtlindjeve\/#breadcrumb\",\"itemListElement\":[{\"@type\":\"ListItem\",\"position\":1,\"name\":\"KNSH-ja: Urime festa e krishtlindjeve\"}]},{\"@type\":\"Person\",\"@id\":\"https:\/\/www.visit-ulcinj.com\/blog\/#\/schema\/person\/dcab619c614d3038751c63bc2aadc06d\",\"name\":\"ulqini\",\"sameAs\":[\"http:\/\/www.visit-ulcinj.com\"],\"url\":\"https:\/\/www.visit-ulcinj.com\/blog\/author\/admin\/\"}]}<\/script>\n<!-- \/ Yoast SEO plugin. -->","yoast_head_json":{"title":"KNSH-ja: Urime festa e krishtlindjeve - Lajme nga Ulqini","description":"K\u00cbSHILLI NACIONAL I SHQIPTAR\u00cbVE N\u00cb MALIN E ZI NACIONALNI SAVJET ALBANACA U CRNOJ GORI ALBANIAN NATIONAL COUNCIL IN MONTENEGRO Nr. 76\/10 Ulqin, m\u00eb\u00a0","robots":{"index":"index","follow":"follow","max-snippet":"max-snippet:-1","max-image-preview":"max-image-preview:large","max-video-preview":"max-video-preview:-1"},"canonical":"https:\/\/www.visit-ulcinj.com\/blog\/2010\/12\/24\/knsh-ja-urime-festa-e-krishtlindjeve\/","og_locale":"en_US","og_type":"article","og_title":"KNSH-ja: Urime festa e krishtlindjeve - Lajme nga Ulqini","og_description":"K\u00cbSHILLI NACIONAL I SHQIPTAR\u00cbVE N\u00cb MALIN E ZI NACIONALNI SAVJET ALBANACA U CRNOJ GORI ALBANIAN NATIONAL COUNCIL IN MONTENEGRO Nr. 76\/10 Ulqin, m\u00eb\u00a0","og_url":"https:\/\/www.visit-ulcinj.com\/blog\/2010\/12\/24\/knsh-ja-urime-festa-e-krishtlindjeve\/","og_site_name":"Lajme nga Ulqini","article_published_time":"2010-12-24T15:57:45+00:00","article_modified_time":"2010-12-27T21:27:35+00:00","og_image":[{"url":"http:\/\/i170.photobucket.com\/albums\/u253\/albanianglitters\/gezuarkershendellat19-1.gif"}],"twitter_misc":{"Written by":"ulqini","Est. reading time":"1 minute"},"schema":{"@context":"https:\/\/schema.org","@graph":[{"@type":"WebSite","@id":"https:\/\/www.visit-ulcinj.com\/blog\/#website","url":"https:\/\/www.visit-ulcinj.com\/blog\/","name":"Lajme nga Ulqini","description":"Lajme,Vijesti,Ulqini,Ulqin,Crna Gora,Mali i Zi","potentialAction":[{"@type":"SearchAction","target":{"@type":"EntryPoint","urlTemplate":"https:\/\/www.visit-ulcinj.com\/blog\/?s={search_term_string}"},"query-input":"required name=search_term_string"}],"inLanguage":"en-US"},{"@type":"ImageObject","inLanguage":"en-US","@id":"https:\/\/www.visit-ulcinj.com\/blog\/2010\/12\/24\/knsh-ja-urime-festa-e-krishtlindjeve\/#primaryimage","url":"http:\/\/i170.photobucket.com\/albums\/u253\/albanianglitters\/gezuarkershendellat19-1.gif","contentUrl":"http:\/\/i170.photobucket.com\/albums\/u253\/albanianglitters\/gezuarkershendellat19-1.gif"},{"@type":"WebPage","@id":"https:\/\/www.visit-ulcinj.com\/blog\/2010\/12\/24\/knsh-ja-urime-festa-e-krishtlindjeve\/#webpage","url":"https:\/\/www.visit-ulcinj.com\/blog\/2010\/12\/24\/knsh-ja-urime-festa-e-krishtlindjeve\/","name":"KNSH-ja: Urime festa e krishtlindjeve - Lajme nga Ulqini","isPartOf":{"@id":"https:\/\/www.visit-ulcinj.com\/blog\/#website"},"primaryImageOfPage":{"@id":"https:\/\/www.visit-ulcinj.com\/blog\/2010\/12\/24\/knsh-ja-urime-festa-e-krishtlindjeve\/#primaryimage"},"datePublished":"2010-12-24T15:57:45+00:00","dateModified":"2010-12-27T21:27:35+00:00","author":{"@id":"https:\/\/www.visit-ulcinj.com\/blog\/#\/schema\/person\/dcab619c614d3038751c63bc2aadc06d"},"description":"K\u00cbSHILLI NACIONAL I SHQIPTAR\u00cbVE N\u00cb MALIN E ZI NACIONALNI SAVJET ALBANACA U CRNOJ GORI ALBANIAN NATIONAL COUNCIL IN MONTENEGRO Nr. 76\/10 Ulqin, m\u00eb\u00a0","breadcrumb":{"@id":"https:\/\/www.visit-ulcinj.com\/blog\/2010\/12\/24\/knsh-ja-urime-festa-e-krishtlindjeve\/#breadcrumb"},"inLanguage":"en-US","potentialAction":[{"@type":"ReadAction","target":["https:\/\/www.visit-ulcinj.com\/blog\/2010\/12\/24\/knsh-ja-urime-festa-e-krishtlindjeve\/"]}]},{"@type":"BreadcrumbList","@id":"https:\/\/www.visit-ulcinj.com\/blog\/2010\/12\/24\/knsh-ja-urime-festa-e-krishtlindjeve\/#breadcrumb","itemListElement":[{"@type":"ListItem","position":1,"name":"KNSH-ja: Urime festa e krishtlindjeve"}]},{"@type":"Person","@id":"https:\/\/www.visit-ulcinj.com\/blog\/#\/schema\/person\/dcab619c614d3038751c63bc2aadc06d","name":"ulqini","sameAs":["http:\/\/www.visit-ulcinj.com"],"url":"https:\/\/www.visit-ulcinj.com\/blog\/author\/admin\/"}]}},"jetpack_featured_media_url":"","jetpack_sharing_enabled":true,"jetpack_shortlink":"https:\/\/wp.me\/pe6lTn-aOD","_links":{"self":[{"href":"https:\/\/www.visit-ulcinj.com\/blog\/wp-json\/wp\/v2\/posts\/41579"}],"collection":[{"href":"https:\/\/www.visit-ulcinj.com\/blog\/wp-json\/wp\/v2\/posts"}],"about":[{"href":"https:\/\/www.visit-ulcinj.com\/blog\/wp-json\/wp\/v2\/types\/post"}],"author":[{"embeddable":true,"href":"https:\/\/www.visit-ulcinj.com\/blog\/wp-json\/wp\/v2\/users\/1"}],"replies":[{"embeddable":true,"href":"https:\/\/www.visit-ulcinj.com\/blog\/wp-json\/wp\/v2\/comments?post=41579"}],"version-history":[{"count":1,"href":"https:\/\/www.visit-ulcinj.com\/blog\/wp-json\/wp\/v2\/posts\/41579\/revisions"}],"predecessor-version":[{"id":77535,"href":"https:\/\/www.visit-ulcinj.com\/blog\/wp-json\/wp\/v2\/posts\/41579\/revisions\/77535"}],"wp:attachment":[{"href":"https:\/\/www.visit-ulcinj.com\/blog\/wp-json\/wp\/v2\/media?parent=41579"}],"wp:term":[{"taxonomy":"category","embeddable":true,"href":"https:\/\/www.visit-ulcinj.com\/blog\/wp-json\/wp\/v2\/categories?post=41579"},{"taxonomy":"post_tag","embeddable":true,"href":"https:\/\/www.visit-ulcinj.com\/blog\/wp-json\/wp\/v2\/tags?post=41579"}],"curies":[{"name":"wp","href":"https:\/\/api.w.org\/{rel}","templated":true}]}}