{"id":416,"date":"2008-02-07T13:59:21","date_gmt":"2008-02-07T18:59:21","guid":{"rendered":"http:\/\/www.visit-ulcinj.com\/blog\/2008\/02\/07\/vlada-kroji-kapu-ulcinju\/"},"modified":"2008-02-12T14:23:34","modified_gmt":"2008-02-12T19:23:34","slug":"vlada-kroji-kapu-ulcinju","status":"publish","type":"post","link":"https:\/\/www.visit-ulcinj.com\/blog\/2008\/02\/07\/vlada-kroji-kapu-ulcinju\/","title":{"rendered":"Vlada &#8220;kroji kapu&#8221; Ulcinju"},"content":{"rendered":"<p><a href=\"http:\/\/www.visit-ulcinj.com\/blog\/2008\/02\/07\/vlada-kroji-kapu-ulcinju\/forca-e-re-demokratike-logo\/\" rel=\"attachment wp-att-417\" title=\"forca e re demokratike-logo\"><img loading=\"lazy\" src=\"http:\/\/www.visit-ulcinj.com\/blog\/wp-content\/uploads\/2008\/02\/forca-e-re-demokratike-logo.gif\" alt=\"forca e re demokratike-logo\" align=\"left\" height=\"135\" hspace=\"2\" vspace=\"2\" width=\"135\" \/><\/a>ULCINj &#8211; Nova demokratska snaga Forca ocijenila je ju?e da poslove planiranja prostora u op\u0161tini Ulcinj, umjesto lokalne uprave obavlja isklju?ivo Vlada Crne Gore. Na konferenciji za novinare povodom odluke Vlade o izradi studije lokacije za Valdanos, Veliku pla\u017eu, Port Milenu i Stari grad, podpredsjednik Force Genc Nimanbegu istakao je da gra?ani Ulcinja imaju pravo da odlu?uju gdje ?e, kako i na koji na?in da se razvija op\u0161tina.<!--more--><br \/>\n-Jedino se u Ulcinju, na preko 30 kvadratnih kilometara, planiranje vr\u0161i iz Republike. Istovremeno u koaliciji na vlasti u Ulcinju se o tome ?uti, kao da se ne radi o najatraktivnijim zonama u na\u0161oj op\u0161tini. Sada\u0161nja vlast i posebno predsjednik op\u0161tine Gzim Hajdinaga obe?ali su druga?ije. On svoje obe?anje nije izvr\u0161io, a izgleda nema ni namjeru &#8211; kazao je Nimanbegu.<br \/>\nPodpredsjednik Force dodao je da ni 16 mjeseci nakon izbora, Koalicija &#8220;Za Evropski Ulcinj nema ni jedan usvojen urbanisti?ko-planski dokument kao preduslov za legalnu gradnju u Ulcinju.<br \/>\n&#8211; Desetak planskih dokumenata, odnosno Detaljnih urbansti?kih planova (DUP), dato je na<a href=\"http:\/\/www.visit-ulcinj.com\/blog\/2008\/02\/07\/vlada-kroji-kapu-ulcinju\/genc-nimanbegu1\/\" rel=\"attachment wp-att-418\" title=\"genc nimanbegu1\"><img loading=\"lazy\" src=\"http:\/\/www.visit-ulcinj.com\/blog\/wp-content\/uploads\/2008\/02\/genc-nimanbegu1-2.jpg\" alt=\"genc nimanbegu1\" align=\"right\" height=\"152\" hspace=\"2\" vspace=\"2\" width=\"141\" \/><\/a> izradu jo\u0161 za mandata biv\u0161e koalicije albanskih stranaka, od 2003. do 2005. godine. Do danas nije usvojen ni jedan jedini. Sada\u0161nja izvr\u0161na vlast je Ulcinju obe?ala obnovu i izgradnju, maltene na nivou promjena koje je svojevremeno donijelo doba humanizma i renesanse, kao prelazak iz starog u novi vijek. Svi vidimo da se u Ulcinju gradi na sve strane, istovremeno op\u0161tina je tokom 2007. godine izdala samo desetak gra?evinskih dozvola.Slu?ajno ili namjemo, izvr\u0161na vlast umjesto da donosi urbanisti?ke planove, pravi povremeno zabavne programe za gra?ane, da bi preko medija pokazivala svoju &#8220;mo?&#8221;. U stvarnosti je sasvim druga?ije. Obe?anje da ?e se granica morskog dobra povu?i bli\u017ee moru samo je jedna u nizu propagandnih parola kojim aktuelna izvr\u0161na vlast vara svoje gra?ane.Tako?e, i zalaganje da se maslinjaci i zemlji\u0161te u Valdanosu vrati biv\u0161im vlasnicima je pod znakom pitanja &#8211; objasnio je Nimanbegu.<br \/>\nM.K.<br \/>\nwww.da.cg.yu\/<\/p>\n","protected":false},"excerpt":{"rendered":"<p><img loading=\"lazy\" src=\"http:\/\/www.visit-ulcinj.com\/blog\/wp-content\/uploads\/2008\/02\/forca-e-re-demokratike-logo.gif\" alt=\"forca e re demokratike-logo\" height=\"140\" width=\"140\" \/><\/p>\n","protected":false},"author":1,"featured_media":0,"comment_status":"open","ping_status":"closed","sticky":false,"template":"","format":"standard","meta":{"spay_email":"","jetpack_publicize_message":"","jetpack_is_tweetstorm":false,"jetpack_publicize_feature_enabled":true},"categories":[6],"tags":[],"jetpack_publicize_connections":[],"yoast_head":"<!-- This site is optimized with the Yoast SEO plugin v19.1 - https:\/\/yoast.com\/wordpress\/plugins\/seo\/ -->\n<title>Vlada &quot;kroji kapu&quot; Ulcinju - Lajme nga Ulqini<\/title>\n<meta name=\"robots\" content=\"index, follow, max-snippet:-1, max-image-preview:large, max-video-preview:-1\" \/>\n<link rel=\"canonical\" href=\"https:\/\/www.visit-ulcinj.com\/blog\/2008\/02\/07\/vlada-kroji-kapu-ulcinju\/\" \/>\n<meta property=\"og:locale\" content=\"en_US\" \/>\n<meta property=\"og:type\" content=\"article\" \/>\n<meta property=\"og:title\" content=\"Vlada &quot;kroji kapu&quot; Ulcinju - Lajme nga Ulqini\" \/>\n<meta property=\"og:url\" content=\"https:\/\/www.visit-ulcinj.com\/blog\/2008\/02\/07\/vlada-kroji-kapu-ulcinju\/\" \/>\n<meta property=\"og:site_name\" content=\"Lajme nga Ulqini\" \/>\n<meta property=\"article:published_time\" content=\"2008-02-07T18:59:21+00:00\" \/>\n<meta property=\"article:modified_time\" content=\"2008-02-12T19:23:34+00:00\" \/>\n<meta property=\"og:image\" content=\"http:\/\/www.visit-ulcinj.com\/blog\/wp-content\/uploads\/2008\/02\/forca-e-re-demokratike-logo.gif\" \/>\n<meta name=\"twitter:label1\" content=\"Written by\" \/>\n\t<meta name=\"twitter:data1\" content=\"ulqini\" \/>\n\t<meta name=\"twitter:label2\" content=\"Est. reading time\" \/>\n\t<meta name=\"twitter:data2\" content=\"2 minutes\" \/>\n<script type=\"application\/ld+json\" class=\"yoast-schema-graph\">{\"@context\":\"https:\/\/schema.org\",\"@graph\":[{\"@type\":\"WebSite\",\"@id\":\"https:\/\/www.visit-ulcinj.com\/blog\/#website\",\"url\":\"https:\/\/www.visit-ulcinj.com\/blog\/\",\"name\":\"Lajme nga Ulqini\",\"description\":\"Lajme,Vijesti,Ulqini,Ulqin,Crna Gora,Mali i Zi\",\"potentialAction\":[{\"@type\":\"SearchAction\",\"target\":{\"@type\":\"EntryPoint\",\"urlTemplate\":\"https:\/\/www.visit-ulcinj.com\/blog\/?s={search_term_string}\"},\"query-input\":\"required name=search_term_string\"}],\"inLanguage\":\"en-US\"},{\"@type\":\"ImageObject\",\"inLanguage\":\"en-US\",\"@id\":\"https:\/\/www.visit-ulcinj.com\/blog\/2008\/02\/07\/vlada-kroji-kapu-ulcinju\/#primaryimage\",\"url\":\"http:\/\/www.visit-ulcinj.com\/blog\/wp-content\/uploads\/2008\/02\/forca-e-re-demokratike-logo.gif\",\"contentUrl\":\"http:\/\/www.visit-ulcinj.com\/blog\/wp-content\/uploads\/2008\/02\/forca-e-re-demokratike-logo.gif\"},{\"@type\":\"WebPage\",\"@id\":\"https:\/\/www.visit-ulcinj.com\/blog\/2008\/02\/07\/vlada-kroji-kapu-ulcinju\/#webpage\",\"url\":\"https:\/\/www.visit-ulcinj.com\/blog\/2008\/02\/07\/vlada-kroji-kapu-ulcinju\/\",\"name\":\"Vlada \\\"kroji kapu\\\" Ulcinju - Lajme nga Ulqini\",\"isPartOf\":{\"@id\":\"https:\/\/www.visit-ulcinj.com\/blog\/#website\"},\"primaryImageOfPage\":{\"@id\":\"https:\/\/www.visit-ulcinj.com\/blog\/2008\/02\/07\/vlada-kroji-kapu-ulcinju\/#primaryimage\"},\"datePublished\":\"2008-02-07T18:59:21+00:00\",\"dateModified\":\"2008-02-12T19:23:34+00:00\",\"author\":{\"@id\":\"https:\/\/www.visit-ulcinj.com\/blog\/#\/schema\/person\/dcab619c614d3038751c63bc2aadc06d\"},\"breadcrumb\":{\"@id\":\"https:\/\/www.visit-ulcinj.com\/blog\/2008\/02\/07\/vlada-kroji-kapu-ulcinju\/#breadcrumb\"},\"inLanguage\":\"en-US\",\"potentialAction\":[{\"@type\":\"ReadAction\",\"target\":[\"https:\/\/www.visit-ulcinj.com\/blog\/2008\/02\/07\/vlada-kroji-kapu-ulcinju\/\"]}]},{\"@type\":\"BreadcrumbList\",\"@id\":\"https:\/\/www.visit-ulcinj.com\/blog\/2008\/02\/07\/vlada-kroji-kapu-ulcinju\/#breadcrumb\",\"itemListElement\":[{\"@type\":\"ListItem\",\"position\":1,\"name\":\"Vlada &#8220;kroji kapu&#8221; Ulcinju\"}]},{\"@type\":\"Person\",\"@id\":\"https:\/\/www.visit-ulcinj.com\/blog\/#\/schema\/person\/dcab619c614d3038751c63bc2aadc06d\",\"name\":\"ulqini\",\"sameAs\":[\"http:\/\/www.visit-ulcinj.com\"],\"url\":\"https:\/\/www.visit-ulcinj.com\/blog\/author\/admin\/\"}]}<\/script>\n<!-- \/ Yoast SEO plugin. -->","yoast_head_json":{"title":"Vlada \"kroji kapu\" Ulcinju - Lajme nga Ulqini","robots":{"index":"index","follow":"follow","max-snippet":"max-snippet:-1","max-image-preview":"max-image-preview:large","max-video-preview":"max-video-preview:-1"},"canonical":"https:\/\/www.visit-ulcinj.com\/blog\/2008\/02\/07\/vlada-kroji-kapu-ulcinju\/","og_locale":"en_US","og_type":"article","og_title":"Vlada \"kroji kapu\" Ulcinju - Lajme nga Ulqini","og_url":"https:\/\/www.visit-ulcinj.com\/blog\/2008\/02\/07\/vlada-kroji-kapu-ulcinju\/","og_site_name":"Lajme nga Ulqini","article_published_time":"2008-02-07T18:59:21+00:00","article_modified_time":"2008-02-12T19:23:34+00:00","og_image":[{"url":"http:\/\/www.visit-ulcinj.com\/blog\/wp-content\/uploads\/2008\/02\/forca-e-re-demokratike-logo.gif"}],"twitter_misc":{"Written by":"ulqini","Est. reading time":"2 minutes"},"schema":{"@context":"https:\/\/schema.org","@graph":[{"@type":"WebSite","@id":"https:\/\/www.visit-ulcinj.com\/blog\/#website","url":"https:\/\/www.visit-ulcinj.com\/blog\/","name":"Lajme nga Ulqini","description":"Lajme,Vijesti,Ulqini,Ulqin,Crna Gora,Mali i Zi","potentialAction":[{"@type":"SearchAction","target":{"@type":"EntryPoint","urlTemplate":"https:\/\/www.visit-ulcinj.com\/blog\/?s={search_term_string}"},"query-input":"required name=search_term_string"}],"inLanguage":"en-US"},{"@type":"ImageObject","inLanguage":"en-US","@id":"https:\/\/www.visit-ulcinj.com\/blog\/2008\/02\/07\/vlada-kroji-kapu-ulcinju\/#primaryimage","url":"http:\/\/www.visit-ulcinj.com\/blog\/wp-content\/uploads\/2008\/02\/forca-e-re-demokratike-logo.gif","contentUrl":"http:\/\/www.visit-ulcinj.com\/blog\/wp-content\/uploads\/2008\/02\/forca-e-re-demokratike-logo.gif"},{"@type":"WebPage","@id":"https:\/\/www.visit-ulcinj.com\/blog\/2008\/02\/07\/vlada-kroji-kapu-ulcinju\/#webpage","url":"https:\/\/www.visit-ulcinj.com\/blog\/2008\/02\/07\/vlada-kroji-kapu-ulcinju\/","name":"Vlada \"kroji kapu\" Ulcinju - Lajme nga Ulqini","isPartOf":{"@id":"https:\/\/www.visit-ulcinj.com\/blog\/#website"},"primaryImageOfPage":{"@id":"https:\/\/www.visit-ulcinj.com\/blog\/2008\/02\/07\/vlada-kroji-kapu-ulcinju\/#primaryimage"},"datePublished":"2008-02-07T18:59:21+00:00","dateModified":"2008-02-12T19:23:34+00:00","author":{"@id":"https:\/\/www.visit-ulcinj.com\/blog\/#\/schema\/person\/dcab619c614d3038751c63bc2aadc06d"},"breadcrumb":{"@id":"https:\/\/www.visit-ulcinj.com\/blog\/2008\/02\/07\/vlada-kroji-kapu-ulcinju\/#breadcrumb"},"inLanguage":"en-US","potentialAction":[{"@type":"ReadAction","target":["https:\/\/www.visit-ulcinj.com\/blog\/2008\/02\/07\/vlada-kroji-kapu-ulcinju\/"]}]},{"@type":"BreadcrumbList","@id":"https:\/\/www.visit-ulcinj.com\/blog\/2008\/02\/07\/vlada-kroji-kapu-ulcinju\/#breadcrumb","itemListElement":[{"@type":"ListItem","position":1,"name":"Vlada &#8220;kroji kapu&#8221; Ulcinju"}]},{"@type":"Person","@id":"https:\/\/www.visit-ulcinj.com\/blog\/#\/schema\/person\/dcab619c614d3038751c63bc2aadc06d","name":"ulqini","sameAs":["http:\/\/www.visit-ulcinj.com"],"url":"https:\/\/www.visit-ulcinj.com\/blog\/author\/admin\/"}]}},"jetpack_featured_media_url":"","jetpack_sharing_enabled":true,"jetpack_shortlink":"https:\/\/wp.me\/pe6lTn-6I","_links":{"self":[{"href":"https:\/\/www.visit-ulcinj.com\/blog\/wp-json\/wp\/v2\/posts\/416"}],"collection":[{"href":"https:\/\/www.visit-ulcinj.com\/blog\/wp-json\/wp\/v2\/posts"}],"about":[{"href":"https:\/\/www.visit-ulcinj.com\/blog\/wp-json\/wp\/v2\/types\/post"}],"author":[{"embeddable":true,"href":"https:\/\/www.visit-ulcinj.com\/blog\/wp-json\/wp\/v2\/users\/1"}],"replies":[{"embeddable":true,"href":"https:\/\/www.visit-ulcinj.com\/blog\/wp-json\/wp\/v2\/comments?post=416"}],"version-history":[{"count":0,"href":"https:\/\/www.visit-ulcinj.com\/blog\/wp-json\/wp\/v2\/posts\/416\/revisions"}],"wp:attachment":[{"href":"https:\/\/www.visit-ulcinj.com\/blog\/wp-json\/wp\/v2\/media?parent=416"}],"wp:term":[{"taxonomy":"category","embeddable":true,"href":"https:\/\/www.visit-ulcinj.com\/blog\/wp-json\/wp\/v2\/categories?post=416"},{"taxonomy":"post_tag","embeddable":true,"href":"https:\/\/www.visit-ulcinj.com\/blog\/wp-json\/wp\/v2\/tags?post=416"}],"curies":[{"name":"wp","href":"https:\/\/api.w.org\/{rel}","templated":true}]}}