{"id":41613,"date":"2010-12-24T18:36:51","date_gmt":"2010-12-24T17:36:51","guid":{"rendered":"http:\/\/www.visit-ulcinj.com\/blog\/?p=41613"},"modified":"2010-12-29T16:12:03","modified_gmt":"2010-12-29T15:12:03","slug":"cungu-vjeruje-u-luksica","status":"publish","type":"post","link":"https:\/\/www.visit-ulcinj.com\/blog\/2010\/12\/24\/cungu-vjeruje-u-luksica\/","title":{"rendered":"Cungu vjeruje u Luk\u0161i\u0107a"},"content":{"rendered":"<p><strong><a href=\"http:\/\/www.visit-ulcinj.com\/blog\/wp-content\/uploads\/2010\/12\/Nazif-Cungu_Filip-Vujanovic.jpg\"><img loading=\"lazy\" class=\"alignleft size-full wp-image-41748\" title=\"Nazif Cungu_Filip Vujanovic\" src=\"http:\/\/www.visit-ulcinj.com\/blog\/wp-content\/uploads\/2010\/12\/Nazif-Cungu_Filip-Vujanovic.jpg\" alt=\"\" width=\"490\" height=\"368\" srcset=\"https:\/\/www.visit-ulcinj.com\/blog\/wp-content\/uploads\/2010\/12\/Nazif-Cungu_Filip-Vujanovic.jpg 490w, https:\/\/www.visit-ulcinj.com\/blog\/wp-content\/uploads\/2010\/12\/Nazif-Cungu_Filip-Vujanovic-300x225.jpg 300w\" sizes=\"(max-width: 490px) 100vw, 490px\" \/><\/a>Vujanovi\u0107 po\u010deo formalne konsultacije o mandataru<br \/>\n<\/strong>Podgorica &#8211; Bo\u0161nja\u010dka stranka (BS), Demokratska unija Albanaca (DUA) i Hrvatska gra\u0111anska inicijativa (HGI) podr\u017ea\u0107e kandidaturu Igora Luk\u0161i\u0107a za novog premijera, dok \u0107e podr\u0161ka ostalih manjinskh partija zavisiti od Luk\u0161i\u0107evog programa i sastava kabineta. Za razliku od manjinskih stranaka u vladaju\u0107oj koaliciji koje se nadaju ministarskim mjestima, predstavnici Force, Demokratskog saveza i albanske koalicije Perspektiva kazali su da od Luk\u0161i\u0107a o\u010dekuju pozitivan odnos prema manjinama.<\/p>\n<p>Predsjednici DUA i BS Ferhat Dino\u0161a i Rafet Husovi\u0107 kazali su da o\u010dekuju ministarstke funkcije i u novoj vladi, ali za razliku od Dino\u0161e koji se ne nada selidbi iz ministarstva za ljudska i manjinska prava, u BS nemaju posebne prohtjeve. Podsje\u0107aju\u0107i da, prema sporazumu BS i Demokratske partije socijalista, Bo\u0161njaci nemaju definisano ministarsko mjesto, Husovi\u0107 je podsjetio da je u prethodnoj vladi bio ministar bez portfelja.<br \/>\n\u201cTo je bila politi\u010dka volja dosada\u0161njeg premijera. O\u010dekujemo da i u novoj vladi bude predstavnik BS-a, ali je to isklju\u010diva stvar mandatara\\&#8221;, rekao je Husovi\u0107, nakon razgovora sa predsjednikom Crne Gore Filipom Vujanovi\u0107em o novom mandataru.<\/p>\n<p>Predsjednik Force Nazif Cungu rekao je da ima pozitivan odnos prema Luk\u0161i\u0107u, isti\u010du\u0107i a \u0107e od sastava njegove vlade zavisiti da li \u0107e je podr\u017eati u parlamentu.<br \/>\n\u201cVjerujemo da \u0107e napraviti dobar kabinet, a na\u0161 stav prilikom glasanja u parlamentu o novoj vladi zavisi\u0107e od njenog sastava\u201d, kazao je Cungu.<br \/>\nI predstavnici albanske koalicije Perspektiva Amir Holaj i Vaselj Sini\u0161taj najavili su da \u0107e njihova podr\u0161ka zavisiti od programa vlade, isti\u010du\u0107i da od novog premijera o\u010dekuju da po\u0161tuje manjinska prava koja im garantuje Ustav. Sini\u0161taj je istakao da Albanci treba da budu vi\u0161e zastupljeni u dr\u017eavnim slu\u017ebama, kao i da se mora raditi na decentralizaciji vlasti.<br \/>\n\u201cO\u010dekujemo da \u0107e nova vlada, na \u010delu sa Luk\u0161i\u0107em, imati kapaciteta da radi na tome. Svaka novina donosi neko osvje\u017eenje\u201d, kazao je Sini\u0161taj.<br \/>\nPredsjednik DSCG Mehmet Bardhi kazao je da od novog premijera o\u010dekuje da obezbjedi Tuzima status punopravne op\u0161tine, unaprijedi status Albanaca i ukloni crkvu sa Rumije.<br \/>\nVujanovi\u0107 \u0107e danas nastaviti konsultacije sa predsjednicima ostalih parlamentarnih stranaka, nakon \u010dega \u0107e predlo\u017eiti mandatara. Nova vlada bi\u0107e izabrana do kraja godine.<\/p>\n<p><strong>Banovi\u0107 umjesto Krivokapi\u0107a<\/strong><\/p>\n<p>Vujanovi\u0107 danas treba da razgovara predsjednikom Nove srpske demokratije Andrijom Mandi\u0107em, PzP-a Neboj\u0161om Medojevi\u0107em, SNP-a Sr\u0111anom Mili\u0107em, DPS-a Milom \u0110ukanovi\u0107em.<br \/>\nVujanovi\u0107 je najavio da \u0107e se sresti i sa \u0161efomi SDP-a Rankom Krivokapi\u0107em, ali je kasnije iz SDP-a saop\u0161teno da \u0107e tu partiju na konsultacijama kod Vujanovi\u0107a predstavljati generalni sekretar stranke i \u0161ef poslani\u010dkog kluba Borislav Banovi\u0107.<br \/>\nU SDP-a je \u201cVijestima\u201d saop\u0161teno da je Krivokapi\u0107, u terminu kada ga je Vujanovi\u0107 mogao primiti, imao prethodno preuzetu obavezu, a i da Vujanovi\u0107 nije imao neki drugi slobodan termin. U SDP-u tvrde da nije rije\u010d o nekoj novoj demonstraciji mimoila\u017eenja dva predsjednika. Navodno je Vujanovi\u0107 i saop\u0161tio SDP-u da nema ni\u0161ta protiv da na konsultacije do\u0111e Banovi\u0107.<\/p>\n<p><strong>V. \u017d.<\/strong><\/p>\n<p><strong><br \/>\n<\/strong><\/p>\n<p><strong>Sa. K.<br \/>\n<a href=\"http:\/\/www.vijesti.me\/\" target=\"_blank\">Vijesti<br \/>\n<\/a>[flv]http:\/\/a12.video2.blip.tv\/9700007408060\/Rtvvijesti-dnevnik231210709.flv[\/flv]<a href=\"http:\/\/www.vijesti.me\/\" target=\"_blank\"><\/a><\/strong><\/p>\n<p><strong><br \/>\n<\/strong><\/p>\n","protected":false},"excerpt":{"rendered":"<p>Vujanovi\u0107 po\u010deo formalne konsultacije o mandataru Podgorica &#8211; Bo\u0161nja\u010dka stranka (BS), Demokratska unija Albanaca (DUA) i Hrvatska gra\u0111anska inicijativa (HGI) podr\u017ea\u0107e kandidaturu Igora Luk\u0161i\u0107a za novog premijera, dok \u0107e podr\u0161ka ostalih manjinskh partija zavisiti od Luk\u0161i\u0107evog programa i sastava kabineta. Za razliku od manjinskih stranaka u vladaju\u0107oj koaliciji koje se nadaju ministarskim mjestima, predstavnici Force, [&hellip;]<\/p>\n","protected":false},"author":1,"featured_media":0,"comment_status":"open","ping_status":"closed","sticky":false,"template":"","format":"standard","meta":{"spay_email":"","jetpack_publicize_message":"","jetpack_is_tweetstorm":false,"jetpack_publicize_feature_enabled":true},"categories":[8337],"tags":[16826,10050,19],"jetpack_publicize_connections":[],"yoast_head":"<!-- This site is optimized with the Yoast SEO plugin v19.1 - https:\/\/yoast.com\/wordpress\/plugins\/seo\/ -->\n<title>Cungu vjeruje u Luk\u0161i\u0107a - Lajme nga Ulqini<\/title>\n<meta name=\"description\" content=\"Vujanovi\u0107 po\u010deo formalne konsultacije o mandataru Podgorica - Bo\u0161nja\u010dka stranka (BS), Demokratska unija Albanaca (DUA) i Hrvatska gra\u0111anska inicijativa\" \/>\n<meta name=\"robots\" content=\"index, follow, max-snippet:-1, max-image-preview:large, max-video-preview:-1\" \/>\n<link rel=\"canonical\" href=\"https:\/\/www.visit-ulcinj.com\/blog\/2010\/12\/24\/cungu-vjeruje-u-luksica\/\" \/>\n<meta property=\"og:locale\" content=\"en_US\" \/>\n<meta property=\"og:type\" content=\"article\" \/>\n<meta property=\"og:title\" content=\"Cungu vjeruje u Luk\u0161i\u0107a - Lajme nga Ulqini\" \/>\n<meta property=\"og:description\" content=\"Vujanovi\u0107 po\u010deo formalne konsultacije o mandataru Podgorica - Bo\u0161nja\u010dka stranka (BS), Demokratska unija Albanaca (DUA) i Hrvatska gra\u0111anska inicijativa\" \/>\n<meta property=\"og:url\" content=\"https:\/\/www.visit-ulcinj.com\/blog\/2010\/12\/24\/cungu-vjeruje-u-luksica\/\" \/>\n<meta property=\"og:site_name\" content=\"Lajme nga Ulqini\" \/>\n<meta property=\"article:published_time\" content=\"2010-12-24T17:36:51+00:00\" \/>\n<meta property=\"article:modified_time\" content=\"2010-12-29T15:12:03+00:00\" \/>\n<meta property=\"og:image\" content=\"http:\/\/www.visit-ulcinj.com\/blog\/wp-content\/uploads\/2010\/12\/Nazif-Cungu_Filip-Vujanovic.jpg\" \/>\n<meta name=\"twitter:label1\" content=\"Written by\" \/>\n\t<meta name=\"twitter:data1\" content=\"ulqini\" \/>\n\t<meta name=\"twitter:label2\" content=\"Est. reading time\" \/>\n\t<meta name=\"twitter:data2\" content=\"3 minutes\" \/>\n<script type=\"application\/ld+json\" class=\"yoast-schema-graph\">{\"@context\":\"https:\/\/schema.org\",\"@graph\":[{\"@type\":\"WebSite\",\"@id\":\"https:\/\/www.visit-ulcinj.com\/blog\/#website\",\"url\":\"https:\/\/www.visit-ulcinj.com\/blog\/\",\"name\":\"Lajme nga Ulqini\",\"description\":\"Lajme,Vijesti,Ulqini,Ulqin,Crna Gora,Mali i Zi\",\"potentialAction\":[{\"@type\":\"SearchAction\",\"target\":{\"@type\":\"EntryPoint\",\"urlTemplate\":\"https:\/\/www.visit-ulcinj.com\/blog\/?s={search_term_string}\"},\"query-input\":\"required name=search_term_string\"}],\"inLanguage\":\"en-US\"},{\"@type\":\"ImageObject\",\"inLanguage\":\"en-US\",\"@id\":\"https:\/\/www.visit-ulcinj.com\/blog\/2010\/12\/24\/cungu-vjeruje-u-luksica\/#primaryimage\",\"url\":\"https:\/\/www.visit-ulcinj.com\/blog\/wp-content\/uploads\/2010\/12\/Nazif-Cungu_Filip-Vujanovic.jpg\",\"contentUrl\":\"https:\/\/www.visit-ulcinj.com\/blog\/wp-content\/uploads\/2010\/12\/Nazif-Cungu_Filip-Vujanovic.jpg\",\"width\":\"490\",\"height\":\"368\"},{\"@type\":\"WebPage\",\"@id\":\"https:\/\/www.visit-ulcinj.com\/blog\/2010\/12\/24\/cungu-vjeruje-u-luksica\/#webpage\",\"url\":\"https:\/\/www.visit-ulcinj.com\/blog\/2010\/12\/24\/cungu-vjeruje-u-luksica\/\",\"name\":\"Cungu vjeruje u Luk\u0161i\u0107a - Lajme nga Ulqini\",\"isPartOf\":{\"@id\":\"https:\/\/www.visit-ulcinj.com\/blog\/#website\"},\"primaryImageOfPage\":{\"@id\":\"https:\/\/www.visit-ulcinj.com\/blog\/2010\/12\/24\/cungu-vjeruje-u-luksica\/#primaryimage\"},\"datePublished\":\"2010-12-24T17:36:51+00:00\",\"dateModified\":\"2010-12-29T15:12:03+00:00\",\"author\":{\"@id\":\"https:\/\/www.visit-ulcinj.com\/blog\/#\/schema\/person\/dcab619c614d3038751c63bc2aadc06d\"},\"description\":\"Vujanovi\u0107 po\u010deo formalne konsultacije o mandataru Podgorica - Bo\u0161nja\u010dka stranka (BS), Demokratska unija Albanaca (DUA) i Hrvatska gra\u0111anska inicijativa\",\"breadcrumb\":{\"@id\":\"https:\/\/www.visit-ulcinj.com\/blog\/2010\/12\/24\/cungu-vjeruje-u-luksica\/#breadcrumb\"},\"inLanguage\":\"en-US\",\"potentialAction\":[{\"@type\":\"ReadAction\",\"target\":[\"https:\/\/www.visit-ulcinj.com\/blog\/2010\/12\/24\/cungu-vjeruje-u-luksica\/\"]}]},{\"@type\":\"BreadcrumbList\",\"@id\":\"https:\/\/www.visit-ulcinj.com\/blog\/2010\/12\/24\/cungu-vjeruje-u-luksica\/#breadcrumb\",\"itemListElement\":[{\"@type\":\"ListItem\",\"position\":1,\"name\":\"Cungu vjeruje u Luk\u0161i\u0107a\"}]},{\"@type\":\"Person\",\"@id\":\"https:\/\/www.visit-ulcinj.com\/blog\/#\/schema\/person\/dcab619c614d3038751c63bc2aadc06d\",\"name\":\"ulqini\",\"sameAs\":[\"http:\/\/www.visit-ulcinj.com\"],\"url\":\"https:\/\/www.visit-ulcinj.com\/blog\/author\/admin\/\"}]}<\/script>\n<!-- \/ Yoast SEO plugin. -->","yoast_head_json":{"title":"Cungu vjeruje u Luk\u0161i\u0107a - Lajme nga Ulqini","description":"Vujanovi\u0107 po\u010deo formalne konsultacije o mandataru Podgorica - Bo\u0161nja\u010dka stranka (BS), Demokratska unija Albanaca (DUA) i Hrvatska gra\u0111anska inicijativa","robots":{"index":"index","follow":"follow","max-snippet":"max-snippet:-1","max-image-preview":"max-image-preview:large","max-video-preview":"max-video-preview:-1"},"canonical":"https:\/\/www.visit-ulcinj.com\/blog\/2010\/12\/24\/cungu-vjeruje-u-luksica\/","og_locale":"en_US","og_type":"article","og_title":"Cungu vjeruje u Luk\u0161i\u0107a - Lajme nga Ulqini","og_description":"Vujanovi\u0107 po\u010deo formalne konsultacije o mandataru Podgorica - Bo\u0161nja\u010dka stranka (BS), Demokratska unija Albanaca (DUA) i Hrvatska gra\u0111anska inicijativa","og_url":"https:\/\/www.visit-ulcinj.com\/blog\/2010\/12\/24\/cungu-vjeruje-u-luksica\/","og_site_name":"Lajme nga Ulqini","article_published_time":"2010-12-24T17:36:51+00:00","article_modified_time":"2010-12-29T15:12:03+00:00","og_image":[{"url":"http:\/\/www.visit-ulcinj.com\/blog\/wp-content\/uploads\/2010\/12\/Nazif-Cungu_Filip-Vujanovic.jpg"}],"twitter_misc":{"Written by":"ulqini","Est. reading time":"3 minutes"},"schema":{"@context":"https:\/\/schema.org","@graph":[{"@type":"WebSite","@id":"https:\/\/www.visit-ulcinj.com\/blog\/#website","url":"https:\/\/www.visit-ulcinj.com\/blog\/","name":"Lajme nga Ulqini","description":"Lajme,Vijesti,Ulqini,Ulqin,Crna Gora,Mali i Zi","potentialAction":[{"@type":"SearchAction","target":{"@type":"EntryPoint","urlTemplate":"https:\/\/www.visit-ulcinj.com\/blog\/?s={search_term_string}"},"query-input":"required name=search_term_string"}],"inLanguage":"en-US"},{"@type":"ImageObject","inLanguage":"en-US","@id":"https:\/\/www.visit-ulcinj.com\/blog\/2010\/12\/24\/cungu-vjeruje-u-luksica\/#primaryimage","url":"https:\/\/www.visit-ulcinj.com\/blog\/wp-content\/uploads\/2010\/12\/Nazif-Cungu_Filip-Vujanovic.jpg","contentUrl":"https:\/\/www.visit-ulcinj.com\/blog\/wp-content\/uploads\/2010\/12\/Nazif-Cungu_Filip-Vujanovic.jpg","width":"490","height":"368"},{"@type":"WebPage","@id":"https:\/\/www.visit-ulcinj.com\/blog\/2010\/12\/24\/cungu-vjeruje-u-luksica\/#webpage","url":"https:\/\/www.visit-ulcinj.com\/blog\/2010\/12\/24\/cungu-vjeruje-u-luksica\/","name":"Cungu vjeruje u Luk\u0161i\u0107a - Lajme nga Ulqini","isPartOf":{"@id":"https:\/\/www.visit-ulcinj.com\/blog\/#website"},"primaryImageOfPage":{"@id":"https:\/\/www.visit-ulcinj.com\/blog\/2010\/12\/24\/cungu-vjeruje-u-luksica\/#primaryimage"},"datePublished":"2010-12-24T17:36:51+00:00","dateModified":"2010-12-29T15:12:03+00:00","author":{"@id":"https:\/\/www.visit-ulcinj.com\/blog\/#\/schema\/person\/dcab619c614d3038751c63bc2aadc06d"},"description":"Vujanovi\u0107 po\u010deo formalne konsultacije o mandataru Podgorica - Bo\u0161nja\u010dka stranka (BS), Demokratska unija Albanaca (DUA) i Hrvatska gra\u0111anska inicijativa","breadcrumb":{"@id":"https:\/\/www.visit-ulcinj.com\/blog\/2010\/12\/24\/cungu-vjeruje-u-luksica\/#breadcrumb"},"inLanguage":"en-US","potentialAction":[{"@type":"ReadAction","target":["https:\/\/www.visit-ulcinj.com\/blog\/2010\/12\/24\/cungu-vjeruje-u-luksica\/"]}]},{"@type":"BreadcrumbList","@id":"https:\/\/www.visit-ulcinj.com\/blog\/2010\/12\/24\/cungu-vjeruje-u-luksica\/#breadcrumb","itemListElement":[{"@type":"ListItem","position":1,"name":"Cungu vjeruje u Luk\u0161i\u0107a"}]},{"@type":"Person","@id":"https:\/\/www.visit-ulcinj.com\/blog\/#\/schema\/person\/dcab619c614d3038751c63bc2aadc06d","name":"ulqini","sameAs":["http:\/\/www.visit-ulcinj.com"],"url":"https:\/\/www.visit-ulcinj.com\/blog\/author\/admin\/"}]}},"jetpack_featured_media_url":"","jetpack_sharing_enabled":true,"jetpack_shortlink":"https:\/\/wp.me\/pe6lTn-aPb","_links":{"self":[{"href":"https:\/\/www.visit-ulcinj.com\/blog\/wp-json\/wp\/v2\/posts\/41613"}],"collection":[{"href":"https:\/\/www.visit-ulcinj.com\/blog\/wp-json\/wp\/v2\/posts"}],"about":[{"href":"https:\/\/www.visit-ulcinj.com\/blog\/wp-json\/wp\/v2\/types\/post"}],"author":[{"embeddable":true,"href":"https:\/\/www.visit-ulcinj.com\/blog\/wp-json\/wp\/v2\/users\/1"}],"replies":[{"embeddable":true,"href":"https:\/\/www.visit-ulcinj.com\/blog\/wp-json\/wp\/v2\/comments?post=41613"}],"version-history":[{"count":0,"href":"https:\/\/www.visit-ulcinj.com\/blog\/wp-json\/wp\/v2\/posts\/41613\/revisions"}],"wp:attachment":[{"href":"https:\/\/www.visit-ulcinj.com\/blog\/wp-json\/wp\/v2\/media?parent=41613"}],"wp:term":[{"taxonomy":"category","embeddable":true,"href":"https:\/\/www.visit-ulcinj.com\/blog\/wp-json\/wp\/v2\/categories?post=41613"},{"taxonomy":"post_tag","embeddable":true,"href":"https:\/\/www.visit-ulcinj.com\/blog\/wp-json\/wp\/v2\/tags?post=41613"}],"curies":[{"name":"wp","href":"https:\/\/api.w.org\/{rel}","templated":true}]}}