{"id":41621,"date":"2010-12-24T19:35:43","date_gmt":"2010-12-24T18:35:43","guid":{"rendered":"http:\/\/www.visit-ulcinj.com\/blog\/?p=41621"},"modified":"2010-12-24T19:37:23","modified_gmt":"2010-12-24T18:37:23","slug":"vujanoviq-i-filloi-konsultimet","status":"publish","type":"post","link":"https:\/\/www.visit-ulcinj.com\/blog\/2010\/12\/24\/vujanoviq-i-filloi-konsultimet\/","title":{"rendered":"Vujanoviq i filloi konsultimet"},"content":{"rendered":"<p><a href=\"http:\/\/www.visit-ulcinj.com\/blog\/wp-content\/uploads\/2010\/12\/Predsjednik-Filip-Vujanovic.jpg\"><img loading=\"lazy\" class=\"alignleft size-full wp-image-41622\" title=\"Predsjednik Filip Vujanovic\" src=\"http:\/\/www.visit-ulcinj.com\/blog\/wp-content\/uploads\/2010\/12\/Predsjednik-Filip-Vujanovic.jpg\" alt=\"\" width=\"490\" height=\"270\" \/><\/a>Presidenti i Malit t\u00eb Zi Filip Vujanoviq i filloi konsultimet me kryetar\u00ebt e partive parlamentare lidhur me propozimin e mandatorit p\u00ebr p\u00ebrb\u00ebrjen e Qeveris s\u00eb re. Vujanoviq konsultimet i filloi me bisedime me kryetarin e UDSH Ferhat Dinosha.<\/p>\n<p>Presidenti bisedoi edhe me kryetar\u00ebt e FORC\u00cbS, t\u00eb Koalicionit shqiptar\u00eb PESPEKTIVA, t\u00eb LD n\u00eb Mal t\u00eb Zi dhe Alternativ\u00ebn shqiptare, kurse konsultimet i vazhdoi edhe me lider\u00ebt e Partis\u00eb boshnjake t\u00eb iniciativ\u00ebs qytetare kroate.<\/p>\n<p>UDSH, Partia boshnjake, dhe Iniciativa qytetare kroate e p\u00ebrkrahin kandidatur\u00ebn e Igor Llukshiq p\u00ebr mandator p\u00ebr p\u00ebrb\u00ebrjen e Qeveris\u00eb s\u00eb re, kumtuan p\u00ebrfaq\u00ebsuesit e k\u00ebtyre partive pas konsultimeve me presidentin Vujanoviq.<\/p>\n<p>Kryetari i Lidhjes Demokratike n\u00eb Mal t\u00eb Zi Mehmet Bardhi theksoi se mb\u00ebshtetja e tyre p\u00ebr Llukshiqin do t\u00eb varet nga masa se sa do ti respektoj\u00eb sugjerimet e k\u00ebsaj partie. Ai shtoi se pushteti duhet decentralizuar, Tuzi t\u00eb fitoj\u00eb Komun\u00eb t\u00eb plot\u00eb, duhet p\u00ebrparuar statusi i shqiptar\u00ebve n\u00eb Mal t\u00eb Zi dhe t\u00eb zhvendoset kisha nga Rumia.<\/p>\n<p>Kryetari i FORC\u00cbS Nazif Cungu theksoi se kjo parti ka q\u00ebndrim pozitiv\u00eb ndaj Lukshiqit.<\/p>\n<p>P\u00ebrfaq\u00ebsuesit e koalicionit Perspektiva Amir Hollaj dhe Vasel Sinishtaj kumtuan se mb\u00ebshtetja do t\u00eb varet nga p\u00ebrb\u00ebrja dhe qeveris\u00eb s\u00eb re. Vujanoviq nes\u00ebr do ti vazhdoj\u00eb konsultimet me kryetar\u00ebt e partive tjera parlamentare e pastaj do t\u00eb propozoj\u00eb mandatorin.<\/p>\n<p>Me kushtetut\u00eb parashihet q\u00eb presidenti i shtetit ti propozoj\u00eb Kuvendit mandatorin pas bisedimeve me p\u00ebrfaq\u00ebsuesit e partive parlamentare. Kryeministri Millo Gjukanoviq ka dh\u00ebn\u00eb dor\u00ebheqje kurse PDS ka propozuar q\u00eb mandator i ri t\u00eb jet\u00eb Igor Llukishq.<\/p>\n<p>Llukshiq pret se qeveria e re mund t\u00eb zgjidhet deri n\u00eb fund t\u00eb k\u00ebtij viti.<\/p>\n<p><strong>TVCG<br \/>\n<\/strong><strong>[flv]http:\/\/a12.video2.blip.tv\/9700007408060\/Rtvvijesti-dnevnik231210709.flv[\/flv]<\/strong><\/p>\n","protected":false},"excerpt":{"rendered":"<p>Presidenti i Malit t\u00eb Zi Filip Vujanoviq i filloi konsultimet me kryetar\u00ebt e partive parlamentare lidhur me propozimin e mandatorit p\u00ebr p\u00ebrb\u00ebrjen e Qeveris s\u00eb re. Vujanoviq konsultimet i filloi me bisedime me kryetarin e UDSH Ferhat Dinosha. Presidenti bisedoi edhe me kryetar\u00ebt e FORC\u00cbS, t\u00eb Koalicionit shqiptar\u00eb PESPEKTIVA, t\u00eb LD n\u00eb Mal t\u00eb Zi [&hellip;]<\/p>\n","protected":false},"author":1,"featured_media":0,"comment_status":"open","ping_status":"closed","sticky":false,"template":"","format":"standard","meta":{"spay_email":"","jetpack_publicize_message":"","jetpack_is_tweetstorm":false,"jetpack_publicize_feature_enabled":true},"categories":[12],"tags":[1768,16794],"jetpack_publicize_connections":[],"yoast_head":"<!-- This site is optimized with the Yoast SEO plugin v19.1 - https:\/\/yoast.com\/wordpress\/plugins\/seo\/ -->\n<title>Vujanoviq i filloi konsultimet - Lajme nga Ulqini<\/title>\n<meta name=\"description\" content=\"Presidenti i Malit t\u00eb Zi Filip Vujanoviq i filloi konsultimet me kryetar\u00ebt e partive parlamentare lidhur me propozimin e mandatorit p\u00ebr p\u00ebrb\u00ebrjen e\" \/>\n<meta name=\"robots\" content=\"index, follow, max-snippet:-1, max-image-preview:large, max-video-preview:-1\" \/>\n<link rel=\"canonical\" href=\"https:\/\/www.visit-ulcinj.com\/blog\/2010\/12\/24\/vujanoviq-i-filloi-konsultimet\/\" \/>\n<meta property=\"og:locale\" content=\"en_US\" \/>\n<meta property=\"og:type\" content=\"article\" \/>\n<meta property=\"og:title\" content=\"Vujanoviq i filloi konsultimet - Lajme nga Ulqini\" \/>\n<meta property=\"og:description\" content=\"Presidenti i Malit t\u00eb Zi Filip Vujanoviq i filloi konsultimet me kryetar\u00ebt e partive parlamentare lidhur me propozimin e mandatorit p\u00ebr p\u00ebrb\u00ebrjen e\" \/>\n<meta property=\"og:url\" content=\"https:\/\/www.visit-ulcinj.com\/blog\/2010\/12\/24\/vujanoviq-i-filloi-konsultimet\/\" \/>\n<meta property=\"og:site_name\" content=\"Lajme nga Ulqini\" \/>\n<meta property=\"article:published_time\" content=\"2010-12-24T18:35:43+00:00\" \/>\n<meta property=\"article:modified_time\" content=\"2010-12-24T18:37:23+00:00\" \/>\n<meta property=\"og:image\" content=\"http:\/\/www.visit-ulcinj.com\/blog\/wp-content\/uploads\/2010\/12\/Predsjednik-Filip-Vujanovic.jpg\" \/>\n<meta name=\"twitter:label1\" content=\"Written by\" \/>\n\t<meta name=\"twitter:data1\" content=\"ulqini\" \/>\n\t<meta name=\"twitter:label2\" content=\"Est. reading time\" \/>\n\t<meta name=\"twitter:data2\" content=\"2 minutes\" \/>\n<script type=\"application\/ld+json\" class=\"yoast-schema-graph\">{\"@context\":\"https:\/\/schema.org\",\"@graph\":[{\"@type\":\"WebSite\",\"@id\":\"https:\/\/www.visit-ulcinj.com\/blog\/#website\",\"url\":\"https:\/\/www.visit-ulcinj.com\/blog\/\",\"name\":\"Lajme nga Ulqini\",\"description\":\"Lajme,Vijesti,Ulqini,Ulqin,Crna Gora,Mali i Zi\",\"potentialAction\":[{\"@type\":\"SearchAction\",\"target\":{\"@type\":\"EntryPoint\",\"urlTemplate\":\"https:\/\/www.visit-ulcinj.com\/blog\/?s={search_term_string}\"},\"query-input\":\"required name=search_term_string\"}],\"inLanguage\":\"en-US\"},{\"@type\":\"ImageObject\",\"inLanguage\":\"en-US\",\"@id\":\"https:\/\/www.visit-ulcinj.com\/blog\/2010\/12\/24\/vujanoviq-i-filloi-konsultimet\/#primaryimage\",\"url\":\"https:\/\/www.visit-ulcinj.com\/blog\/wp-content\/uploads\/2010\/12\/Predsjednik-Filip-Vujanovic.jpg\",\"contentUrl\":\"https:\/\/www.visit-ulcinj.com\/blog\/wp-content\/uploads\/2010\/12\/Predsjednik-Filip-Vujanovic.jpg\",\"width\":\"470\",\"height\":\"270\"},{\"@type\":\"WebPage\",\"@id\":\"https:\/\/www.visit-ulcinj.com\/blog\/2010\/12\/24\/vujanoviq-i-filloi-konsultimet\/#webpage\",\"url\":\"https:\/\/www.visit-ulcinj.com\/blog\/2010\/12\/24\/vujanoviq-i-filloi-konsultimet\/\",\"name\":\"Vujanoviq i filloi konsultimet - Lajme nga Ulqini\",\"isPartOf\":{\"@id\":\"https:\/\/www.visit-ulcinj.com\/blog\/#website\"},\"primaryImageOfPage\":{\"@id\":\"https:\/\/www.visit-ulcinj.com\/blog\/2010\/12\/24\/vujanoviq-i-filloi-konsultimet\/#primaryimage\"},\"datePublished\":\"2010-12-24T18:35:43+00:00\",\"dateModified\":\"2010-12-24T18:37:23+00:00\",\"author\":{\"@id\":\"https:\/\/www.visit-ulcinj.com\/blog\/#\/schema\/person\/dcab619c614d3038751c63bc2aadc06d\"},\"description\":\"Presidenti i Malit t\u00eb Zi Filip Vujanoviq i filloi konsultimet me kryetar\u00ebt e partive parlamentare lidhur me propozimin e mandatorit p\u00ebr p\u00ebrb\u00ebrjen e\",\"breadcrumb\":{\"@id\":\"https:\/\/www.visit-ulcinj.com\/blog\/2010\/12\/24\/vujanoviq-i-filloi-konsultimet\/#breadcrumb\"},\"inLanguage\":\"en-US\",\"potentialAction\":[{\"@type\":\"ReadAction\",\"target\":[\"https:\/\/www.visit-ulcinj.com\/blog\/2010\/12\/24\/vujanoviq-i-filloi-konsultimet\/\"]}]},{\"@type\":\"BreadcrumbList\",\"@id\":\"https:\/\/www.visit-ulcinj.com\/blog\/2010\/12\/24\/vujanoviq-i-filloi-konsultimet\/#breadcrumb\",\"itemListElement\":[{\"@type\":\"ListItem\",\"position\":1,\"name\":\"Vujanoviq i filloi konsultimet\"}]},{\"@type\":\"Person\",\"@id\":\"https:\/\/www.visit-ulcinj.com\/blog\/#\/schema\/person\/dcab619c614d3038751c63bc2aadc06d\",\"name\":\"ulqini\",\"sameAs\":[\"http:\/\/www.visit-ulcinj.com\"],\"url\":\"https:\/\/www.visit-ulcinj.com\/blog\/author\/admin\/\"}]}<\/script>\n<!-- \/ Yoast SEO plugin. -->","yoast_head_json":{"title":"Vujanoviq i filloi konsultimet - Lajme nga Ulqini","description":"Presidenti i Malit t\u00eb Zi Filip Vujanoviq i filloi konsultimet me kryetar\u00ebt e partive parlamentare lidhur me propozimin e mandatorit p\u00ebr p\u00ebrb\u00ebrjen e","robots":{"index":"index","follow":"follow","max-snippet":"max-snippet:-1","max-image-preview":"max-image-preview:large","max-video-preview":"max-video-preview:-1"},"canonical":"https:\/\/www.visit-ulcinj.com\/blog\/2010\/12\/24\/vujanoviq-i-filloi-konsultimet\/","og_locale":"en_US","og_type":"article","og_title":"Vujanoviq i filloi konsultimet - Lajme nga Ulqini","og_description":"Presidenti i Malit t\u00eb Zi Filip Vujanoviq i filloi konsultimet me kryetar\u00ebt e partive parlamentare lidhur me propozimin e mandatorit p\u00ebr p\u00ebrb\u00ebrjen e","og_url":"https:\/\/www.visit-ulcinj.com\/blog\/2010\/12\/24\/vujanoviq-i-filloi-konsultimet\/","og_site_name":"Lajme nga Ulqini","article_published_time":"2010-12-24T18:35:43+00:00","article_modified_time":"2010-12-24T18:37:23+00:00","og_image":[{"url":"http:\/\/www.visit-ulcinj.com\/blog\/wp-content\/uploads\/2010\/12\/Predsjednik-Filip-Vujanovic.jpg"}],"twitter_misc":{"Written by":"ulqini","Est. reading time":"2 minutes"},"schema":{"@context":"https:\/\/schema.org","@graph":[{"@type":"WebSite","@id":"https:\/\/www.visit-ulcinj.com\/blog\/#website","url":"https:\/\/www.visit-ulcinj.com\/blog\/","name":"Lajme nga Ulqini","description":"Lajme,Vijesti,Ulqini,Ulqin,Crna Gora,Mali i Zi","potentialAction":[{"@type":"SearchAction","target":{"@type":"EntryPoint","urlTemplate":"https:\/\/www.visit-ulcinj.com\/blog\/?s={search_term_string}"},"query-input":"required name=search_term_string"}],"inLanguage":"en-US"},{"@type":"ImageObject","inLanguage":"en-US","@id":"https:\/\/www.visit-ulcinj.com\/blog\/2010\/12\/24\/vujanoviq-i-filloi-konsultimet\/#primaryimage","url":"https:\/\/www.visit-ulcinj.com\/blog\/wp-content\/uploads\/2010\/12\/Predsjednik-Filip-Vujanovic.jpg","contentUrl":"https:\/\/www.visit-ulcinj.com\/blog\/wp-content\/uploads\/2010\/12\/Predsjednik-Filip-Vujanovic.jpg","width":"470","height":"270"},{"@type":"WebPage","@id":"https:\/\/www.visit-ulcinj.com\/blog\/2010\/12\/24\/vujanoviq-i-filloi-konsultimet\/#webpage","url":"https:\/\/www.visit-ulcinj.com\/blog\/2010\/12\/24\/vujanoviq-i-filloi-konsultimet\/","name":"Vujanoviq i filloi konsultimet - Lajme nga Ulqini","isPartOf":{"@id":"https:\/\/www.visit-ulcinj.com\/blog\/#website"},"primaryImageOfPage":{"@id":"https:\/\/www.visit-ulcinj.com\/blog\/2010\/12\/24\/vujanoviq-i-filloi-konsultimet\/#primaryimage"},"datePublished":"2010-12-24T18:35:43+00:00","dateModified":"2010-12-24T18:37:23+00:00","author":{"@id":"https:\/\/www.visit-ulcinj.com\/blog\/#\/schema\/person\/dcab619c614d3038751c63bc2aadc06d"},"description":"Presidenti i Malit t\u00eb Zi Filip Vujanoviq i filloi konsultimet me kryetar\u00ebt e partive parlamentare lidhur me propozimin e mandatorit p\u00ebr p\u00ebrb\u00ebrjen e","breadcrumb":{"@id":"https:\/\/www.visit-ulcinj.com\/blog\/2010\/12\/24\/vujanoviq-i-filloi-konsultimet\/#breadcrumb"},"inLanguage":"en-US","potentialAction":[{"@type":"ReadAction","target":["https:\/\/www.visit-ulcinj.com\/blog\/2010\/12\/24\/vujanoviq-i-filloi-konsultimet\/"]}]},{"@type":"BreadcrumbList","@id":"https:\/\/www.visit-ulcinj.com\/blog\/2010\/12\/24\/vujanoviq-i-filloi-konsultimet\/#breadcrumb","itemListElement":[{"@type":"ListItem","position":1,"name":"Vujanoviq i filloi konsultimet"}]},{"@type":"Person","@id":"https:\/\/www.visit-ulcinj.com\/blog\/#\/schema\/person\/dcab619c614d3038751c63bc2aadc06d","name":"ulqini","sameAs":["http:\/\/www.visit-ulcinj.com"],"url":"https:\/\/www.visit-ulcinj.com\/blog\/author\/admin\/"}]}},"jetpack_featured_media_url":"","jetpack_sharing_enabled":true,"jetpack_shortlink":"https:\/\/wp.me\/pe6lTn-aPj","_links":{"self":[{"href":"https:\/\/www.visit-ulcinj.com\/blog\/wp-json\/wp\/v2\/posts\/41621"}],"collection":[{"href":"https:\/\/www.visit-ulcinj.com\/blog\/wp-json\/wp\/v2\/posts"}],"about":[{"href":"https:\/\/www.visit-ulcinj.com\/blog\/wp-json\/wp\/v2\/types\/post"}],"author":[{"embeddable":true,"href":"https:\/\/www.visit-ulcinj.com\/blog\/wp-json\/wp\/v2\/users\/1"}],"replies":[{"embeddable":true,"href":"https:\/\/www.visit-ulcinj.com\/blog\/wp-json\/wp\/v2\/comments?post=41621"}],"version-history":[{"count":0,"href":"https:\/\/www.visit-ulcinj.com\/blog\/wp-json\/wp\/v2\/posts\/41621\/revisions"}],"wp:attachment":[{"href":"https:\/\/www.visit-ulcinj.com\/blog\/wp-json\/wp\/v2\/media?parent=41621"}],"wp:term":[{"taxonomy":"category","embeddable":true,"href":"https:\/\/www.visit-ulcinj.com\/blog\/wp-json\/wp\/v2\/categories?post=41621"},{"taxonomy":"post_tag","embeddable":true,"href":"https:\/\/www.visit-ulcinj.com\/blog\/wp-json\/wp\/v2\/tags?post=41621"}],"curies":[{"name":"wp","href":"https:\/\/api.w.org\/{rel}","templated":true}]}}