{"id":41646,"date":"2010-12-25T18:30:18","date_gmt":"2010-12-25T17:30:18","guid":{"rendered":"http:\/\/www.visit-ulcinj.com\/blog\/?p=41646"},"modified":"2010-12-25T18:30:18","modified_gmt":"2010-12-25T17:30:18","slug":"stresi-jam-i-dashuruar-me-enxhin","status":"publish","type":"post","link":"https:\/\/www.visit-ulcinj.com\/blog\/2010\/12\/25\/stresi-jam-i-dashuruar-me-enxhin\/","title":{"rendered":"Stresi: Jam i dashuruar me Enxhin"},"content":{"rendered":"<p>Ndon\u00ebse historia e tyre \u00ebsht\u00eb p\u00ebrfolur gjat\u00eb n\u00eb media, asnjeri prej tyre s\u2019e kishte pranuar q\u00eb ekziston nj\u00eb lidhje mes t\u00eb dyve\u2026 Gjith\u00e7ka ishte diskrete, derisa vet\u00ebm nj\u00eb jav\u00eb m\u00eb par\u00eb Stresi deklaron n\u00eb emisionin \u201cHelm\u201d t\u00eb G.M.Radio se \u00ebsht\u00eb i dashuruar me Enxhi Kamenic\u00ebn, t\u00eb infiltruar\u00ebn e \u201cBig Brother 3\u201d.<\/p>\n<p><a href=\"http:\/\/www.visit-ulcinj.com\/blog\/wp-content\/uploads\/2010\/12\/Stresi-dhe-Enxhin.jpg\"><img loading=\"lazy\" class=\"alignleft size-full wp-image-41647\" title=\"Stresi-dhe-Enxhin\" src=\"http:\/\/www.visit-ulcinj.com\/blog\/wp-content\/uploads\/2010\/12\/Stresi-dhe-Enxhin.jpg\" alt=\"\" width=\"508\" height=\"339\" \/><\/a><\/p>\n<p>Enxhi gjithmon\u00eb e ka mohuar, madje pak kohe me pare doli dhe nje foto e saj me rivalin e Stress, Noizyn. Stresi po ashtu i \u00ebsht\u00eb shmangur, por deklarata e t\u00eb diel\u00ebs s\u00eb shkuar s\u2019ka nevoj\u00eb p\u00ebr komente. \u201cJam i dashuruar me Enxhin\u201d, ka th\u00ebn\u00eb Stresi p\u00ebr t\u2019i l\u00ebn\u00eb m\u00eb pas rradh\u00ebn Ronel\u00ebs dhe Enit p\u00ebr ta uruar.<\/p>\n<p>Ja tek iu shtua edhe nj\u00eb \u00e7ift tjet\u00ebr showbizzit shqiptar\u2026<\/p>\n<!--YouTube Error: bad URL entered-->\n","protected":false},"excerpt":{"rendered":"<p>Ndon\u00ebse historia e tyre \u00ebsht\u00eb p\u00ebrfolur gjat\u00eb n\u00eb media, asnjeri prej tyre s\u2019e kishte pranuar q\u00eb ekziston nj\u00eb lidhje mes t\u00eb dyve\u2026 Gjith\u00e7ka ishte diskrete, derisa vet\u00ebm nj\u00eb jav\u00eb m\u00eb par\u00eb Stresi deklaron n\u00eb emisionin \u201cHelm\u201d t\u00eb G.M.Radio se \u00ebsht\u00eb i dashuruar me Enxhi Kamenic\u00ebn, t\u00eb infiltruar\u00ebn e \u201cBig Brother 3\u201d. Enxhi gjithmon\u00eb e ka [&hellip;]<\/p>\n","protected":false},"author":1,"featured_media":0,"comment_status":"open","ping_status":"closed","sticky":false,"template":"","format":"standard","meta":{"spay_email":"","jetpack_publicize_message":"","jetpack_is_tweetstorm":false,"jetpack_publicize_feature_enabled":true},"categories":[1],"tags":[15127,16813,15935,16812,16811],"jetpack_publicize_connections":[],"yoast_head":"<!-- This site is optimized with the Yoast SEO plugin v19.1 - https:\/\/yoast.com\/wordpress\/plugins\/seo\/ -->\n<title>Stresi: Jam i dashuruar me Enxhin - Lajme nga Ulqini<\/title>\n<meta name=\"description\" content=\"Ndon\u00ebse historia e tyre \u00ebsht\u00eb p\u00ebrfolur gjat\u00eb n\u00eb media, asnjeri prej tyre s\u2019e kishte pranuar q\u00eb ekziston nj\u00eb lidhje mes t\u00eb dyve\u2026 Gjith\u00e7ka ishte diskrete,\" \/>\n<meta name=\"robots\" content=\"index, follow, max-snippet:-1, max-image-preview:large, max-video-preview:-1\" \/>\n<link rel=\"canonical\" href=\"https:\/\/www.visit-ulcinj.com\/blog\/2010\/12\/25\/stresi-jam-i-dashuruar-me-enxhin\/\" \/>\n<meta property=\"og:locale\" content=\"en_US\" \/>\n<meta property=\"og:type\" content=\"article\" \/>\n<meta property=\"og:title\" content=\"Stresi: Jam i dashuruar me Enxhin - Lajme nga Ulqini\" \/>\n<meta property=\"og:description\" content=\"Ndon\u00ebse historia e tyre \u00ebsht\u00eb p\u00ebrfolur gjat\u00eb n\u00eb media, asnjeri prej tyre s\u2019e kishte pranuar q\u00eb ekziston nj\u00eb lidhje mes t\u00eb dyve\u2026 Gjith\u00e7ka ishte diskrete,\" \/>\n<meta property=\"og:url\" content=\"https:\/\/www.visit-ulcinj.com\/blog\/2010\/12\/25\/stresi-jam-i-dashuruar-me-enxhin\/\" \/>\n<meta property=\"og:site_name\" content=\"Lajme nga Ulqini\" \/>\n<meta property=\"article:published_time\" content=\"2010-12-25T17:30:18+00:00\" \/>\n<meta property=\"og:image\" content=\"http:\/\/www.visit-ulcinj.com\/blog\/wp-content\/uploads\/2010\/12\/Stresi-dhe-Enxhin.jpg\" \/>\n<meta name=\"twitter:label1\" content=\"Written by\" \/>\n\t<meta name=\"twitter:data1\" content=\"ulqini\" \/>\n\t<meta name=\"twitter:label2\" content=\"Est. reading time\" \/>\n\t<meta name=\"twitter:data2\" content=\"1 minute\" \/>\n<script type=\"application\/ld+json\" class=\"yoast-schema-graph\">{\"@context\":\"https:\/\/schema.org\",\"@graph\":[{\"@type\":\"WebSite\",\"@id\":\"https:\/\/www.visit-ulcinj.com\/blog\/#website\",\"url\":\"https:\/\/www.visit-ulcinj.com\/blog\/\",\"name\":\"Lajme nga Ulqini\",\"description\":\"Lajme,Vijesti,Ulqini,Ulqin,Crna Gora,Mali i Zi\",\"potentialAction\":[{\"@type\":\"SearchAction\",\"target\":{\"@type\":\"EntryPoint\",\"urlTemplate\":\"https:\/\/www.visit-ulcinj.com\/blog\/?s={search_term_string}\"},\"query-input\":\"required name=search_term_string\"}],\"inLanguage\":\"en-US\"},{\"@type\":\"ImageObject\",\"inLanguage\":\"en-US\",\"@id\":\"https:\/\/www.visit-ulcinj.com\/blog\/2010\/12\/25\/stresi-jam-i-dashuruar-me-enxhin\/#primaryimage\",\"url\":\"http:\/\/www.visit-ulcinj.com\/blog\/wp-content\/uploads\/2010\/12\/Stresi-dhe-Enxhin.jpg\",\"contentUrl\":\"http:\/\/www.visit-ulcinj.com\/blog\/wp-content\/uploads\/2010\/12\/Stresi-dhe-Enxhin.jpg\"},{\"@type\":\"WebPage\",\"@id\":\"https:\/\/www.visit-ulcinj.com\/blog\/2010\/12\/25\/stresi-jam-i-dashuruar-me-enxhin\/#webpage\",\"url\":\"https:\/\/www.visit-ulcinj.com\/blog\/2010\/12\/25\/stresi-jam-i-dashuruar-me-enxhin\/\",\"name\":\"Stresi: Jam i dashuruar me Enxhin - Lajme nga Ulqini\",\"isPartOf\":{\"@id\":\"https:\/\/www.visit-ulcinj.com\/blog\/#website\"},\"primaryImageOfPage\":{\"@id\":\"https:\/\/www.visit-ulcinj.com\/blog\/2010\/12\/25\/stresi-jam-i-dashuruar-me-enxhin\/#primaryimage\"},\"datePublished\":\"2010-12-25T17:30:18+00:00\",\"dateModified\":\"2010-12-25T17:30:18+00:00\",\"author\":{\"@id\":\"https:\/\/www.visit-ulcinj.com\/blog\/#\/schema\/person\/dcab619c614d3038751c63bc2aadc06d\"},\"description\":\"Ndon\u00ebse historia e tyre \u00ebsht\u00eb p\u00ebrfolur gjat\u00eb n\u00eb media, asnjeri prej tyre s\u2019e kishte pranuar q\u00eb ekziston nj\u00eb lidhje mes t\u00eb dyve\u2026 Gjith\u00e7ka ishte diskrete,\",\"breadcrumb\":{\"@id\":\"https:\/\/www.visit-ulcinj.com\/blog\/2010\/12\/25\/stresi-jam-i-dashuruar-me-enxhin\/#breadcrumb\"},\"inLanguage\":\"en-US\",\"potentialAction\":[{\"@type\":\"ReadAction\",\"target\":[\"https:\/\/www.visit-ulcinj.com\/blog\/2010\/12\/25\/stresi-jam-i-dashuruar-me-enxhin\/\"]}]},{\"@type\":\"BreadcrumbList\",\"@id\":\"https:\/\/www.visit-ulcinj.com\/blog\/2010\/12\/25\/stresi-jam-i-dashuruar-me-enxhin\/#breadcrumb\",\"itemListElement\":[{\"@type\":\"ListItem\",\"position\":1,\"name\":\"Stresi: Jam i dashuruar me Enxhin\"}]},{\"@type\":\"Person\",\"@id\":\"https:\/\/www.visit-ulcinj.com\/blog\/#\/schema\/person\/dcab619c614d3038751c63bc2aadc06d\",\"name\":\"ulqini\",\"sameAs\":[\"http:\/\/www.visit-ulcinj.com\"],\"url\":\"https:\/\/www.visit-ulcinj.com\/blog\/author\/admin\/\"}]}<\/script>\n<!-- \/ Yoast SEO plugin. -->","yoast_head_json":{"title":"Stresi: Jam i dashuruar me Enxhin - Lajme nga Ulqini","description":"Ndon\u00ebse historia e tyre \u00ebsht\u00eb p\u00ebrfolur gjat\u00eb n\u00eb media, asnjeri prej tyre s\u2019e kishte pranuar q\u00eb ekziston nj\u00eb lidhje mes t\u00eb dyve\u2026 Gjith\u00e7ka ishte diskrete,","robots":{"index":"index","follow":"follow","max-snippet":"max-snippet:-1","max-image-preview":"max-image-preview:large","max-video-preview":"max-video-preview:-1"},"canonical":"https:\/\/www.visit-ulcinj.com\/blog\/2010\/12\/25\/stresi-jam-i-dashuruar-me-enxhin\/","og_locale":"en_US","og_type":"article","og_title":"Stresi: Jam i dashuruar me Enxhin - Lajme nga Ulqini","og_description":"Ndon\u00ebse historia e tyre \u00ebsht\u00eb p\u00ebrfolur gjat\u00eb n\u00eb media, asnjeri prej tyre s\u2019e kishte pranuar q\u00eb ekziston nj\u00eb lidhje mes t\u00eb dyve\u2026 Gjith\u00e7ka ishte diskrete,","og_url":"https:\/\/www.visit-ulcinj.com\/blog\/2010\/12\/25\/stresi-jam-i-dashuruar-me-enxhin\/","og_site_name":"Lajme nga Ulqini","article_published_time":"2010-12-25T17:30:18+00:00","og_image":[{"url":"http:\/\/www.visit-ulcinj.com\/blog\/wp-content\/uploads\/2010\/12\/Stresi-dhe-Enxhin.jpg"}],"twitter_misc":{"Written by":"ulqini","Est. reading time":"1 minute"},"schema":{"@context":"https:\/\/schema.org","@graph":[{"@type":"WebSite","@id":"https:\/\/www.visit-ulcinj.com\/blog\/#website","url":"https:\/\/www.visit-ulcinj.com\/blog\/","name":"Lajme nga Ulqini","description":"Lajme,Vijesti,Ulqini,Ulqin,Crna Gora,Mali i Zi","potentialAction":[{"@type":"SearchAction","target":{"@type":"EntryPoint","urlTemplate":"https:\/\/www.visit-ulcinj.com\/blog\/?s={search_term_string}"},"query-input":"required name=search_term_string"}],"inLanguage":"en-US"},{"@type":"ImageObject","inLanguage":"en-US","@id":"https:\/\/www.visit-ulcinj.com\/blog\/2010\/12\/25\/stresi-jam-i-dashuruar-me-enxhin\/#primaryimage","url":"http:\/\/www.visit-ulcinj.com\/blog\/wp-content\/uploads\/2010\/12\/Stresi-dhe-Enxhin.jpg","contentUrl":"http:\/\/www.visit-ulcinj.com\/blog\/wp-content\/uploads\/2010\/12\/Stresi-dhe-Enxhin.jpg"},{"@type":"WebPage","@id":"https:\/\/www.visit-ulcinj.com\/blog\/2010\/12\/25\/stresi-jam-i-dashuruar-me-enxhin\/#webpage","url":"https:\/\/www.visit-ulcinj.com\/blog\/2010\/12\/25\/stresi-jam-i-dashuruar-me-enxhin\/","name":"Stresi: Jam i dashuruar me Enxhin - Lajme nga Ulqini","isPartOf":{"@id":"https:\/\/www.visit-ulcinj.com\/blog\/#website"},"primaryImageOfPage":{"@id":"https:\/\/www.visit-ulcinj.com\/blog\/2010\/12\/25\/stresi-jam-i-dashuruar-me-enxhin\/#primaryimage"},"datePublished":"2010-12-25T17:30:18+00:00","dateModified":"2010-12-25T17:30:18+00:00","author":{"@id":"https:\/\/www.visit-ulcinj.com\/blog\/#\/schema\/person\/dcab619c614d3038751c63bc2aadc06d"},"description":"Ndon\u00ebse historia e tyre \u00ebsht\u00eb p\u00ebrfolur gjat\u00eb n\u00eb media, asnjeri prej tyre s\u2019e kishte pranuar q\u00eb ekziston nj\u00eb lidhje mes t\u00eb dyve\u2026 Gjith\u00e7ka ishte diskrete,","breadcrumb":{"@id":"https:\/\/www.visit-ulcinj.com\/blog\/2010\/12\/25\/stresi-jam-i-dashuruar-me-enxhin\/#breadcrumb"},"inLanguage":"en-US","potentialAction":[{"@type":"ReadAction","target":["https:\/\/www.visit-ulcinj.com\/blog\/2010\/12\/25\/stresi-jam-i-dashuruar-me-enxhin\/"]}]},{"@type":"BreadcrumbList","@id":"https:\/\/www.visit-ulcinj.com\/blog\/2010\/12\/25\/stresi-jam-i-dashuruar-me-enxhin\/#breadcrumb","itemListElement":[{"@type":"ListItem","position":1,"name":"Stresi: Jam i dashuruar me Enxhin"}]},{"@type":"Person","@id":"https:\/\/www.visit-ulcinj.com\/blog\/#\/schema\/person\/dcab619c614d3038751c63bc2aadc06d","name":"ulqini","sameAs":["http:\/\/www.visit-ulcinj.com"],"url":"https:\/\/www.visit-ulcinj.com\/blog\/author\/admin\/"}]}},"jetpack_featured_media_url":"","jetpack_sharing_enabled":true,"jetpack_shortlink":"https:\/\/wp.me\/pe6lTn-aPI","_links":{"self":[{"href":"https:\/\/www.visit-ulcinj.com\/blog\/wp-json\/wp\/v2\/posts\/41646"}],"collection":[{"href":"https:\/\/www.visit-ulcinj.com\/blog\/wp-json\/wp\/v2\/posts"}],"about":[{"href":"https:\/\/www.visit-ulcinj.com\/blog\/wp-json\/wp\/v2\/types\/post"}],"author":[{"embeddable":true,"href":"https:\/\/www.visit-ulcinj.com\/blog\/wp-json\/wp\/v2\/users\/1"}],"replies":[{"embeddable":true,"href":"https:\/\/www.visit-ulcinj.com\/blog\/wp-json\/wp\/v2\/comments?post=41646"}],"version-history":[{"count":0,"href":"https:\/\/www.visit-ulcinj.com\/blog\/wp-json\/wp\/v2\/posts\/41646\/revisions"}],"wp:attachment":[{"href":"https:\/\/www.visit-ulcinj.com\/blog\/wp-json\/wp\/v2\/media?parent=41646"}],"wp:term":[{"taxonomy":"category","embeddable":true,"href":"https:\/\/www.visit-ulcinj.com\/blog\/wp-json\/wp\/v2\/categories?post=41646"},{"taxonomy":"post_tag","embeddable":true,"href":"https:\/\/www.visit-ulcinj.com\/blog\/wp-json\/wp\/v2\/tags?post=41646"}],"curies":[{"name":"wp","href":"https:\/\/api.w.org\/{rel}","templated":true}]}}