{"id":4166,"date":"2008-10-13T11:55:14","date_gmt":"2008-10-13T16:55:14","guid":{"rendered":"http:\/\/www.visit-ulcinj.com\/blog\/?p=4166"},"modified":"2008-10-17T13:09:06","modified_gmt":"2008-10-17T18:09:06","slug":"gjukanoviqkosoven-e-pranuam-per-shkak-te-partneritetit","status":"publish","type":"post","link":"https:\/\/www.visit-ulcinj.com\/blog\/2008\/10\/13\/gjukanoviqkosoven-e-pranuam-per-shkak-te-partneritetit\/","title":{"rendered":"Gjukanoviq:Kosov\u00ebn e pranuam p\u00ebr shkak t\u00eb partneritetit"},"content":{"rendered":"<p><a href=\"http:\/\/www.visit-ulcinj.com\/blog\/wp-content\/uploads\/2008\/10\/hvala-crna-gora.jpg\"><img loading=\"lazy\" class=\"alignleft size-medium wp-image-4167\" title=\"hvala-crna-gora\" src=\"http:\/\/www.visit-ulcinj.com\/blog\/wp-content\/uploads\/2008\/10\/hvala-crna-gora.jpg\" alt=\"\" width=\"290\" height=\"190\" \/><\/a>Kryeministri i Malit t\u00eb Zi, Millo Gjukanoviq deklaroi t\u00eb h\u00ebn\u00ebn se vendimi p\u00ebr njohjen e pavar\u00ebsis\u00eb s\u00eb Kosov\u00ebs nuk \u00ebsht\u00eb sjell\u00eb p\u00ebr shkak t\u00eb presioneve, por p\u00ebr shkak t\u00eb nevoj\u00ebs s\u00eb forcimit t\u00eb besimit t\u00eb partneritetit me vendet e Bashkimit Evropian dhe t\u00eb NATO-s.<br \/>\n\u201cKarakteristik\u00eb e politik\u00ebs shtet\u00ebrore t\u00eb Malit t\u00eb Zi \u00ebsht\u00eb q\u00eb t\u00eb ndiqet realiteti dhe jo iluzionet\u201d, deklaroi Gjukanoviq n\u00eb nj\u00eb konferenc\u00eb me gazetar\u00ebt n\u00eb Vjen\u00eb, n\u00eb nj\u00eb takim ku po diskutohet mund\u00ebsia e investimeve n\u00eb Mal t\u00eb Zi.<br \/>\nAi n\u00ebnvizoi se vendi i tij d\u00ebshiron q\u00eb t\u00eb aplikoj\u00eb p\u00ebr an\u00ebtar\u00ebsim n\u00eb BE dhe NATO dhe sipas tij, logjika tregon se \u00ebsht\u00eb i nevojsh\u00ebm forcimi i marr\u00ebdh\u00ebnieve dhe besimit t\u00eb nd\u00ebrsjell\u00eb.<br \/>\nLidhur me marr\u00ebdh\u00ebniet me Serbin\u00eb, ai porositi se Mali i Zi do t\u00eb punoj\u00eb si deri m\u00eb tani me q\u00ebllimin m\u00eb t\u00eb mir\u00eb, q\u00eb marr\u00ebdh\u00ebniet t\u00eb nd\u00ebrtohen duke mbi baz\u00ebn e sh\u00ebndosh\u00eb, sikur me fqinj\u00ebt dhe miqt\u00eb e saj.<br \/>\n<strong>Burimi \/ Ina<\/strong><\/p>\n","protected":false},"excerpt":{"rendered":"<p>Kryeministri i Malit t\u00eb Zi, Millo Gjukanoviq deklaroi t\u00eb h\u00ebn\u00ebn se vendimi p\u00ebr njohjen e pavar\u00ebsis\u00eb s\u00eb Kosov\u00ebs nuk \u00ebsht\u00eb sjell\u00eb p\u00ebr shkak t\u00eb presioneve, por p\u00ebr shkak t\u00eb nevoj\u00ebs s\u00eb forcimit t\u00eb besimit t\u00eb partneritetit me vendet e Bashkimit Evropian dhe t\u00eb NATO-s. \u201cKarakteristik\u00eb e politik\u00ebs shtet\u00ebrore t\u00eb Malit t\u00eb Zi \u00ebsht\u00eb q\u00eb t\u00eb [&hellip;]<\/p>\n","protected":false},"author":1,"featured_media":0,"comment_status":"open","ping_status":"closed","sticky":false,"template":"","format":"standard","meta":{"spay_email":"","jetpack_publicize_message":"","jetpack_is_tweetstorm":false,"jetpack_publicize_feature_enabled":true},"categories":[6,12],"tags":[49,95],"jetpack_publicize_connections":[],"yoast_head":"<!-- This site is optimized with the Yoast SEO plugin v19.1 - https:\/\/yoast.com\/wordpress\/plugins\/seo\/ -->\n<title>Gjukanoviq:Kosov\u00ebn e pranuam p\u00ebr shkak t\u00eb partneritetit - Lajme nga Ulqini<\/title>\n<meta name=\"description\" content=\"Kryeministri i Malit t\u00eb Zi, Millo Gjukanoviq deklaroi t\u00eb h\u00ebn\u00ebn se vendimi p\u00ebr njohjen e pavar\u00ebsis\u00eb s\u00eb Kosov\u00ebs nuk \u00ebsht\u00eb sjell\u00eb p\u00ebr shkak t\u00eb presioneve,\" \/>\n<meta name=\"robots\" content=\"index, follow, max-snippet:-1, max-image-preview:large, max-video-preview:-1\" \/>\n<link rel=\"canonical\" href=\"https:\/\/www.visit-ulcinj.com\/blog\/2008\/10\/13\/gjukanoviqkosoven-e-pranuam-per-shkak-te-partneritetit\/\" \/>\n<meta property=\"og:locale\" content=\"en_US\" \/>\n<meta property=\"og:type\" content=\"article\" \/>\n<meta property=\"og:title\" content=\"Gjukanoviq:Kosov\u00ebn e pranuam p\u00ebr shkak t\u00eb partneritetit - Lajme nga Ulqini\" \/>\n<meta property=\"og:description\" content=\"Kryeministri i Malit t\u00eb Zi, Millo Gjukanoviq deklaroi t\u00eb h\u00ebn\u00ebn se vendimi p\u00ebr njohjen e pavar\u00ebsis\u00eb s\u00eb Kosov\u00ebs nuk \u00ebsht\u00eb sjell\u00eb p\u00ebr shkak t\u00eb presioneve,\" \/>\n<meta property=\"og:url\" content=\"https:\/\/www.visit-ulcinj.com\/blog\/2008\/10\/13\/gjukanoviqkosoven-e-pranuam-per-shkak-te-partneritetit\/\" \/>\n<meta property=\"og:site_name\" content=\"Lajme nga Ulqini\" \/>\n<meta property=\"article:published_time\" content=\"2008-10-13T16:55:14+00:00\" \/>\n<meta property=\"article:modified_time\" content=\"2008-10-17T18:09:06+00:00\" \/>\n<meta property=\"og:image\" content=\"http:\/\/www.visit-ulcinj.com\/blog\/wp-content\/uploads\/2008\/10\/hvala-crna-gora.jpg\" \/>\n<meta name=\"twitter:label1\" content=\"Written by\" \/>\n\t<meta name=\"twitter:data1\" content=\"ulqini\" \/>\n\t<meta name=\"twitter:label2\" content=\"Est. reading time\" \/>\n\t<meta name=\"twitter:data2\" content=\"1 minute\" \/>\n<script type=\"application\/ld+json\" class=\"yoast-schema-graph\">{\"@context\":\"https:\/\/schema.org\",\"@graph\":[{\"@type\":\"WebSite\",\"@id\":\"https:\/\/www.visit-ulcinj.com\/blog\/#website\",\"url\":\"https:\/\/www.visit-ulcinj.com\/blog\/\",\"name\":\"Lajme nga Ulqini\",\"description\":\"Lajme,Vijesti,Ulqini,Ulqin,Crna Gora,Mali i Zi\",\"potentialAction\":[{\"@type\":\"SearchAction\",\"target\":{\"@type\":\"EntryPoint\",\"urlTemplate\":\"https:\/\/www.visit-ulcinj.com\/blog\/?s={search_term_string}\"},\"query-input\":\"required name=search_term_string\"}],\"inLanguage\":\"en-US\"},{\"@type\":\"ImageObject\",\"inLanguage\":\"en-US\",\"@id\":\"https:\/\/www.visit-ulcinj.com\/blog\/2008\/10\/13\/gjukanoviqkosoven-e-pranuam-per-shkak-te-partneritetit\/#primaryimage\",\"url\":\"http:\/\/www.visit-ulcinj.com\/blog\/wp-content\/uploads\/2008\/10\/hvala-crna-gora.jpg\",\"contentUrl\":\"http:\/\/www.visit-ulcinj.com\/blog\/wp-content\/uploads\/2008\/10\/hvala-crna-gora.jpg\"},{\"@type\":\"WebPage\",\"@id\":\"https:\/\/www.visit-ulcinj.com\/blog\/2008\/10\/13\/gjukanoviqkosoven-e-pranuam-per-shkak-te-partneritetit\/#webpage\",\"url\":\"https:\/\/www.visit-ulcinj.com\/blog\/2008\/10\/13\/gjukanoviqkosoven-e-pranuam-per-shkak-te-partneritetit\/\",\"name\":\"Gjukanoviq:Kosov\u00ebn e pranuam p\u00ebr shkak t\u00eb partneritetit - Lajme nga Ulqini\",\"isPartOf\":{\"@id\":\"https:\/\/www.visit-ulcinj.com\/blog\/#website\"},\"primaryImageOfPage\":{\"@id\":\"https:\/\/www.visit-ulcinj.com\/blog\/2008\/10\/13\/gjukanoviqkosoven-e-pranuam-per-shkak-te-partneritetit\/#primaryimage\"},\"datePublished\":\"2008-10-13T16:55:14+00:00\",\"dateModified\":\"2008-10-17T18:09:06+00:00\",\"author\":{\"@id\":\"https:\/\/www.visit-ulcinj.com\/blog\/#\/schema\/person\/dcab619c614d3038751c63bc2aadc06d\"},\"description\":\"Kryeministri i Malit t\u00eb Zi, Millo Gjukanoviq deklaroi t\u00eb h\u00ebn\u00ebn se vendimi p\u00ebr njohjen e pavar\u00ebsis\u00eb s\u00eb Kosov\u00ebs nuk \u00ebsht\u00eb sjell\u00eb p\u00ebr shkak t\u00eb presioneve,\",\"breadcrumb\":{\"@id\":\"https:\/\/www.visit-ulcinj.com\/blog\/2008\/10\/13\/gjukanoviqkosoven-e-pranuam-per-shkak-te-partneritetit\/#breadcrumb\"},\"inLanguage\":\"en-US\",\"potentialAction\":[{\"@type\":\"ReadAction\",\"target\":[\"https:\/\/www.visit-ulcinj.com\/blog\/2008\/10\/13\/gjukanoviqkosoven-e-pranuam-per-shkak-te-partneritetit\/\"]}]},{\"@type\":\"BreadcrumbList\",\"@id\":\"https:\/\/www.visit-ulcinj.com\/blog\/2008\/10\/13\/gjukanoviqkosoven-e-pranuam-per-shkak-te-partneritetit\/#breadcrumb\",\"itemListElement\":[{\"@type\":\"ListItem\",\"position\":1,\"name\":\"Gjukanoviq:Kosov\u00ebn e pranuam p\u00ebr shkak t\u00eb partneritetit\"}]},{\"@type\":\"Person\",\"@id\":\"https:\/\/www.visit-ulcinj.com\/blog\/#\/schema\/person\/dcab619c614d3038751c63bc2aadc06d\",\"name\":\"ulqini\",\"sameAs\":[\"http:\/\/www.visit-ulcinj.com\"],\"url\":\"https:\/\/www.visit-ulcinj.com\/blog\/author\/admin\/\"}]}<\/script>\n<!-- \/ Yoast SEO plugin. -->","yoast_head_json":{"title":"Gjukanoviq:Kosov\u00ebn e pranuam p\u00ebr shkak t\u00eb partneritetit - Lajme nga Ulqini","description":"Kryeministri i Malit t\u00eb Zi, Millo Gjukanoviq deklaroi t\u00eb h\u00ebn\u00ebn se vendimi p\u00ebr njohjen e pavar\u00ebsis\u00eb s\u00eb Kosov\u00ebs nuk \u00ebsht\u00eb sjell\u00eb p\u00ebr shkak t\u00eb presioneve,","robots":{"index":"index","follow":"follow","max-snippet":"max-snippet:-1","max-image-preview":"max-image-preview:large","max-video-preview":"max-video-preview:-1"},"canonical":"https:\/\/www.visit-ulcinj.com\/blog\/2008\/10\/13\/gjukanoviqkosoven-e-pranuam-per-shkak-te-partneritetit\/","og_locale":"en_US","og_type":"article","og_title":"Gjukanoviq:Kosov\u00ebn e pranuam p\u00ebr shkak t\u00eb partneritetit - Lajme nga Ulqini","og_description":"Kryeministri i Malit t\u00eb Zi, Millo Gjukanoviq deklaroi t\u00eb h\u00ebn\u00ebn se vendimi p\u00ebr njohjen e pavar\u00ebsis\u00eb s\u00eb Kosov\u00ebs nuk \u00ebsht\u00eb sjell\u00eb p\u00ebr shkak t\u00eb presioneve,","og_url":"https:\/\/www.visit-ulcinj.com\/blog\/2008\/10\/13\/gjukanoviqkosoven-e-pranuam-per-shkak-te-partneritetit\/","og_site_name":"Lajme nga Ulqini","article_published_time":"2008-10-13T16:55:14+00:00","article_modified_time":"2008-10-17T18:09:06+00:00","og_image":[{"url":"http:\/\/www.visit-ulcinj.com\/blog\/wp-content\/uploads\/2008\/10\/hvala-crna-gora.jpg"}],"twitter_misc":{"Written by":"ulqini","Est. reading time":"1 minute"},"schema":{"@context":"https:\/\/schema.org","@graph":[{"@type":"WebSite","@id":"https:\/\/www.visit-ulcinj.com\/blog\/#website","url":"https:\/\/www.visit-ulcinj.com\/blog\/","name":"Lajme nga Ulqini","description":"Lajme,Vijesti,Ulqini,Ulqin,Crna Gora,Mali i Zi","potentialAction":[{"@type":"SearchAction","target":{"@type":"EntryPoint","urlTemplate":"https:\/\/www.visit-ulcinj.com\/blog\/?s={search_term_string}"},"query-input":"required name=search_term_string"}],"inLanguage":"en-US"},{"@type":"ImageObject","inLanguage":"en-US","@id":"https:\/\/www.visit-ulcinj.com\/blog\/2008\/10\/13\/gjukanoviqkosoven-e-pranuam-per-shkak-te-partneritetit\/#primaryimage","url":"http:\/\/www.visit-ulcinj.com\/blog\/wp-content\/uploads\/2008\/10\/hvala-crna-gora.jpg","contentUrl":"http:\/\/www.visit-ulcinj.com\/blog\/wp-content\/uploads\/2008\/10\/hvala-crna-gora.jpg"},{"@type":"WebPage","@id":"https:\/\/www.visit-ulcinj.com\/blog\/2008\/10\/13\/gjukanoviqkosoven-e-pranuam-per-shkak-te-partneritetit\/#webpage","url":"https:\/\/www.visit-ulcinj.com\/blog\/2008\/10\/13\/gjukanoviqkosoven-e-pranuam-per-shkak-te-partneritetit\/","name":"Gjukanoviq:Kosov\u00ebn e pranuam p\u00ebr shkak t\u00eb partneritetit - Lajme nga Ulqini","isPartOf":{"@id":"https:\/\/www.visit-ulcinj.com\/blog\/#website"},"primaryImageOfPage":{"@id":"https:\/\/www.visit-ulcinj.com\/blog\/2008\/10\/13\/gjukanoviqkosoven-e-pranuam-per-shkak-te-partneritetit\/#primaryimage"},"datePublished":"2008-10-13T16:55:14+00:00","dateModified":"2008-10-17T18:09:06+00:00","author":{"@id":"https:\/\/www.visit-ulcinj.com\/blog\/#\/schema\/person\/dcab619c614d3038751c63bc2aadc06d"},"description":"Kryeministri i Malit t\u00eb Zi, Millo Gjukanoviq deklaroi t\u00eb h\u00ebn\u00ebn se vendimi p\u00ebr njohjen e pavar\u00ebsis\u00eb s\u00eb Kosov\u00ebs nuk \u00ebsht\u00eb sjell\u00eb p\u00ebr shkak t\u00eb presioneve,","breadcrumb":{"@id":"https:\/\/www.visit-ulcinj.com\/blog\/2008\/10\/13\/gjukanoviqkosoven-e-pranuam-per-shkak-te-partneritetit\/#breadcrumb"},"inLanguage":"en-US","potentialAction":[{"@type":"ReadAction","target":["https:\/\/www.visit-ulcinj.com\/blog\/2008\/10\/13\/gjukanoviqkosoven-e-pranuam-per-shkak-te-partneritetit\/"]}]},{"@type":"BreadcrumbList","@id":"https:\/\/www.visit-ulcinj.com\/blog\/2008\/10\/13\/gjukanoviqkosoven-e-pranuam-per-shkak-te-partneritetit\/#breadcrumb","itemListElement":[{"@type":"ListItem","position":1,"name":"Gjukanoviq:Kosov\u00ebn e pranuam p\u00ebr shkak t\u00eb partneritetit"}]},{"@type":"Person","@id":"https:\/\/www.visit-ulcinj.com\/blog\/#\/schema\/person\/dcab619c614d3038751c63bc2aadc06d","name":"ulqini","sameAs":["http:\/\/www.visit-ulcinj.com"],"url":"https:\/\/www.visit-ulcinj.com\/blog\/author\/admin\/"}]}},"jetpack_featured_media_url":"","jetpack_sharing_enabled":true,"jetpack_shortlink":"https:\/\/wp.me\/pe6lTn-15c","_links":{"self":[{"href":"https:\/\/www.visit-ulcinj.com\/blog\/wp-json\/wp\/v2\/posts\/4166"}],"collection":[{"href":"https:\/\/www.visit-ulcinj.com\/blog\/wp-json\/wp\/v2\/posts"}],"about":[{"href":"https:\/\/www.visit-ulcinj.com\/blog\/wp-json\/wp\/v2\/types\/post"}],"author":[{"embeddable":true,"href":"https:\/\/www.visit-ulcinj.com\/blog\/wp-json\/wp\/v2\/users\/1"}],"replies":[{"embeddable":true,"href":"https:\/\/www.visit-ulcinj.com\/blog\/wp-json\/wp\/v2\/comments?post=4166"}],"version-history":[{"count":0,"href":"https:\/\/www.visit-ulcinj.com\/blog\/wp-json\/wp\/v2\/posts\/4166\/revisions"}],"wp:attachment":[{"href":"https:\/\/www.visit-ulcinj.com\/blog\/wp-json\/wp\/v2\/media?parent=4166"}],"wp:term":[{"taxonomy":"category","embeddable":true,"href":"https:\/\/www.visit-ulcinj.com\/blog\/wp-json\/wp\/v2\/categories?post=4166"},{"taxonomy":"post_tag","embeddable":true,"href":"https:\/\/www.visit-ulcinj.com\/blog\/wp-json\/wp\/v2\/tags?post=4166"}],"curies":[{"name":"wp","href":"https:\/\/api.w.org\/{rel}","templated":true}]}}