{"id":41679,"date":"2010-12-27T08:40:01","date_gmt":"2010-12-27T07:40:01","guid":{"rendered":"http:\/\/www.visit-ulcinj.com\/blog\/?p=41679"},"modified":"2010-12-27T08:40:01","modified_gmt":"2010-12-27T07:40:01","slug":"rrezart-cungu-kampion-i-malit-te-zi","status":"publish","type":"post","link":"https:\/\/www.visit-ulcinj.com\/blog\/2010\/12\/27\/rrezart-cungu-kampion-i-malit-te-zi\/","title":{"rendered":"Rrezart Cungu kampion i Malit t\u00eb Zi"},"content":{"rendered":"<p><a href=\"http:\/\/www.visit-ulcinj.com\/blog\/wp-content\/uploads\/2010\/12\/Rrezart-Cungu-kampion-i-Malit-te-Zi_.jpg\"><img loading=\"lazy\" class=\"alignleft size-full wp-image-41680\" title=\"Rrezart Cungu kampion i Malit te Zi_\" src=\"http:\/\/www.visit-ulcinj.com\/blog\/wp-content\/uploads\/2010\/12\/Rrezart-Cungu-kampion-i-Malit-te-Zi_.jpg\" alt=\"\" width=\"490\" height=\"390\" \/><\/a>Turneu p\u00ebrfundimtar n\u00eb nivel shtetnor p\u00ebr vitin 2010 p\u00ebr teniser\u00ebt deri n\u00eb mosh\u00ebn 12 vje\u00e7are u mbajt n\u00eb Klubin \u201eEminet\u201c\u00a0 n\u00eb Podgoric\u00eb dhe titullin e kampionit t\u00eb Malit t\u00eb Zi e fitoi Rrezart Cungu.<\/p>\n<p>Garat u mbajt\u00ebn n\u00eb hapsira t\u00eb mbyllura p\u00ebr kushte dim\u00ebrore. Diferenca n\u00eb kualitet t\u00eb loj\u00ebs,q\u00eb prezentoi Rrezarti\u00a0 ishte shum\u00eb e madhe \u00e7ka d\u00ebshmojn edhe rezultatet e arritura.<\/p>\n<p>N\u00eb xhiron e par\u00eb Rrezarti fitoi Lazar Vlahoviqin me rezultatin 9:2;n\u00eb xhiron e dyt\u00eb Igor Dabanoviqin 6:0,6:0;n\u00eb gjys\u00ebm finale fitoi Marko Miletiqin me rezultat 6:2,6:0 dhe n\u00eb finale fitoi Ilija Gjuroviqin me rezultatin 6:2 dhe 6:0.<\/p>\n<p>Me k\u00ebt\u00eb turne Rrezarti e p\u00ebrfundoi edhe gar\u00ebn n\u00eb k\u00ebt\u00eb grup\u00ebmosh\u00eb dhe prej vitit t\u00eb ardhsh\u00ebm do t\u00eb garoi n\u00eb shkall\u00eb m\u00eb t\u00eb lart\u00eb pra deri n\u00eb 14 dhe 16 vje\u00e7 \u00e7ka do t\u00eb thot se don edhe p\u00ebrgaditje\u00a0 t\u00eb nivelit m\u00eb t\u00eb lart.<\/p>\n<p>Gjat k\u00ebtij viti Rrezarti triumfoi n\u00eb pes turnire n\u00eb kategorin deri n\u00eb 12 vjet: \u201cNADA\u201d n\u00eb klubin \u201cDiplomatik\u201d,Tk \u201cBellevue\u201d-Ulqin,turneu \u201cBudva open\u201d n\u00eb klubin TK \u201cBudva\u201d,n\u00eb turneun\u00a0 TK \u201cBar\u201d dhe turneun dimror t\u00eb Malit t\u00eb Zi n\u00eb klubin \u201cEminent\u201d.<\/p>\n<p>N\u00eb kategorin deri n\u00eb 14 vjet fitoi vendin e dyt n\u00eb turneun \u201cSrna cup\u201d n\u00eb Nikshiq dhe vendin e par\u00eb n\u00eb turneun \u201cKotor open\u201d n\u00eb Kotor.<\/p>\n<p><strong>Ulqin, 26.12.2010<\/strong><\/p>\n<p><strong> KT \u201dBellevue&#8221;<\/strong><\/p>\n","protected":false},"excerpt":{"rendered":"<p>Turneu p\u00ebrfundimtar n\u00eb nivel shtetnor p\u00ebr vitin 2010 p\u00ebr teniser\u00ebt deri n\u00eb mosh\u00ebn 12 vje\u00e7are u mbajt n\u00eb Klubin \u201eEminet\u201c\u00a0 n\u00eb Podgoric\u00eb dhe titullin e kampionit t\u00eb Malit t\u00eb Zi e fitoi Rrezart Cungu. Garat u mbajt\u00ebn n\u00eb hapsira t\u00eb mbyllura p\u00ebr kushte dim\u00ebrore. Diferenca n\u00eb kualitet t\u00eb loj\u00ebs,q\u00eb prezentoi Rrezarti\u00a0 ishte shum\u00eb e madhe [&hellip;]<\/p>\n","protected":false},"author":1,"featured_media":0,"comment_status":"open","ping_status":"closed","sticky":false,"template":"","format":"standard","meta":{"spay_email":"","jetpack_publicize_message":"","jetpack_is_tweetstorm":false,"jetpack_publicize_feature_enabled":true},"categories":[3],"tags":[9670,16820,195,14441,19,200,18],"jetpack_publicize_connections":[],"yoast_head":"<!-- This site is optimized with the Yoast SEO plugin v19.1 - https:\/\/yoast.com\/wordpress\/plugins\/seo\/ -->\n<title>Rrezart Cungu kampion i Malit t\u00eb Zi - Lajme nga Ulqini<\/title>\n<meta name=\"description\" content=\"Turneu p\u00ebrfundimtar n\u00eb nivel shtetnor p\u00ebr vitin 2010 p\u00ebr teniser\u00ebt deri n\u00eb mosh\u00ebn 12 vje\u00e7are u mbajt n\u00eb Klubin \u201eEminet\u201c\u00a0 n\u00eb Podgoric\u00eb dhe titullin e\" \/>\n<meta name=\"robots\" content=\"index, follow, max-snippet:-1, max-image-preview:large, max-video-preview:-1\" \/>\n<link rel=\"canonical\" href=\"https:\/\/www.visit-ulcinj.com\/blog\/2010\/12\/27\/rrezart-cungu-kampion-i-malit-te-zi\/\" \/>\n<meta property=\"og:locale\" content=\"en_US\" \/>\n<meta property=\"og:type\" content=\"article\" \/>\n<meta property=\"og:title\" content=\"Rrezart Cungu kampion i Malit t\u00eb Zi - Lajme nga Ulqini\" \/>\n<meta property=\"og:description\" content=\"Turneu p\u00ebrfundimtar n\u00eb nivel shtetnor p\u00ebr vitin 2010 p\u00ebr teniser\u00ebt deri n\u00eb mosh\u00ebn 12 vje\u00e7are u mbajt n\u00eb Klubin \u201eEminet\u201c\u00a0 n\u00eb Podgoric\u00eb dhe titullin e\" \/>\n<meta property=\"og:url\" content=\"https:\/\/www.visit-ulcinj.com\/blog\/2010\/12\/27\/rrezart-cungu-kampion-i-malit-te-zi\/\" \/>\n<meta property=\"og:site_name\" content=\"Lajme nga Ulqini\" \/>\n<meta property=\"article:published_time\" content=\"2010-12-27T07:40:01+00:00\" \/>\n<meta property=\"og:image\" content=\"http:\/\/www.visit-ulcinj.com\/blog\/wp-content\/uploads\/2010\/12\/Rrezart-Cungu-kampion-i-Malit-te-Zi_.jpg\" \/>\n<meta name=\"twitter:label1\" content=\"Written by\" \/>\n\t<meta name=\"twitter:data1\" content=\"ulqini\" \/>\n\t<meta name=\"twitter:label2\" content=\"Est. reading time\" \/>\n\t<meta name=\"twitter:data2\" content=\"1 minute\" \/>\n<script type=\"application\/ld+json\" class=\"yoast-schema-graph\">{\"@context\":\"https:\/\/schema.org\",\"@graph\":[{\"@type\":\"WebSite\",\"@id\":\"https:\/\/www.visit-ulcinj.com\/blog\/#website\",\"url\":\"https:\/\/www.visit-ulcinj.com\/blog\/\",\"name\":\"Lajme nga Ulqini\",\"description\":\"Lajme,Vijesti,Ulqini,Ulqin,Crna Gora,Mali i Zi\",\"potentialAction\":[{\"@type\":\"SearchAction\",\"target\":{\"@type\":\"EntryPoint\",\"urlTemplate\":\"https:\/\/www.visit-ulcinj.com\/blog\/?s={search_term_string}\"},\"query-input\":\"required name=search_term_string\"}],\"inLanguage\":\"en-US\"},{\"@type\":\"ImageObject\",\"inLanguage\":\"en-US\",\"@id\":\"https:\/\/www.visit-ulcinj.com\/blog\/2010\/12\/27\/rrezart-cungu-kampion-i-malit-te-zi\/#primaryimage\",\"url\":\"https:\/\/www.visit-ulcinj.com\/blog\/wp-content\/uploads\/2010\/12\/Rrezart-Cungu-kampion-i-Malit-te-Zi_.jpg\",\"contentUrl\":\"https:\/\/www.visit-ulcinj.com\/blog\/wp-content\/uploads\/2010\/12\/Rrezart-Cungu-kampion-i-Malit-te-Zi_.jpg\",\"width\":\"1092\",\"height\":\"819\"},{\"@type\":\"WebPage\",\"@id\":\"https:\/\/www.visit-ulcinj.com\/blog\/2010\/12\/27\/rrezart-cungu-kampion-i-malit-te-zi\/#webpage\",\"url\":\"https:\/\/www.visit-ulcinj.com\/blog\/2010\/12\/27\/rrezart-cungu-kampion-i-malit-te-zi\/\",\"name\":\"Rrezart Cungu kampion i Malit t\u00eb Zi - Lajme nga Ulqini\",\"isPartOf\":{\"@id\":\"https:\/\/www.visit-ulcinj.com\/blog\/#website\"},\"primaryImageOfPage\":{\"@id\":\"https:\/\/www.visit-ulcinj.com\/blog\/2010\/12\/27\/rrezart-cungu-kampion-i-malit-te-zi\/#primaryimage\"},\"datePublished\":\"2010-12-27T07:40:01+00:00\",\"dateModified\":\"2010-12-27T07:40:01+00:00\",\"author\":{\"@id\":\"https:\/\/www.visit-ulcinj.com\/blog\/#\/schema\/person\/dcab619c614d3038751c63bc2aadc06d\"},\"description\":\"Turneu p\u00ebrfundimtar n\u00eb nivel shtetnor p\u00ebr vitin 2010 p\u00ebr teniser\u00ebt deri n\u00eb mosh\u00ebn 12 vje\u00e7are u mbajt n\u00eb Klubin \u201eEminet\u201c\u00a0 n\u00eb Podgoric\u00eb dhe titullin e\",\"breadcrumb\":{\"@id\":\"https:\/\/www.visit-ulcinj.com\/blog\/2010\/12\/27\/rrezart-cungu-kampion-i-malit-te-zi\/#breadcrumb\"},\"inLanguage\":\"en-US\",\"potentialAction\":[{\"@type\":\"ReadAction\",\"target\":[\"https:\/\/www.visit-ulcinj.com\/blog\/2010\/12\/27\/rrezart-cungu-kampion-i-malit-te-zi\/\"]}]},{\"@type\":\"BreadcrumbList\",\"@id\":\"https:\/\/www.visit-ulcinj.com\/blog\/2010\/12\/27\/rrezart-cungu-kampion-i-malit-te-zi\/#breadcrumb\",\"itemListElement\":[{\"@type\":\"ListItem\",\"position\":1,\"name\":\"Rrezart Cungu kampion i Malit t\u00eb Zi\"}]},{\"@type\":\"Person\",\"@id\":\"https:\/\/www.visit-ulcinj.com\/blog\/#\/schema\/person\/dcab619c614d3038751c63bc2aadc06d\",\"name\":\"ulqini\",\"sameAs\":[\"http:\/\/www.visit-ulcinj.com\"],\"url\":\"https:\/\/www.visit-ulcinj.com\/blog\/author\/admin\/\"}]}<\/script>\n<!-- \/ Yoast SEO plugin. -->","yoast_head_json":{"title":"Rrezart Cungu kampion i Malit t\u00eb Zi - Lajme nga Ulqini","description":"Turneu p\u00ebrfundimtar n\u00eb nivel shtetnor p\u00ebr vitin 2010 p\u00ebr teniser\u00ebt deri n\u00eb mosh\u00ebn 12 vje\u00e7are u mbajt n\u00eb Klubin \u201eEminet\u201c\u00a0 n\u00eb Podgoric\u00eb dhe titullin e","robots":{"index":"index","follow":"follow","max-snippet":"max-snippet:-1","max-image-preview":"max-image-preview:large","max-video-preview":"max-video-preview:-1"},"canonical":"https:\/\/www.visit-ulcinj.com\/blog\/2010\/12\/27\/rrezart-cungu-kampion-i-malit-te-zi\/","og_locale":"en_US","og_type":"article","og_title":"Rrezart Cungu kampion i Malit t\u00eb Zi - Lajme nga Ulqini","og_description":"Turneu p\u00ebrfundimtar n\u00eb nivel shtetnor p\u00ebr vitin 2010 p\u00ebr teniser\u00ebt deri n\u00eb mosh\u00ebn 12 vje\u00e7are u mbajt n\u00eb Klubin \u201eEminet\u201c\u00a0 n\u00eb Podgoric\u00eb dhe titullin e","og_url":"https:\/\/www.visit-ulcinj.com\/blog\/2010\/12\/27\/rrezart-cungu-kampion-i-malit-te-zi\/","og_site_name":"Lajme nga Ulqini","article_published_time":"2010-12-27T07:40:01+00:00","og_image":[{"url":"http:\/\/www.visit-ulcinj.com\/blog\/wp-content\/uploads\/2010\/12\/Rrezart-Cungu-kampion-i-Malit-te-Zi_.jpg"}],"twitter_misc":{"Written by":"ulqini","Est. reading time":"1 minute"},"schema":{"@context":"https:\/\/schema.org","@graph":[{"@type":"WebSite","@id":"https:\/\/www.visit-ulcinj.com\/blog\/#website","url":"https:\/\/www.visit-ulcinj.com\/blog\/","name":"Lajme nga Ulqini","description":"Lajme,Vijesti,Ulqini,Ulqin,Crna Gora,Mali i Zi","potentialAction":[{"@type":"SearchAction","target":{"@type":"EntryPoint","urlTemplate":"https:\/\/www.visit-ulcinj.com\/blog\/?s={search_term_string}"},"query-input":"required name=search_term_string"}],"inLanguage":"en-US"},{"@type":"ImageObject","inLanguage":"en-US","@id":"https:\/\/www.visit-ulcinj.com\/blog\/2010\/12\/27\/rrezart-cungu-kampion-i-malit-te-zi\/#primaryimage","url":"https:\/\/www.visit-ulcinj.com\/blog\/wp-content\/uploads\/2010\/12\/Rrezart-Cungu-kampion-i-Malit-te-Zi_.jpg","contentUrl":"https:\/\/www.visit-ulcinj.com\/blog\/wp-content\/uploads\/2010\/12\/Rrezart-Cungu-kampion-i-Malit-te-Zi_.jpg","width":"1092","height":"819"},{"@type":"WebPage","@id":"https:\/\/www.visit-ulcinj.com\/blog\/2010\/12\/27\/rrezart-cungu-kampion-i-malit-te-zi\/#webpage","url":"https:\/\/www.visit-ulcinj.com\/blog\/2010\/12\/27\/rrezart-cungu-kampion-i-malit-te-zi\/","name":"Rrezart Cungu kampion i Malit t\u00eb Zi - Lajme nga Ulqini","isPartOf":{"@id":"https:\/\/www.visit-ulcinj.com\/blog\/#website"},"primaryImageOfPage":{"@id":"https:\/\/www.visit-ulcinj.com\/blog\/2010\/12\/27\/rrezart-cungu-kampion-i-malit-te-zi\/#primaryimage"},"datePublished":"2010-12-27T07:40:01+00:00","dateModified":"2010-12-27T07:40:01+00:00","author":{"@id":"https:\/\/www.visit-ulcinj.com\/blog\/#\/schema\/person\/dcab619c614d3038751c63bc2aadc06d"},"description":"Turneu p\u00ebrfundimtar n\u00eb nivel shtetnor p\u00ebr vitin 2010 p\u00ebr teniser\u00ebt deri n\u00eb mosh\u00ebn 12 vje\u00e7are u mbajt n\u00eb Klubin \u201eEminet\u201c\u00a0 n\u00eb Podgoric\u00eb dhe titullin e","breadcrumb":{"@id":"https:\/\/www.visit-ulcinj.com\/blog\/2010\/12\/27\/rrezart-cungu-kampion-i-malit-te-zi\/#breadcrumb"},"inLanguage":"en-US","potentialAction":[{"@type":"ReadAction","target":["https:\/\/www.visit-ulcinj.com\/blog\/2010\/12\/27\/rrezart-cungu-kampion-i-malit-te-zi\/"]}]},{"@type":"BreadcrumbList","@id":"https:\/\/www.visit-ulcinj.com\/blog\/2010\/12\/27\/rrezart-cungu-kampion-i-malit-te-zi\/#breadcrumb","itemListElement":[{"@type":"ListItem","position":1,"name":"Rrezart Cungu kampion i Malit t\u00eb Zi"}]},{"@type":"Person","@id":"https:\/\/www.visit-ulcinj.com\/blog\/#\/schema\/person\/dcab619c614d3038751c63bc2aadc06d","name":"ulqini","sameAs":["http:\/\/www.visit-ulcinj.com"],"url":"https:\/\/www.visit-ulcinj.com\/blog\/author\/admin\/"}]}},"jetpack_featured_media_url":"","jetpack_sharing_enabled":true,"jetpack_shortlink":"https:\/\/wp.me\/pe6lTn-aQf","_links":{"self":[{"href":"https:\/\/www.visit-ulcinj.com\/blog\/wp-json\/wp\/v2\/posts\/41679"}],"collection":[{"href":"https:\/\/www.visit-ulcinj.com\/blog\/wp-json\/wp\/v2\/posts"}],"about":[{"href":"https:\/\/www.visit-ulcinj.com\/blog\/wp-json\/wp\/v2\/types\/post"}],"author":[{"embeddable":true,"href":"https:\/\/www.visit-ulcinj.com\/blog\/wp-json\/wp\/v2\/users\/1"}],"replies":[{"embeddable":true,"href":"https:\/\/www.visit-ulcinj.com\/blog\/wp-json\/wp\/v2\/comments?post=41679"}],"version-history":[{"count":0,"href":"https:\/\/www.visit-ulcinj.com\/blog\/wp-json\/wp\/v2\/posts\/41679\/revisions"}],"wp:attachment":[{"href":"https:\/\/www.visit-ulcinj.com\/blog\/wp-json\/wp\/v2\/media?parent=41679"}],"wp:term":[{"taxonomy":"category","embeddable":true,"href":"https:\/\/www.visit-ulcinj.com\/blog\/wp-json\/wp\/v2\/categories?post=41679"},{"taxonomy":"post_tag","embeddable":true,"href":"https:\/\/www.visit-ulcinj.com\/blog\/wp-json\/wp\/v2\/tags?post=41679"}],"curies":[{"name":"wp","href":"https:\/\/api.w.org\/{rel}","templated":true}]}}