{"id":41691,"date":"2010-12-27T20:13:50","date_gmt":"2010-12-27T19:13:50","guid":{"rendered":"http:\/\/www.visit-ulcinj.com\/blog\/?p=41691"},"modified":"2010-12-29T16:10:16","modified_gmt":"2010-12-29T15:10:16","slug":"dinosha-mbetet-minister-edhe-ne-qeverine-e-ardhshme-te-malit-te-zi","status":"publish","type":"post","link":"https:\/\/www.visit-ulcinj.com\/blog\/2010\/12\/27\/dinosha-mbetet-minister-edhe-ne-qeverine-e-ardhshme-te-malit-te-zi\/","title":{"rendered":"Dinosha mbetet minist\u00ebr edhe n\u00eb qeverin\u00eb e ardhshme t\u00eb Malit t\u00eb Zi"},"content":{"rendered":"<p><img loading=\"lazy\" class=\"alignleft\" title=\"FERHAT DINOSHA MBETET NE QEVERI\" src=\"http:\/\/www.visit-ulcinj.com\/blog\/wp-content\/uploads\/2009\/06\/Izabrana-38.-Vlada-Crne-Gore.jpg\" alt=\"\" width=\"490\" height=\"390\" \/>Podgoric\u00eb, 27 dhjetor \u2013 Kryetari i Malit t\u00eb Zi, Filip Vujanoviq, dit\u00ebn e h\u00ebn\u00eb ka dekretuar mandatarin e ri, Igor Lukshiq, kandidat i Partis\u00eb Demokratikte t\u00eb Socialist\u00ebve \/PDS\/, pasi lideri i saj dha dor\u00ebheqjen nga posti i kryeministrit.<br \/>\nLuksiq dit\u00ebn e mart\u00eb n\u00eb Parlamentin e Malit t\u00eb Zi do t\u00eb paraqes\u00eb ekspozeun edhe propozimin e kabinetit t\u00eb tij, i cili do t\u00eb ket\u00eb dy n\u00ebnkryetar\u00eb dhe 15 ministra.<br \/>\nSipas Kosovalive, ministri aktual p\u00ebr t\u00eb Drejtat e Njeriut dhe Pakicave, Ferhat Dinosha, lider i Unionit Demokratik t\u00eb Shqiptar\u00ebve \/UDSH\/, do t\u00eb k\u00ebt\u00eb post edhe n\u00eb p\u00ebrb\u00ebrjen e re t\u00eb qeveris\u00eb s\u00eb ardhshme malazeze.<\/p>\n<p>Ai \u00ebsht\u00eb i vetmi shqiptar n\u00eb qeverin\u00eb malazeze, edhe pse shqiptar\u00ebt k\u00ebrkojn\u00eb vazhdimisht pjes\u00ebmarrje m\u00eb t\u00eb madhe, s\u00eb paku sipas proporcionit t\u00eb tyre n\u00eb shkall\u00eb vendi.<br \/>\nUDSH q\u00eb n\u00eb vitin 1997 kur p\u00ebrkrahu PDS-n\u00eb e Milo Gjukanoviq-it, udh\u00ebheq me Ministrin\u00eb p\u00ebr t\u00eb Drejtat e Njeriut dhe Pakicave.<br \/>\nPartit\u00eb opozitare nacionale shqiptare vazhdimisht e kritikojn\u00eb pun\u00ebn e k\u00ebsaj ministrie \u201cp\u00ebr familjariz\u00ebm dhe anashkalim t\u00eb interesave t\u00eb shqiptar\u00ebve, duke filluar nga statusi i plot\u00eb i Komun\u00ebs s\u00eb Tuzit dhe decentralizimi i pushtetit n\u00eb Ulqin\u201d.<br \/>\nLider\u00ebt e partive opozitare shqiptare, n\u00eb konsultimet q\u00eb kan\u00eb pasur me kryetarin e shtetit Vujanoviq kan\u00eb deklaruar se e p\u00ebrkrahin kandidatur\u00ebn e mandatarit t\u00eb ri, por kjo varet edhe nga ekspozeu dhe p\u00ebrb\u00ebrja e qeveris\u00eb.<br \/>\nAndaj ende nuk \u00ebsht\u00eb e qart\u00eb se si do t\u00eb votojn\u00eb deputet\u00ebt shqiptar\u00eb, Genci Nimanbegu nga Forca e Re Demokratike, Amir Hollaj nga Perspektiva dhe Mehmet Bardhi, p\u00ebrfaq\u00ebsues i List\u00ebs shqiptare, i cili p\u00ebrkrahjen e qeveris\u00eb s\u00eb re e ka kusht\u00ebzuar me decentralizimin e pushtetit, avancimin e Komun\u00ebs s\u00eb Tuzit n\u00eb komun\u00eb t\u00eb plot\u00eb dhe heqjen e maket\u00ebs s\u00eb Kish\u00ebs Ortodokse nga maja e malit t\u00eb Rumis\u00eb.<br \/>\nNd\u00ebrkaq, Forca e Re Demokratike ka k\u00ebrkuar kthimin e pronave dhe hartimin e planeve urbanistike, kurse Amir Hollaj nga Perspektiva m\u00eb shum\u00eb investime n\u00eb An\u00ebn e Malit dhe n\u00eb viset tjera kufitare n\u00eb Mal t\u00eb Zi, sepse katundet etnike shqiptare kan\u00eb shkall\u00ebn m\u00eb t\u00eb lart\u00eb t\u00eb papun\u00ebsis\u00eb n\u00eb vend.<\/p>\n<p><strong>KOHA NET<br \/>\nVIDEO TV IN<br \/>\n[flv]http:\/\/www.rtvin.me\/flv\/23_12_post_konsultacije.flv[\/flv]<\/strong><\/p>\n","protected":false},"excerpt":{"rendered":"<p>Podgoric\u00eb, 27 dhjetor \u2013 Kryetari i Malit t\u00eb Zi, Filip Vujanoviq, dit\u00ebn e h\u00ebn\u00eb ka dekretuar mandatarin e ri, Igor Lukshiq, kandidat i Partis\u00eb Demokratikte t\u00eb Socialist\u00ebve \/PDS\/, pasi lideri i saj dha dor\u00ebheqjen nga posti i kryeministrit. Luksiq dit\u00ebn e mart\u00eb n\u00eb Parlamentin e Malit t\u00eb Zi do t\u00eb paraqes\u00eb ekspozeun edhe propozimin e [&hellip;]<\/p>\n","protected":false},"author":1,"featured_media":0,"comment_status":"open","ping_status":"closed","sticky":false,"template":"","format":"standard","meta":{"spay_email":"","jetpack_publicize_message":"","jetpack_is_tweetstorm":false,"jetpack_publicize_feature_enabled":true},"categories":[14],"tags":[97,95,200,18],"jetpack_publicize_connections":[],"yoast_head":"<!-- This site is optimized with the Yoast SEO plugin v19.1 - https:\/\/yoast.com\/wordpress\/plugins\/seo\/ -->\n<title>Dinosha mbetet minist\u00ebr edhe n\u00eb qeverin\u00eb e ardhshme t\u00eb Malit t\u00eb Zi - Lajme nga Ulqini<\/title>\n<meta name=\"description\" content=\"Podgoric\u00eb, 27 dhjetor \u2013 Kryetari i Malit t\u00eb Zi, Filip Vujanoviq, dit\u00ebn e h\u00ebn\u00eb ka dekretuar mandatarin e ri, Igor Lukshiq, kandidat i Partis\u00eb Demokratikte\" \/>\n<meta name=\"robots\" content=\"index, follow, max-snippet:-1, max-image-preview:large, max-video-preview:-1\" \/>\n<link rel=\"canonical\" href=\"https:\/\/www.visit-ulcinj.com\/blog\/2010\/12\/27\/dinosha-mbetet-minister-edhe-ne-qeverine-e-ardhshme-te-malit-te-zi\/\" \/>\n<meta property=\"og:locale\" content=\"en_US\" \/>\n<meta property=\"og:type\" content=\"article\" \/>\n<meta property=\"og:title\" content=\"Dinosha mbetet minist\u00ebr edhe n\u00eb qeverin\u00eb e ardhshme t\u00eb Malit t\u00eb Zi - Lajme nga Ulqini\" \/>\n<meta property=\"og:description\" content=\"Podgoric\u00eb, 27 dhjetor \u2013 Kryetari i Malit t\u00eb Zi, Filip Vujanoviq, dit\u00ebn e h\u00ebn\u00eb ka dekretuar mandatarin e ri, Igor Lukshiq, kandidat i Partis\u00eb Demokratikte\" \/>\n<meta property=\"og:url\" content=\"https:\/\/www.visit-ulcinj.com\/blog\/2010\/12\/27\/dinosha-mbetet-minister-edhe-ne-qeverine-e-ardhshme-te-malit-te-zi\/\" \/>\n<meta property=\"og:site_name\" content=\"Lajme nga Ulqini\" \/>\n<meta property=\"article:published_time\" content=\"2010-12-27T19:13:50+00:00\" \/>\n<meta property=\"article:modified_time\" content=\"2010-12-29T15:10:16+00:00\" \/>\n<meta property=\"og:image\" content=\"http:\/\/www.visit-ulcinj.com\/blog\/wp-content\/uploads\/2009\/06\/Izabrana-38.-Vlada-Crne-Gore.jpg\" \/>\n<meta name=\"twitter:label1\" content=\"Written by\" \/>\n\t<meta name=\"twitter:data1\" content=\"ulqini\" \/>\n\t<meta name=\"twitter:label2\" content=\"Est. reading time\" \/>\n\t<meta name=\"twitter:data2\" content=\"2 minutes\" \/>\n<script type=\"application\/ld+json\" class=\"yoast-schema-graph\">{\"@context\":\"https:\/\/schema.org\",\"@graph\":[{\"@type\":\"WebSite\",\"@id\":\"https:\/\/www.visit-ulcinj.com\/blog\/#website\",\"url\":\"https:\/\/www.visit-ulcinj.com\/blog\/\",\"name\":\"Lajme nga Ulqini\",\"description\":\"Lajme,Vijesti,Ulqini,Ulqin,Crna Gora,Mali i Zi\",\"potentialAction\":[{\"@type\":\"SearchAction\",\"target\":{\"@type\":\"EntryPoint\",\"urlTemplate\":\"https:\/\/www.visit-ulcinj.com\/blog\/?s={search_term_string}\"},\"query-input\":\"required name=search_term_string\"}],\"inLanguage\":\"en-US\"},{\"@type\":\"ImageObject\",\"inLanguage\":\"en-US\",\"@id\":\"https:\/\/www.visit-ulcinj.com\/blog\/2010\/12\/27\/dinosha-mbetet-minister-edhe-ne-qeverine-e-ardhshme-te-malit-te-zi\/#primaryimage\",\"url\":\"https:\/\/www.visit-ulcinj.com\/blog\/wp-content\/uploads\/2009\/06\/Izabrana-38.-Vlada-Crne-Gore.jpg\",\"contentUrl\":\"https:\/\/www.visit-ulcinj.com\/blog\/wp-content\/uploads\/2009\/06\/Izabrana-38.-Vlada-Crne-Gore.jpg\",\"width\":\"640\",\"height\":\"427\"},{\"@type\":\"WebPage\",\"@id\":\"https:\/\/www.visit-ulcinj.com\/blog\/2010\/12\/27\/dinosha-mbetet-minister-edhe-ne-qeverine-e-ardhshme-te-malit-te-zi\/#webpage\",\"url\":\"https:\/\/www.visit-ulcinj.com\/blog\/2010\/12\/27\/dinosha-mbetet-minister-edhe-ne-qeverine-e-ardhshme-te-malit-te-zi\/\",\"name\":\"Dinosha mbetet minist\u00ebr edhe n\u00eb qeverin\u00eb e ardhshme t\u00eb Malit t\u00eb Zi - Lajme nga Ulqini\",\"isPartOf\":{\"@id\":\"https:\/\/www.visit-ulcinj.com\/blog\/#website\"},\"primaryImageOfPage\":{\"@id\":\"https:\/\/www.visit-ulcinj.com\/blog\/2010\/12\/27\/dinosha-mbetet-minister-edhe-ne-qeverine-e-ardhshme-te-malit-te-zi\/#primaryimage\"},\"datePublished\":\"2010-12-27T19:13:50+00:00\",\"dateModified\":\"2010-12-29T15:10:16+00:00\",\"author\":{\"@id\":\"https:\/\/www.visit-ulcinj.com\/blog\/#\/schema\/person\/dcab619c614d3038751c63bc2aadc06d\"},\"description\":\"Podgoric\u00eb, 27 dhjetor \u2013 Kryetari i Malit t\u00eb Zi, Filip Vujanoviq, dit\u00ebn e h\u00ebn\u00eb ka dekretuar mandatarin e ri, Igor Lukshiq, kandidat i Partis\u00eb Demokratikte\",\"breadcrumb\":{\"@id\":\"https:\/\/www.visit-ulcinj.com\/blog\/2010\/12\/27\/dinosha-mbetet-minister-edhe-ne-qeverine-e-ardhshme-te-malit-te-zi\/#breadcrumb\"},\"inLanguage\":\"en-US\",\"potentialAction\":[{\"@type\":\"ReadAction\",\"target\":[\"https:\/\/www.visit-ulcinj.com\/blog\/2010\/12\/27\/dinosha-mbetet-minister-edhe-ne-qeverine-e-ardhshme-te-malit-te-zi\/\"]}]},{\"@type\":\"BreadcrumbList\",\"@id\":\"https:\/\/www.visit-ulcinj.com\/blog\/2010\/12\/27\/dinosha-mbetet-minister-edhe-ne-qeverine-e-ardhshme-te-malit-te-zi\/#breadcrumb\",\"itemListElement\":[{\"@type\":\"ListItem\",\"position\":1,\"name\":\"Dinosha mbetet minist\u00ebr edhe n\u00eb qeverin\u00eb e ardhshme t\u00eb Malit t\u00eb Zi\"}]},{\"@type\":\"Person\",\"@id\":\"https:\/\/www.visit-ulcinj.com\/blog\/#\/schema\/person\/dcab619c614d3038751c63bc2aadc06d\",\"name\":\"ulqini\",\"sameAs\":[\"http:\/\/www.visit-ulcinj.com\"],\"url\":\"https:\/\/www.visit-ulcinj.com\/blog\/author\/admin\/\"}]}<\/script>\n<!-- \/ Yoast SEO plugin. -->","yoast_head_json":{"title":"Dinosha mbetet minist\u00ebr edhe n\u00eb qeverin\u00eb e ardhshme t\u00eb Malit t\u00eb Zi - Lajme nga Ulqini","description":"Podgoric\u00eb, 27 dhjetor \u2013 Kryetari i Malit t\u00eb Zi, Filip Vujanoviq, dit\u00ebn e h\u00ebn\u00eb ka dekretuar mandatarin e ri, Igor Lukshiq, kandidat i Partis\u00eb Demokratikte","robots":{"index":"index","follow":"follow","max-snippet":"max-snippet:-1","max-image-preview":"max-image-preview:large","max-video-preview":"max-video-preview:-1"},"canonical":"https:\/\/www.visit-ulcinj.com\/blog\/2010\/12\/27\/dinosha-mbetet-minister-edhe-ne-qeverine-e-ardhshme-te-malit-te-zi\/","og_locale":"en_US","og_type":"article","og_title":"Dinosha mbetet minist\u00ebr edhe n\u00eb qeverin\u00eb e ardhshme t\u00eb Malit t\u00eb Zi - Lajme nga Ulqini","og_description":"Podgoric\u00eb, 27 dhjetor \u2013 Kryetari i Malit t\u00eb Zi, Filip Vujanoviq, dit\u00ebn e h\u00ebn\u00eb ka dekretuar mandatarin e ri, Igor Lukshiq, kandidat i Partis\u00eb Demokratikte","og_url":"https:\/\/www.visit-ulcinj.com\/blog\/2010\/12\/27\/dinosha-mbetet-minister-edhe-ne-qeverine-e-ardhshme-te-malit-te-zi\/","og_site_name":"Lajme nga Ulqini","article_published_time":"2010-12-27T19:13:50+00:00","article_modified_time":"2010-12-29T15:10:16+00:00","og_image":[{"url":"http:\/\/www.visit-ulcinj.com\/blog\/wp-content\/uploads\/2009\/06\/Izabrana-38.-Vlada-Crne-Gore.jpg"}],"twitter_misc":{"Written by":"ulqini","Est. reading time":"2 minutes"},"schema":{"@context":"https:\/\/schema.org","@graph":[{"@type":"WebSite","@id":"https:\/\/www.visit-ulcinj.com\/blog\/#website","url":"https:\/\/www.visit-ulcinj.com\/blog\/","name":"Lajme nga Ulqini","description":"Lajme,Vijesti,Ulqini,Ulqin,Crna Gora,Mali i Zi","potentialAction":[{"@type":"SearchAction","target":{"@type":"EntryPoint","urlTemplate":"https:\/\/www.visit-ulcinj.com\/blog\/?s={search_term_string}"},"query-input":"required name=search_term_string"}],"inLanguage":"en-US"},{"@type":"ImageObject","inLanguage":"en-US","@id":"https:\/\/www.visit-ulcinj.com\/blog\/2010\/12\/27\/dinosha-mbetet-minister-edhe-ne-qeverine-e-ardhshme-te-malit-te-zi\/#primaryimage","url":"https:\/\/www.visit-ulcinj.com\/blog\/wp-content\/uploads\/2009\/06\/Izabrana-38.-Vlada-Crne-Gore.jpg","contentUrl":"https:\/\/www.visit-ulcinj.com\/blog\/wp-content\/uploads\/2009\/06\/Izabrana-38.-Vlada-Crne-Gore.jpg","width":"640","height":"427"},{"@type":"WebPage","@id":"https:\/\/www.visit-ulcinj.com\/blog\/2010\/12\/27\/dinosha-mbetet-minister-edhe-ne-qeverine-e-ardhshme-te-malit-te-zi\/#webpage","url":"https:\/\/www.visit-ulcinj.com\/blog\/2010\/12\/27\/dinosha-mbetet-minister-edhe-ne-qeverine-e-ardhshme-te-malit-te-zi\/","name":"Dinosha mbetet minist\u00ebr edhe n\u00eb qeverin\u00eb e ardhshme t\u00eb Malit t\u00eb Zi - Lajme nga Ulqini","isPartOf":{"@id":"https:\/\/www.visit-ulcinj.com\/blog\/#website"},"primaryImageOfPage":{"@id":"https:\/\/www.visit-ulcinj.com\/blog\/2010\/12\/27\/dinosha-mbetet-minister-edhe-ne-qeverine-e-ardhshme-te-malit-te-zi\/#primaryimage"},"datePublished":"2010-12-27T19:13:50+00:00","dateModified":"2010-12-29T15:10:16+00:00","author":{"@id":"https:\/\/www.visit-ulcinj.com\/blog\/#\/schema\/person\/dcab619c614d3038751c63bc2aadc06d"},"description":"Podgoric\u00eb, 27 dhjetor \u2013 Kryetari i Malit t\u00eb Zi, Filip Vujanoviq, dit\u00ebn e h\u00ebn\u00eb ka dekretuar mandatarin e ri, Igor Lukshiq, kandidat i Partis\u00eb Demokratikte","breadcrumb":{"@id":"https:\/\/www.visit-ulcinj.com\/blog\/2010\/12\/27\/dinosha-mbetet-minister-edhe-ne-qeverine-e-ardhshme-te-malit-te-zi\/#breadcrumb"},"inLanguage":"en-US","potentialAction":[{"@type":"ReadAction","target":["https:\/\/www.visit-ulcinj.com\/blog\/2010\/12\/27\/dinosha-mbetet-minister-edhe-ne-qeverine-e-ardhshme-te-malit-te-zi\/"]}]},{"@type":"BreadcrumbList","@id":"https:\/\/www.visit-ulcinj.com\/blog\/2010\/12\/27\/dinosha-mbetet-minister-edhe-ne-qeverine-e-ardhshme-te-malit-te-zi\/#breadcrumb","itemListElement":[{"@type":"ListItem","position":1,"name":"Dinosha mbetet minist\u00ebr edhe n\u00eb qeverin\u00eb e ardhshme t\u00eb Malit t\u00eb Zi"}]},{"@type":"Person","@id":"https:\/\/www.visit-ulcinj.com\/blog\/#\/schema\/person\/dcab619c614d3038751c63bc2aadc06d","name":"ulqini","sameAs":["http:\/\/www.visit-ulcinj.com"],"url":"https:\/\/www.visit-ulcinj.com\/blog\/author\/admin\/"}]}},"jetpack_featured_media_url":"","jetpack_sharing_enabled":true,"jetpack_shortlink":"https:\/\/wp.me\/pe6lTn-aQr","_links":{"self":[{"href":"https:\/\/www.visit-ulcinj.com\/blog\/wp-json\/wp\/v2\/posts\/41691"}],"collection":[{"href":"https:\/\/www.visit-ulcinj.com\/blog\/wp-json\/wp\/v2\/posts"}],"about":[{"href":"https:\/\/www.visit-ulcinj.com\/blog\/wp-json\/wp\/v2\/types\/post"}],"author":[{"embeddable":true,"href":"https:\/\/www.visit-ulcinj.com\/blog\/wp-json\/wp\/v2\/users\/1"}],"replies":[{"embeddable":true,"href":"https:\/\/www.visit-ulcinj.com\/blog\/wp-json\/wp\/v2\/comments?post=41691"}],"version-history":[{"count":0,"href":"https:\/\/www.visit-ulcinj.com\/blog\/wp-json\/wp\/v2\/posts\/41691\/revisions"}],"wp:attachment":[{"href":"https:\/\/www.visit-ulcinj.com\/blog\/wp-json\/wp\/v2\/media?parent=41691"}],"wp:term":[{"taxonomy":"category","embeddable":true,"href":"https:\/\/www.visit-ulcinj.com\/blog\/wp-json\/wp\/v2\/categories?post=41691"},{"taxonomy":"post_tag","embeddable":true,"href":"https:\/\/www.visit-ulcinj.com\/blog\/wp-json\/wp\/v2\/tags?post=41691"}],"curies":[{"name":"wp","href":"https:\/\/api.w.org\/{rel}","templated":true}]}}