{"id":41720,"date":"2010-12-28T11:14:47","date_gmt":"2010-12-28T10:14:47","guid":{"rendered":"http:\/\/www.visit-ulcinj.com\/blog\/?p=41720"},"modified":"2010-12-28T11:14:47","modified_gmt":"2010-12-28T10:14:47","slug":"tuname-foto-te-reja-e-seksi","status":"publish","type":"post","link":"https:\/\/www.visit-ulcinj.com\/blog\/2010\/12\/28\/tuname-foto-te-reja-e-seksi\/","title":{"rendered":"Tuna,me foto t\u00eb reja e seksi"},"content":{"rendered":"<p><a href=\"http:\/\/www.visit-ulcinj.com\/blog\/wp-content\/uploads\/2010\/12\/Altuna-Sejdiu-foto-sexy_.jpg\"><img loading=\"lazy\" class=\"alignleft size-full wp-image-41721\" title=\"Altuna Sejdiu foto sexy_\" src=\"http:\/\/www.visit-ulcinj.com\/blog\/wp-content\/uploads\/2010\/12\/Altuna-Sejdiu-foto-sexy_.jpg\" alt=\"\" width=\"490\" height=\"390\" \/><\/a>Tuna gjithmon\u00eb ndryshe n\u00eb sken\u00eb. Josh\u00ebse edhe pse sh\u00ebrben performanc\u00ebn e nj\u00eb vajze t\u00eb fort\u00eb. Altuna Sejdiu, 25vjecare nga Shkupi, q\u00eb njihet n\u00eb Shqip\u00ebri nj\u00ebsoj si n\u00eb Maqedoni e Kosov\u00eb me emrin Tuna, ka krijuar imazhin skenik t\u00eb vajz\u00ebs \u00e7apk\u00ebne.<\/p>\n<p>Tuna gjithmon\u00eb ndryshe n\u00eb sken\u00eb. Josh\u00ebse edhe pse sh\u00ebrben performanc\u00ebn e nj\u00eb vajze t\u00eb fort\u00eb. Altuna Sejdiu, 25vjecare nga Shkupi, q\u00eb njihet n\u00eb Shqip\u00ebri nj\u00ebsoj si n\u00eb Maqedoni e Kosov\u00eb me emrin Tuna, ka krijuar imazhin skenik t\u00eb vajz\u00ebs \u00e7apk\u00ebne.<\/p>\n<p>Tuna ka arritur t\u00eb bind\u00eb edhe ata q\u00eb e d\u00ebgjojn\u00eb dhe e p\u00eblqejn\u00eb\u2026 Asnj\u00ebher\u00eb nuk mungojn\u00eb adhuruesit, q\u00eb mendojn\u00eb se nuk b\u00ebhet fjal\u00eb p\u00ebr nj\u00eb bukuroshe q\u00eb k\u00ebndon, por p\u00ebr z\u00ebrin e ritmit R&amp;B, me fytyr\u00eb t\u00eb bukur.<\/p>\n<p>Ekstravagante n\u00eb sken\u00eb? \u201cPo. Padyshim\u201d, thot\u00eb Tuna. \u201cSkena k\u00ebrkon ekstravaganc\u00eb. Veshja e p\u00ebrditshme nuk ndryshon shum\u00eb nga pasioni q\u00eb ajo ka p\u00ebr veshjet sportive. I dua veshjet, q\u00eb m\u00eb b\u00ebjm\u00eb t\u00eb ndihem rehat dhe q\u00eb nuk m\u00eb shkaktojn\u00eb siklet si n\u00eb jet\u00ebn e p\u00ebrditshme, pse jo dhe n\u00eb sken\u00eb\u201d, thot\u00eb Tuna.<\/p>\n<p><strong><a href=\"http:\/\/www.visit-ulcinj.com\/gallery\/main.php?g2_itemId=10224\" target=\"_blank\">FOTO GALERIA E TUNES SHIKONI ME SHUM<\/a><br \/>\n<br \/>\n<!--YouTube Error: bad URL entered--><\/p>\n","protected":false},"excerpt":{"rendered":"<p>Tuna gjithmon\u00eb ndryshe n\u00eb sken\u00eb. Josh\u00ebse edhe pse sh\u00ebrben performanc\u00ebn e nj\u00eb vajze t\u00eb fort\u00eb. Altuna Sejdiu, 25vjecare nga Shkupi, q\u00eb njihet n\u00eb Shqip\u00ebri nj\u00ebsoj si n\u00eb Maqedoni e Kosov\u00eb me emrin Tuna, ka krijuar imazhin skenik t\u00eb vajz\u00ebs \u00e7apk\u00ebne. Tuna gjithmon\u00eb ndryshe n\u00eb sken\u00eb. Josh\u00ebse edhe pse sh\u00ebrben performanc\u00ebn e nj\u00eb vajze t\u00eb fort\u00eb. [&hellip;]<\/p>\n","protected":false},"author":1,"featured_media":0,"comment_status":"open","ping_status":"closed","sticky":false,"template":"","format":"standard","meta":{"spay_email":"","jetpack_publicize_message":"","jetpack_is_tweetstorm":false,"jetpack_publicize_feature_enabled":true},"categories":[1],"tags":[16069,4972,3945,13348,4896],"jetpack_publicize_connections":[],"yoast_head":"<!-- This site is optimized with the Yoast SEO plugin v19.1 - https:\/\/yoast.com\/wordpress\/plugins\/seo\/ -->\n<title>Tuna,me foto t\u00eb reja e seksi - Lajme nga Ulqini<\/title>\n<meta name=\"description\" content=\"Tuna gjithmon\u00eb ndryshe n\u00eb sken\u00eb. Josh\u00ebse edhe pse sh\u00ebrben performanc\u00ebn e nj\u00eb vajze t\u00eb fort\u00eb. Altuna Sejdiu, 25vjecare nga Shkupi, q\u00eb njihet n\u00eb Shqip\u00ebri\" \/>\n<meta name=\"robots\" content=\"index, follow, max-snippet:-1, max-image-preview:large, max-video-preview:-1\" \/>\n<link rel=\"canonical\" href=\"https:\/\/www.visit-ulcinj.com\/blog\/2010\/12\/28\/tuname-foto-te-reja-e-seksi\/\" \/>\n<meta property=\"og:locale\" content=\"en_US\" \/>\n<meta property=\"og:type\" content=\"article\" \/>\n<meta property=\"og:title\" content=\"Tuna,me foto t\u00eb reja e seksi - Lajme nga Ulqini\" \/>\n<meta property=\"og:description\" content=\"Tuna gjithmon\u00eb ndryshe n\u00eb sken\u00eb. Josh\u00ebse edhe pse sh\u00ebrben performanc\u00ebn e nj\u00eb vajze t\u00eb fort\u00eb. Altuna Sejdiu, 25vjecare nga Shkupi, q\u00eb njihet n\u00eb Shqip\u00ebri\" \/>\n<meta property=\"og:url\" content=\"https:\/\/www.visit-ulcinj.com\/blog\/2010\/12\/28\/tuname-foto-te-reja-e-seksi\/\" \/>\n<meta property=\"og:site_name\" content=\"Lajme nga Ulqini\" \/>\n<meta property=\"article:published_time\" content=\"2010-12-28T10:14:47+00:00\" \/>\n<meta property=\"og:image\" content=\"https:\/\/www.visit-ulcinj.com\/blog\/wp-content\/uploads\/2010\/12\/Altuna-Sejdiu-foto-sexy_-150x150.jpg\" \/>\n<meta name=\"twitter:label1\" content=\"Written by\" \/>\n\t<meta name=\"twitter:data1\" content=\"ulqini\" \/>\n\t<meta name=\"twitter:label2\" content=\"Est. reading time\" \/>\n\t<meta name=\"twitter:data2\" content=\"1 minute\" \/>\n<script type=\"application\/ld+json\" class=\"yoast-schema-graph\">{\"@context\":\"https:\/\/schema.org\",\"@graph\":[{\"@type\":\"WebSite\",\"@id\":\"https:\/\/www.visit-ulcinj.com\/blog\/#website\",\"url\":\"https:\/\/www.visit-ulcinj.com\/blog\/\",\"name\":\"Lajme nga Ulqini\",\"description\":\"Lajme,Vijesti,Ulqini,Ulqin,Crna Gora,Mali i Zi\",\"potentialAction\":[{\"@type\":\"SearchAction\",\"target\":{\"@type\":\"EntryPoint\",\"urlTemplate\":\"https:\/\/www.visit-ulcinj.com\/blog\/?s={search_term_string}\"},\"query-input\":\"required name=search_term_string\"}],\"inLanguage\":\"en-US\"},{\"@type\":\"ImageObject\",\"inLanguage\":\"en-US\",\"@id\":\"https:\/\/www.visit-ulcinj.com\/blog\/2010\/12\/28\/tuname-foto-te-reja-e-seksi\/#primaryimage\",\"url\":\"http:\/\/www.visit-ulcinj.com\/blog\/wp-content\/uploads\/2010\/12\/Altuna-Sejdiu-foto-sexy_.jpg\",\"contentUrl\":\"http:\/\/www.visit-ulcinj.com\/blog\/wp-content\/uploads\/2010\/12\/Altuna-Sejdiu-foto-sexy_.jpg\"},{\"@type\":\"WebPage\",\"@id\":\"https:\/\/www.visit-ulcinj.com\/blog\/2010\/12\/28\/tuname-foto-te-reja-e-seksi\/#webpage\",\"url\":\"https:\/\/www.visit-ulcinj.com\/blog\/2010\/12\/28\/tuname-foto-te-reja-e-seksi\/\",\"name\":\"Tuna,me foto t\u00eb reja e seksi - Lajme nga Ulqini\",\"isPartOf\":{\"@id\":\"https:\/\/www.visit-ulcinj.com\/blog\/#website\"},\"primaryImageOfPage\":{\"@id\":\"https:\/\/www.visit-ulcinj.com\/blog\/2010\/12\/28\/tuname-foto-te-reja-e-seksi\/#primaryimage\"},\"datePublished\":\"2010-12-28T10:14:47+00:00\",\"dateModified\":\"2010-12-28T10:14:47+00:00\",\"author\":{\"@id\":\"https:\/\/www.visit-ulcinj.com\/blog\/#\/schema\/person\/dcab619c614d3038751c63bc2aadc06d\"},\"description\":\"Tuna gjithmon\u00eb ndryshe n\u00eb sken\u00eb. Josh\u00ebse edhe pse sh\u00ebrben performanc\u00ebn e nj\u00eb vajze t\u00eb fort\u00eb. Altuna Sejdiu, 25vjecare nga Shkupi, q\u00eb njihet n\u00eb Shqip\u00ebri\",\"breadcrumb\":{\"@id\":\"https:\/\/www.visit-ulcinj.com\/blog\/2010\/12\/28\/tuname-foto-te-reja-e-seksi\/#breadcrumb\"},\"inLanguage\":\"en-US\",\"potentialAction\":[{\"@type\":\"ReadAction\",\"target\":[\"https:\/\/www.visit-ulcinj.com\/blog\/2010\/12\/28\/tuname-foto-te-reja-e-seksi\/\"]}]},{\"@type\":\"BreadcrumbList\",\"@id\":\"https:\/\/www.visit-ulcinj.com\/blog\/2010\/12\/28\/tuname-foto-te-reja-e-seksi\/#breadcrumb\",\"itemListElement\":[{\"@type\":\"ListItem\",\"position\":1,\"name\":\"Tuna,me foto t\u00eb reja e seksi\"}]},{\"@type\":\"Person\",\"@id\":\"https:\/\/www.visit-ulcinj.com\/blog\/#\/schema\/person\/dcab619c614d3038751c63bc2aadc06d\",\"name\":\"ulqini\",\"sameAs\":[\"http:\/\/www.visit-ulcinj.com\"],\"url\":\"https:\/\/www.visit-ulcinj.com\/blog\/author\/admin\/\"}]}<\/script>\n<!-- \/ Yoast SEO plugin. -->","yoast_head_json":{"title":"Tuna,me foto t\u00eb reja e seksi - Lajme nga Ulqini","description":"Tuna gjithmon\u00eb ndryshe n\u00eb sken\u00eb. Josh\u00ebse edhe pse sh\u00ebrben performanc\u00ebn e nj\u00eb vajze t\u00eb fort\u00eb. Altuna Sejdiu, 25vjecare nga Shkupi, q\u00eb njihet n\u00eb Shqip\u00ebri","robots":{"index":"index","follow":"follow","max-snippet":"max-snippet:-1","max-image-preview":"max-image-preview:large","max-video-preview":"max-video-preview:-1"},"canonical":"https:\/\/www.visit-ulcinj.com\/blog\/2010\/12\/28\/tuname-foto-te-reja-e-seksi\/","og_locale":"en_US","og_type":"article","og_title":"Tuna,me foto t\u00eb reja e seksi - Lajme nga Ulqini","og_description":"Tuna gjithmon\u00eb ndryshe n\u00eb sken\u00eb. Josh\u00ebse edhe pse sh\u00ebrben performanc\u00ebn e nj\u00eb vajze t\u00eb fort\u00eb. Altuna Sejdiu, 25vjecare nga Shkupi, q\u00eb njihet n\u00eb Shqip\u00ebri","og_url":"https:\/\/www.visit-ulcinj.com\/blog\/2010\/12\/28\/tuname-foto-te-reja-e-seksi\/","og_site_name":"Lajme nga Ulqini","article_published_time":"2010-12-28T10:14:47+00:00","og_image":[{"url":"https:\/\/www.visit-ulcinj.com\/blog\/wp-content\/uploads\/2010\/12\/Altuna-Sejdiu-foto-sexy_-150x150.jpg"}],"twitter_misc":{"Written by":"ulqini","Est. reading time":"1 minute"},"schema":{"@context":"https:\/\/schema.org","@graph":[{"@type":"WebSite","@id":"https:\/\/www.visit-ulcinj.com\/blog\/#website","url":"https:\/\/www.visit-ulcinj.com\/blog\/","name":"Lajme nga Ulqini","description":"Lajme,Vijesti,Ulqini,Ulqin,Crna Gora,Mali i Zi","potentialAction":[{"@type":"SearchAction","target":{"@type":"EntryPoint","urlTemplate":"https:\/\/www.visit-ulcinj.com\/blog\/?s={search_term_string}"},"query-input":"required name=search_term_string"}],"inLanguage":"en-US"},{"@type":"ImageObject","inLanguage":"en-US","@id":"https:\/\/www.visit-ulcinj.com\/blog\/2010\/12\/28\/tuname-foto-te-reja-e-seksi\/#primaryimage","url":"http:\/\/www.visit-ulcinj.com\/blog\/wp-content\/uploads\/2010\/12\/Altuna-Sejdiu-foto-sexy_.jpg","contentUrl":"http:\/\/www.visit-ulcinj.com\/blog\/wp-content\/uploads\/2010\/12\/Altuna-Sejdiu-foto-sexy_.jpg"},{"@type":"WebPage","@id":"https:\/\/www.visit-ulcinj.com\/blog\/2010\/12\/28\/tuname-foto-te-reja-e-seksi\/#webpage","url":"https:\/\/www.visit-ulcinj.com\/blog\/2010\/12\/28\/tuname-foto-te-reja-e-seksi\/","name":"Tuna,me foto t\u00eb reja e seksi - Lajme nga Ulqini","isPartOf":{"@id":"https:\/\/www.visit-ulcinj.com\/blog\/#website"},"primaryImageOfPage":{"@id":"https:\/\/www.visit-ulcinj.com\/blog\/2010\/12\/28\/tuname-foto-te-reja-e-seksi\/#primaryimage"},"datePublished":"2010-12-28T10:14:47+00:00","dateModified":"2010-12-28T10:14:47+00:00","author":{"@id":"https:\/\/www.visit-ulcinj.com\/blog\/#\/schema\/person\/dcab619c614d3038751c63bc2aadc06d"},"description":"Tuna gjithmon\u00eb ndryshe n\u00eb sken\u00eb. Josh\u00ebse edhe pse sh\u00ebrben performanc\u00ebn e nj\u00eb vajze t\u00eb fort\u00eb. Altuna Sejdiu, 25vjecare nga Shkupi, q\u00eb njihet n\u00eb Shqip\u00ebri","breadcrumb":{"@id":"https:\/\/www.visit-ulcinj.com\/blog\/2010\/12\/28\/tuname-foto-te-reja-e-seksi\/#breadcrumb"},"inLanguage":"en-US","potentialAction":[{"@type":"ReadAction","target":["https:\/\/www.visit-ulcinj.com\/blog\/2010\/12\/28\/tuname-foto-te-reja-e-seksi\/"]}]},{"@type":"BreadcrumbList","@id":"https:\/\/www.visit-ulcinj.com\/blog\/2010\/12\/28\/tuname-foto-te-reja-e-seksi\/#breadcrumb","itemListElement":[{"@type":"ListItem","position":1,"name":"Tuna,me foto t\u00eb reja e seksi"}]},{"@type":"Person","@id":"https:\/\/www.visit-ulcinj.com\/blog\/#\/schema\/person\/dcab619c614d3038751c63bc2aadc06d","name":"ulqini","sameAs":["http:\/\/www.visit-ulcinj.com"],"url":"https:\/\/www.visit-ulcinj.com\/blog\/author\/admin\/"}]}},"jetpack_featured_media_url":"","jetpack_sharing_enabled":true,"jetpack_shortlink":"https:\/\/wp.me\/pe6lTn-aQU","_links":{"self":[{"href":"https:\/\/www.visit-ulcinj.com\/blog\/wp-json\/wp\/v2\/posts\/41720"}],"collection":[{"href":"https:\/\/www.visit-ulcinj.com\/blog\/wp-json\/wp\/v2\/posts"}],"about":[{"href":"https:\/\/www.visit-ulcinj.com\/blog\/wp-json\/wp\/v2\/types\/post"}],"author":[{"embeddable":true,"href":"https:\/\/www.visit-ulcinj.com\/blog\/wp-json\/wp\/v2\/users\/1"}],"replies":[{"embeddable":true,"href":"https:\/\/www.visit-ulcinj.com\/blog\/wp-json\/wp\/v2\/comments?post=41720"}],"version-history":[{"count":0,"href":"https:\/\/www.visit-ulcinj.com\/blog\/wp-json\/wp\/v2\/posts\/41720\/revisions"}],"wp:attachment":[{"href":"https:\/\/www.visit-ulcinj.com\/blog\/wp-json\/wp\/v2\/media?parent=41720"}],"wp:term":[{"taxonomy":"category","embeddable":true,"href":"https:\/\/www.visit-ulcinj.com\/blog\/wp-json\/wp\/v2\/categories?post=41720"},{"taxonomy":"post_tag","embeddable":true,"href":"https:\/\/www.visit-ulcinj.com\/blog\/wp-json\/wp\/v2\/tags?post=41720"}],"curies":[{"name":"wp","href":"https:\/\/api.w.org\/{rel}","templated":true}]}}