{"id":41728,"date":"2010-12-28T11:40:42","date_gmt":"2010-12-28T10:40:42","guid":{"rendered":"http:\/\/www.visit-ulcinj.com\/blog\/?p=41728"},"modified":"2010-12-28T11:40:42","modified_gmt":"2010-12-28T10:40:42","slug":"zbulohet-gjinia-e-bebes-alketa-vejsiu-pret-djale","status":"publish","type":"post","link":"https:\/\/www.visit-ulcinj.com\/blog\/2010\/12\/28\/zbulohet-gjinia-e-bebes-alketa-vejsiu-pret-djale\/","title":{"rendered":"Zbulohet gjinia e bebes&#8230;Alketa Vejsiu, pret DJAL\u00cb!"},"content":{"rendered":"<p><a href=\"http:\/\/www.visit-ulcinj.com\/blog\/wp-content\/uploads\/2010\/12\/Alketa-Vejsiu.jpg\"><img loading=\"lazy\" class=\"alignleft size-full wp-image-41729\" title=\"Alketa Vejsiu\" src=\"http:\/\/www.visit-ulcinj.com\/blog\/wp-content\/uploads\/2010\/12\/Alketa-Vejsiu.jpg\" alt=\"\" width=\"517\" height=\"347\" \/><\/a>Prezantuesja e famshme, Alketa Vejsiu \u00ebsht\u00eb duke shijuar tashm\u00eb prej disa muajsh ndjesin\u00eb e t\u00eb qenit shtatz\u00ebn\u00eb p\u00ebr her\u00eb t\u00eb dyt\u00eb. Vet\u00eb Vejsiu e ka pranuar n\u00eb nj\u00eb prononcim q\u00eb ka dh\u00ebn\u00eb p\u00ebr \u201cBluetooth\u201d pak koh\u00eb m\u00eb par\u00eb, se emocionet q\u00eb \u00ebsht\u00eb duke p\u00ebrjetuar n\u00eb k\u00ebto momente jan\u00eb thjesht t\u00eb pap\u00ebrshkrueshme. Pas lajmit s\u00eb shtatz\u00ebnis\u00eb, t\u00eb gjith\u00eb ishin kurioz t\u00eb m\u00ebsonin gjinin\u00eb e f\u00ebmij\u00ebs, dhe \u201cBluetooth\u201d zbulon sot se Alketa po pret nj\u00eb djal\u00eb. Ky lajm ka g\u00ebzuar pa mas\u00eb t\u00eb gjith\u00eb familjar\u00ebt e show girl-it t\u00eb famsh\u00ebm shqiptar. Vog\u00eblushja Nicole, \u00ebsht\u00eb g\u00ebzuar po aq, duke qen\u00eb se tani do t\u00eb b\u00ebhet me v\u00eblla. Nd\u00ebrkaq m\u00ebsohet se Alketa ka nisur blerjet e para p\u00ebr bebushin e saj.<br \/>\n<br \/>\n<!--YouTube Error: bad URL entered--><\/p>\n","protected":false},"excerpt":{"rendered":"<p>Prezantuesja e famshme, Alketa Vejsiu \u00ebsht\u00eb duke shijuar tashm\u00eb prej disa muajsh ndjesin\u00eb e t\u00eb qenit shtatz\u00ebn\u00eb p\u00ebr her\u00eb t\u00eb dyt\u00eb. Vet\u00eb Vejsiu e ka pranuar n\u00eb nj\u00eb prononcim q\u00eb ka dh\u00ebn\u00eb p\u00ebr \u201cBluetooth\u201d pak koh\u00eb m\u00eb par\u00eb, se emocionet q\u00eb \u00ebsht\u00eb duke p\u00ebrjetuar n\u00eb k\u00ebto momente jan\u00eb thjesht t\u00eb pap\u00ebrshkrueshme. Pas lajmit s\u00eb shtatz\u00ebnis\u00eb, [&hellip;]<\/p>\n","protected":false},"author":1,"featured_media":0,"comment_status":"open","ping_status":"closed","sticky":false,"template":"","format":"standard","meta":{"spay_email":"","jetpack_publicize_message":"","jetpack_is_tweetstorm":false,"jetpack_publicize_feature_enabled":true},"categories":[1],"tags":[12595,11420,3797],"jetpack_publicize_connections":[],"yoast_head":"<!-- This site is optimized with the Yoast SEO plugin v19.1 - https:\/\/yoast.com\/wordpress\/plugins\/seo\/ -->\n<title>Zbulohet gjinia e bebes...Alketa Vejsiu, pret DJAL\u00cb! - Lajme nga Ulqini<\/title>\n<meta name=\"description\" content=\"Prezantuesja e famshme, Alketa Vejsiu \u00ebsht\u00eb duke shijuar tashm\u00eb prej disa muajsh ndjesin\u00eb e t\u00eb qenit shtatz\u00ebn\u00eb p\u00ebr her\u00eb t\u00eb dyt\u00eb. Vet\u00eb Vejsiu e ka pranuar\" \/>\n<meta name=\"robots\" content=\"index, follow, max-snippet:-1, max-image-preview:large, max-video-preview:-1\" \/>\n<link rel=\"canonical\" href=\"https:\/\/www.visit-ulcinj.com\/blog\/2010\/12\/28\/zbulohet-gjinia-e-bebes-alketa-vejsiu-pret-djale\/\" \/>\n<meta property=\"og:locale\" content=\"en_US\" \/>\n<meta property=\"og:type\" content=\"article\" \/>\n<meta property=\"og:title\" content=\"Zbulohet gjinia e bebes...Alketa Vejsiu, pret DJAL\u00cb! - Lajme nga Ulqini\" \/>\n<meta property=\"og:description\" content=\"Prezantuesja e famshme, Alketa Vejsiu \u00ebsht\u00eb duke shijuar tashm\u00eb prej disa muajsh ndjesin\u00eb e t\u00eb qenit shtatz\u00ebn\u00eb p\u00ebr her\u00eb t\u00eb dyt\u00eb. Vet\u00eb Vejsiu e ka pranuar\" \/>\n<meta property=\"og:url\" content=\"https:\/\/www.visit-ulcinj.com\/blog\/2010\/12\/28\/zbulohet-gjinia-e-bebes-alketa-vejsiu-pret-djale\/\" \/>\n<meta property=\"og:site_name\" content=\"Lajme nga Ulqini\" \/>\n<meta property=\"article:published_time\" content=\"2010-12-28T10:40:42+00:00\" \/>\n<meta property=\"og:image\" content=\"https:\/\/www.visit-ulcinj.com\/blog\/wp-content\/uploads\/2010\/12\/Alketa-Vejsiu-150x150.jpg\" \/>\n<meta name=\"twitter:label1\" content=\"Written by\" \/>\n\t<meta name=\"twitter:data1\" content=\"ulqini\" \/>\n\t<meta name=\"twitter:label2\" content=\"Est. reading time\" \/>\n\t<meta name=\"twitter:data2\" content=\"1 minute\" \/>\n<script type=\"application\/ld+json\" class=\"yoast-schema-graph\">{\"@context\":\"https:\/\/schema.org\",\"@graph\":[{\"@type\":\"WebSite\",\"@id\":\"https:\/\/www.visit-ulcinj.com\/blog\/#website\",\"url\":\"https:\/\/www.visit-ulcinj.com\/blog\/\",\"name\":\"Lajme nga Ulqini\",\"description\":\"Lajme,Vijesti,Ulqini,Ulqin,Crna Gora,Mali i Zi\",\"potentialAction\":[{\"@type\":\"SearchAction\",\"target\":{\"@type\":\"EntryPoint\",\"urlTemplate\":\"https:\/\/www.visit-ulcinj.com\/blog\/?s={search_term_string}\"},\"query-input\":\"required name=search_term_string\"}],\"inLanguage\":\"en-US\"},{\"@type\":\"ImageObject\",\"inLanguage\":\"en-US\",\"@id\":\"https:\/\/www.visit-ulcinj.com\/blog\/2010\/12\/28\/zbulohet-gjinia-e-bebes-alketa-vejsiu-pret-djale\/#primaryimage\",\"url\":\"http:\/\/www.visit-ulcinj.com\/blog\/wp-content\/uploads\/2010\/12\/Alketa-Vejsiu.jpg\",\"contentUrl\":\"http:\/\/www.visit-ulcinj.com\/blog\/wp-content\/uploads\/2010\/12\/Alketa-Vejsiu.jpg\"},{\"@type\":\"WebPage\",\"@id\":\"https:\/\/www.visit-ulcinj.com\/blog\/2010\/12\/28\/zbulohet-gjinia-e-bebes-alketa-vejsiu-pret-djale\/#webpage\",\"url\":\"https:\/\/www.visit-ulcinj.com\/blog\/2010\/12\/28\/zbulohet-gjinia-e-bebes-alketa-vejsiu-pret-djale\/\",\"name\":\"Zbulohet gjinia e bebes...Alketa Vejsiu, pret DJAL\u00cb! - Lajme nga Ulqini\",\"isPartOf\":{\"@id\":\"https:\/\/www.visit-ulcinj.com\/blog\/#website\"},\"primaryImageOfPage\":{\"@id\":\"https:\/\/www.visit-ulcinj.com\/blog\/2010\/12\/28\/zbulohet-gjinia-e-bebes-alketa-vejsiu-pret-djale\/#primaryimage\"},\"datePublished\":\"2010-12-28T10:40:42+00:00\",\"dateModified\":\"2010-12-28T10:40:42+00:00\",\"author\":{\"@id\":\"https:\/\/www.visit-ulcinj.com\/blog\/#\/schema\/person\/dcab619c614d3038751c63bc2aadc06d\"},\"description\":\"Prezantuesja e famshme, Alketa Vejsiu \u00ebsht\u00eb duke shijuar tashm\u00eb prej disa muajsh ndjesin\u00eb e t\u00eb qenit shtatz\u00ebn\u00eb p\u00ebr her\u00eb t\u00eb dyt\u00eb. Vet\u00eb Vejsiu e ka pranuar\",\"breadcrumb\":{\"@id\":\"https:\/\/www.visit-ulcinj.com\/blog\/2010\/12\/28\/zbulohet-gjinia-e-bebes-alketa-vejsiu-pret-djale\/#breadcrumb\"},\"inLanguage\":\"en-US\",\"potentialAction\":[{\"@type\":\"ReadAction\",\"target\":[\"https:\/\/www.visit-ulcinj.com\/blog\/2010\/12\/28\/zbulohet-gjinia-e-bebes-alketa-vejsiu-pret-djale\/\"]}]},{\"@type\":\"BreadcrumbList\",\"@id\":\"https:\/\/www.visit-ulcinj.com\/blog\/2010\/12\/28\/zbulohet-gjinia-e-bebes-alketa-vejsiu-pret-djale\/#breadcrumb\",\"itemListElement\":[{\"@type\":\"ListItem\",\"position\":1,\"name\":\"Zbulohet gjinia e bebes&#8230;Alketa Vejsiu, pret DJAL\u00cb!\"}]},{\"@type\":\"Person\",\"@id\":\"https:\/\/www.visit-ulcinj.com\/blog\/#\/schema\/person\/dcab619c614d3038751c63bc2aadc06d\",\"name\":\"ulqini\",\"sameAs\":[\"http:\/\/www.visit-ulcinj.com\"],\"url\":\"https:\/\/www.visit-ulcinj.com\/blog\/author\/admin\/\"}]}<\/script>\n<!-- \/ Yoast SEO plugin. -->","yoast_head_json":{"title":"Zbulohet gjinia e bebes...Alketa Vejsiu, pret DJAL\u00cb! - Lajme nga Ulqini","description":"Prezantuesja e famshme, Alketa Vejsiu \u00ebsht\u00eb duke shijuar tashm\u00eb prej disa muajsh ndjesin\u00eb e t\u00eb qenit shtatz\u00ebn\u00eb p\u00ebr her\u00eb t\u00eb dyt\u00eb. Vet\u00eb Vejsiu e ka pranuar","robots":{"index":"index","follow":"follow","max-snippet":"max-snippet:-1","max-image-preview":"max-image-preview:large","max-video-preview":"max-video-preview:-1"},"canonical":"https:\/\/www.visit-ulcinj.com\/blog\/2010\/12\/28\/zbulohet-gjinia-e-bebes-alketa-vejsiu-pret-djale\/","og_locale":"en_US","og_type":"article","og_title":"Zbulohet gjinia e bebes...Alketa Vejsiu, pret DJAL\u00cb! - Lajme nga Ulqini","og_description":"Prezantuesja e famshme, Alketa Vejsiu \u00ebsht\u00eb duke shijuar tashm\u00eb prej disa muajsh ndjesin\u00eb e t\u00eb qenit shtatz\u00ebn\u00eb p\u00ebr her\u00eb t\u00eb dyt\u00eb. Vet\u00eb Vejsiu e ka pranuar","og_url":"https:\/\/www.visit-ulcinj.com\/blog\/2010\/12\/28\/zbulohet-gjinia-e-bebes-alketa-vejsiu-pret-djale\/","og_site_name":"Lajme nga Ulqini","article_published_time":"2010-12-28T10:40:42+00:00","og_image":[{"url":"https:\/\/www.visit-ulcinj.com\/blog\/wp-content\/uploads\/2010\/12\/Alketa-Vejsiu-150x150.jpg"}],"twitter_misc":{"Written by":"ulqini","Est. reading time":"1 minute"},"schema":{"@context":"https:\/\/schema.org","@graph":[{"@type":"WebSite","@id":"https:\/\/www.visit-ulcinj.com\/blog\/#website","url":"https:\/\/www.visit-ulcinj.com\/blog\/","name":"Lajme nga Ulqini","description":"Lajme,Vijesti,Ulqini,Ulqin,Crna Gora,Mali i Zi","potentialAction":[{"@type":"SearchAction","target":{"@type":"EntryPoint","urlTemplate":"https:\/\/www.visit-ulcinj.com\/blog\/?s={search_term_string}"},"query-input":"required name=search_term_string"}],"inLanguage":"en-US"},{"@type":"ImageObject","inLanguage":"en-US","@id":"https:\/\/www.visit-ulcinj.com\/blog\/2010\/12\/28\/zbulohet-gjinia-e-bebes-alketa-vejsiu-pret-djale\/#primaryimage","url":"http:\/\/www.visit-ulcinj.com\/blog\/wp-content\/uploads\/2010\/12\/Alketa-Vejsiu.jpg","contentUrl":"http:\/\/www.visit-ulcinj.com\/blog\/wp-content\/uploads\/2010\/12\/Alketa-Vejsiu.jpg"},{"@type":"WebPage","@id":"https:\/\/www.visit-ulcinj.com\/blog\/2010\/12\/28\/zbulohet-gjinia-e-bebes-alketa-vejsiu-pret-djale\/#webpage","url":"https:\/\/www.visit-ulcinj.com\/blog\/2010\/12\/28\/zbulohet-gjinia-e-bebes-alketa-vejsiu-pret-djale\/","name":"Zbulohet gjinia e bebes...Alketa Vejsiu, pret DJAL\u00cb! - Lajme nga Ulqini","isPartOf":{"@id":"https:\/\/www.visit-ulcinj.com\/blog\/#website"},"primaryImageOfPage":{"@id":"https:\/\/www.visit-ulcinj.com\/blog\/2010\/12\/28\/zbulohet-gjinia-e-bebes-alketa-vejsiu-pret-djale\/#primaryimage"},"datePublished":"2010-12-28T10:40:42+00:00","dateModified":"2010-12-28T10:40:42+00:00","author":{"@id":"https:\/\/www.visit-ulcinj.com\/blog\/#\/schema\/person\/dcab619c614d3038751c63bc2aadc06d"},"description":"Prezantuesja e famshme, Alketa Vejsiu \u00ebsht\u00eb duke shijuar tashm\u00eb prej disa muajsh ndjesin\u00eb e t\u00eb qenit shtatz\u00ebn\u00eb p\u00ebr her\u00eb t\u00eb dyt\u00eb. Vet\u00eb Vejsiu e ka pranuar","breadcrumb":{"@id":"https:\/\/www.visit-ulcinj.com\/blog\/2010\/12\/28\/zbulohet-gjinia-e-bebes-alketa-vejsiu-pret-djale\/#breadcrumb"},"inLanguage":"en-US","potentialAction":[{"@type":"ReadAction","target":["https:\/\/www.visit-ulcinj.com\/blog\/2010\/12\/28\/zbulohet-gjinia-e-bebes-alketa-vejsiu-pret-djale\/"]}]},{"@type":"BreadcrumbList","@id":"https:\/\/www.visit-ulcinj.com\/blog\/2010\/12\/28\/zbulohet-gjinia-e-bebes-alketa-vejsiu-pret-djale\/#breadcrumb","itemListElement":[{"@type":"ListItem","position":1,"name":"Zbulohet gjinia e bebes&#8230;Alketa Vejsiu, pret DJAL\u00cb!"}]},{"@type":"Person","@id":"https:\/\/www.visit-ulcinj.com\/blog\/#\/schema\/person\/dcab619c614d3038751c63bc2aadc06d","name":"ulqini","sameAs":["http:\/\/www.visit-ulcinj.com"],"url":"https:\/\/www.visit-ulcinj.com\/blog\/author\/admin\/"}]}},"jetpack_featured_media_url":"","jetpack_sharing_enabled":true,"jetpack_shortlink":"https:\/\/wp.me\/pe6lTn-aR2","_links":{"self":[{"href":"https:\/\/www.visit-ulcinj.com\/blog\/wp-json\/wp\/v2\/posts\/41728"}],"collection":[{"href":"https:\/\/www.visit-ulcinj.com\/blog\/wp-json\/wp\/v2\/posts"}],"about":[{"href":"https:\/\/www.visit-ulcinj.com\/blog\/wp-json\/wp\/v2\/types\/post"}],"author":[{"embeddable":true,"href":"https:\/\/www.visit-ulcinj.com\/blog\/wp-json\/wp\/v2\/users\/1"}],"replies":[{"embeddable":true,"href":"https:\/\/www.visit-ulcinj.com\/blog\/wp-json\/wp\/v2\/comments?post=41728"}],"version-history":[{"count":0,"href":"https:\/\/www.visit-ulcinj.com\/blog\/wp-json\/wp\/v2\/posts\/41728\/revisions"}],"wp:attachment":[{"href":"https:\/\/www.visit-ulcinj.com\/blog\/wp-json\/wp\/v2\/media?parent=41728"}],"wp:term":[{"taxonomy":"category","embeddable":true,"href":"https:\/\/www.visit-ulcinj.com\/blog\/wp-json\/wp\/v2\/categories?post=41728"},{"taxonomy":"post_tag","embeddable":true,"href":"https:\/\/www.visit-ulcinj.com\/blog\/wp-json\/wp\/v2\/tags?post=41728"}],"curies":[{"name":"wp","href":"https:\/\/api.w.org\/{rel}","templated":true}]}}