{"id":41740,"date":"2010-12-28T13:51:48","date_gmt":"2010-12-28T12:51:48","guid":{"rendered":"http:\/\/www.visit-ulcinj.com\/blog\/?p=41740"},"modified":"2010-12-28T13:53:56","modified_gmt":"2010-12-28T12:53:56","slug":"alban-skenderaj-tregon-arsyet-e-humbjes","status":"publish","type":"post","link":"https:\/\/www.visit-ulcinj.com\/blog\/2010\/12\/28\/alban-skenderaj-tregon-arsyet-e-humbjes\/","title":{"rendered":"Alban Skenderaj tregon arsyet e humbjes"},"content":{"rendered":"<p><a href=\"http:\/\/www.visit-ulcinj.com\/blog\/wp-content\/uploads\/2010\/12\/Miriam-Cani-Alban-Skenderaj.jpg\"><img loading=\"lazy\" class=\"alignleft size-full wp-image-41741\" title=\"Miriam Cani &amp; Alban Skenderaj\" src=\"http:\/\/www.visit-ulcinj.com\/blog\/wp-content\/uploads\/2010\/12\/Miriam-Cani-Alban-Skenderaj.jpg\" alt=\"\" width=\"490\" height=\"390\" \/><\/a>Aurela Ga\u00e7e mori \u00e7mimin e par\u00eb n\u00eb edicionin e 49-t\u00eb t\u00eb Festivalit t\u00eb K\u00ebng\u00ebs n\u00eb RTSH, duke fituar k\u00ebshtu t\u00eb drejt\u00ebn p\u00ebr t\u00eb p\u00ebrfaq\u00ebsuar Shqip\u00ebrin\u00eb n\u00eb \u201cEurovizion\u201d. Orakulli p\u00ebr Alban Sk\u00ebnderaj dhe Miriam Canin nuk doli i sakt\u00eb. Gjith\u00e7ka q\u00eb u p\u00ebrfol para festivalit se ky duet do t\u00eb ishte fituesi i tij, ra posht\u00eb.<\/p>\n<p>Nj\u00eb dit\u00eb pas finales s\u00eb konkursit t\u00eb k\u00ebng\u00ebs n\u00eb Radiotelevizionin Shqiptar, k\u00ebng\u00ebtari i njohur, Sk\u00ebnderaj duket jo pak i zhg\u00ebnjyer nga vler\u00ebsimi i juris\u00eb p\u00ebr t\u00eb. I pyetur nga Gazeta Shqiptare, n\u00ebse nj\u00eb nd\u00ebr arsyet pse ai nuk u shpall fitues dhe humbi shansin p\u00ebr t\u00eb qen\u00eb p\u00ebrfaq\u00ebsues i Shqip\u00ebris\u00eb n\u00eb \u201cEurosong\u201d ishte pik\u00ebrisht paragjykimi q\u00eb iu b\u00eb nga k\u00ebng\u00ebtarja kosovare, Linda Halimi, ai p\u00ebrgjigjet: \u201cNuk \u00ebsht\u00eb vet\u00ebm kjo arsyeja. Megjithat\u00eb, tani jam gjaknxeht\u00eb dhe kur t\u00eb flas p\u00ebr arsyet, dua t\u00eb jem i matur dhe profesionist. Sepse ne n\u00eb fakt jemi profesionist\u00eb, pavar\u00ebsisht se ky term k\u00ebtu n\u00eb Shqip\u00ebri nuk njihet. R\u00ebnd\u00ebsi ka q\u00eb publiku na ka suportuar jasht\u00eb mase shum\u00eb si n\u00eb festival, ashtu edhe jasht\u00eb tij, n\u00eb internet e n\u00eb rrug\u00eb. Kjo \u00ebsht\u00eb fitore e madhe p\u00ebr ne\u201d.<\/p>\n<p>Por, p\u00ebrve\u00e7 asaj q\u00eb deklaroi dje p\u00ebr Gazet\u00ebn, n\u00eb mbr\u00ebmjen finale t\u00eb festivalit, n\u00eb momentin kur u shpall fitues i \u00e7mimit t\u00eb dyt\u00eb, duke dashur t\u2019i p\u00ebrgjigjet nga ajo sken\u00eb \u201cmjegullnaj\u00ebs s\u00eb thashethemeve\u201d, Alban Sk\u00ebnderaj deklaroi: \u201cP\u00ebr ato goj\u00ebt e liga, ja q\u00eb ne nuk e fituam\u201d. Situata e krijuar n\u00eb sken\u00eb ishte disi e nder\u00eb, sepse n\u00eb ato momente Aurela Ga\u00e7e po merrte kup\u00ebn e \u00e7mimit t\u00eb par\u00eb. Nj\u00eb nd\u00ebr z\u00ebrat m\u00eb potent\u00eb t\u00eb sken\u00ebs shqiptare q\u00eb do na p\u00ebrfaq\u00ebsoj\u00eb n\u00eb kompeticionin europian, \u201cngush\u00eblloi\u201d kolegun e saj me fjal\u00ebt: \u201cAlban, flamurin e ngrit\u00ebm n\u00eb Vlor\u00eb, sido q\u00eb t\u00eb jet\u00eb\u201d. Ga\u00e7e e tha k\u00ebt\u00eb duke pasur parasysh faktin q\u00eb si ajo e si Sk\u00ebnderaj jan\u00eb vlonjat\u00eb, e ve\u00e7 k\u00ebsaj, nj\u00ebkoh\u00ebsisht jan\u00eb nd\u00ebr artist\u00ebt m\u00eb t\u00eb spikatur t\u00eb k\u00ebng\u00ebs shqiptare. E n\u00eb fakt, Aurela Ga\u00e7e e tregoi s\u00ebrish talentin e saj me z\u00ebrin potent dhe interpretimin shp\u00ebrthyes, si\u00e7 di ta b\u00ebj\u00eb vet\u00ebm ajo.<\/p>\n<p>N\u00ebse shpesh kemi th\u00ebn\u00eb se n\u00eb \u201cEurosong\u201d duhet t\u00eb shkoj\u00eb nj\u00eb k\u00ebng\u00ebtar i njohur, profesionist dhe dinjitoz, k\u00ebt\u00eb vit ne mund t\u00eb themi se e kemi nj\u00eb t\u00eb till\u00eb. Ga\u00e7e u rikthye n\u00eb festivalin tradicional pas 9 vitesh me \u201cK\u00ebnga ime\u201d, realizuar nga kompozitori i njohur, Shp\u00ebtim Sara\u00e7i, nd\u00ebrkoh\u00eb q\u00eb teksti \u00ebsht\u00eb shkruar nga Sokol Marsi. E kontaktuar nga Gazeta pasi u shpall fituese, ajo dukej tejet e emocionuar: \u201cJam e emocionuar. Detyra ime tani \u00ebsht\u00eb q\u00eb, p\u00ebrve\u00e7se t\u00eb p\u00ebrfaq\u00ebsoj denj\u00ebsisht veten, t\u00eb p\u00ebrfaq\u00ebsoj denj\u00ebsisht edhe Shqip\u00ebrin\u00eb n\u00eb Eurosong\u201d. Ga\u00e7e u votua pothuajse nga t\u00eb gjith\u00eb an\u00ebtar\u00ebt e juris\u00eb me pik\u00ebt maksimale. Kur mori kup\u00ebn, ajo u shpreh: \u201cUn\u00eb besoj n\u00eb Zot. Kur m\u2019u ofrua kjo k\u00ebng\u00eb, iu binda nj\u00eb ndjesie t\u00eb brendshme, nj\u00eb fuqie m\u00eb t\u00eb madhe se ajo e njer\u00ebzve\u201d. Si\u00e7 u tha m\u00eb lart, me \u00e7mimin e dyt\u00eb u vler\u00ebsua dueti i Alban Sk\u00ebnderajt dhe Miriam Camit, me k\u00ebng\u00ebn \u201cEnde ka shpres\u00eb\u201d, shkruar dhe kompozuar nga vet\u00eb ata, nd\u00ebrsa me \u00e7mimin e tret\u00eb u vler\u00ebsua k\u00ebng\u00ebtari Saimir Braho, me k\u00ebng\u00ebn \u201cShtegtar i jet\u00ebs sime\u201d. Pas Anjeza Shahinit, Ledina \u00c7elos, Luiz Ejllit, Frederik Ndocit, Olta Bok\u00ebs, Kejsi Tol\u00ebs dhe Juliana Pash\u00ebs, Aurela Ga\u00e7e b\u00ebhet k\u00ebng\u00ebtarja e tet\u00eb q\u00eb p\u00ebrfaq\u00ebson Shqip\u00ebrin\u00eb n\u00eb Festivalin Evropian t\u00eb K\u00ebng\u00ebs, \u201cEurovizion\u201d. Pak dit\u00eb m\u00eb par\u00eb, Esctoday.com, uebsajti m\u00eb i madh i konkursit \u201cEurosong\u201d, e shihte Aurel\u00ebn si pretendente. Nd\u00ebr t\u00eb tjera, Esctoday.com shkruante se \u201cajo \u00ebsht\u00eb jo vet\u00ebm nj\u00eb nga pjes\u00ebmarr\u00ebset m\u00eb t\u00eb shquara t\u00eb k\u00ebtij viti, por edhe nj\u00eb nga k\u00ebng\u00ebtaret m\u00eb t\u00eb suksesshme n\u00eb Shqip\u00ebri\u201d.<\/p>\n<p><strong>Sk\u00ebnderaj<\/strong><\/p>\n<p>Deri pak dit\u00eb m\u00eb par\u00eb, si nj\u00eb nd\u00ebr pretendent\u00ebt kryesor\u00eb p\u00ebr t\u00eb marr\u00eb \u00e7mimin e m\u00eb t\u00eb mirit ishin dueti, Alban Sk\u00ebnderaj dhe Miriam Cani. E para q\u00eb foli publikisht duke akuzuar se \u00e7mimi \u00ebsht\u00eb shitur, ishte Kosova Linda Halimi, q\u00eb m\u00eb tej u p\u00ebrjashtua nga festivali. Asokohe, Sk\u00ebnderaj tha p\u00ebr Gazet\u00ebn se \u201cgjithmon\u00eb sulmohen artist\u00ebt favorit\u00eb\u2026 Ne kemi b\u00ebr\u00eb v\u00ebrtet nj\u00eb k\u00ebng\u00eb t\u00eb mir\u00eb, madje mendoj se kjo \u00ebsht\u00eb k\u00ebnga m\u00eb e mir\u00eb q\u00eb kam b\u00ebr\u00eb gjat\u00eb karrier\u00ebs sime, por pas k\u00ebtyre deklaratave boshe kam frik\u00eb se edhe sikur t\u00eb kemi k\u00ebng\u00eb m\u00eb t\u00eb mir\u00eb, do t\u00eb penalizohemi nga juria dhe publiku p\u00ebr k\u00ebt\u00eb fakt\u2026\u201d. I pyetur dje p\u00ebr festivalin, Sk\u00ebnderaj tha: \u201cFestivali \u00ebsht\u00eb ai q\u00eb \u00ebsht\u00eb, \u00ebsht\u00eb ai q\u00eb shohim prej shum\u00eb vitesh, nuk ka risi t\u00eb m\u00ebdha, nuk ka prurje t\u00eb m\u00ebdha. Ne kemi qen\u00eb vjet prezantues dhe tashm\u00eb e kemi p\u00ebrjetuar k\u00ebt\u00eb festival n\u00eb t\u00eb gjitha elementet e veta, si n\u00eb sken\u00eb, si n\u00eb prapasken\u00eb, me t\u00eb mirat e t\u00eb k\u00ebqijat e veta. \u00c7do gj\u00eb q\u00eb \u00ebsht\u00eb imazh, n\u00eb k\u00ebt\u00eb vend nuk \u00ebsht\u00eb rast\u00ebsisht. Tregon q\u00eb \u00e7\u2019popull jemi si n\u00eb art, si n\u00eb politik\u00eb edhe n\u00eb \u00e7do gj\u00eb tjet\u00ebr. Njer\u00ebzit jan\u00eb t\u00eb aft\u00eb t\u2019i b\u00ebjn\u00eb vet\u00eb vler\u00ebsimet\u201d.<\/p>\n<p><strong>Festivali<\/strong><\/p>\n<p>\u00cbsht\u00eb nj\u00eb nd\u00ebr evenimentet m\u00eb t\u00eb r\u00ebnd\u00ebsishme t\u00eb k\u00ebng\u00ebs n\u00eb vend, jo vet\u00ebm p\u00ebr shkak t\u00eb tradit\u00ebs, por edhe p\u00ebr arsyen se fituesi bashk\u00eb me \u00e7mimin e par\u00eb merr edhe nj\u00eb \u201cbilet\u00eb\u201d drejt \u201cEurosong\u201d-ut. Kjo e b\u00ebn at\u00eb edhe m\u00eb t\u00eb lakmuar prej k\u00ebng\u00ebtar\u00ebve q\u00eb marrin pjes\u00eb n\u00eb t\u00eb duke interpretuar live. Si \u00e7do festival, mbase n\u00eb dit\u00ebt n\u00eb vijim do ket\u00eb debate t\u00eb tjera, por ajo \u00e7far\u00eb duhet th\u00ebn\u00eb, par\u00eb nga syt\u00eb e nj\u00eb spektatori t\u00eb thjesht\u00eb, jo muzikant, jo skenograf, dometh\u00ebn\u00eb, jo artist, \u00ebsht\u00eb se prezantimi la shum\u00eb p\u00ebr t\u00eb d\u00ebshiruar. Ku \u00e7aloi\u2026? Kjo u pa nga t\u00eb gjith\u00eb ata q\u00eb e ndoq\u00ebn, pavar\u00ebsisht se kush ka guximin ta thot\u00eb at\u00eb.<\/p>\n<p><a href=\"http:\/\/www.visit-ulcinj.com\/gallery\/main.php?g2_itemId=15281\" target=\"_blank\"><strong>SHIKO FOTO GALERIN E Alban Skenderaj &amp; Miriam Cani<\/strong><\/a><\/p>\n<!--YouTube Error: bad URL entered-->\n","protected":false},"excerpt":{"rendered":"<p>Aurela Ga\u00e7e mori \u00e7mimin e par\u00eb n\u00eb edicionin e 49-t\u00eb t\u00eb Festivalit t\u00eb K\u00ebng\u00ebs n\u00eb RTSH, duke fituar k\u00ebshtu t\u00eb drejt\u00ebn p\u00ebr t\u00eb p\u00ebrfaq\u00ebsuar Shqip\u00ebrin\u00eb n\u00eb \u201cEurovizion\u201d. Orakulli p\u00ebr Alban Sk\u00ebnderaj dhe Miriam Canin nuk doli i sakt\u00eb. Gjith\u00e7ka q\u00eb u p\u00ebrfol para festivalit se ky duet do t\u00eb ishte fituesi i tij, ra posht\u00eb. [&hellip;]<\/p>\n","protected":false},"author":1,"featured_media":0,"comment_status":"open","ping_status":"closed","sticky":false,"template":"","format":"standard","meta":{"spay_email":"","jetpack_publicize_message":"","jetpack_is_tweetstorm":false,"jetpack_publicize_feature_enabled":true},"categories":[1],"tags":[5088,15066,16823],"jetpack_publicize_connections":[],"yoast_head":"<!-- This site is optimized with the Yoast SEO plugin v19.1 - https:\/\/yoast.com\/wordpress\/plugins\/seo\/ -->\n<title>Alban Skenderaj tregon arsyet e humbjes - Lajme nga Ulqini<\/title>\n<meta name=\"description\" content=\"Aurela Ga\u00e7e mori \u00e7mimin e par\u00eb n\u00eb edicionin e 49-t\u00eb t\u00eb Festivalit t\u00eb K\u00ebng\u00ebs n\u00eb RTSH, duke fituar k\u00ebshtu t\u00eb drejt\u00ebn p\u00ebr t\u00eb p\u00ebrfaq\u00ebsuar Shqip\u00ebrin\u00eb n\u00eb\" \/>\n<meta name=\"robots\" content=\"index, follow, max-snippet:-1, max-image-preview:large, max-video-preview:-1\" \/>\n<link rel=\"canonical\" href=\"https:\/\/www.visit-ulcinj.com\/blog\/2010\/12\/28\/alban-skenderaj-tregon-arsyet-e-humbjes\/\" \/>\n<meta property=\"og:locale\" content=\"en_US\" \/>\n<meta property=\"og:type\" content=\"article\" \/>\n<meta property=\"og:title\" content=\"Alban Skenderaj tregon arsyet e humbjes - Lajme nga Ulqini\" \/>\n<meta property=\"og:description\" content=\"Aurela Ga\u00e7e mori \u00e7mimin e par\u00eb n\u00eb edicionin e 49-t\u00eb t\u00eb Festivalit t\u00eb K\u00ebng\u00ebs n\u00eb RTSH, duke fituar k\u00ebshtu t\u00eb drejt\u00ebn p\u00ebr t\u00eb p\u00ebrfaq\u00ebsuar Shqip\u00ebrin\u00eb n\u00eb\" \/>\n<meta property=\"og:url\" content=\"https:\/\/www.visit-ulcinj.com\/blog\/2010\/12\/28\/alban-skenderaj-tregon-arsyet-e-humbjes\/\" \/>\n<meta property=\"og:site_name\" content=\"Lajme nga Ulqini\" \/>\n<meta property=\"article:published_time\" content=\"2010-12-28T12:51:48+00:00\" \/>\n<meta property=\"article:modified_time\" content=\"2010-12-28T12:53:56+00:00\" \/>\n<meta property=\"og:image\" content=\"http:\/\/www.visit-ulcinj.com\/blog\/wp-content\/uploads\/2010\/12\/Miriam-Cani-Alban-Skenderaj.jpg\" \/>\n<meta name=\"twitter:label1\" content=\"Written by\" \/>\n\t<meta name=\"twitter:data1\" content=\"ulqini\" \/>\n\t<meta name=\"twitter:label2\" content=\"Est. reading time\" \/>\n\t<meta name=\"twitter:data2\" content=\"6 minutes\" \/>\n<script type=\"application\/ld+json\" class=\"yoast-schema-graph\">{\"@context\":\"https:\/\/schema.org\",\"@graph\":[{\"@type\":\"WebSite\",\"@id\":\"https:\/\/www.visit-ulcinj.com\/blog\/#website\",\"url\":\"https:\/\/www.visit-ulcinj.com\/blog\/\",\"name\":\"Lajme nga Ulqini\",\"description\":\"Lajme,Vijesti,Ulqini,Ulqin,Crna Gora,Mali i Zi\",\"potentialAction\":[{\"@type\":\"SearchAction\",\"target\":{\"@type\":\"EntryPoint\",\"urlTemplate\":\"https:\/\/www.visit-ulcinj.com\/blog\/?s={search_term_string}\"},\"query-input\":\"required name=search_term_string\"}],\"inLanguage\":\"en-US\"},{\"@type\":\"ImageObject\",\"inLanguage\":\"en-US\",\"@id\":\"https:\/\/www.visit-ulcinj.com\/blog\/2010\/12\/28\/alban-skenderaj-tregon-arsyet-e-humbjes\/#primaryimage\",\"url\":\"http:\/\/www.visit-ulcinj.com\/blog\/wp-content\/uploads\/2010\/12\/Miriam-Cani-Alban-Skenderaj.jpg\",\"contentUrl\":\"http:\/\/www.visit-ulcinj.com\/blog\/wp-content\/uploads\/2010\/12\/Miriam-Cani-Alban-Skenderaj.jpg\"},{\"@type\":\"WebPage\",\"@id\":\"https:\/\/www.visit-ulcinj.com\/blog\/2010\/12\/28\/alban-skenderaj-tregon-arsyet-e-humbjes\/#webpage\",\"url\":\"https:\/\/www.visit-ulcinj.com\/blog\/2010\/12\/28\/alban-skenderaj-tregon-arsyet-e-humbjes\/\",\"name\":\"Alban Skenderaj tregon arsyet e humbjes - Lajme nga Ulqini\",\"isPartOf\":{\"@id\":\"https:\/\/www.visit-ulcinj.com\/blog\/#website\"},\"primaryImageOfPage\":{\"@id\":\"https:\/\/www.visit-ulcinj.com\/blog\/2010\/12\/28\/alban-skenderaj-tregon-arsyet-e-humbjes\/#primaryimage\"},\"datePublished\":\"2010-12-28T12:51:48+00:00\",\"dateModified\":\"2010-12-28T12:53:56+00:00\",\"author\":{\"@id\":\"https:\/\/www.visit-ulcinj.com\/blog\/#\/schema\/person\/dcab619c614d3038751c63bc2aadc06d\"},\"description\":\"Aurela Ga\u00e7e mori \u00e7mimin e par\u00eb n\u00eb edicionin e 49-t\u00eb t\u00eb Festivalit t\u00eb K\u00ebng\u00ebs n\u00eb RTSH, duke fituar k\u00ebshtu t\u00eb drejt\u00ebn p\u00ebr t\u00eb p\u00ebrfaq\u00ebsuar Shqip\u00ebrin\u00eb n\u00eb\",\"breadcrumb\":{\"@id\":\"https:\/\/www.visit-ulcinj.com\/blog\/2010\/12\/28\/alban-skenderaj-tregon-arsyet-e-humbjes\/#breadcrumb\"},\"inLanguage\":\"en-US\",\"potentialAction\":[{\"@type\":\"ReadAction\",\"target\":[\"https:\/\/www.visit-ulcinj.com\/blog\/2010\/12\/28\/alban-skenderaj-tregon-arsyet-e-humbjes\/\"]}]},{\"@type\":\"BreadcrumbList\",\"@id\":\"https:\/\/www.visit-ulcinj.com\/blog\/2010\/12\/28\/alban-skenderaj-tregon-arsyet-e-humbjes\/#breadcrumb\",\"itemListElement\":[{\"@type\":\"ListItem\",\"position\":1,\"name\":\"Alban Skenderaj tregon arsyet e humbjes\"}]},{\"@type\":\"Person\",\"@id\":\"https:\/\/www.visit-ulcinj.com\/blog\/#\/schema\/person\/dcab619c614d3038751c63bc2aadc06d\",\"name\":\"ulqini\",\"sameAs\":[\"http:\/\/www.visit-ulcinj.com\"],\"url\":\"https:\/\/www.visit-ulcinj.com\/blog\/author\/admin\/\"}]}<\/script>\n<!-- \/ Yoast SEO plugin. -->","yoast_head_json":{"title":"Alban Skenderaj tregon arsyet e humbjes - Lajme nga Ulqini","description":"Aurela Ga\u00e7e mori \u00e7mimin e par\u00eb n\u00eb edicionin e 49-t\u00eb t\u00eb Festivalit t\u00eb K\u00ebng\u00ebs n\u00eb RTSH, duke fituar k\u00ebshtu t\u00eb drejt\u00ebn p\u00ebr t\u00eb p\u00ebrfaq\u00ebsuar Shqip\u00ebrin\u00eb n\u00eb","robots":{"index":"index","follow":"follow","max-snippet":"max-snippet:-1","max-image-preview":"max-image-preview:large","max-video-preview":"max-video-preview:-1"},"canonical":"https:\/\/www.visit-ulcinj.com\/blog\/2010\/12\/28\/alban-skenderaj-tregon-arsyet-e-humbjes\/","og_locale":"en_US","og_type":"article","og_title":"Alban Skenderaj tregon arsyet e humbjes - Lajme nga Ulqini","og_description":"Aurela Ga\u00e7e mori \u00e7mimin e par\u00eb n\u00eb edicionin e 49-t\u00eb t\u00eb Festivalit t\u00eb K\u00ebng\u00ebs n\u00eb RTSH, duke fituar k\u00ebshtu t\u00eb drejt\u00ebn p\u00ebr t\u00eb p\u00ebrfaq\u00ebsuar Shqip\u00ebrin\u00eb n\u00eb","og_url":"https:\/\/www.visit-ulcinj.com\/blog\/2010\/12\/28\/alban-skenderaj-tregon-arsyet-e-humbjes\/","og_site_name":"Lajme nga Ulqini","article_published_time":"2010-12-28T12:51:48+00:00","article_modified_time":"2010-12-28T12:53:56+00:00","og_image":[{"url":"http:\/\/www.visit-ulcinj.com\/blog\/wp-content\/uploads\/2010\/12\/Miriam-Cani-Alban-Skenderaj.jpg"}],"twitter_misc":{"Written by":"ulqini","Est. reading time":"6 minutes"},"schema":{"@context":"https:\/\/schema.org","@graph":[{"@type":"WebSite","@id":"https:\/\/www.visit-ulcinj.com\/blog\/#website","url":"https:\/\/www.visit-ulcinj.com\/blog\/","name":"Lajme nga Ulqini","description":"Lajme,Vijesti,Ulqini,Ulqin,Crna Gora,Mali i Zi","potentialAction":[{"@type":"SearchAction","target":{"@type":"EntryPoint","urlTemplate":"https:\/\/www.visit-ulcinj.com\/blog\/?s={search_term_string}"},"query-input":"required name=search_term_string"}],"inLanguage":"en-US"},{"@type":"ImageObject","inLanguage":"en-US","@id":"https:\/\/www.visit-ulcinj.com\/blog\/2010\/12\/28\/alban-skenderaj-tregon-arsyet-e-humbjes\/#primaryimage","url":"http:\/\/www.visit-ulcinj.com\/blog\/wp-content\/uploads\/2010\/12\/Miriam-Cani-Alban-Skenderaj.jpg","contentUrl":"http:\/\/www.visit-ulcinj.com\/blog\/wp-content\/uploads\/2010\/12\/Miriam-Cani-Alban-Skenderaj.jpg"},{"@type":"WebPage","@id":"https:\/\/www.visit-ulcinj.com\/blog\/2010\/12\/28\/alban-skenderaj-tregon-arsyet-e-humbjes\/#webpage","url":"https:\/\/www.visit-ulcinj.com\/blog\/2010\/12\/28\/alban-skenderaj-tregon-arsyet-e-humbjes\/","name":"Alban Skenderaj tregon arsyet e humbjes - Lajme nga Ulqini","isPartOf":{"@id":"https:\/\/www.visit-ulcinj.com\/blog\/#website"},"primaryImageOfPage":{"@id":"https:\/\/www.visit-ulcinj.com\/blog\/2010\/12\/28\/alban-skenderaj-tregon-arsyet-e-humbjes\/#primaryimage"},"datePublished":"2010-12-28T12:51:48+00:00","dateModified":"2010-12-28T12:53:56+00:00","author":{"@id":"https:\/\/www.visit-ulcinj.com\/blog\/#\/schema\/person\/dcab619c614d3038751c63bc2aadc06d"},"description":"Aurela Ga\u00e7e mori \u00e7mimin e par\u00eb n\u00eb edicionin e 49-t\u00eb t\u00eb Festivalit t\u00eb K\u00ebng\u00ebs n\u00eb RTSH, duke fituar k\u00ebshtu t\u00eb drejt\u00ebn p\u00ebr t\u00eb p\u00ebrfaq\u00ebsuar Shqip\u00ebrin\u00eb n\u00eb","breadcrumb":{"@id":"https:\/\/www.visit-ulcinj.com\/blog\/2010\/12\/28\/alban-skenderaj-tregon-arsyet-e-humbjes\/#breadcrumb"},"inLanguage":"en-US","potentialAction":[{"@type":"ReadAction","target":["https:\/\/www.visit-ulcinj.com\/blog\/2010\/12\/28\/alban-skenderaj-tregon-arsyet-e-humbjes\/"]}]},{"@type":"BreadcrumbList","@id":"https:\/\/www.visit-ulcinj.com\/blog\/2010\/12\/28\/alban-skenderaj-tregon-arsyet-e-humbjes\/#breadcrumb","itemListElement":[{"@type":"ListItem","position":1,"name":"Alban Skenderaj tregon arsyet e humbjes"}]},{"@type":"Person","@id":"https:\/\/www.visit-ulcinj.com\/blog\/#\/schema\/person\/dcab619c614d3038751c63bc2aadc06d","name":"ulqini","sameAs":["http:\/\/www.visit-ulcinj.com"],"url":"https:\/\/www.visit-ulcinj.com\/blog\/author\/admin\/"}]}},"jetpack_featured_media_url":"","jetpack_sharing_enabled":true,"jetpack_shortlink":"https:\/\/wp.me\/pe6lTn-aRe","_links":{"self":[{"href":"https:\/\/www.visit-ulcinj.com\/blog\/wp-json\/wp\/v2\/posts\/41740"}],"collection":[{"href":"https:\/\/www.visit-ulcinj.com\/blog\/wp-json\/wp\/v2\/posts"}],"about":[{"href":"https:\/\/www.visit-ulcinj.com\/blog\/wp-json\/wp\/v2\/types\/post"}],"author":[{"embeddable":true,"href":"https:\/\/www.visit-ulcinj.com\/blog\/wp-json\/wp\/v2\/users\/1"}],"replies":[{"embeddable":true,"href":"https:\/\/www.visit-ulcinj.com\/blog\/wp-json\/wp\/v2\/comments?post=41740"}],"version-history":[{"count":0,"href":"https:\/\/www.visit-ulcinj.com\/blog\/wp-json\/wp\/v2\/posts\/41740\/revisions"}],"wp:attachment":[{"href":"https:\/\/www.visit-ulcinj.com\/blog\/wp-json\/wp\/v2\/media?parent=41740"}],"wp:term":[{"taxonomy":"category","embeddable":true,"href":"https:\/\/www.visit-ulcinj.com\/blog\/wp-json\/wp\/v2\/categories?post=41740"},{"taxonomy":"post_tag","embeddable":true,"href":"https:\/\/www.visit-ulcinj.com\/blog\/wp-json\/wp\/v2\/tags?post=41740"}],"curies":[{"name":"wp","href":"https:\/\/api.w.org\/{rel}","templated":true}]}}