{"id":41745,"date":"2010-12-28T19:07:36","date_gmt":"2010-12-28T18:07:36","guid":{"rendered":"http:\/\/www.visit-ulcinj.com\/blog\/?p=41745"},"modified":"2010-12-28T19:07:36","modified_gmt":"2010-12-28T18:07:36","slug":"mesihat-traze-da-im-se-vrati-oduzeto","status":"publish","type":"post","link":"https:\/\/www.visit-ulcinj.com\/blog\/2010\/12\/28\/mesihat-traze-da-im-se-vrati-oduzeto\/","title":{"rendered":"Me\u0161ihat: Tra\u017ee da im se vrati oduzeto"},"content":{"rendered":"<p><a href=\"http:\/\/www.visit-ulcinj.com\/blog\/wp-content\/uploads\/2010\/12\/valdanos_ulcinj_ulqin_Islamska-zajednica-ulcinja.jpg\"><img loading=\"lazy\" class=\"alignleft size-full wp-image-41746\" title=\"valdanos_ulcinj_ulqin_Islamska zajednica ulcinja\" src=\"http:\/\/www.visit-ulcinj.com\/blog\/wp-content\/uploads\/2010\/12\/valdanos_ulcinj_ulqin_Islamska-zajednica-ulcinja.jpg\" alt=\"\" width=\"490\" height=\"390\" \/><\/a>Podgorica, (MINA) \u2013 Islamska zajednica Crne Gore zatra\u017eila je ve\u010deras da joj se vrati vlasni\u0161tvo nad vakufskim parcelama u Valdanosu, ocjenjuju\u0107i da se ne mo\u017ee isklju\u010diti iz procesa restitucije maslinjaka na tom podru\u010dju.<\/p>\n<p>\u201eIslamska zajednica Crne Gore ne mo\u017ee se izuzeti iz procesa restitucije maslinjaka u Valdanosu, jer je na tom podru\u010dju eksproprisano 2,2 hiljade stabala maslina koje su do oduzimanja bile u vlasni\u0161tvu Vakufa Islamske zajednice\u201c, navedeno je u saop\u0161tenju dostavljenom agenciji MINA.<\/p>\n<p>Dodaje se da Islamska zajednica tra\u017ei povra\u0107aj vlasni\u0161tva nad vakufskim parcelama, jer su maslinova stabla zavje\u0161tana vakufu kao neotu\u0111iva imovina koja jedino mo\u017ee slu\u017eiti samo jednoj namjeni \u2013 instituciji Islamske zajednice i njenih vjernika.<\/p>\n<p><a href=\"http:\/\/img59.imageshack.us\/img59\/8306\/logo7dd.gif\"><img loading=\"lazy\" alt=\"\" src=\"http:\/\/img59.imageshack.us\/img59\/8306\/logo7dd.gif\" title=\"islamska zajednica Ulcinja\" class=\"alignleft\" width=\"117\" height=\"114\" \/><\/a>\u201eIslamska zajednica je odlu\u010dna da nesporna prava vlasnika maslina i vakufskih parcela u Valdanosu, ostvaruje pred doma\u0107im sudovima i kod me\u0111unarodnih instanci\u201c, navedeno je u saop\u0161tenju.<\/p>\n<p>Iz Islamske zajednice podsje\u0107aju da je eksproprijacija uvale Valdanos izvr\u0161ena rje\u0161enjem Skup\u0161tine op\u0161tine Ulcinj 1978, godine.<\/p>\n<p>Tim rje\u0161enjem je od privatnih vlasnika i vjerskih zajednica eksproprisano preko 937,7 hiljada metara kvadratnih masljinjaka sa vi\u0161e od 17,8 hiljada stabala maslina. Od Odbora islamske zajednice eksproprisano je preko 2,2 hilajde stabala.<\/p>\n<p>\u201ePotpuna eksproprjacija izvr\u0161ena je, kako je navedeno, u svrhu izgradnje vojnog objekta stalnog karaktera. Nov\u010dana naknada koja je tada ispla\u0107ena biv\u0161im vlancima nije bila pravi\u010dna, niti tr\u017ei\u0161na. To je potvr\u0111eno sudskim presudama donijetim po tu\u017ebama malog broja gra\u0111ana koji su imali smjelosti da se \u017eale na visnu naknade\u201c, dodaje se u saop\u0161tenju.<\/p>\n<p>Navedeno je da vojni objekat nije izgra\u0111en, osim na obalnom prostoru odmarali\u0161te za odmor i rekreaciju vojnih lica i njihovih porodica.<\/p>\n<p>\u201eDrugo, Zakon o vra\u0107nju poljoprivrednog zemlji\u0161ta iz 1992. godine je omogu\u0107io vra\u0107anje poljoprivrednog zemlji\u0161ta svim biv\u0161im vlasnicima, ali se nije primjenio u slu\u010daju Valdanosa jer je imovina bila u nadle\u017enosti savezne dr\u017eave\u201c, tvrde u Islamskoj zajednici.<\/p>\n<p>Dodaje se da su Zakonom o vra\u0107anju svojinskih prava stvorene mogu\u0107nosti za povra\u0107aj svojinskih prava biv\u0161ih vlasnika.<\/p>\n<p>\u201eNa osnovu tog Zakona podneseni su zahtjevi za povra\u0107aj vjerskih zajednica i gra\u0111ana. Postupci su u toku pred Upravnim i Vrhovnim sudom, kao i pred Me\u0111unarodnim sudom pravde u Strazburu kojima se zahtjeva od nadle\u017enih organa Crne Gore da se sprovede Zakon o povra\u0107aju poljoprivrednog zemlji\u0161ta i ostale zakone iz ove oblasti\u201c, obja\u0161njeno je iz Islamske zajednice.<\/p>\n<p>Saop\u0161teno je da ne stoji \u010dinjenica da se maslinada, odnosno poljoprivredno zemlji\u0161te, ne mo\u017ee vratiti vjerskim zajednicama prije dono\u0161enja Zakona o povra\u0107aju imovine vjerskim zajednicama, jer zato postoje uslovi propisani zakonima o eksproprijaciji, maslinadi i povra\u0107aju poljoprivrednog zemlji\u0161ta.<\/p>\n","protected":false},"excerpt":{"rendered":"<p>Podgorica, (MINA) \u2013 Islamska zajednica Crne Gore zatra\u017eila je ve\u010deras da joj se vrati vlasni\u0161tvo nad vakufskim parcelama u Valdanosu, ocjenjuju\u0107i da se ne mo\u017ee isklju\u010diti iz procesa restitucije maslinjaka na tom podru\u010dju. \u201eIslamska zajednica Crne Gore ne mo\u017ee se izuzeti iz procesa restitucije maslinjaka u Valdanosu, jer je na tom podru\u010dju eksproprisano 2,2 hiljade [&hellip;]<\/p>\n","protected":false},"author":1,"featured_media":0,"comment_status":"open","ping_status":"closed","sticky":false,"template":"","format":"standard","meta":{"spay_email":"","jetpack_publicize_message":"","jetpack_is_tweetstorm":false,"jetpack_publicize_feature_enabled":true},"categories":[8337],"tags":[16824,10145,16825,136],"jetpack_publicize_connections":[],"yoast_head":"<!-- This site is optimized with the Yoast SEO plugin v19.1 - https:\/\/yoast.com\/wordpress\/plugins\/seo\/ -->\n<title>Me\u0161ihat: Tra\u017ee da im se vrati oduzeto - Lajme nga Ulqini<\/title>\n<meta name=\"description\" content=\"Podgorica, (MINA) \u2013 Islamska zajednica Crne Gore zatra\u017eila je ve\u010deras da joj se vrati vlasni\u0161tvo nad vakufskim parcelama u Valdanosu, ocjenjuju\u0107i da se ne\" \/>\n<meta name=\"robots\" content=\"index, follow, max-snippet:-1, max-image-preview:large, max-video-preview:-1\" \/>\n<link rel=\"canonical\" href=\"https:\/\/www.visit-ulcinj.com\/blog\/2010\/12\/28\/mesihat-traze-da-im-se-vrati-oduzeto\/\" \/>\n<meta property=\"og:locale\" content=\"en_US\" \/>\n<meta property=\"og:type\" content=\"article\" \/>\n<meta property=\"og:title\" content=\"Me\u0161ihat: Tra\u017ee da im se vrati oduzeto - Lajme nga Ulqini\" \/>\n<meta property=\"og:description\" content=\"Podgorica, (MINA) \u2013 Islamska zajednica Crne Gore zatra\u017eila je ve\u010deras da joj se vrati vlasni\u0161tvo nad vakufskim parcelama u Valdanosu, ocjenjuju\u0107i da se ne\" \/>\n<meta property=\"og:url\" content=\"https:\/\/www.visit-ulcinj.com\/blog\/2010\/12\/28\/mesihat-traze-da-im-se-vrati-oduzeto\/\" \/>\n<meta property=\"og:site_name\" content=\"Lajme nga Ulqini\" \/>\n<meta property=\"article:published_time\" content=\"2010-12-28T18:07:36+00:00\" \/>\n<meta property=\"og:image\" content=\"http:\/\/www.visit-ulcinj.com\/blog\/wp-content\/uploads\/2010\/12\/valdanos_ulcinj_ulqin_Islamska-zajednica-ulcinja.jpg\" \/>\n<meta name=\"twitter:label1\" content=\"Written by\" \/>\n\t<meta name=\"twitter:data1\" content=\"ulqini\" \/>\n\t<meta name=\"twitter:label2\" content=\"Est. reading time\" \/>\n\t<meta name=\"twitter:data2\" content=\"2 minutes\" \/>\n<script type=\"application\/ld+json\" class=\"yoast-schema-graph\">{\"@context\":\"https:\/\/schema.org\",\"@graph\":[{\"@type\":\"WebSite\",\"@id\":\"https:\/\/www.visit-ulcinj.com\/blog\/#website\",\"url\":\"https:\/\/www.visit-ulcinj.com\/blog\/\",\"name\":\"Lajme nga Ulqini\",\"description\":\"Lajme,Vijesti,Ulqini,Ulqin,Crna Gora,Mali i Zi\",\"potentialAction\":[{\"@type\":\"SearchAction\",\"target\":{\"@type\":\"EntryPoint\",\"urlTemplate\":\"https:\/\/www.visit-ulcinj.com\/blog\/?s={search_term_string}\"},\"query-input\":\"required name=search_term_string\"}],\"inLanguage\":\"en-US\"},{\"@type\":\"ImageObject\",\"inLanguage\":\"en-US\",\"@id\":\"https:\/\/www.visit-ulcinj.com\/blog\/2010\/12\/28\/mesihat-traze-da-im-se-vrati-oduzeto\/#primaryimage\",\"url\":\"https:\/\/www.visit-ulcinj.com\/blog\/wp-content\/uploads\/2010\/12\/valdanos_ulcinj_ulqin_Islamska-zajednica-ulcinja.jpg\",\"contentUrl\":\"https:\/\/www.visit-ulcinj.com\/blog\/wp-content\/uploads\/2010\/12\/valdanos_ulcinj_ulqin_Islamska-zajednica-ulcinja.jpg\",\"width\":\"980\",\"height\":\"654\"},{\"@type\":\"WebPage\",\"@id\":\"https:\/\/www.visit-ulcinj.com\/blog\/2010\/12\/28\/mesihat-traze-da-im-se-vrati-oduzeto\/#webpage\",\"url\":\"https:\/\/www.visit-ulcinj.com\/blog\/2010\/12\/28\/mesihat-traze-da-im-se-vrati-oduzeto\/\",\"name\":\"Me\u0161ihat: Tra\u017ee da im se vrati oduzeto - Lajme nga Ulqini\",\"isPartOf\":{\"@id\":\"https:\/\/www.visit-ulcinj.com\/blog\/#website\"},\"primaryImageOfPage\":{\"@id\":\"https:\/\/www.visit-ulcinj.com\/blog\/2010\/12\/28\/mesihat-traze-da-im-se-vrati-oduzeto\/#primaryimage\"},\"datePublished\":\"2010-12-28T18:07:36+00:00\",\"dateModified\":\"2010-12-28T18:07:36+00:00\",\"author\":{\"@id\":\"https:\/\/www.visit-ulcinj.com\/blog\/#\/schema\/person\/dcab619c614d3038751c63bc2aadc06d\"},\"description\":\"Podgorica, (MINA) \u2013 Islamska zajednica Crne Gore zatra\u017eila je ve\u010deras da joj se vrati vlasni\u0161tvo nad vakufskim parcelama u Valdanosu, ocjenjuju\u0107i da se ne\",\"breadcrumb\":{\"@id\":\"https:\/\/www.visit-ulcinj.com\/blog\/2010\/12\/28\/mesihat-traze-da-im-se-vrati-oduzeto\/#breadcrumb\"},\"inLanguage\":\"en-US\",\"potentialAction\":[{\"@type\":\"ReadAction\",\"target\":[\"https:\/\/www.visit-ulcinj.com\/blog\/2010\/12\/28\/mesihat-traze-da-im-se-vrati-oduzeto\/\"]}]},{\"@type\":\"BreadcrumbList\",\"@id\":\"https:\/\/www.visit-ulcinj.com\/blog\/2010\/12\/28\/mesihat-traze-da-im-se-vrati-oduzeto\/#breadcrumb\",\"itemListElement\":[{\"@type\":\"ListItem\",\"position\":1,\"name\":\"Me\u0161ihat: Tra\u017ee da im se vrati oduzeto\"}]},{\"@type\":\"Person\",\"@id\":\"https:\/\/www.visit-ulcinj.com\/blog\/#\/schema\/person\/dcab619c614d3038751c63bc2aadc06d\",\"name\":\"ulqini\",\"sameAs\":[\"http:\/\/www.visit-ulcinj.com\"],\"url\":\"https:\/\/www.visit-ulcinj.com\/blog\/author\/admin\/\"}]}<\/script>\n<!-- \/ Yoast SEO plugin. -->","yoast_head_json":{"title":"Me\u0161ihat: Tra\u017ee da im se vrati oduzeto - Lajme nga Ulqini","description":"Podgorica, (MINA) \u2013 Islamska zajednica Crne Gore zatra\u017eila je ve\u010deras da joj se vrati vlasni\u0161tvo nad vakufskim parcelama u Valdanosu, ocjenjuju\u0107i da se ne","robots":{"index":"index","follow":"follow","max-snippet":"max-snippet:-1","max-image-preview":"max-image-preview:large","max-video-preview":"max-video-preview:-1"},"canonical":"https:\/\/www.visit-ulcinj.com\/blog\/2010\/12\/28\/mesihat-traze-da-im-se-vrati-oduzeto\/","og_locale":"en_US","og_type":"article","og_title":"Me\u0161ihat: Tra\u017ee da im se vrati oduzeto - Lajme nga Ulqini","og_description":"Podgorica, (MINA) \u2013 Islamska zajednica Crne Gore zatra\u017eila je ve\u010deras da joj se vrati vlasni\u0161tvo nad vakufskim parcelama u Valdanosu, ocjenjuju\u0107i da se ne","og_url":"https:\/\/www.visit-ulcinj.com\/blog\/2010\/12\/28\/mesihat-traze-da-im-se-vrati-oduzeto\/","og_site_name":"Lajme nga Ulqini","article_published_time":"2010-12-28T18:07:36+00:00","og_image":[{"url":"http:\/\/www.visit-ulcinj.com\/blog\/wp-content\/uploads\/2010\/12\/valdanos_ulcinj_ulqin_Islamska-zajednica-ulcinja.jpg"}],"twitter_misc":{"Written by":"ulqini","Est. reading time":"2 minutes"},"schema":{"@context":"https:\/\/schema.org","@graph":[{"@type":"WebSite","@id":"https:\/\/www.visit-ulcinj.com\/blog\/#website","url":"https:\/\/www.visit-ulcinj.com\/blog\/","name":"Lajme nga Ulqini","description":"Lajme,Vijesti,Ulqini,Ulqin,Crna Gora,Mali i Zi","potentialAction":[{"@type":"SearchAction","target":{"@type":"EntryPoint","urlTemplate":"https:\/\/www.visit-ulcinj.com\/blog\/?s={search_term_string}"},"query-input":"required name=search_term_string"}],"inLanguage":"en-US"},{"@type":"ImageObject","inLanguage":"en-US","@id":"https:\/\/www.visit-ulcinj.com\/blog\/2010\/12\/28\/mesihat-traze-da-im-se-vrati-oduzeto\/#primaryimage","url":"https:\/\/www.visit-ulcinj.com\/blog\/wp-content\/uploads\/2010\/12\/valdanos_ulcinj_ulqin_Islamska-zajednica-ulcinja.jpg","contentUrl":"https:\/\/www.visit-ulcinj.com\/blog\/wp-content\/uploads\/2010\/12\/valdanos_ulcinj_ulqin_Islamska-zajednica-ulcinja.jpg","width":"980","height":"654"},{"@type":"WebPage","@id":"https:\/\/www.visit-ulcinj.com\/blog\/2010\/12\/28\/mesihat-traze-da-im-se-vrati-oduzeto\/#webpage","url":"https:\/\/www.visit-ulcinj.com\/blog\/2010\/12\/28\/mesihat-traze-da-im-se-vrati-oduzeto\/","name":"Me\u0161ihat: Tra\u017ee da im se vrati oduzeto - Lajme nga Ulqini","isPartOf":{"@id":"https:\/\/www.visit-ulcinj.com\/blog\/#website"},"primaryImageOfPage":{"@id":"https:\/\/www.visit-ulcinj.com\/blog\/2010\/12\/28\/mesihat-traze-da-im-se-vrati-oduzeto\/#primaryimage"},"datePublished":"2010-12-28T18:07:36+00:00","dateModified":"2010-12-28T18:07:36+00:00","author":{"@id":"https:\/\/www.visit-ulcinj.com\/blog\/#\/schema\/person\/dcab619c614d3038751c63bc2aadc06d"},"description":"Podgorica, (MINA) \u2013 Islamska zajednica Crne Gore zatra\u017eila je ve\u010deras da joj se vrati vlasni\u0161tvo nad vakufskim parcelama u Valdanosu, ocjenjuju\u0107i da se ne","breadcrumb":{"@id":"https:\/\/www.visit-ulcinj.com\/blog\/2010\/12\/28\/mesihat-traze-da-im-se-vrati-oduzeto\/#breadcrumb"},"inLanguage":"en-US","potentialAction":[{"@type":"ReadAction","target":["https:\/\/www.visit-ulcinj.com\/blog\/2010\/12\/28\/mesihat-traze-da-im-se-vrati-oduzeto\/"]}]},{"@type":"BreadcrumbList","@id":"https:\/\/www.visit-ulcinj.com\/blog\/2010\/12\/28\/mesihat-traze-da-im-se-vrati-oduzeto\/#breadcrumb","itemListElement":[{"@type":"ListItem","position":1,"name":"Me\u0161ihat: Tra\u017ee da im se vrati oduzeto"}]},{"@type":"Person","@id":"https:\/\/www.visit-ulcinj.com\/blog\/#\/schema\/person\/dcab619c614d3038751c63bc2aadc06d","name":"ulqini","sameAs":["http:\/\/www.visit-ulcinj.com"],"url":"https:\/\/www.visit-ulcinj.com\/blog\/author\/admin\/"}]}},"jetpack_featured_media_url":"","jetpack_sharing_enabled":true,"jetpack_shortlink":"https:\/\/wp.me\/pe6lTn-aRj","_links":{"self":[{"href":"https:\/\/www.visit-ulcinj.com\/blog\/wp-json\/wp\/v2\/posts\/41745"}],"collection":[{"href":"https:\/\/www.visit-ulcinj.com\/blog\/wp-json\/wp\/v2\/posts"}],"about":[{"href":"https:\/\/www.visit-ulcinj.com\/blog\/wp-json\/wp\/v2\/types\/post"}],"author":[{"embeddable":true,"href":"https:\/\/www.visit-ulcinj.com\/blog\/wp-json\/wp\/v2\/users\/1"}],"replies":[{"embeddable":true,"href":"https:\/\/www.visit-ulcinj.com\/blog\/wp-json\/wp\/v2\/comments?post=41745"}],"version-history":[{"count":0,"href":"https:\/\/www.visit-ulcinj.com\/blog\/wp-json\/wp\/v2\/posts\/41745\/revisions"}],"wp:attachment":[{"href":"https:\/\/www.visit-ulcinj.com\/blog\/wp-json\/wp\/v2\/media?parent=41745"}],"wp:term":[{"taxonomy":"category","embeddable":true,"href":"https:\/\/www.visit-ulcinj.com\/blog\/wp-json\/wp\/v2\/categories?post=41745"},{"taxonomy":"post_tag","embeddable":true,"href":"https:\/\/www.visit-ulcinj.com\/blog\/wp-json\/wp\/v2\/tags?post=41745"}],"curies":[{"name":"wp","href":"https:\/\/api.w.org\/{rel}","templated":true}]}}