{"id":41773,"date":"2010-12-30T15:51:57","date_gmt":"2010-12-30T14:51:57","guid":{"rendered":"http:\/\/www.visit-ulcinj.com\/blog\/?p=41773"},"modified":"2011-01-01T09:28:48","modified_gmt":"2011-01-01T08:28:48","slug":"hajdinaga-telegram-urimi-kryeministrit-llukshiq","status":"publish","type":"post","link":"https:\/\/www.visit-ulcinj.com\/blog\/2010\/12\/30\/hajdinaga-telegram-urimi-kryeministrit-llukshiq\/","title":{"rendered":"Hajdinaga: Telegram urimi kryeministrit Llukshiq"},"content":{"rendered":"<p><strong><a href=\"http:\/\/www.visit-ulcinj.com\/blog\/wp-content\/uploads\/2010\/12\/skupstina-crne-gore.jpg\"><img loading=\"lazy\" class=\"alignleft size-full wp-image-41774\" title=\"skupstina crne gore\" src=\"http:\/\/www.visit-ulcinj.com\/blog\/wp-content\/uploads\/2010\/12\/skupstina-crne-gore.jpg\" alt=\"\" width=\"490\" height=\"390\" \/><\/a>Kryetari i Komun\u00ebs s\u00eb Ulqinit z. G\u00ebzim Hajdinaga i d\u00ebrgoi sot nj\u00eb mesazh urimi z.Igor Lukshiq me rastin e zgjedhjes n\u00eb detyr\u00eb t\u00eb lart\u00eb t\u00eb kryeministrit t\u00eb vendit.<\/strong><\/p>\n<p><strong>I nderuar z.Llukshiq,<\/strong><\/p>\n<p>M\u00eb lejoni q\u00eb n\u00eb em\u00ebr t\u00eb qytetar\u00ebve t\u00eb Ulqinit dhe n\u00eb emrin tim personal t\u2019ju d\u00ebrgoj urimet m\u00eb t\u00eb p\u00ebrzem\u00ebrta me rastin e zgjedhjes tuaj n\u00eb postin e kryeministrit t\u00eb Malit t\u00eb Zi. Shpreh bindjen time q\u00eb p\u00ebrvoja juaj e politikanit dhe zyrtarit t\u00eb shtetit do t\u00eb dij q\u00eb t\u00eb p\u00ebrmbush\u00eb objektivat q\u00eb i ka v\u00ebn\u00eb vehtes dhe me sukses t\u00eb plot\u00eb do t\u00eb prij\u00eb drejt\u00eb Evrop\u00ebs dhe integrimit euroatlantik.<\/p>\n<p>Z.kryeminist\u00ebr, ashtu si deri m\u00eb tani, jam t\u00ebr\u00ebsisht i bindur n\u00eb vazhdim\u00ebsin\u00eb e bashk\u00ebpunimit ton\u00eb t\u00eb nd\u00ebrsjellt\u00eb.<\/p>\n<p>Sinqerisht,<\/p>\n<p><strong>G\u00ebzim Hajdinaga <\/strong><\/p>\n<p><strong>Municipality of Ulcinj \/ Ulqin<br \/>\nArsllan Hajdinaga<br \/>\n\n\t\t<style type=\"text\/css\">\n\t\t\t#gallery-1 {\n\t\t\t\tmargin: auto;\n\t\t\t}\n\t\t\t#gallery-1 .gallery-item {\n\t\t\t\tfloat: left;\n\t\t\t\tmargin-top: 10px;\n\t\t\t\ttext-align: center;\n\t\t\t\twidth: 33%;\n\t\t\t}\n\t\t\t#gallery-1 img {\n\t\t\t\tborder: 2px solid #cfcfcf;\n\t\t\t}\n\t\t\t#gallery-1 .gallery-caption {\n\t\t\t\tmargin-left: 0;\n\t\t\t}\n\t\t\t\/* see gallery_shortcode() in wp-includes\/media.php *\/\n\t\t<\/style>\n\t\t<div id='gallery-1' class='gallery galleryid-41773 gallery-columns-3 gallery-size-thumbnail'><dl class='gallery-item'>\n\t\t\t<dt class='gallery-icon landscape'>\n\t\t\t\t<a href='https:\/\/www.visit-ulcinj.com\/blog\/wp-content\/uploads\/2010\/12\/skupstina-crne-gore.jpg'><img width=\"150\" height=\"150\" src=\"https:\/\/www.visit-ulcinj.com\/blog\/wp-content\/uploads\/2010\/12\/skupstina-crne-gore-150x150.jpg\" class=\"attachment-thumbnail size-thumbnail\" alt=\"\" loading=\"lazy\" \/><\/a>\n\t\t\t<\/dt><\/dl><dl class='gallery-item'>\n\t\t\t<dt class='gallery-icon landscape'>\n\t\t\t\t<a href='https:\/\/www.visit-ulcinj.com\/blog\/wp-content\/uploads\/2010\/12\/Hajdinaga_Telegram-urimi-kryeministrit-Llukshiq.jpg'><img width=\"150\" height=\"150\" src=\"https:\/\/www.visit-ulcinj.com\/blog\/wp-content\/uploads\/2010\/12\/Hajdinaga_Telegram-urimi-kryeministrit-Llukshiq-150x150.jpg\" class=\"attachment-thumbnail size-thumbnail\" alt=\"\" loading=\"lazy\" \/><\/a>\n\t\t\t<\/dt><\/dl><dl class='gallery-item'>\n\t\t\t<dt class='gallery-icon landscape'>\n\t\t\t\t<a href='https:\/\/www.visit-ulcinj.com\/blog\/wp-content\/uploads\/2010\/12\/Hajdinaga_Telegram-urimi-kryeministrit-Llukshiq.1.jpg'><img width=\"150\" height=\"150\" src=\"https:\/\/www.visit-ulcinj.com\/blog\/wp-content\/uploads\/2010\/12\/Hajdinaga_Telegram-urimi-kryeministrit-Llukshiq.1-150x150.jpg\" class=\"attachment-thumbnail size-thumbnail\" alt=\"\" loading=\"lazy\" \/><\/a>\n\t\t\t<\/dt><\/dl><br style=\"clear: both\" \/>\n\t\t<\/div>\n<br \/>\n<strong>VIDEO TV IN<\/strong><br \/>\n[flv]http:\/\/www.rtvin.me\/flv\/29_12_post_vlada.flv[\/flv]<\/strong><\/p>\n","protected":false},"excerpt":{"rendered":"<p>Kryetari i Komun\u00ebs s\u00eb Ulqinit z. G\u00ebzim Hajdinaga i d\u00ebrgoi sot nj\u00eb mesazh urimi z.Igor Lukshiq me rastin e zgjedhjes n\u00eb detyr\u00eb t\u00eb lart\u00eb t\u00eb kryeministrit t\u00eb vendit. I nderuar z.Llukshiq, M\u00eb lejoni q\u00eb n\u00eb em\u00ebr t\u00eb qytetar\u00ebve t\u00eb Ulqinit dhe n\u00eb emrin tim personal t\u2019ju d\u00ebrgoj urimet m\u00eb t\u00eb p\u00ebrzem\u00ebrta me rastin e zgjedhjes [&hellip;]<\/p>\n","protected":false},"author":1,"featured_media":0,"comment_status":"open","ping_status":"closed","sticky":false,"template":"","format":"standard","meta":{"spay_email":"","jetpack_publicize_message":"","jetpack_is_tweetstorm":false,"jetpack_publicize_feature_enabled":true},"categories":[6],"tags":[222,2515,11687,18],"jetpack_publicize_connections":[],"yoast_head":"<!-- This site is optimized with the Yoast SEO plugin v19.1 - https:\/\/yoast.com\/wordpress\/plugins\/seo\/ -->\n<title>Hajdinaga: Telegram urimi kryeministrit Llukshiq - Lajme nga Ulqini<\/title>\n<meta name=\"description\" content=\"Kryetari i Komun\u00ebs s\u00eb Ulqinit z. G\u00ebzim Hajdinaga i d\u00ebrgoi sot nj\u00eb mesazh urimi z.Igor Lukshiq me rastin e zgjedhjes n\u00eb detyr\u00eb t\u00eb lart\u00eb t\u00eb kryeministrit t\u00eb\" \/>\n<meta name=\"robots\" content=\"index, follow, max-snippet:-1, max-image-preview:large, max-video-preview:-1\" \/>\n<link rel=\"canonical\" href=\"https:\/\/www.visit-ulcinj.com\/blog\/2010\/12\/30\/hajdinaga-telegram-urimi-kryeministrit-llukshiq\/\" \/>\n<meta property=\"og:locale\" content=\"en_US\" \/>\n<meta property=\"og:type\" content=\"article\" \/>\n<meta property=\"og:title\" content=\"Hajdinaga: Telegram urimi kryeministrit Llukshiq - Lajme nga Ulqini\" \/>\n<meta property=\"og:description\" content=\"Kryetari i Komun\u00ebs s\u00eb Ulqinit z. G\u00ebzim Hajdinaga i d\u00ebrgoi sot nj\u00eb mesazh urimi z.Igor Lukshiq me rastin e zgjedhjes n\u00eb detyr\u00eb t\u00eb lart\u00eb t\u00eb kryeministrit t\u00eb\" \/>\n<meta property=\"og:url\" content=\"https:\/\/www.visit-ulcinj.com\/blog\/2010\/12\/30\/hajdinaga-telegram-urimi-kryeministrit-llukshiq\/\" \/>\n<meta property=\"og:site_name\" content=\"Lajme nga Ulqini\" \/>\n<meta property=\"article:published_time\" content=\"2010-12-30T14:51:57+00:00\" \/>\n<meta property=\"article:modified_time\" content=\"2011-01-01T08:28:48+00:00\" \/>\n<meta property=\"og:image\" content=\"https:\/\/www.visit-ulcinj.com\/blog\/wp-content\/uploads\/2010\/12\/skupstina-crne-gore-150x150.jpg\" \/>\n<meta name=\"twitter:label1\" content=\"Written by\" \/>\n\t<meta name=\"twitter:data1\" content=\"ulqini\" \/>\n\t<meta name=\"twitter:label2\" content=\"Est. reading time\" \/>\n\t<meta name=\"twitter:data2\" content=\"1 minute\" \/>\n<script type=\"application\/ld+json\" class=\"yoast-schema-graph\">{\"@context\":\"https:\/\/schema.org\",\"@graph\":[{\"@type\":\"WebSite\",\"@id\":\"https:\/\/www.visit-ulcinj.com\/blog\/#website\",\"url\":\"https:\/\/www.visit-ulcinj.com\/blog\/\",\"name\":\"Lajme nga Ulqini\",\"description\":\"Lajme,Vijesti,Ulqini,Ulqin,Crna Gora,Mali i Zi\",\"potentialAction\":[{\"@type\":\"SearchAction\",\"target\":{\"@type\":\"EntryPoint\",\"urlTemplate\":\"https:\/\/www.visit-ulcinj.com\/blog\/?s={search_term_string}\"},\"query-input\":\"required name=search_term_string\"}],\"inLanguage\":\"en-US\"},{\"@type\":\"ImageObject\",\"inLanguage\":\"en-US\",\"@id\":\"https:\/\/www.visit-ulcinj.com\/blog\/2010\/12\/30\/hajdinaga-telegram-urimi-kryeministrit-llukshiq\/#primaryimage\",\"url\":\"https:\/\/www.visit-ulcinj.com\/blog\/wp-content\/uploads\/2010\/12\/skupstina-crne-gore.jpg\",\"contentUrl\":\"https:\/\/www.visit-ulcinj.com\/blog\/wp-content\/uploads\/2010\/12\/skupstina-crne-gore.jpg\",\"width\":\"800\",\"height\":\"555\"},{\"@type\":\"WebPage\",\"@id\":\"https:\/\/www.visit-ulcinj.com\/blog\/2010\/12\/30\/hajdinaga-telegram-urimi-kryeministrit-llukshiq\/#webpage\",\"url\":\"https:\/\/www.visit-ulcinj.com\/blog\/2010\/12\/30\/hajdinaga-telegram-urimi-kryeministrit-llukshiq\/\",\"name\":\"Hajdinaga: Telegram urimi kryeministrit Llukshiq - Lajme nga Ulqini\",\"isPartOf\":{\"@id\":\"https:\/\/www.visit-ulcinj.com\/blog\/#website\"},\"primaryImageOfPage\":{\"@id\":\"https:\/\/www.visit-ulcinj.com\/blog\/2010\/12\/30\/hajdinaga-telegram-urimi-kryeministrit-llukshiq\/#primaryimage\"},\"datePublished\":\"2010-12-30T14:51:57+00:00\",\"dateModified\":\"2011-01-01T08:28:48+00:00\",\"author\":{\"@id\":\"https:\/\/www.visit-ulcinj.com\/blog\/#\/schema\/person\/dcab619c614d3038751c63bc2aadc06d\"},\"description\":\"Kryetari i Komun\u00ebs s\u00eb Ulqinit z. G\u00ebzim Hajdinaga i d\u00ebrgoi sot nj\u00eb mesazh urimi z.Igor Lukshiq me rastin e zgjedhjes n\u00eb detyr\u00eb t\u00eb lart\u00eb t\u00eb kryeministrit t\u00eb\",\"breadcrumb\":{\"@id\":\"https:\/\/www.visit-ulcinj.com\/blog\/2010\/12\/30\/hajdinaga-telegram-urimi-kryeministrit-llukshiq\/#breadcrumb\"},\"inLanguage\":\"en-US\",\"potentialAction\":[{\"@type\":\"ReadAction\",\"target\":[\"https:\/\/www.visit-ulcinj.com\/blog\/2010\/12\/30\/hajdinaga-telegram-urimi-kryeministrit-llukshiq\/\"]}]},{\"@type\":\"BreadcrumbList\",\"@id\":\"https:\/\/www.visit-ulcinj.com\/blog\/2010\/12\/30\/hajdinaga-telegram-urimi-kryeministrit-llukshiq\/#breadcrumb\",\"itemListElement\":[{\"@type\":\"ListItem\",\"position\":1,\"name\":\"Hajdinaga: Telegram urimi kryeministrit Llukshiq\"}]},{\"@type\":\"Person\",\"@id\":\"https:\/\/www.visit-ulcinj.com\/blog\/#\/schema\/person\/dcab619c614d3038751c63bc2aadc06d\",\"name\":\"ulqini\",\"sameAs\":[\"http:\/\/www.visit-ulcinj.com\"],\"url\":\"https:\/\/www.visit-ulcinj.com\/blog\/author\/admin\/\"}]}<\/script>\n<!-- \/ Yoast SEO plugin. -->","yoast_head_json":{"title":"Hajdinaga: Telegram urimi kryeministrit Llukshiq - Lajme nga Ulqini","description":"Kryetari i Komun\u00ebs s\u00eb Ulqinit z. G\u00ebzim Hajdinaga i d\u00ebrgoi sot nj\u00eb mesazh urimi z.Igor Lukshiq me rastin e zgjedhjes n\u00eb detyr\u00eb t\u00eb lart\u00eb t\u00eb kryeministrit t\u00eb","robots":{"index":"index","follow":"follow","max-snippet":"max-snippet:-1","max-image-preview":"max-image-preview:large","max-video-preview":"max-video-preview:-1"},"canonical":"https:\/\/www.visit-ulcinj.com\/blog\/2010\/12\/30\/hajdinaga-telegram-urimi-kryeministrit-llukshiq\/","og_locale":"en_US","og_type":"article","og_title":"Hajdinaga: Telegram urimi kryeministrit Llukshiq - Lajme nga Ulqini","og_description":"Kryetari i Komun\u00ebs s\u00eb Ulqinit z. G\u00ebzim Hajdinaga i d\u00ebrgoi sot nj\u00eb mesazh urimi z.Igor Lukshiq me rastin e zgjedhjes n\u00eb detyr\u00eb t\u00eb lart\u00eb t\u00eb kryeministrit t\u00eb","og_url":"https:\/\/www.visit-ulcinj.com\/blog\/2010\/12\/30\/hajdinaga-telegram-urimi-kryeministrit-llukshiq\/","og_site_name":"Lajme nga Ulqini","article_published_time":"2010-12-30T14:51:57+00:00","article_modified_time":"2011-01-01T08:28:48+00:00","og_image":[{"url":"https:\/\/www.visit-ulcinj.com\/blog\/wp-content\/uploads\/2010\/12\/skupstina-crne-gore-150x150.jpg"}],"twitter_misc":{"Written by":"ulqini","Est. reading time":"1 minute"},"schema":{"@context":"https:\/\/schema.org","@graph":[{"@type":"WebSite","@id":"https:\/\/www.visit-ulcinj.com\/blog\/#website","url":"https:\/\/www.visit-ulcinj.com\/blog\/","name":"Lajme nga Ulqini","description":"Lajme,Vijesti,Ulqini,Ulqin,Crna Gora,Mali i Zi","potentialAction":[{"@type":"SearchAction","target":{"@type":"EntryPoint","urlTemplate":"https:\/\/www.visit-ulcinj.com\/blog\/?s={search_term_string}"},"query-input":"required name=search_term_string"}],"inLanguage":"en-US"},{"@type":"ImageObject","inLanguage":"en-US","@id":"https:\/\/www.visit-ulcinj.com\/blog\/2010\/12\/30\/hajdinaga-telegram-urimi-kryeministrit-llukshiq\/#primaryimage","url":"https:\/\/www.visit-ulcinj.com\/blog\/wp-content\/uploads\/2010\/12\/skupstina-crne-gore.jpg","contentUrl":"https:\/\/www.visit-ulcinj.com\/blog\/wp-content\/uploads\/2010\/12\/skupstina-crne-gore.jpg","width":"800","height":"555"},{"@type":"WebPage","@id":"https:\/\/www.visit-ulcinj.com\/blog\/2010\/12\/30\/hajdinaga-telegram-urimi-kryeministrit-llukshiq\/#webpage","url":"https:\/\/www.visit-ulcinj.com\/blog\/2010\/12\/30\/hajdinaga-telegram-urimi-kryeministrit-llukshiq\/","name":"Hajdinaga: Telegram urimi kryeministrit Llukshiq - Lajme nga Ulqini","isPartOf":{"@id":"https:\/\/www.visit-ulcinj.com\/blog\/#website"},"primaryImageOfPage":{"@id":"https:\/\/www.visit-ulcinj.com\/blog\/2010\/12\/30\/hajdinaga-telegram-urimi-kryeministrit-llukshiq\/#primaryimage"},"datePublished":"2010-12-30T14:51:57+00:00","dateModified":"2011-01-01T08:28:48+00:00","author":{"@id":"https:\/\/www.visit-ulcinj.com\/blog\/#\/schema\/person\/dcab619c614d3038751c63bc2aadc06d"},"description":"Kryetari i Komun\u00ebs s\u00eb Ulqinit z. G\u00ebzim Hajdinaga i d\u00ebrgoi sot nj\u00eb mesazh urimi z.Igor Lukshiq me rastin e zgjedhjes n\u00eb detyr\u00eb t\u00eb lart\u00eb t\u00eb kryeministrit t\u00eb","breadcrumb":{"@id":"https:\/\/www.visit-ulcinj.com\/blog\/2010\/12\/30\/hajdinaga-telegram-urimi-kryeministrit-llukshiq\/#breadcrumb"},"inLanguage":"en-US","potentialAction":[{"@type":"ReadAction","target":["https:\/\/www.visit-ulcinj.com\/blog\/2010\/12\/30\/hajdinaga-telegram-urimi-kryeministrit-llukshiq\/"]}]},{"@type":"BreadcrumbList","@id":"https:\/\/www.visit-ulcinj.com\/blog\/2010\/12\/30\/hajdinaga-telegram-urimi-kryeministrit-llukshiq\/#breadcrumb","itemListElement":[{"@type":"ListItem","position":1,"name":"Hajdinaga: Telegram urimi kryeministrit Llukshiq"}]},{"@type":"Person","@id":"https:\/\/www.visit-ulcinj.com\/blog\/#\/schema\/person\/dcab619c614d3038751c63bc2aadc06d","name":"ulqini","sameAs":["http:\/\/www.visit-ulcinj.com"],"url":"https:\/\/www.visit-ulcinj.com\/blog\/author\/admin\/"}]}},"jetpack_featured_media_url":"","jetpack_sharing_enabled":true,"jetpack_shortlink":"https:\/\/wp.me\/pe6lTn-aRL","_links":{"self":[{"href":"https:\/\/www.visit-ulcinj.com\/blog\/wp-json\/wp\/v2\/posts\/41773"}],"collection":[{"href":"https:\/\/www.visit-ulcinj.com\/blog\/wp-json\/wp\/v2\/posts"}],"about":[{"href":"https:\/\/www.visit-ulcinj.com\/blog\/wp-json\/wp\/v2\/types\/post"}],"author":[{"embeddable":true,"href":"https:\/\/www.visit-ulcinj.com\/blog\/wp-json\/wp\/v2\/users\/1"}],"replies":[{"embeddable":true,"href":"https:\/\/www.visit-ulcinj.com\/blog\/wp-json\/wp\/v2\/comments?post=41773"}],"version-history":[{"count":0,"href":"https:\/\/www.visit-ulcinj.com\/blog\/wp-json\/wp\/v2\/posts\/41773\/revisions"}],"wp:attachment":[{"href":"https:\/\/www.visit-ulcinj.com\/blog\/wp-json\/wp\/v2\/media?parent=41773"}],"wp:term":[{"taxonomy":"category","embeddable":true,"href":"https:\/\/www.visit-ulcinj.com\/blog\/wp-json\/wp\/v2\/categories?post=41773"},{"taxonomy":"post_tag","embeddable":true,"href":"https:\/\/www.visit-ulcinj.com\/blog\/wp-json\/wp\/v2\/tags?post=41773"}],"curies":[{"name":"wp","href":"https:\/\/api.w.org\/{rel}","templated":true}]}}