{"id":4178,"date":"2008-10-13T13:24:08","date_gmt":"2008-10-13T18:24:08","guid":{"rendered":"http:\/\/www.visit-ulcinj.com\/blog\/?p=4178"},"modified":"2008-10-17T13:39:39","modified_gmt":"2008-10-17T18:39:39","slug":"anka-vojvodicmoje-protjerivanje-ce-nanijeti-stetu-srbiji","status":"publish","type":"post","link":"https:\/\/www.visit-ulcinj.com\/blog\/2008\/10\/13\/anka-vojvodicmoje-protjerivanje-ce-nanijeti-stetu-srbiji\/","title":{"rendered":"Anka Vojvodi?:Moje protjerivanje ?e nanijeti \u0161tetu Srbiji"},"content":{"rendered":"<p><a href=\"http:\/\/www.visit-ulcinj.com\/blog\/wp-content\/uploads\/2008\/10\/anka-vojvodic.jpg\"><img loading=\"lazy\" class=\"alignleft size-medium wp-image-4179\" title=\"anka-vojvodic\" src=\"http:\/\/www.visit-ulcinj.com\/blog\/wp-content\/uploads\/2008\/10\/anka-vojvodic.jpg\" alt=\"\" width=\"184\" height=\"230\" \/><\/a><strong>Anka Vojvodi? dan nakon povratka iz Srbije ne mo\u017ee da procijeni koliko ?e trajati mjere Beograda<\/strong><br \/>\nPODGORICA &#8211; Crnogorski ambasador u Beogradu Anka Vojvodi?, ocijenila je ju?e da je odluka Vlade Srbije da joj se uskrati gostoprimstvo iznena?uju?a i neuobi?ajena u diplomatskoj praksi i istakla da bi zbog takvog ?ina Beograd mogao da ima problema na me?unarodnom planu.<br \/>\nVojvodi? u izjavi za Republiku nije mogla da procijeni koliko bi mogla da traje mjera Vlade Srbije.<br \/>\n&#8211; Ne mogu da ka\u017eem koliko ?e ta mjera trajati, ali bih mogla da ocijenim da bi bilo dobro da ova odluka ne traje dugo \u2013 kazala je Vojvodi?, dodaju?i da su ambasadori ti koji prave mostove izme?u dr\u017eava.<br \/>\nOna je potvrdila da je u Podgoricu stigla u subotu pred pono? i da za vrijeme boravka u Beogradu od kad je tekao rok od 48 sati da napusti Srbiju nije imala nikakvih problema.<br \/>\nVojvodi? je kazala da je dosta stvari podignuto na nivo koji ne koristi dr\u017eavi Srbiji i zbog kojeg Vlada u Beogradu mo\u017ee imati \u0161tete na me?unarodnom planu.<br \/>\n&#8211; Ovakva situacija ne mo\u017ee koristiti gra?anima obje dr\u017eave. Nadam se da ?e se postoje?a situacija kontrolisati i stavljati u uobi?ajene okvire &#8211; navela je Vojvodi?.<br \/>\nOna nije \u017eeljela da posebno komentari\u0161e ?injenicu da su mjere protjerivanja ambasadora zbog politi?kih razloga svojstvene nakon zavr\u0161etka hladnog rata isklju?ivo nedemokratskim re\u017eimima.<br \/>\n&#8211; Zaista je takva odluka neuobi?ajena. Prosto ne treba govoriti o tome kome je takav gest svojstven i u kojim slu?ajevima se u diplomatiji ona primjenjuje. Ako bih to dodavala onda bi to bacilo drugo svijetlo na slu?aj \u2013 kazala je Vojvodi?, dodaju?i da ne \u017eeli da pravi bilo kakva pore?enja.<br \/>\nOna je ponovila da je odluka o protjerivanju bila ishitrena.<br \/>\n&#8211; Ako ne\u0161to radite brzo onda ne mo\u017eete dobro ni da promislite. Kada se radi sa emocijama koje morate po\u0161tovati, onda odluke nijesu onakve kakve su kada radite promi\u0161ljeno &#8211; zaklju?ila je Vojvodi?.<br \/>\nOdluka da se na\u0161 ambasador proglasi &#8221;personom non grata&#8221; donijeta je samo sat vremena nakon \u0161to je Crna Gora priznala nezavisnost Kosova.<br \/>\n<strong>N.Ze?evi?<br \/>\n\u0160ef protokola srpskog MIP-a ispratio Vojvodi?<\/strong><br \/>\nVojvodi? je kazala da prilikom prolaska od ambasade do aerodroma u Beogradu nije bilo nikavih problema i kazala da ju je sa beogradskog aerodroma ispratio \u0161ef protoklola MIP-a Srbije. &#8211; To je uobi?ajeno u diplomatskoj praksi \u2013 navela je Vojvodi?.<br \/>\n<strong>Izvor \/ Republika <\/strong><\/p>\n<!--YouTube Error: bad URL entered-->\n","protected":false},"excerpt":{"rendered":"<p>Anka Vojvodi? dan nakon povratka iz Srbije ne mo\u017ee da procijeni koliko ?e trajati mjere Beograda PODGORICA &#8211; Crnogorski ambasador u Beogradu Anka Vojvodi?, ocijenila je ju?e da je odluka Vlade Srbije da joj se uskrati gostoprimstvo iznena?uju?a i neuobi?ajena u diplomatskoj praksi i istakla da bi zbog takvog ?ina Beograd mogao da ima problema [&hellip;]<\/p>\n","protected":false},"author":1,"featured_media":0,"comment_status":"open","ping_status":"closed","sticky":false,"template":"","format":"standard","meta":{"spay_email":"","jetpack_publicize_message":"","jetpack_is_tweetstorm":false,"jetpack_publicize_feature_enabled":true},"categories":[6,12],"tags":[4645,20,49,2477],"jetpack_publicize_connections":[],"yoast_head":"<!-- This site is optimized with the Yoast SEO plugin v19.1 - https:\/\/yoast.com\/wordpress\/plugins\/seo\/ -->\n<title>Anka Vojvodi?:Moje protjerivanje ?e nanijeti \u0161tetu Srbiji - Lajme nga Ulqini<\/title>\n<meta name=\"description\" content=\"Anka Vojvodi? dan nakon povratka iz Srbije ne mo\u017ee da procijeni koliko ?e trajati mjere Beograda PODGORICA - Crnogorski ambasador u Beogradu Anka\" \/>\n<meta name=\"robots\" content=\"index, follow, max-snippet:-1, max-image-preview:large, max-video-preview:-1\" \/>\n<link rel=\"canonical\" href=\"https:\/\/www.visit-ulcinj.com\/blog\/2008\/10\/13\/anka-vojvodicmoje-protjerivanje-ce-nanijeti-stetu-srbiji\/\" \/>\n<meta property=\"og:locale\" content=\"en_US\" \/>\n<meta property=\"og:type\" content=\"article\" \/>\n<meta property=\"og:title\" content=\"Anka Vojvodi?:Moje protjerivanje ?e nanijeti \u0161tetu Srbiji - Lajme nga Ulqini\" \/>\n<meta property=\"og:description\" content=\"Anka Vojvodi? dan nakon povratka iz Srbije ne mo\u017ee da procijeni koliko ?e trajati mjere Beograda PODGORICA - Crnogorski ambasador u Beogradu Anka\" \/>\n<meta property=\"og:url\" content=\"https:\/\/www.visit-ulcinj.com\/blog\/2008\/10\/13\/anka-vojvodicmoje-protjerivanje-ce-nanijeti-stetu-srbiji\/\" \/>\n<meta property=\"og:site_name\" content=\"Lajme nga Ulqini\" \/>\n<meta property=\"article:published_time\" content=\"2008-10-13T18:24:08+00:00\" \/>\n<meta property=\"article:modified_time\" content=\"2008-10-17T18:39:39+00:00\" \/>\n<meta property=\"og:image\" content=\"http:\/\/www.visit-ulcinj.com\/blog\/wp-content\/uploads\/2008\/10\/anka-vojvodic.jpg\" \/>\n<meta name=\"twitter:label1\" content=\"Written by\" \/>\n\t<meta name=\"twitter:data1\" content=\"ulqini\" \/>\n\t<meta name=\"twitter:label2\" content=\"Est. reading time\" \/>\n\t<meta name=\"twitter:data2\" content=\"2 minutes\" \/>\n<script type=\"application\/ld+json\" class=\"yoast-schema-graph\">{\"@context\":\"https:\/\/schema.org\",\"@graph\":[{\"@type\":\"WebSite\",\"@id\":\"https:\/\/www.visit-ulcinj.com\/blog\/#website\",\"url\":\"https:\/\/www.visit-ulcinj.com\/blog\/\",\"name\":\"Lajme nga Ulqini\",\"description\":\"Lajme,Vijesti,Ulqini,Ulqin,Crna Gora,Mali i Zi\",\"potentialAction\":[{\"@type\":\"SearchAction\",\"target\":{\"@type\":\"EntryPoint\",\"urlTemplate\":\"https:\/\/www.visit-ulcinj.com\/blog\/?s={search_term_string}\"},\"query-input\":\"required name=search_term_string\"}],\"inLanguage\":\"en-US\"},{\"@type\":\"ImageObject\",\"inLanguage\":\"en-US\",\"@id\":\"https:\/\/www.visit-ulcinj.com\/blog\/2008\/10\/13\/anka-vojvodicmoje-protjerivanje-ce-nanijeti-stetu-srbiji\/#primaryimage\",\"url\":\"http:\/\/www.visit-ulcinj.com\/blog\/wp-content\/uploads\/2008\/10\/anka-vojvodic.jpg\",\"contentUrl\":\"http:\/\/www.visit-ulcinj.com\/blog\/wp-content\/uploads\/2008\/10\/anka-vojvodic.jpg\"},{\"@type\":\"WebPage\",\"@id\":\"https:\/\/www.visit-ulcinj.com\/blog\/2008\/10\/13\/anka-vojvodicmoje-protjerivanje-ce-nanijeti-stetu-srbiji\/#webpage\",\"url\":\"https:\/\/www.visit-ulcinj.com\/blog\/2008\/10\/13\/anka-vojvodicmoje-protjerivanje-ce-nanijeti-stetu-srbiji\/\",\"name\":\"Anka Vojvodi?:Moje protjerivanje ?e nanijeti \u0161tetu Srbiji - Lajme nga Ulqini\",\"isPartOf\":{\"@id\":\"https:\/\/www.visit-ulcinj.com\/blog\/#website\"},\"primaryImageOfPage\":{\"@id\":\"https:\/\/www.visit-ulcinj.com\/blog\/2008\/10\/13\/anka-vojvodicmoje-protjerivanje-ce-nanijeti-stetu-srbiji\/#primaryimage\"},\"datePublished\":\"2008-10-13T18:24:08+00:00\",\"dateModified\":\"2008-10-17T18:39:39+00:00\",\"author\":{\"@id\":\"https:\/\/www.visit-ulcinj.com\/blog\/#\/schema\/person\/dcab619c614d3038751c63bc2aadc06d\"},\"description\":\"Anka Vojvodi? dan nakon povratka iz Srbije ne mo\u017ee da procijeni koliko ?e trajati mjere Beograda PODGORICA - Crnogorski ambasador u Beogradu Anka\",\"breadcrumb\":{\"@id\":\"https:\/\/www.visit-ulcinj.com\/blog\/2008\/10\/13\/anka-vojvodicmoje-protjerivanje-ce-nanijeti-stetu-srbiji\/#breadcrumb\"},\"inLanguage\":\"en-US\",\"potentialAction\":[{\"@type\":\"ReadAction\",\"target\":[\"https:\/\/www.visit-ulcinj.com\/blog\/2008\/10\/13\/anka-vojvodicmoje-protjerivanje-ce-nanijeti-stetu-srbiji\/\"]}]},{\"@type\":\"BreadcrumbList\",\"@id\":\"https:\/\/www.visit-ulcinj.com\/blog\/2008\/10\/13\/anka-vojvodicmoje-protjerivanje-ce-nanijeti-stetu-srbiji\/#breadcrumb\",\"itemListElement\":[{\"@type\":\"ListItem\",\"position\":1,\"name\":\"Anka Vojvodi?:Moje protjerivanje ?e nanijeti \u0161tetu Srbiji\"}]},{\"@type\":\"Person\",\"@id\":\"https:\/\/www.visit-ulcinj.com\/blog\/#\/schema\/person\/dcab619c614d3038751c63bc2aadc06d\",\"name\":\"ulqini\",\"sameAs\":[\"http:\/\/www.visit-ulcinj.com\"],\"url\":\"https:\/\/www.visit-ulcinj.com\/blog\/author\/admin\/\"}]}<\/script>\n<!-- \/ Yoast SEO plugin. -->","yoast_head_json":{"title":"Anka Vojvodi?:Moje protjerivanje ?e nanijeti \u0161tetu Srbiji - Lajme nga Ulqini","description":"Anka Vojvodi? dan nakon povratka iz Srbije ne mo\u017ee da procijeni koliko ?e trajati mjere Beograda PODGORICA - Crnogorski ambasador u Beogradu Anka","robots":{"index":"index","follow":"follow","max-snippet":"max-snippet:-1","max-image-preview":"max-image-preview:large","max-video-preview":"max-video-preview:-1"},"canonical":"https:\/\/www.visit-ulcinj.com\/blog\/2008\/10\/13\/anka-vojvodicmoje-protjerivanje-ce-nanijeti-stetu-srbiji\/","og_locale":"en_US","og_type":"article","og_title":"Anka Vojvodi?:Moje protjerivanje ?e nanijeti \u0161tetu Srbiji - Lajme nga Ulqini","og_description":"Anka Vojvodi? dan nakon povratka iz Srbije ne mo\u017ee da procijeni koliko ?e trajati mjere Beograda PODGORICA - Crnogorski ambasador u Beogradu Anka","og_url":"https:\/\/www.visit-ulcinj.com\/blog\/2008\/10\/13\/anka-vojvodicmoje-protjerivanje-ce-nanijeti-stetu-srbiji\/","og_site_name":"Lajme nga Ulqini","article_published_time":"2008-10-13T18:24:08+00:00","article_modified_time":"2008-10-17T18:39:39+00:00","og_image":[{"url":"http:\/\/www.visit-ulcinj.com\/blog\/wp-content\/uploads\/2008\/10\/anka-vojvodic.jpg"}],"twitter_misc":{"Written by":"ulqini","Est. reading time":"2 minutes"},"schema":{"@context":"https:\/\/schema.org","@graph":[{"@type":"WebSite","@id":"https:\/\/www.visit-ulcinj.com\/blog\/#website","url":"https:\/\/www.visit-ulcinj.com\/blog\/","name":"Lajme nga Ulqini","description":"Lajme,Vijesti,Ulqini,Ulqin,Crna Gora,Mali i Zi","potentialAction":[{"@type":"SearchAction","target":{"@type":"EntryPoint","urlTemplate":"https:\/\/www.visit-ulcinj.com\/blog\/?s={search_term_string}"},"query-input":"required name=search_term_string"}],"inLanguage":"en-US"},{"@type":"ImageObject","inLanguage":"en-US","@id":"https:\/\/www.visit-ulcinj.com\/blog\/2008\/10\/13\/anka-vojvodicmoje-protjerivanje-ce-nanijeti-stetu-srbiji\/#primaryimage","url":"http:\/\/www.visit-ulcinj.com\/blog\/wp-content\/uploads\/2008\/10\/anka-vojvodic.jpg","contentUrl":"http:\/\/www.visit-ulcinj.com\/blog\/wp-content\/uploads\/2008\/10\/anka-vojvodic.jpg"},{"@type":"WebPage","@id":"https:\/\/www.visit-ulcinj.com\/blog\/2008\/10\/13\/anka-vojvodicmoje-protjerivanje-ce-nanijeti-stetu-srbiji\/#webpage","url":"https:\/\/www.visit-ulcinj.com\/blog\/2008\/10\/13\/anka-vojvodicmoje-protjerivanje-ce-nanijeti-stetu-srbiji\/","name":"Anka Vojvodi?:Moje protjerivanje ?e nanijeti \u0161tetu Srbiji - Lajme nga Ulqini","isPartOf":{"@id":"https:\/\/www.visit-ulcinj.com\/blog\/#website"},"primaryImageOfPage":{"@id":"https:\/\/www.visit-ulcinj.com\/blog\/2008\/10\/13\/anka-vojvodicmoje-protjerivanje-ce-nanijeti-stetu-srbiji\/#primaryimage"},"datePublished":"2008-10-13T18:24:08+00:00","dateModified":"2008-10-17T18:39:39+00:00","author":{"@id":"https:\/\/www.visit-ulcinj.com\/blog\/#\/schema\/person\/dcab619c614d3038751c63bc2aadc06d"},"description":"Anka Vojvodi? dan nakon povratka iz Srbije ne mo\u017ee da procijeni koliko ?e trajati mjere Beograda PODGORICA - Crnogorski ambasador u Beogradu Anka","breadcrumb":{"@id":"https:\/\/www.visit-ulcinj.com\/blog\/2008\/10\/13\/anka-vojvodicmoje-protjerivanje-ce-nanijeti-stetu-srbiji\/#breadcrumb"},"inLanguage":"en-US","potentialAction":[{"@type":"ReadAction","target":["https:\/\/www.visit-ulcinj.com\/blog\/2008\/10\/13\/anka-vojvodicmoje-protjerivanje-ce-nanijeti-stetu-srbiji\/"]}]},{"@type":"BreadcrumbList","@id":"https:\/\/www.visit-ulcinj.com\/blog\/2008\/10\/13\/anka-vojvodicmoje-protjerivanje-ce-nanijeti-stetu-srbiji\/#breadcrumb","itemListElement":[{"@type":"ListItem","position":1,"name":"Anka Vojvodi?:Moje protjerivanje ?e nanijeti \u0161tetu Srbiji"}]},{"@type":"Person","@id":"https:\/\/www.visit-ulcinj.com\/blog\/#\/schema\/person\/dcab619c614d3038751c63bc2aadc06d","name":"ulqini","sameAs":["http:\/\/www.visit-ulcinj.com"],"url":"https:\/\/www.visit-ulcinj.com\/blog\/author\/admin\/"}]}},"jetpack_featured_media_url":"","jetpack_sharing_enabled":true,"jetpack_shortlink":"https:\/\/wp.me\/pe6lTn-15o","_links":{"self":[{"href":"https:\/\/www.visit-ulcinj.com\/blog\/wp-json\/wp\/v2\/posts\/4178"}],"collection":[{"href":"https:\/\/www.visit-ulcinj.com\/blog\/wp-json\/wp\/v2\/posts"}],"about":[{"href":"https:\/\/www.visit-ulcinj.com\/blog\/wp-json\/wp\/v2\/types\/post"}],"author":[{"embeddable":true,"href":"https:\/\/www.visit-ulcinj.com\/blog\/wp-json\/wp\/v2\/users\/1"}],"replies":[{"embeddable":true,"href":"https:\/\/www.visit-ulcinj.com\/blog\/wp-json\/wp\/v2\/comments?post=4178"}],"version-history":[{"count":0,"href":"https:\/\/www.visit-ulcinj.com\/blog\/wp-json\/wp\/v2\/posts\/4178\/revisions"}],"wp:attachment":[{"href":"https:\/\/www.visit-ulcinj.com\/blog\/wp-json\/wp\/v2\/media?parent=4178"}],"wp:term":[{"taxonomy":"category","embeddable":true,"href":"https:\/\/www.visit-ulcinj.com\/blog\/wp-json\/wp\/v2\/categories?post=4178"},{"taxonomy":"post_tag","embeddable":true,"href":"https:\/\/www.visit-ulcinj.com\/blog\/wp-json\/wp\/v2\/tags?post=4178"}],"curies":[{"name":"wp","href":"https:\/\/api.w.org\/{rel}","templated":true}]}}