{"id":41781,"date":"2010-12-31T14:45:21","date_gmt":"2010-12-31T13:45:21","guid":{"rendered":"http:\/\/www.visit-ulcinj.com\/blog\/?p=41781"},"modified":"2010-12-31T14:45:21","modified_gmt":"2010-12-31T13:45:21","slug":"art-club-ulcinj-podsjecanje-na-dvije-decenije-rada","status":"publish","type":"post","link":"https:\/\/www.visit-ulcinj.com\/blog\/2010\/12\/31\/art-club-ulcinj-podsjecanje-na-dvije-decenije-rada\/","title":{"rendered":"Art Club Ulcinj: Podsje\u0107anje na dvije decenije rada"},"content":{"rendered":"<p><strong><a href=\"http:\/\/www.visit-ulcinj.com\/blog\/wp-content\/uploads\/2010\/12\/ARDITA-RAMA_ART-KLUBI-ULQIN.jpg\"><img loading=\"lazy\" class=\"alignleft size-full wp-image-41782\" title=\"ARDITA RAMA_ART KLUBI ULQIN\" src=\"http:\/\/www.visit-ulcinj.com\/blog\/wp-content\/uploads\/2010\/12\/ARDITA-RAMA_ART-KLUBI-ULQIN.jpg\" alt=\"\" width=\"490\" height=\"390\" \/><\/a>U Ulcinju obilje\u017een jubilej \u201eArt Cluba\u201d<\/strong><br \/>\nUlcinj &#8211; \u201cArt Club\u201d koji osnovan prije 20 godina od strane istaknutih stvaralaca i intelektualaca uglavnom iz Ulcinja, obilje\u017eio je svoj jubilej dvodnevnim kulturnim programima u Gradskoj biblioteci Ulcinja.<br \/>\nPrvog dana manifestacije pod nazivom \u201cKultura Albanaca u Crnoj Gori-2010\u201d, promovisane su knjige knji\u017eevnika: Had\u017ei \u0160abanija, Antona Goj\u010daja i nau\u010dnika Nailja Drage. O knjizi Had\u017ei \u0160abanija \u201cJam ai q\u00eb nuk jam\u201d (Jesam onaj koji nijesam) govorio je knji\u017eevni kriti\u010dar Ndue Ukaj iz Pri\u0161tine. Pjesnik Had\u017ei \u0160abani, koji je i aktuelni predsjednik \u201cArt Cluba\u201d pro\u010ditao je esej \u201cZa\u0161to pi\u0161em\u201d. Druga promovisana knjiga je Antona Go\u010daja \u201cNd\u00ebrmjet kapak\u00ebve\u201d (Izme\u0111u korica). Rije\u010d je o petoj knjizi u ediciji \u201cArt Cluba\u201d, a obuhvata po jedno izabrano djelo albanskih knji\u017eevnika iz Crne Gore: Aslan Bi\u0161e, Ibrahim Berja\u0161ija, Fran Camaja, Had\u017ei \u0160abanija i Anton Goj\u010daja.<\/p>\n<p>Drugog dana obilje\u017eavanja jubileja \u201cArt Cluba\u201d promovisano je jubilarno izdanje \u201cArt Cluba\u201d &#8211; \u201c20-vjet kultur\u00eb\u201d (20-godina kulture). Na promociji su govorili dosada\u0161nji predsjednici \u201cArt Cluba\u201d: knji\u017eevnik Ibrahim Berja\u0161i, slikar \u0106azim Muja, dr Nail Draga i mr Had\u017ei \u0160abani.<br \/>\nPredsjednici \u201cArt Cluba\u201d su podvukli da u perspektivi Albanaci u Crnoj Gori moraju sa\u010duvati svoj jezi\u010dki, istorijski i kulturni nacionalni identitet, ali tako\u0111e treba da se vi\u0161e integri\u0161u u kulturne tokove Crne Gore i \u0161ire.<\/p>\n<p><strong>S.A.<br \/>\n<a href=\"http:\/\/www.vijesti.me\/\" target=\"_blank\">Vijesti<\/a><\/strong><\/p>\n","protected":false},"excerpt":{"rendered":"<p>U Ulcinju obilje\u017een jubilej \u201eArt Cluba\u201d Ulcinj &#8211; \u201cArt Club\u201d koji osnovan prije 20 godina od strane istaknutih stvaralaca i intelektualaca uglavnom iz Ulcinja, obilje\u017eio je svoj jubilej dvodnevnim kulturnim programima u Gradskoj biblioteci Ulcinja. Prvog dana manifestacije pod nazivom \u201cKultura Albanaca u Crnoj Gori-2010\u201d, promovisane su knjige knji\u017eevnika: Had\u017ei \u0160abanija, Antona Goj\u010daja i nau\u010dnika [&hellip;]<\/p>\n","protected":false},"author":1,"featured_media":0,"comment_status":"open","ping_status":"closed","sticky":false,"template":"","format":"standard","meta":{"spay_email":"","jetpack_publicize_message":"","jetpack_is_tweetstorm":false,"jetpack_publicize_feature_enabled":true},"categories":[8337],"tags":[16830,19],"jetpack_publicize_connections":[],"yoast_head":"<!-- This site is optimized with the Yoast SEO plugin v19.1 - https:\/\/yoast.com\/wordpress\/plugins\/seo\/ -->\n<title>Art Club Ulcinj: Podsje\u0107anje na dvije decenije rada - Lajme nga Ulqini<\/title>\n<meta name=\"description\" content=\"U Ulcinju obilje\u017een jubilej \u201eArt Cluba\u201d Ulcinj - \u201cArt Club\u201d koji osnovan prije 20 godina od strane istaknutih stvaralaca i intelektualaca uglavnom iz\" \/>\n<meta name=\"robots\" content=\"index, follow, max-snippet:-1, max-image-preview:large, max-video-preview:-1\" \/>\n<link rel=\"canonical\" href=\"https:\/\/www.visit-ulcinj.com\/blog\/2010\/12\/31\/art-club-ulcinj-podsjecanje-na-dvije-decenije-rada\/\" \/>\n<meta property=\"og:locale\" content=\"en_US\" \/>\n<meta property=\"og:type\" content=\"article\" \/>\n<meta property=\"og:title\" content=\"Art Club Ulcinj: Podsje\u0107anje na dvije decenije rada - Lajme nga Ulqini\" \/>\n<meta property=\"og:description\" content=\"U Ulcinju obilje\u017een jubilej \u201eArt Cluba\u201d Ulcinj - \u201cArt Club\u201d koji osnovan prije 20 godina od strane istaknutih stvaralaca i intelektualaca uglavnom iz\" \/>\n<meta property=\"og:url\" content=\"https:\/\/www.visit-ulcinj.com\/blog\/2010\/12\/31\/art-club-ulcinj-podsjecanje-na-dvije-decenije-rada\/\" \/>\n<meta property=\"og:site_name\" content=\"Lajme nga Ulqini\" \/>\n<meta property=\"article:published_time\" content=\"2010-12-31T13:45:21+00:00\" \/>\n<meta property=\"og:image\" content=\"http:\/\/www.visit-ulcinj.com\/blog\/wp-content\/uploads\/2010\/12\/ARDITA-RAMA_ART-KLUBI-ULQIN.jpg\" \/>\n<meta name=\"twitter:label1\" content=\"Written by\" \/>\n\t<meta name=\"twitter:data1\" content=\"ulqini\" \/>\n\t<meta name=\"twitter:label2\" content=\"Est. reading time\" \/>\n\t<meta name=\"twitter:data2\" content=\"1 minute\" \/>\n<script type=\"application\/ld+json\" class=\"yoast-schema-graph\">{\"@context\":\"https:\/\/schema.org\",\"@graph\":[{\"@type\":\"WebSite\",\"@id\":\"https:\/\/www.visit-ulcinj.com\/blog\/#website\",\"url\":\"https:\/\/www.visit-ulcinj.com\/blog\/\",\"name\":\"Lajme nga Ulqini\",\"description\":\"Lajme,Vijesti,Ulqini,Ulqin,Crna Gora,Mali i Zi\",\"potentialAction\":[{\"@type\":\"SearchAction\",\"target\":{\"@type\":\"EntryPoint\",\"urlTemplate\":\"https:\/\/www.visit-ulcinj.com\/blog\/?s={search_term_string}\"},\"query-input\":\"required name=search_term_string\"}],\"inLanguage\":\"en-US\"},{\"@type\":\"ImageObject\",\"inLanguage\":\"en-US\",\"@id\":\"https:\/\/www.visit-ulcinj.com\/blog\/2010\/12\/31\/art-club-ulcinj-podsjecanje-na-dvije-decenije-rada\/#primaryimage\",\"url\":\"https:\/\/www.visit-ulcinj.com\/blog\/wp-content\/uploads\/2010\/12\/ARDITA-RAMA_ART-KLUBI-ULQIN.jpg\",\"contentUrl\":\"https:\/\/www.visit-ulcinj.com\/blog\/wp-content\/uploads\/2010\/12\/ARDITA-RAMA_ART-KLUBI-ULQIN.jpg\",\"width\":\"720\",\"height\":\"540\"},{\"@type\":\"WebPage\",\"@id\":\"https:\/\/www.visit-ulcinj.com\/blog\/2010\/12\/31\/art-club-ulcinj-podsjecanje-na-dvije-decenije-rada\/#webpage\",\"url\":\"https:\/\/www.visit-ulcinj.com\/blog\/2010\/12\/31\/art-club-ulcinj-podsjecanje-na-dvije-decenije-rada\/\",\"name\":\"Art Club Ulcinj: Podsje\u0107anje na dvije decenije rada - Lajme nga Ulqini\",\"isPartOf\":{\"@id\":\"https:\/\/www.visit-ulcinj.com\/blog\/#website\"},\"primaryImageOfPage\":{\"@id\":\"https:\/\/www.visit-ulcinj.com\/blog\/2010\/12\/31\/art-club-ulcinj-podsjecanje-na-dvije-decenije-rada\/#primaryimage\"},\"datePublished\":\"2010-12-31T13:45:21+00:00\",\"dateModified\":\"2010-12-31T13:45:21+00:00\",\"author\":{\"@id\":\"https:\/\/www.visit-ulcinj.com\/blog\/#\/schema\/person\/dcab619c614d3038751c63bc2aadc06d\"},\"description\":\"U Ulcinju obilje\u017een jubilej \u201eArt Cluba\u201d Ulcinj - \u201cArt Club\u201d koji osnovan prije 20 godina od strane istaknutih stvaralaca i intelektualaca uglavnom iz\",\"breadcrumb\":{\"@id\":\"https:\/\/www.visit-ulcinj.com\/blog\/2010\/12\/31\/art-club-ulcinj-podsjecanje-na-dvije-decenije-rada\/#breadcrumb\"},\"inLanguage\":\"en-US\",\"potentialAction\":[{\"@type\":\"ReadAction\",\"target\":[\"https:\/\/www.visit-ulcinj.com\/blog\/2010\/12\/31\/art-club-ulcinj-podsjecanje-na-dvije-decenije-rada\/\"]}]},{\"@type\":\"BreadcrumbList\",\"@id\":\"https:\/\/www.visit-ulcinj.com\/blog\/2010\/12\/31\/art-club-ulcinj-podsjecanje-na-dvije-decenije-rada\/#breadcrumb\",\"itemListElement\":[{\"@type\":\"ListItem\",\"position\":1,\"name\":\"Art Club Ulcinj: Podsje\u0107anje na dvije decenije rada\"}]},{\"@type\":\"Person\",\"@id\":\"https:\/\/www.visit-ulcinj.com\/blog\/#\/schema\/person\/dcab619c614d3038751c63bc2aadc06d\",\"name\":\"ulqini\",\"sameAs\":[\"http:\/\/www.visit-ulcinj.com\"],\"url\":\"https:\/\/www.visit-ulcinj.com\/blog\/author\/admin\/\"}]}<\/script>\n<!-- \/ Yoast SEO plugin. -->","yoast_head_json":{"title":"Art Club Ulcinj: Podsje\u0107anje na dvije decenije rada - Lajme nga Ulqini","description":"U Ulcinju obilje\u017een jubilej \u201eArt Cluba\u201d Ulcinj - \u201cArt Club\u201d koji osnovan prije 20 godina od strane istaknutih stvaralaca i intelektualaca uglavnom iz","robots":{"index":"index","follow":"follow","max-snippet":"max-snippet:-1","max-image-preview":"max-image-preview:large","max-video-preview":"max-video-preview:-1"},"canonical":"https:\/\/www.visit-ulcinj.com\/blog\/2010\/12\/31\/art-club-ulcinj-podsjecanje-na-dvije-decenije-rada\/","og_locale":"en_US","og_type":"article","og_title":"Art Club Ulcinj: Podsje\u0107anje na dvije decenije rada - Lajme nga Ulqini","og_description":"U Ulcinju obilje\u017een jubilej \u201eArt Cluba\u201d Ulcinj - \u201cArt Club\u201d koji osnovan prije 20 godina od strane istaknutih stvaralaca i intelektualaca uglavnom iz","og_url":"https:\/\/www.visit-ulcinj.com\/blog\/2010\/12\/31\/art-club-ulcinj-podsjecanje-na-dvije-decenije-rada\/","og_site_name":"Lajme nga Ulqini","article_published_time":"2010-12-31T13:45:21+00:00","og_image":[{"url":"http:\/\/www.visit-ulcinj.com\/blog\/wp-content\/uploads\/2010\/12\/ARDITA-RAMA_ART-KLUBI-ULQIN.jpg"}],"twitter_misc":{"Written by":"ulqini","Est. reading time":"1 minute"},"schema":{"@context":"https:\/\/schema.org","@graph":[{"@type":"WebSite","@id":"https:\/\/www.visit-ulcinj.com\/blog\/#website","url":"https:\/\/www.visit-ulcinj.com\/blog\/","name":"Lajme nga Ulqini","description":"Lajme,Vijesti,Ulqini,Ulqin,Crna Gora,Mali i Zi","potentialAction":[{"@type":"SearchAction","target":{"@type":"EntryPoint","urlTemplate":"https:\/\/www.visit-ulcinj.com\/blog\/?s={search_term_string}"},"query-input":"required name=search_term_string"}],"inLanguage":"en-US"},{"@type":"ImageObject","inLanguage":"en-US","@id":"https:\/\/www.visit-ulcinj.com\/blog\/2010\/12\/31\/art-club-ulcinj-podsjecanje-na-dvije-decenije-rada\/#primaryimage","url":"https:\/\/www.visit-ulcinj.com\/blog\/wp-content\/uploads\/2010\/12\/ARDITA-RAMA_ART-KLUBI-ULQIN.jpg","contentUrl":"https:\/\/www.visit-ulcinj.com\/blog\/wp-content\/uploads\/2010\/12\/ARDITA-RAMA_ART-KLUBI-ULQIN.jpg","width":"720","height":"540"},{"@type":"WebPage","@id":"https:\/\/www.visit-ulcinj.com\/blog\/2010\/12\/31\/art-club-ulcinj-podsjecanje-na-dvije-decenije-rada\/#webpage","url":"https:\/\/www.visit-ulcinj.com\/blog\/2010\/12\/31\/art-club-ulcinj-podsjecanje-na-dvije-decenije-rada\/","name":"Art Club Ulcinj: Podsje\u0107anje na dvije decenije rada - Lajme nga Ulqini","isPartOf":{"@id":"https:\/\/www.visit-ulcinj.com\/blog\/#website"},"primaryImageOfPage":{"@id":"https:\/\/www.visit-ulcinj.com\/blog\/2010\/12\/31\/art-club-ulcinj-podsjecanje-na-dvije-decenije-rada\/#primaryimage"},"datePublished":"2010-12-31T13:45:21+00:00","dateModified":"2010-12-31T13:45:21+00:00","author":{"@id":"https:\/\/www.visit-ulcinj.com\/blog\/#\/schema\/person\/dcab619c614d3038751c63bc2aadc06d"},"description":"U Ulcinju obilje\u017een jubilej \u201eArt Cluba\u201d Ulcinj - \u201cArt Club\u201d koji osnovan prije 20 godina od strane istaknutih stvaralaca i intelektualaca uglavnom iz","breadcrumb":{"@id":"https:\/\/www.visit-ulcinj.com\/blog\/2010\/12\/31\/art-club-ulcinj-podsjecanje-na-dvije-decenije-rada\/#breadcrumb"},"inLanguage":"en-US","potentialAction":[{"@type":"ReadAction","target":["https:\/\/www.visit-ulcinj.com\/blog\/2010\/12\/31\/art-club-ulcinj-podsjecanje-na-dvije-decenije-rada\/"]}]},{"@type":"BreadcrumbList","@id":"https:\/\/www.visit-ulcinj.com\/blog\/2010\/12\/31\/art-club-ulcinj-podsjecanje-na-dvije-decenije-rada\/#breadcrumb","itemListElement":[{"@type":"ListItem","position":1,"name":"Art Club Ulcinj: Podsje\u0107anje na dvije decenije rada"}]},{"@type":"Person","@id":"https:\/\/www.visit-ulcinj.com\/blog\/#\/schema\/person\/dcab619c614d3038751c63bc2aadc06d","name":"ulqini","sameAs":["http:\/\/www.visit-ulcinj.com"],"url":"https:\/\/www.visit-ulcinj.com\/blog\/author\/admin\/"}]}},"jetpack_featured_media_url":"","jetpack_sharing_enabled":true,"jetpack_shortlink":"https:\/\/wp.me\/pe6lTn-aRT","_links":{"self":[{"href":"https:\/\/www.visit-ulcinj.com\/blog\/wp-json\/wp\/v2\/posts\/41781"}],"collection":[{"href":"https:\/\/www.visit-ulcinj.com\/blog\/wp-json\/wp\/v2\/posts"}],"about":[{"href":"https:\/\/www.visit-ulcinj.com\/blog\/wp-json\/wp\/v2\/types\/post"}],"author":[{"embeddable":true,"href":"https:\/\/www.visit-ulcinj.com\/blog\/wp-json\/wp\/v2\/users\/1"}],"replies":[{"embeddable":true,"href":"https:\/\/www.visit-ulcinj.com\/blog\/wp-json\/wp\/v2\/comments?post=41781"}],"version-history":[{"count":0,"href":"https:\/\/www.visit-ulcinj.com\/blog\/wp-json\/wp\/v2\/posts\/41781\/revisions"}],"wp:attachment":[{"href":"https:\/\/www.visit-ulcinj.com\/blog\/wp-json\/wp\/v2\/media?parent=41781"}],"wp:term":[{"taxonomy":"category","embeddable":true,"href":"https:\/\/www.visit-ulcinj.com\/blog\/wp-json\/wp\/v2\/categories?post=41781"},{"taxonomy":"post_tag","embeddable":true,"href":"https:\/\/www.visit-ulcinj.com\/blog\/wp-json\/wp\/v2\/tags?post=41781"}],"curies":[{"name":"wp","href":"https:\/\/api.w.org\/{rel}","templated":true}]}}