{"id":41784,"date":"2010-12-31T15:05:18","date_gmt":"2010-12-31T14:05:18","guid":{"rendered":"http:\/\/www.visit-ulcinj.com\/blog\/?p=41784"},"modified":"2011-01-09T10:41:56","modified_gmt":"2011-01-09T09:41:56","slug":"hana-cakuli-ne-pushim-deri-pas-vitit-te-ri","status":"publish","type":"post","link":"https:\/\/www.visit-ulcinj.com\/blog\/2010\/12\/31\/hana-cakuli-ne-pushim-deri-pas-vitit-te-ri\/","title":{"rendered":"Hana Cakuli n\u00eb pushim deri pas Vitit t\u00eb Ri"},"content":{"rendered":"<p><a href=\"http:\/\/www.visit-ulcinj.com\/blog\/wp-content\/uploads\/2010\/12\/Hana-Cakuli_ulqin.jpg\"><img loading=\"lazy\" class=\"alignleft size-full wp-image-41785\" title=\"Hana Cakuli_ulqin\" src=\"http:\/\/www.visit-ulcinj.com\/blog\/wp-content\/uploads\/2010\/12\/Hana-Cakuli_ulqin.jpg\" alt=\"\" width=\"407\" height=\"604\" srcset=\"https:\/\/www.visit-ulcinj.com\/blog\/wp-content\/uploads\/2010\/12\/Hana-Cakuli_ulqin.jpg 407w, https:\/\/www.visit-ulcinj.com\/blog\/wp-content\/uploads\/2010\/12\/Hana-Cakuli_ulqin-202x300.jpg 202w\" sizes=\"(max-width: 407px) 100vw, 407px\" \/><\/a>Dit\u00ebt aktuale t\u00eb k\u00ebtij fund-viti \u00ebsht\u00eb duke i kaluar p\u00ebr pik\u00eb t\u00eb qejfit. Ka dy jav\u00eb q\u00eb k\u00ebng\u00ebtarja Hana Cakuli \u00ebsht\u00eb \u201clarguar\u201d t\u00ebr\u00ebsisht nga bota e muzik\u00ebs, mediat dhe gjith\u00e7ka q\u00eb e karakterizonte jet\u00ebn e saj artistike, p\u00ebr t\u00eb p\u00ebrmbyllur k\u00ebt\u00eb vit me pak pushim e kujdes ndaj familjes.<\/p>\n<p>Thot\u00eb se po ndihet mir\u00eb dhe se vendimin p\u00ebr tu shk\u00ebputur p\u00ebr pak jav\u00eb nga angazhimet muzikore e ka marr\u00eb n\u00eb momentin e duhur.<\/p>\n<p>\u201cP\u00ebrderisa i gjith\u00eb viti ka qen\u00eb shum\u00eb i angazhuar dhe kam pas shum\u00eb angazhime n\u00eb t\u00eb gjitha sferat e jet\u00ebs sime, kam vendosur q\u00eb dit\u00ebt e fundit t\u00eb vitit 2010 t\u2019i kaloj pa asnj\u00eb obligim. K\u00ebtu rastisi q\u00eb edhe n\u00eb programet e Vitit t\u00eb Ri nuk isha prezent pasi q\u00eb isha jasht\u00eb Kosov\u00ebs\u201d, ka th\u00ebn\u00eb Hana p\u00ebr t\u00eb p\u00ebrditshmen \u201cInfoPress\u201d.<\/p>\n<p>\u201cJam n\u00eb pushim total si nga mediat e si nga gjith\u00e7ka tjet\u00ebr. K\u00ebshtu q\u00eb besoj t\u00eb mbledh energji e q\u00eb n\u00eb vitin 2011 t\u00eb angazhohem e t\u00eb sjell\u00eb di\u00e7ka t\u00eb re\u201d, thekson m\u00eb tej Hana, nd\u00ebrsa shton se po ndihet shum\u00eb mir\u00eb me \u201cpasivitetin\u201d aktual n\u00eb bot\u00ebn e artit.<\/p>\n<p>\u201cKisha nevoj\u00eb p\u00ebr pushim dhe vet\u00eb kam zgjedhur k\u00ebt\u00eb pasivitet. M\u00eb vjen mir\u00eb q\u00eb kam m\u00eb shum\u00eb koh\u00eb t\u2019i kushtohem familjes dhe shoq\u00ebris\u00eb. Dhe nuk m\u00eb vjen keq q\u00eb kam vendosur k\u00ebshtu sepse m\u00eb duhej nj\u00eb balanc\u00eb e till\u00eb\u201d.<\/p>\n<p>E pas gjith\u00eb k\u00ebtij pushimi Hana ka n\u00eb plan q\u00eb me gjith\u00eb energjin\u00eb e fituar, t\u00eb vazhdoj\u00eb me angazhimet rreth muzik\u00ebs. \u201cN\u00eb vitin 2011 planifikoi q\u00eb n\u00eb muajt e par\u00eb t\u00eb nxjerri klipin tim, e shpresoj t\u2019iu p\u00eblqej\u00eb d\u00ebgjuesve. Mendoj t\u00eb ndryshoj duke sjell\u00eb rit\u00ebm dhe di\u00e7ka q\u00eb do t\u2019u ik\u00eb baladave\u201d, ka p\u00ebrfunduar k\u00ebng\u00ebtarja.<\/p>\n<p><strong>Telegrafi<br \/>\n\n\t\t<style type=\"text\/css\">\n\t\t\t#gallery-1 {\n\t\t\t\tmargin: auto;\n\t\t\t}\n\t\t\t#gallery-1 .gallery-item {\n\t\t\t\tfloat: left;\n\t\t\t\tmargin-top: 10px;\n\t\t\t\ttext-align: center;\n\t\t\t\twidth: 33%;\n\t\t\t}\n\t\t\t#gallery-1 img {\n\t\t\t\tborder: 2px solid #cfcfcf;\n\t\t\t}\n\t\t\t#gallery-1 .gallery-caption {\n\t\t\t\tmargin-left: 0;\n\t\t\t}\n\t\t\t\/* see gallery_shortcode() in wp-includes\/media.php *\/\n\t\t<\/style>\n\t\t<div id='gallery-1' class='gallery galleryid-41784 gallery-columns-3 gallery-size-thumbnail'><dl class='gallery-item'>\n\t\t\t<dt class='gallery-icon portrait'>\n\t\t\t\t<a href='https:\/\/www.visit-ulcinj.com\/blog\/wp-content\/uploads\/2010\/12\/Hana-Cakuli_ulqin.jpg'><img width=\"150\" height=\"150\" src=\"https:\/\/www.visit-ulcinj.com\/blog\/wp-content\/uploads\/2010\/12\/Hana-Cakuli_ulqin-150x150.jpg\" class=\"attachment-thumbnail size-thumbnail\" alt=\"\" loading=\"lazy\" \/><\/a>\n\t\t\t<\/dt><\/dl><dl class='gallery-item'>\n\t\t\t<dt class='gallery-icon portrait'>\n\t\t\t\t<a href='https:\/\/www.visit-ulcinj.com\/blog\/wp-content\/uploads\/2010\/12\/Hana-Cakuli_ulqin.1.jpg'><img width=\"150\" height=\"150\" src=\"https:\/\/www.visit-ulcinj.com\/blog\/wp-content\/uploads\/2010\/12\/Hana-Cakuli_ulqin.1-150x150.jpg\" class=\"attachment-thumbnail size-thumbnail\" alt=\"\" loading=\"lazy\" \/><\/a>\n\t\t\t<\/dt><\/dl><dl class='gallery-item'>\n\t\t\t<dt class='gallery-icon landscape'>\n\t\t\t\t<a href='https:\/\/www.visit-ulcinj.com\/blog\/wp-content\/uploads\/2010\/12\/Hana-Cakuli_ulqin.2.jpg'><img width=\"150\" height=\"150\" src=\"https:\/\/www.visit-ulcinj.com\/blog\/wp-content\/uploads\/2010\/12\/Hana-Cakuli_ulqin.2-150x150.jpg\" class=\"attachment-thumbnail size-thumbnail\" alt=\"\" loading=\"lazy\" \/><\/a>\n\t\t\t<\/dt><\/dl><br style=\"clear: both\" \/>\n\t\t<\/div>\n<br \/>\n<!--YouTube Error: bad URL entered--><\/strong><\/p>\n","protected":false},"excerpt":{"rendered":"<p>Dit\u00ebt aktuale t\u00eb k\u00ebtij fund-viti \u00ebsht\u00eb duke i kaluar p\u00ebr pik\u00eb t\u00eb qejfit. Ka dy jav\u00eb q\u00eb k\u00ebng\u00ebtarja Hana Cakuli \u00ebsht\u00eb \u201clarguar\u201d t\u00ebr\u00ebsisht nga bota e muzik\u00ebs, mediat dhe gjith\u00e7ka q\u00eb e karakterizonte jet\u00ebn e saj artistike, p\u00ebr t\u00eb p\u00ebrmbyllur k\u00ebt\u00eb vit me pak pushim e kujdes ndaj familjes. Thot\u00eb se po ndihet mir\u00eb dhe [&hellip;]<\/p>\n","protected":false},"author":1,"featured_media":0,"comment_status":"open","ping_status":"closed","sticky":false,"template":"","format":"standard","meta":{"spay_email":"","jetpack_publicize_message":"","jetpack_is_tweetstorm":false,"jetpack_publicize_feature_enabled":true},"categories":[1],"tags":[3201,200,18],"jetpack_publicize_connections":[],"yoast_head":"<!-- This site is optimized with the Yoast SEO plugin v19.1 - https:\/\/yoast.com\/wordpress\/plugins\/seo\/ -->\n<title>Hana Cakuli n\u00eb pushim deri pas Vitit t\u00eb Ri - Lajme nga Ulqini<\/title>\n<meta name=\"description\" content=\"Dit\u00ebt aktuale t\u00eb k\u00ebtij fund-viti \u00ebsht\u00eb duke i kaluar p\u00ebr pik\u00eb t\u00eb qejfit. Ka dy jav\u00eb q\u00eb k\u00ebng\u00ebtarja Hana Cakuli \u00ebsht\u00eb \u201clarguar\u201d t\u00ebr\u00ebsisht nga bota e\" \/>\n<meta name=\"robots\" content=\"index, follow, max-snippet:-1, max-image-preview:large, max-video-preview:-1\" \/>\n<link rel=\"canonical\" href=\"https:\/\/www.visit-ulcinj.com\/blog\/2010\/12\/31\/hana-cakuli-ne-pushim-deri-pas-vitit-te-ri\/\" \/>\n<meta property=\"og:locale\" content=\"en_US\" \/>\n<meta property=\"og:type\" content=\"article\" \/>\n<meta property=\"og:title\" content=\"Hana Cakuli n\u00eb pushim deri pas Vitit t\u00eb Ri - Lajme nga Ulqini\" \/>\n<meta property=\"og:description\" content=\"Dit\u00ebt aktuale t\u00eb k\u00ebtij fund-viti \u00ebsht\u00eb duke i kaluar p\u00ebr pik\u00eb t\u00eb qejfit. Ka dy jav\u00eb q\u00eb k\u00ebng\u00ebtarja Hana Cakuli \u00ebsht\u00eb \u201clarguar\u201d t\u00ebr\u00ebsisht nga bota e\" \/>\n<meta property=\"og:url\" content=\"https:\/\/www.visit-ulcinj.com\/blog\/2010\/12\/31\/hana-cakuli-ne-pushim-deri-pas-vitit-te-ri\/\" \/>\n<meta property=\"og:site_name\" content=\"Lajme nga Ulqini\" \/>\n<meta property=\"article:published_time\" content=\"2010-12-31T14:05:18+00:00\" \/>\n<meta property=\"article:modified_time\" content=\"2011-01-09T09:41:56+00:00\" \/>\n<meta property=\"og:image\" content=\"https:\/\/www.visit-ulcinj.com\/blog\/wp-content\/uploads\/2010\/12\/Hana-Cakuli_ulqin-150x150.jpg\" \/>\n<meta name=\"twitter:label1\" content=\"Written by\" \/>\n\t<meta name=\"twitter:data1\" content=\"ulqini\" \/>\n\t<meta name=\"twitter:label2\" content=\"Est. reading time\" \/>\n\t<meta name=\"twitter:data2\" content=\"2 minutes\" \/>\n<script type=\"application\/ld+json\" class=\"yoast-schema-graph\">{\"@context\":\"https:\/\/schema.org\",\"@graph\":[{\"@type\":\"WebSite\",\"@id\":\"https:\/\/www.visit-ulcinj.com\/blog\/#website\",\"url\":\"https:\/\/www.visit-ulcinj.com\/blog\/\",\"name\":\"Lajme nga Ulqini\",\"description\":\"Lajme,Vijesti,Ulqini,Ulqin,Crna Gora,Mali i Zi\",\"potentialAction\":[{\"@type\":\"SearchAction\",\"target\":{\"@type\":\"EntryPoint\",\"urlTemplate\":\"https:\/\/www.visit-ulcinj.com\/blog\/?s={search_term_string}\"},\"query-input\":\"required name=search_term_string\"}],\"inLanguage\":\"en-US\"},{\"@type\":\"ImageObject\",\"inLanguage\":\"en-US\",\"@id\":\"https:\/\/www.visit-ulcinj.com\/blog\/2010\/12\/31\/hana-cakuli-ne-pushim-deri-pas-vitit-te-ri\/#primaryimage\",\"url\":\"https:\/\/www.visit-ulcinj.com\/blog\/wp-content\/uploads\/2010\/12\/Hana-Cakuli_ulqin.jpg\",\"contentUrl\":\"https:\/\/www.visit-ulcinj.com\/blog\/wp-content\/uploads\/2010\/12\/Hana-Cakuli_ulqin.jpg\",\"width\":\"407\",\"height\":\"604\"},{\"@type\":\"WebPage\",\"@id\":\"https:\/\/www.visit-ulcinj.com\/blog\/2010\/12\/31\/hana-cakuli-ne-pushim-deri-pas-vitit-te-ri\/#webpage\",\"url\":\"https:\/\/www.visit-ulcinj.com\/blog\/2010\/12\/31\/hana-cakuli-ne-pushim-deri-pas-vitit-te-ri\/\",\"name\":\"Hana Cakuli n\u00eb pushim deri pas Vitit t\u00eb Ri - Lajme nga Ulqini\",\"isPartOf\":{\"@id\":\"https:\/\/www.visit-ulcinj.com\/blog\/#website\"},\"primaryImageOfPage\":{\"@id\":\"https:\/\/www.visit-ulcinj.com\/blog\/2010\/12\/31\/hana-cakuli-ne-pushim-deri-pas-vitit-te-ri\/#primaryimage\"},\"datePublished\":\"2010-12-31T14:05:18+00:00\",\"dateModified\":\"2011-01-09T09:41:56+00:00\",\"author\":{\"@id\":\"https:\/\/www.visit-ulcinj.com\/blog\/#\/schema\/person\/dcab619c614d3038751c63bc2aadc06d\"},\"description\":\"Dit\u00ebt aktuale t\u00eb k\u00ebtij fund-viti \u00ebsht\u00eb duke i kaluar p\u00ebr pik\u00eb t\u00eb qejfit. Ka dy jav\u00eb q\u00eb k\u00ebng\u00ebtarja Hana Cakuli \u00ebsht\u00eb \u201clarguar\u201d t\u00ebr\u00ebsisht nga bota e\",\"breadcrumb\":{\"@id\":\"https:\/\/www.visit-ulcinj.com\/blog\/2010\/12\/31\/hana-cakuli-ne-pushim-deri-pas-vitit-te-ri\/#breadcrumb\"},\"inLanguage\":\"en-US\",\"potentialAction\":[{\"@type\":\"ReadAction\",\"target\":[\"https:\/\/www.visit-ulcinj.com\/blog\/2010\/12\/31\/hana-cakuli-ne-pushim-deri-pas-vitit-te-ri\/\"]}]},{\"@type\":\"BreadcrumbList\",\"@id\":\"https:\/\/www.visit-ulcinj.com\/blog\/2010\/12\/31\/hana-cakuli-ne-pushim-deri-pas-vitit-te-ri\/#breadcrumb\",\"itemListElement\":[{\"@type\":\"ListItem\",\"position\":1,\"name\":\"Hana Cakuli n\u00eb pushim deri pas Vitit t\u00eb Ri\"}]},{\"@type\":\"Person\",\"@id\":\"https:\/\/www.visit-ulcinj.com\/blog\/#\/schema\/person\/dcab619c614d3038751c63bc2aadc06d\",\"name\":\"ulqini\",\"sameAs\":[\"http:\/\/www.visit-ulcinj.com\"],\"url\":\"https:\/\/www.visit-ulcinj.com\/blog\/author\/admin\/\"}]}<\/script>\n<!-- \/ Yoast SEO plugin. -->","yoast_head_json":{"title":"Hana Cakuli n\u00eb pushim deri pas Vitit t\u00eb Ri - Lajme nga Ulqini","description":"Dit\u00ebt aktuale t\u00eb k\u00ebtij fund-viti \u00ebsht\u00eb duke i kaluar p\u00ebr pik\u00eb t\u00eb qejfit. Ka dy jav\u00eb q\u00eb k\u00ebng\u00ebtarja Hana Cakuli \u00ebsht\u00eb \u201clarguar\u201d t\u00ebr\u00ebsisht nga bota e","robots":{"index":"index","follow":"follow","max-snippet":"max-snippet:-1","max-image-preview":"max-image-preview:large","max-video-preview":"max-video-preview:-1"},"canonical":"https:\/\/www.visit-ulcinj.com\/blog\/2010\/12\/31\/hana-cakuli-ne-pushim-deri-pas-vitit-te-ri\/","og_locale":"en_US","og_type":"article","og_title":"Hana Cakuli n\u00eb pushim deri pas Vitit t\u00eb Ri - Lajme nga Ulqini","og_description":"Dit\u00ebt aktuale t\u00eb k\u00ebtij fund-viti \u00ebsht\u00eb duke i kaluar p\u00ebr pik\u00eb t\u00eb qejfit. Ka dy jav\u00eb q\u00eb k\u00ebng\u00ebtarja Hana Cakuli \u00ebsht\u00eb \u201clarguar\u201d t\u00ebr\u00ebsisht nga bota e","og_url":"https:\/\/www.visit-ulcinj.com\/blog\/2010\/12\/31\/hana-cakuli-ne-pushim-deri-pas-vitit-te-ri\/","og_site_name":"Lajme nga Ulqini","article_published_time":"2010-12-31T14:05:18+00:00","article_modified_time":"2011-01-09T09:41:56+00:00","og_image":[{"url":"https:\/\/www.visit-ulcinj.com\/blog\/wp-content\/uploads\/2010\/12\/Hana-Cakuli_ulqin-150x150.jpg"}],"twitter_misc":{"Written by":"ulqini","Est. reading time":"2 minutes"},"schema":{"@context":"https:\/\/schema.org","@graph":[{"@type":"WebSite","@id":"https:\/\/www.visit-ulcinj.com\/blog\/#website","url":"https:\/\/www.visit-ulcinj.com\/blog\/","name":"Lajme nga Ulqini","description":"Lajme,Vijesti,Ulqini,Ulqin,Crna Gora,Mali i Zi","potentialAction":[{"@type":"SearchAction","target":{"@type":"EntryPoint","urlTemplate":"https:\/\/www.visit-ulcinj.com\/blog\/?s={search_term_string}"},"query-input":"required name=search_term_string"}],"inLanguage":"en-US"},{"@type":"ImageObject","inLanguage":"en-US","@id":"https:\/\/www.visit-ulcinj.com\/blog\/2010\/12\/31\/hana-cakuli-ne-pushim-deri-pas-vitit-te-ri\/#primaryimage","url":"https:\/\/www.visit-ulcinj.com\/blog\/wp-content\/uploads\/2010\/12\/Hana-Cakuli_ulqin.jpg","contentUrl":"https:\/\/www.visit-ulcinj.com\/blog\/wp-content\/uploads\/2010\/12\/Hana-Cakuli_ulqin.jpg","width":"407","height":"604"},{"@type":"WebPage","@id":"https:\/\/www.visit-ulcinj.com\/blog\/2010\/12\/31\/hana-cakuli-ne-pushim-deri-pas-vitit-te-ri\/#webpage","url":"https:\/\/www.visit-ulcinj.com\/blog\/2010\/12\/31\/hana-cakuli-ne-pushim-deri-pas-vitit-te-ri\/","name":"Hana Cakuli n\u00eb pushim deri pas Vitit t\u00eb Ri - Lajme nga Ulqini","isPartOf":{"@id":"https:\/\/www.visit-ulcinj.com\/blog\/#website"},"primaryImageOfPage":{"@id":"https:\/\/www.visit-ulcinj.com\/blog\/2010\/12\/31\/hana-cakuli-ne-pushim-deri-pas-vitit-te-ri\/#primaryimage"},"datePublished":"2010-12-31T14:05:18+00:00","dateModified":"2011-01-09T09:41:56+00:00","author":{"@id":"https:\/\/www.visit-ulcinj.com\/blog\/#\/schema\/person\/dcab619c614d3038751c63bc2aadc06d"},"description":"Dit\u00ebt aktuale t\u00eb k\u00ebtij fund-viti \u00ebsht\u00eb duke i kaluar p\u00ebr pik\u00eb t\u00eb qejfit. Ka dy jav\u00eb q\u00eb k\u00ebng\u00ebtarja Hana Cakuli \u00ebsht\u00eb \u201clarguar\u201d t\u00ebr\u00ebsisht nga bota e","breadcrumb":{"@id":"https:\/\/www.visit-ulcinj.com\/blog\/2010\/12\/31\/hana-cakuli-ne-pushim-deri-pas-vitit-te-ri\/#breadcrumb"},"inLanguage":"en-US","potentialAction":[{"@type":"ReadAction","target":["https:\/\/www.visit-ulcinj.com\/blog\/2010\/12\/31\/hana-cakuli-ne-pushim-deri-pas-vitit-te-ri\/"]}]},{"@type":"BreadcrumbList","@id":"https:\/\/www.visit-ulcinj.com\/blog\/2010\/12\/31\/hana-cakuli-ne-pushim-deri-pas-vitit-te-ri\/#breadcrumb","itemListElement":[{"@type":"ListItem","position":1,"name":"Hana Cakuli n\u00eb pushim deri pas Vitit t\u00eb Ri"}]},{"@type":"Person","@id":"https:\/\/www.visit-ulcinj.com\/blog\/#\/schema\/person\/dcab619c614d3038751c63bc2aadc06d","name":"ulqini","sameAs":["http:\/\/www.visit-ulcinj.com"],"url":"https:\/\/www.visit-ulcinj.com\/blog\/author\/admin\/"}]}},"jetpack_featured_media_url":"","jetpack_sharing_enabled":true,"jetpack_shortlink":"https:\/\/wp.me\/pe6lTn-aRW","_links":{"self":[{"href":"https:\/\/www.visit-ulcinj.com\/blog\/wp-json\/wp\/v2\/posts\/41784"}],"collection":[{"href":"https:\/\/www.visit-ulcinj.com\/blog\/wp-json\/wp\/v2\/posts"}],"about":[{"href":"https:\/\/www.visit-ulcinj.com\/blog\/wp-json\/wp\/v2\/types\/post"}],"author":[{"embeddable":true,"href":"https:\/\/www.visit-ulcinj.com\/blog\/wp-json\/wp\/v2\/users\/1"}],"replies":[{"embeddable":true,"href":"https:\/\/www.visit-ulcinj.com\/blog\/wp-json\/wp\/v2\/comments?post=41784"}],"version-history":[{"count":0,"href":"https:\/\/www.visit-ulcinj.com\/blog\/wp-json\/wp\/v2\/posts\/41784\/revisions"}],"wp:attachment":[{"href":"https:\/\/www.visit-ulcinj.com\/blog\/wp-json\/wp\/v2\/media?parent=41784"}],"wp:term":[{"taxonomy":"category","embeddable":true,"href":"https:\/\/www.visit-ulcinj.com\/blog\/wp-json\/wp\/v2\/categories?post=41784"},{"taxonomy":"post_tag","embeddable":true,"href":"https:\/\/www.visit-ulcinj.com\/blog\/wp-json\/wp\/v2\/tags?post=41784"}],"curies":[{"name":"wp","href":"https:\/\/api.w.org\/{rel}","templated":true}]}}