{"id":41807,"date":"2010-12-31T20:44:18","date_gmt":"2010-12-31T19:44:18","guid":{"rendered":"http:\/\/www.visit-ulcinj.com\/blog\/?p=41807"},"modified":"2010-12-31T20:44:18","modified_gmt":"2010-12-31T19:44:18","slug":"ulcinjani-se-danas-sa-sjetom-sjecaju-zlatnih-vremena","status":"publish","type":"post","link":"https:\/\/www.visit-ulcinj.com\/blog\/2010\/12\/31\/ulcinjani-se-danas-sa-sjetom-sjecaju-zlatnih-vremena\/","title":{"rendered":"Ulcinjani se danas sa sjetom sje\u0107aju zlatnih vremena"},"content":{"rendered":"<p><strong><a href=\"http:\/\/www.visit-ulcinj.com\/blog\/wp-content\/uploads\/2010\/12\/nudisticki-kamp-ada-bojana.3.jpg\"><img loading=\"lazy\" class=\"alignleft size-full wp-image-41808\" title=\"nudisticki kamp ada bojana.3\" src=\"http:\/\/www.visit-ulcinj.com\/blog\/wp-content\/uploads\/2010\/12\/nudisticki-kamp-ada-bojana.3.jpg\" alt=\"\" width=\"490\" height=\"390\" \/><\/a>Od Evrope do provincije<br \/>\n<\/strong>U \u010dudesnom sudaru triju civilizacija, kapitalizma i komunizma, modernog i tradicionalnog i bogatog i nema\u0161tine, Ulcinj je tih sedamdesetih godina pro\u0161log vijeka promovisan u vode\u0107i turisti\u010dki centar Crne Gore i Balkana. Rado se sje\u0107aju\u0107i tih vremena, dugogodi\u0161nji direktor u \u201eUlcinjskoj rivijeri\u201c Ru\u017edo Karamanaga ka\u017ee da su Ulcinjanima na hotelima i usluzi zavidjeli \u010dak i Dubrov\u010dani. Sje\u0107a se da su se gra\u0111evinski i turisti\u010dki bum, koji su pogodili Ulcinj po\u010detkom sedamdesetih godina, poklopili sa po\u010detkom njegovog rada u turizmu.<\/p>\n<p>&#8211; Te 1969, u Ulcinju su postojali hoteli \\&#8217;Jadran\\&#8217;, \\&#8217;Galeb\\&#8217;, \\&#8217;Mediteran\\&#8217; i vile \\&#8217;Lida\\&#8217; na Velikoj pla\u017ei. U tek otvorenom \\&#8217;Albatrosu\\&#8217;, gdje sam radio kao \u0161ef recepcije i zamjenik direktora, puna sezona je trajala od marta do polovine oktobra. U tom periodu, tra\u017eio se krevet vi\u0161e, a solidan broj gostiju imali smo i zimi. Uglavnom su to bili gosti iz Zapadne Njema\u010dke &#8211; sje\u0107a se Karamanaga. Godinu kasnije, Interturist iz Zagreba sagradio je hotel \u201eBelvi\u201c na Velikoj pla\u017ei. Tada\u0161nja uprava \u201eUlcinjske rivijere\u201c, na \u010delu sa direktorom Miodragom Mirovi\u0107em, odlu\u010duje da kupi taj hotel.<\/p>\n<p>&#8211; Zadu\u017eili smo se 5 milijardi i 200 miliona tada\u0161njih dinara, kupili \\&#8217;Belvi\\&#8217; i anga\u017eovali \u010da\u010dansko preduze\u0107e \\&#8217;Hidrogradnja\\&#8217; da nam izgradi jo\u0161 jedan hotel. Nazvali smo ga \\&#8217;Olimpik\\&#8217; i otvorili 7. jula 1971. godine &#8211; pri\u010da Karamanaga koji je bio i prvi direktor tog hotela.<br \/>\n&#8211; Prvi gosti su nam bili 70 najpoznatijih pjeva\u010da Jugoslavije koji su \\&#8217;Pjesmu ljeta\\&#8217; po\u010deli tih dana u Ulcinju, a zavr\u0161ili mjesec kasnije u Ankaranu u Sloveniji &#8211; ka\u017ee Karamanaga i sje\u0107a se nasmijanih i veselih lica Mi\u0107a Orlovi\u0107a, Tozovca, Tome Zdravkovi\u0107a, Ki\u0107a Slabinca, Gabi Novak, Radmile Karaklaji\u0107, Mikija Jevremovi\u0107a&#8230; Ulcinj je tih godina \u017eivio u transu &#8211; turisti su hrlili sa svih strana svijeta, a na sve strane grada nicali su novi hoteli i odmarali\u0161ta. Redovni gosti bili su najpoznatiji estradni umjetnici, poput \u201cSedmorice mladih\u201d, grupe \u201eMontenegro pet\u201c, Maje Od\u017eaklijevske, Tamare Pavlovi\u0107, \u201cJU grupe\u201d&#8230; Karamanaga ka\u017ee da Mirovi\u0107 tada dolazi na ideju da na pustom ostrvu, udaljenom 17km od Ulcinja, sagradi nudisti\u010dko naselje. Sa po\u010detnim kapitalom minhenske turisti\u010dke agencije \u201eMiramare\u201c, u tome uspijeva 1973. godine- iz \u201eKrivaje\u201c iz Zavidovi\u0107a sti\u017ee 50 vila tipa zarubljene piramide sa 100 le\u017eaja. Ve\u0107 prve godine, za Adu je vladalo ogromno interesovanje i ve\u0107 tada se znalo da je Ulcinj dobio jo\u0161 ne\u0161to po \u010demu \u0107e svih narednih decenija biti prepoznat na mnogim mapama svijeta.<\/p>\n<p>&#8211; Mirovi\u0107 je imao viziju razvoja turizma, iako su ga kritikovali lokalni politi\u010dari \u0161to turizam seli na Veliku pla\u017eu i Adu. Sa skepsom su pratili izgradnju hotela \\&#8217;Lido\\&#8217;, 5km udaljenog od grada, ali se sje\u0107am kako im je Mirovi\u0107 dosko\u010dio. Na otvaranje hotela stigao je Edvard Kardelj, koji je i presjekao vrpcu, pohvaliv\u0161i ulaganja na Velikoj pla\u017ei. Tada su svi za\u0107utali &#8211; sje\u0107a se Karamanaga. Na jesen te godine, Ada u tkzv. bijelim vilama 5+1, pro\u0161iruje kapacitet sa novih 350 le\u017eaja. \u201eUlcinjska rivijera\u201c ve\u0107 tada je imala vi\u0161e od hiljadu i osamsto radnika.<\/p>\n<p>&#8211; I Dubrovnik nam je zavidio na usluzi jer je svaki na\u0161 konobar znao njema\u010dki jezik, a recepcioneri i jo\u0161 poneki. Radilo se naporno u tri smjene, ali su na\u0161i radnici bili dobro pla\u0107eni. Kako i ne bi, kada nam je samo na Adi jedne godine prihod bio sedam miliona maraka, a ekstra profit 700.000 &#8211; ka\u017ee Karamanaga koji je tada bio direktor naselja na Adi. O komunisti\u010dkom produktu, zimnici, Karamanaga u \u0161ali dodaje da radnici nijesu ni razmi\u0161ljali.<br \/>\n&#8211; A za\u0161to bi kada su redovno imali i jesenicu, i proljetnicu i ljetnicu. \u010cetiri puta godi\u0161nje radnicima je dijeljeno po 50 kilograma mesa i drugih potrebnih namirnica i proizvoda &#8211; ka\u017ee Karamanaga. Ne zaboravlja da pomene Mirovi\u0107a, Safeta Divanovi\u0107a, Sulejmana Liku, \u017divka Mihajlovi\u0107a i Vlada Mitrovi\u0107a, odnosno one koji su prema njegovoj ocjeni najzaslu\u017eniji za uzlet Ulcinja.<br \/>\nNakon dono\u0161enja Zakona o udru\u017eenom radu 1974, \u201cRivijera\u201c je formirala OUR-e i pri\u0161la \u201cMontenegroturistu\u201c sa sjedi\u0161tem u Budvi. Tri godine nakon katastrofalnog zemljotresa 1979, Ada je sredstvima Fonda za obnovu i izgradnju dobila naselje LUX sa dodatnih 600 kreveta i auto-kamp. Iste godine, novcem iz Fonda za razvoj, izgra\u0111en je hotel \u201eOtrant\u201c, \u010dime \u201eUlcinjska rivijera\u201c zatvara investicioni ciklus. Slabija nego \u0161to je u\u0161la, \u201eRivijera\u201c iz \u201cMontenegroturista\u201d izlazi 1987, ali \u0107e zlatne godine trajati jo\u0161 dva-tri ljeta kada po\u010dinje slom&#8230;<br \/>\nOpusto\u0161en i razvaljen u tajkunskoj privatizaciji, Ulcinj je danas grad zalutao u vremenu koji gotovo ni\u010dim ne podsje\u0107a na diva iz sedamdesetih i osamdesetih godina pro\u0161log vijeka. Karamanaga tvrdi da je ulcinjski turizam pad do\u017eivio 1989-1990, a kona\u010dan slom dvije godine kasnije.<\/p>\n<p>&#8211; Uveli su nam ste\u010daj zbog duga Elektroprivredi od oko 200 hiljada, a \\&#8217;Budvanskoj rivijeri\\&#8217; nijesu, iako su Budvani dugovali mnogostruko vi\u0161e. Doveli su nam ste\u010dajnog upravnika da rasturi, proda, rasproda i sru\u0161i. Zato danas nema ni \\&#8217;Jadrana\\&#8217;, ni \\&#8217;Galeba\\&#8217; ni \\&#8217;Lida\\&#8217; ni njegovih vila. Nemamo hotela koji mo\u017eemo ponuditi iole ozbiljnijoj agenciji Evrope. Tako se jedan zbilja evropski turizam srozao na provincijski &#8211; ka\u017ee Karamanaga koji za stanje u \u201eRivijeri\u201c i ulcinjskom turizmu optu\u017euje ministra Predraga Nenezi\u0107a i njegove saradnike.<br \/>\n&#8211; Vjerujem da \u0107e neko odgovarati zbog ovoga \u0161to je u\u010dinjeno Ulcinju &#8211; nada se Karamanaga.<\/p>\n<p><strong>Nije lako kupiti svinjske kotlete<\/strong><\/p>\n<p><img loading=\"lazy\" class=\"alignleft\" title=\"ruzdo karamanaga\" src=\"http:\/\/www.visit-ulcinj.com\/blog\/wp-content\/uploads\/2010\/11\/Ruzhdo-Karamanaga.jpg\" alt=\"\" width=\"321\" height=\"291\" \/>Karamanaga se sje\u0107a zgode sa njema\u010dkim turistom na Adi, koji mu se, nakon dolaska iz grada, po\u017ealio kako nije nigdje mogao da na\u0111e svinjske kotlete za ro\u0161tilj.<br \/>\n&#8211; Objasnio sam mu da u Ulcinju prete\u017eno \u017eivi muslimanski \u017eivalj i da se svinjsko meso ne mo\u017ee na\u0107i u svim radnjama. Obe\u0107ao sam mu da \u0107u mu tog popodneva donijeti iz grada kotlete &#8211; prisje\u0107a se Karamanaga. Uz osmijeh, o\u017eivljava scenu iz \\&#8217;Vra\u010dara\\&#8217;, gdje je bilo i odjeljak sa svinjskim mesom.<br \/>\n&#8211; Kad sam zatra\u017eio kilo i po svinjskih kotleta, jedan kom\u0161ija koji je tu radio, pitao me \\&#8217;Ru\u017edo, da nijesi omanuo\\&#8217;. Objasnio sam o \u010demu se radi i Njemcu ponio kotlete &#8211; ka\u017ee Karamanaga i dodaje da tu ne prestaju neprijatnosti.<br \/>\n&#8211; Kada sam mu ih predao, podrugljivo me pogledao rekav\u0161i da sam ih dobio zato \u0161to sam komunista i direktor. Bilo mi je do\u0161lo da mu odalamim jednu, ali sam se suzdr\u017eao &#8211; sje\u0107a se on.<\/p>\n<p><strong>Kad generali love na zabran<\/strong><\/p>\n<p>Na Adi su boravili brojni poznati gosti, ali se Karamanaga sje\u0107a dvodnevne posjete generalne inspekcije narodne armije(GINA), koji su u naselje stigli nakon kontrole Podgori\u010dke vojne oblasti.<br \/>\n&#8211; Bilo je tu nekoliko generala, me\u0111u njima Kori\u010dik i Radakovi\u0107, a bio je na\u010delnik slu\u017ebe bezbjednosti iz Budve, \u0106ulafi\u0107. Dogovorili su se da se podijele u dvije grupe i da idu u lov &#8211; jedna grupa na patke, a druga je bila zadu\u017eena za ribu. Dogovor je bio da ne jedu ni\u0161ta iz kuhinje nego samo ono \u0161to ulove &#8211; sje\u0107a se Karamanaga i dodaje da su se i jedni i drugi vratili punih \u0161aka.<br \/>\n&#8211; Bilo je i ribe i pataka, a \u0106ulafi\u0107 je usput ustrijelio i divlju svinju od 165 kilograma. Bio je jo\u0161 jedan vepar od 40 kilograma i gozba je mogla da po\u010dne &#8211; ka\u017ee Karamanaga. Potvrdno odgovara na pitanje da li je lov bio tada zabranjen.<br \/>\n&#8211; Ali, ko je njima \u0161ta mogao zabraniti &#8211; konstatuje Karamanaga.<\/p>\n<p><strong>Samir ADROVI\u0106<br \/>\n<a href=\"http:\/\/www.vijesti.me\/\" target=\"_blank\">Vijesti<\/a><\/strong><\/p>\n<p><strong><!--YouTube Error: bad URL entered--><br \/>\n<\/strong><\/p>\n","protected":false},"excerpt":{"rendered":"<p>Od Evrope do provincije U \u010dudesnom sudaru triju civilizacija, kapitalizma i komunizma, modernog i tradicionalnog i bogatog i nema\u0161tine, Ulcinj je tih sedamdesetih godina pro\u0161log vijeka promovisan u vode\u0107i turisti\u010dki centar Crne Gore i Balkana. Rado se sje\u0107aju\u0107i tih vremena, dugogodi\u0161nji direktor u \u201eUlcinjskoj rivijeri\u201c Ru\u017edo Karamanaga ka\u017ee da su Ulcinjanima na hotelima i usluzi [&hellip;]<\/p>\n","protected":false},"author":1,"featured_media":0,"comment_status":"open","ping_status":"closed","sticky":false,"template":"","format":"standard","meta":{"spay_email":"","jetpack_publicize_message":"","jetpack_is_tweetstorm":false,"jetpack_publicize_feature_enabled":true},"categories":[8337],"tags":[138,19],"jetpack_publicize_connections":[],"yoast_head":"<!-- This site is optimized with the Yoast SEO plugin v19.1 - https:\/\/yoast.com\/wordpress\/plugins\/seo\/ -->\n<title>Ulcinjani se danas sa sjetom sje\u0107aju zlatnih vremena - Lajme nga Ulqini<\/title>\n<meta name=\"description\" content=\"Od Evrope do provincije U \u010dudesnom sudaru triju civilizacija, kapitalizma i komunizma, modernog i tradicionalnog i bogatog i nema\u0161tine, Ulcinj je tih\" \/>\n<meta name=\"robots\" content=\"index, follow, max-snippet:-1, max-image-preview:large, max-video-preview:-1\" \/>\n<link rel=\"canonical\" href=\"https:\/\/www.visit-ulcinj.com\/blog\/2010\/12\/31\/ulcinjani-se-danas-sa-sjetom-sjecaju-zlatnih-vremena\/\" \/>\n<meta property=\"og:locale\" content=\"en_US\" \/>\n<meta property=\"og:type\" content=\"article\" \/>\n<meta property=\"og:title\" content=\"Ulcinjani se danas sa sjetom sje\u0107aju zlatnih vremena - Lajme nga Ulqini\" \/>\n<meta property=\"og:description\" content=\"Od Evrope do provincije U \u010dudesnom sudaru triju civilizacija, kapitalizma i komunizma, modernog i tradicionalnog i bogatog i nema\u0161tine, Ulcinj je tih\" \/>\n<meta property=\"og:url\" content=\"https:\/\/www.visit-ulcinj.com\/blog\/2010\/12\/31\/ulcinjani-se-danas-sa-sjetom-sjecaju-zlatnih-vremena\/\" \/>\n<meta property=\"og:site_name\" content=\"Lajme nga Ulqini\" \/>\n<meta property=\"article:published_time\" content=\"2010-12-31T19:44:18+00:00\" \/>\n<meta property=\"og:image\" content=\"http:\/\/www.visit-ulcinj.com\/blog\/wp-content\/uploads\/2010\/12\/nudisticki-kamp-ada-bojana.3.jpg\" \/>\n<meta name=\"twitter:label1\" content=\"Written by\" \/>\n\t<meta name=\"twitter:data1\" content=\"ulqini\" \/>\n\t<meta name=\"twitter:label2\" content=\"Est. reading time\" \/>\n\t<meta name=\"twitter:data2\" content=\"7 minutes\" \/>\n<script type=\"application\/ld+json\" class=\"yoast-schema-graph\">{\"@context\":\"https:\/\/schema.org\",\"@graph\":[{\"@type\":\"WebSite\",\"@id\":\"https:\/\/www.visit-ulcinj.com\/blog\/#website\",\"url\":\"https:\/\/www.visit-ulcinj.com\/blog\/\",\"name\":\"Lajme nga Ulqini\",\"description\":\"Lajme,Vijesti,Ulqini,Ulqin,Crna Gora,Mali i Zi\",\"potentialAction\":[{\"@type\":\"SearchAction\",\"target\":{\"@type\":\"EntryPoint\",\"urlTemplate\":\"https:\/\/www.visit-ulcinj.com\/blog\/?s={search_term_string}\"},\"query-input\":\"required name=search_term_string\"}],\"inLanguage\":\"en-US\"},{\"@type\":\"ImageObject\",\"inLanguage\":\"en-US\",\"@id\":\"https:\/\/www.visit-ulcinj.com\/blog\/2010\/12\/31\/ulcinjani-se-danas-sa-sjetom-sjecaju-zlatnih-vremena\/#primaryimage\",\"url\":\"https:\/\/www.visit-ulcinj.com\/blog\/wp-content\/uploads\/2010\/12\/nudisticki-kamp-ada-bojana.3.jpg\",\"contentUrl\":\"https:\/\/www.visit-ulcinj.com\/blog\/wp-content\/uploads\/2010\/12\/nudisticki-kamp-ada-bojana.3.jpg\",\"width\":\"800\",\"height\":\"600\"},{\"@type\":\"WebPage\",\"@id\":\"https:\/\/www.visit-ulcinj.com\/blog\/2010\/12\/31\/ulcinjani-se-danas-sa-sjetom-sjecaju-zlatnih-vremena\/#webpage\",\"url\":\"https:\/\/www.visit-ulcinj.com\/blog\/2010\/12\/31\/ulcinjani-se-danas-sa-sjetom-sjecaju-zlatnih-vremena\/\",\"name\":\"Ulcinjani se danas sa sjetom sje\u0107aju zlatnih vremena - Lajme nga Ulqini\",\"isPartOf\":{\"@id\":\"https:\/\/www.visit-ulcinj.com\/blog\/#website\"},\"primaryImageOfPage\":{\"@id\":\"https:\/\/www.visit-ulcinj.com\/blog\/2010\/12\/31\/ulcinjani-se-danas-sa-sjetom-sjecaju-zlatnih-vremena\/#primaryimage\"},\"datePublished\":\"2010-12-31T19:44:18+00:00\",\"dateModified\":\"2010-12-31T19:44:18+00:00\",\"author\":{\"@id\":\"https:\/\/www.visit-ulcinj.com\/blog\/#\/schema\/person\/dcab619c614d3038751c63bc2aadc06d\"},\"description\":\"Od Evrope do provincije U \u010dudesnom sudaru triju civilizacija, kapitalizma i komunizma, modernog i tradicionalnog i bogatog i nema\u0161tine, Ulcinj je tih\",\"breadcrumb\":{\"@id\":\"https:\/\/www.visit-ulcinj.com\/blog\/2010\/12\/31\/ulcinjani-se-danas-sa-sjetom-sjecaju-zlatnih-vremena\/#breadcrumb\"},\"inLanguage\":\"en-US\",\"potentialAction\":[{\"@type\":\"ReadAction\",\"target\":[\"https:\/\/www.visit-ulcinj.com\/blog\/2010\/12\/31\/ulcinjani-se-danas-sa-sjetom-sjecaju-zlatnih-vremena\/\"]}]},{\"@type\":\"BreadcrumbList\",\"@id\":\"https:\/\/www.visit-ulcinj.com\/blog\/2010\/12\/31\/ulcinjani-se-danas-sa-sjetom-sjecaju-zlatnih-vremena\/#breadcrumb\",\"itemListElement\":[{\"@type\":\"ListItem\",\"position\":1,\"name\":\"Ulcinjani se danas sa sjetom sje\u0107aju zlatnih vremena\"}]},{\"@type\":\"Person\",\"@id\":\"https:\/\/www.visit-ulcinj.com\/blog\/#\/schema\/person\/dcab619c614d3038751c63bc2aadc06d\",\"name\":\"ulqini\",\"sameAs\":[\"http:\/\/www.visit-ulcinj.com\"],\"url\":\"https:\/\/www.visit-ulcinj.com\/blog\/author\/admin\/\"}]}<\/script>\n<!-- \/ Yoast SEO plugin. -->","yoast_head_json":{"title":"Ulcinjani se danas sa sjetom sje\u0107aju zlatnih vremena - Lajme nga Ulqini","description":"Od Evrope do provincije U \u010dudesnom sudaru triju civilizacija, kapitalizma i komunizma, modernog i tradicionalnog i bogatog i nema\u0161tine, Ulcinj je tih","robots":{"index":"index","follow":"follow","max-snippet":"max-snippet:-1","max-image-preview":"max-image-preview:large","max-video-preview":"max-video-preview:-1"},"canonical":"https:\/\/www.visit-ulcinj.com\/blog\/2010\/12\/31\/ulcinjani-se-danas-sa-sjetom-sjecaju-zlatnih-vremena\/","og_locale":"en_US","og_type":"article","og_title":"Ulcinjani se danas sa sjetom sje\u0107aju zlatnih vremena - Lajme nga Ulqini","og_description":"Od Evrope do provincije U \u010dudesnom sudaru triju civilizacija, kapitalizma i komunizma, modernog i tradicionalnog i bogatog i nema\u0161tine, Ulcinj je tih","og_url":"https:\/\/www.visit-ulcinj.com\/blog\/2010\/12\/31\/ulcinjani-se-danas-sa-sjetom-sjecaju-zlatnih-vremena\/","og_site_name":"Lajme nga Ulqini","article_published_time":"2010-12-31T19:44:18+00:00","og_image":[{"url":"http:\/\/www.visit-ulcinj.com\/blog\/wp-content\/uploads\/2010\/12\/nudisticki-kamp-ada-bojana.3.jpg"}],"twitter_misc":{"Written by":"ulqini","Est. reading time":"7 minutes"},"schema":{"@context":"https:\/\/schema.org","@graph":[{"@type":"WebSite","@id":"https:\/\/www.visit-ulcinj.com\/blog\/#website","url":"https:\/\/www.visit-ulcinj.com\/blog\/","name":"Lajme nga Ulqini","description":"Lajme,Vijesti,Ulqini,Ulqin,Crna Gora,Mali i Zi","potentialAction":[{"@type":"SearchAction","target":{"@type":"EntryPoint","urlTemplate":"https:\/\/www.visit-ulcinj.com\/blog\/?s={search_term_string}"},"query-input":"required name=search_term_string"}],"inLanguage":"en-US"},{"@type":"ImageObject","inLanguage":"en-US","@id":"https:\/\/www.visit-ulcinj.com\/blog\/2010\/12\/31\/ulcinjani-se-danas-sa-sjetom-sjecaju-zlatnih-vremena\/#primaryimage","url":"https:\/\/www.visit-ulcinj.com\/blog\/wp-content\/uploads\/2010\/12\/nudisticki-kamp-ada-bojana.3.jpg","contentUrl":"https:\/\/www.visit-ulcinj.com\/blog\/wp-content\/uploads\/2010\/12\/nudisticki-kamp-ada-bojana.3.jpg","width":"800","height":"600"},{"@type":"WebPage","@id":"https:\/\/www.visit-ulcinj.com\/blog\/2010\/12\/31\/ulcinjani-se-danas-sa-sjetom-sjecaju-zlatnih-vremena\/#webpage","url":"https:\/\/www.visit-ulcinj.com\/blog\/2010\/12\/31\/ulcinjani-se-danas-sa-sjetom-sjecaju-zlatnih-vremena\/","name":"Ulcinjani se danas sa sjetom sje\u0107aju zlatnih vremena - Lajme nga Ulqini","isPartOf":{"@id":"https:\/\/www.visit-ulcinj.com\/blog\/#website"},"primaryImageOfPage":{"@id":"https:\/\/www.visit-ulcinj.com\/blog\/2010\/12\/31\/ulcinjani-se-danas-sa-sjetom-sjecaju-zlatnih-vremena\/#primaryimage"},"datePublished":"2010-12-31T19:44:18+00:00","dateModified":"2010-12-31T19:44:18+00:00","author":{"@id":"https:\/\/www.visit-ulcinj.com\/blog\/#\/schema\/person\/dcab619c614d3038751c63bc2aadc06d"},"description":"Od Evrope do provincije U \u010dudesnom sudaru triju civilizacija, kapitalizma i komunizma, modernog i tradicionalnog i bogatog i nema\u0161tine, Ulcinj je tih","breadcrumb":{"@id":"https:\/\/www.visit-ulcinj.com\/blog\/2010\/12\/31\/ulcinjani-se-danas-sa-sjetom-sjecaju-zlatnih-vremena\/#breadcrumb"},"inLanguage":"en-US","potentialAction":[{"@type":"ReadAction","target":["https:\/\/www.visit-ulcinj.com\/blog\/2010\/12\/31\/ulcinjani-se-danas-sa-sjetom-sjecaju-zlatnih-vremena\/"]}]},{"@type":"BreadcrumbList","@id":"https:\/\/www.visit-ulcinj.com\/blog\/2010\/12\/31\/ulcinjani-se-danas-sa-sjetom-sjecaju-zlatnih-vremena\/#breadcrumb","itemListElement":[{"@type":"ListItem","position":1,"name":"Ulcinjani se danas sa sjetom sje\u0107aju zlatnih vremena"}]},{"@type":"Person","@id":"https:\/\/www.visit-ulcinj.com\/blog\/#\/schema\/person\/dcab619c614d3038751c63bc2aadc06d","name":"ulqini","sameAs":["http:\/\/www.visit-ulcinj.com"],"url":"https:\/\/www.visit-ulcinj.com\/blog\/author\/admin\/"}]}},"jetpack_featured_media_url":"","jetpack_sharing_enabled":true,"jetpack_shortlink":"https:\/\/wp.me\/pe6lTn-aSj","_links":{"self":[{"href":"https:\/\/www.visit-ulcinj.com\/blog\/wp-json\/wp\/v2\/posts\/41807"}],"collection":[{"href":"https:\/\/www.visit-ulcinj.com\/blog\/wp-json\/wp\/v2\/posts"}],"about":[{"href":"https:\/\/www.visit-ulcinj.com\/blog\/wp-json\/wp\/v2\/types\/post"}],"author":[{"embeddable":true,"href":"https:\/\/www.visit-ulcinj.com\/blog\/wp-json\/wp\/v2\/users\/1"}],"replies":[{"embeddable":true,"href":"https:\/\/www.visit-ulcinj.com\/blog\/wp-json\/wp\/v2\/comments?post=41807"}],"version-history":[{"count":0,"href":"https:\/\/www.visit-ulcinj.com\/blog\/wp-json\/wp\/v2\/posts\/41807\/revisions"}],"wp:attachment":[{"href":"https:\/\/www.visit-ulcinj.com\/blog\/wp-json\/wp\/v2\/media?parent=41807"}],"wp:term":[{"taxonomy":"category","embeddable":true,"href":"https:\/\/www.visit-ulcinj.com\/blog\/wp-json\/wp\/v2\/categories?post=41807"},{"taxonomy":"post_tag","embeddable":true,"href":"https:\/\/www.visit-ulcinj.com\/blog\/wp-json\/wp\/v2\/tags?post=41807"}],"curies":[{"name":"wp","href":"https:\/\/api.w.org\/{rel}","templated":true}]}}