{"id":41815,"date":"2011-01-01T10:27:21","date_gmt":"2011-01-01T09:27:21","guid":{"rendered":"http:\/\/www.visit-ulcinj.com\/blog\/?p=41815"},"modified":"2011-01-01T10:37:13","modified_gmt":"2011-01-01T09:37:13","slug":"dashuria-me-shpatin-eshte-me-e-forte-se-cdo-gje","status":"publish","type":"post","link":"https:\/\/www.visit-ulcinj.com\/blog\/2011\/01\/01\/dashuria-me-shpatin-eshte-me-e-forte-se-cdo-gje\/","title":{"rendered":"Dashuria me Shpatin \u00ebsht\u00eb m\u00eb e fort\u00eb se \u00e7do gj\u00eb"},"content":{"rendered":"<p><a href=\"http:\/\/www.visit-ulcinj.com\/blog\/wp-content\/uploads\/2011\/01\/Aferdita-Dreshaj.jpg\"><img loading=\"lazy\" class=\"alignleft size-full wp-image-41816\" title=\"Aferdita Dreshaj\" src=\"http:\/\/www.visit-ulcinj.com\/blog\/wp-content\/uploads\/2011\/01\/Aferdita-Dreshaj.jpg\" alt=\"\" width=\"490\" height=\"408\" \/><\/a>E njohim si modele, k\u00ebng\u00ebtare por m\u00eb s\u00eb shumti si e fejuara e Shpat Kasapit. Kjo \u00ebsht\u00eb Af\u00ebrdita Dreshaj e cila gjat\u00eb k\u00ebtij viti q\u00eb po l\u00ebm\u00eb pas nuk ishte aktive vet\u00ebm n\u00eb modelim, por edhe n\u00eb muzik\u00eb. Shqiptarja nga Mali i Zi e q\u00eb jeton n\u00eb Amerik\u00eb ka publikuar albumin e par\u00eb t\u00eb saj me titull \u201cJust kiss me\u201d.<\/p>\n<p>Bukuroshja Dreshaj \u00ebsht\u00eb kandidate n\u00eb \u201cMiss Universe Kosova\u201d q\u00eb do t\u00eb mbahet me 15 janar, nd\u00ebrsa thot\u00eb se d\u00ebshira p\u00ebr 2011-ten \u00ebsht\u00eb q\u00eb t\u00eb fiton k\u00ebt\u00eb gar\u00eb dhe t\u00eb prezanton Kosov\u00ebn n\u00eb spektaklin bot\u00ebror \u201cMiss Universe\u201d.<\/p>\n<p><strong>Kur menduam se je shk\u00ebputur nga skena e mod\u00ebs p\u00ebr t\u00eb kaluar n\u00eb muzik\u00eb, na doli lajmi q\u00eb po merr pjes\u00eb n\u00eb konkursin \u201cMiss Universe Kosova 2011\u201d. Cila ishte arsyeja e pjes\u00ebmarrjes t\u00ebnde n\u00eb k\u00ebt\u00eb gar\u00eb bukurie?<\/strong><\/p>\n<p>Un\u00eb asnj\u00ebher\u00eb nuk kam th\u00ebn\u00eb se jam shk\u00ebputur nga moda, p\u00ebrkundrazi kam th\u00ebn\u00eb se nuk shk\u00ebput\u00ebm, sepse skenat e mod\u00ebs ma kan\u00eb dh\u00ebn\u00eb suksesin tim m\u00eb t\u00eb madh. N\u00eb \u201cMiss Univrse Kosova\u201d vendosa t\u00eb konkurroj sepse dua t\u00eb provoj q\u00eb ta prezantoj Kosov\u00ebn n\u00eb \u201cMiss Univrse 2011\u201d, por para k\u00ebsaj un\u00eb jam duke punuar maksimalisht q\u00eb t\u00eb prezantohem sa m\u00eb bukur n\u00eb spektaklin e Kosov\u00ebs, nd\u00ebrsa juris\u00eb i mbetet t\u00eb m\u00eb vler\u00ebsoj.<\/p>\n<p><strong><a href=\"http:\/\/www.visit-ulcinj.com\/blog\/wp-content\/uploads\/2011\/01\/Aferdita-Dreshaj.2.jpg\"><img loading=\"lazy\" class=\"alignleft size-medium wp-image-41817\" title=\"Aferdita Dreshaj.2\" src=\"http:\/\/www.visit-ulcinj.com\/blog\/wp-content\/uploads\/2011\/01\/Aferdita-Dreshaj.2-200x300.jpg\" alt=\"\" width=\"200\" height=\"300\" \/><\/a>Ishte d\u00ebshira e jote p\u00ebr t\u00eb marr pjes\u00eb n\u00eb k\u00ebt\u00eb spektak\u00ebl apo t\u00eb b\u00ebn ftes\u00eb vet organizator\u00ebt?<\/strong><\/p>\n<p>Ka qen\u00eb d\u00ebshira ime e flak\u00ebt, mir\u00ebpo sa her\u00eb q\u00eb kam pas seanca fotografimi me disa fotograf, me kan\u00eb sugjeruar t\u00eb konkurroj. M\u00eb n\u00eb fund edhe vendosa!<\/p>\n<p><strong>Vler\u00ebsohesh si pretendente p\u00ebr t\u00eb fituar \u00e7mimin e par\u00eb. Pse mendon se publiku dhe juria duhet t\u00eb zgjedh ty?<\/strong><\/p>\n<p>N\u00eb radh\u00eb t\u00eb par\u00eb faleminderit p\u00ebr vler\u00ebsimin. Un\u00eb do t\u00eb jap maksimumin tim si \u00e7do her\u00eb tjet\u00ebr, nd\u00ebrsa shpresoj q\u00eb publikut dhe juris\u00eb t\u00eb i p\u00eblqejn\u00eb paraqitjet e mia.<\/p>\n<p><strong>Je nga Mali i Zi, e fejuar n\u00eb Maqedoni, jeton n\u00eb Amerik\u00eb, nd\u00ebrsa d\u00ebshiron t\u00eb p\u00ebrfaq\u00ebsosh Kosov\u00ebn n\u00eb \u201cMiss Universe 2011\u201d. Po q\u00eb se fiton, si duket jo vet\u00ebm q\u00eb do t\u00eb p\u00ebrfaq\u00ebsosh Kosov\u00ebn, por gjith\u00eb trojet shqiptare, apo?<\/strong><\/p>\n<p>N\u00ebse fitoj sigurisht se do t\u00eb p\u00ebrfaq\u00ebsoj gjith\u00eb shqiptarin\u00eb, sepse n\u00eb t\u00eb v\u00ebrtet ne jemi nj\u00eb! Mir\u00ebpo ende \u00ebsht\u00eb her\u00ebt t\u00eb flitet p\u00ebr fitues, gara \u00ebsht\u00eb e hapur dhe t\u00eb shohim se si shkojn\u00eb pun\u00ebt deri n\u00eb fund.<\/p>\n<p><strong>Megjithat\u00eb krahas sfilatave t\u00eb mod\u00ebs, nuk ke ngelur prapa as m\u00eb muzik\u00eb. Cilat kan\u00eb qen\u00eb sukseset gjat\u00eb k\u00ebtij viti?<\/strong><\/p>\n<p>-Kam sjell albumin tim t\u00eb par\u00eb \u201cJust kiss me\u201d, kam b\u00ebr\u00eb videoklipe, kam marr pjes\u00eb n\u00ebp\u00ebr koncerte dhe mbr\u00ebmje t\u00eb ndryshme muzikore, por pa l\u00ebn\u00eb anash modelimin ku isha pjes\u00eb e shum\u00eb sfilatave.<\/p>\n<p><strong>Po ndonj\u00eb plan\u00eb q\u00eb nuk t\u00eb \u00ebsht\u00eb realizuar, a ke pasur?<\/strong><\/p>\n<p>T\u00eb gjitha planet me jan\u00eb realizuar. T\u00eb shohim vitin q\u00eb po vjen!<\/p>\n<p><strong>Albumi ashtu sikur edhe k\u00ebnga me videoklip titullohet \u201cJust kiss me\u201d. Kujt i thua vet\u00ebm m\u00eb puth?<\/strong><\/p>\n<p>Duhet t\u00eb pyesni Beken, sepse ai ka qen\u00eb tekst-shkrues (haha). \u201cJust kiss me\u201d \u00ebsht\u00eb thjesht\u00eb nj\u00eb tekst i mir\u00eb i cili mua m\u00eb ka p\u00eblqyer dhe e kam k\u00ebnduar.<\/p>\n<p><strong><a href=\"http:\/\/www.visit-ulcinj.com\/blog\/wp-content\/uploads\/2011\/01\/Aferdita-Dreshaj.1.jpg\"><img loading=\"lazy\" class=\"alignleft size-full wp-image-41818\" title=\"Aferdita Dreshaj.1\" src=\"http:\/\/www.visit-ulcinj.com\/blog\/wp-content\/uploads\/2011\/01\/Aferdita-Dreshaj.1.jpg\" alt=\"\" width=\"490\" height=\"380\" \/><\/a>Megjithat\u00eb ti Af\u00ebrdita, k\u00eb e puth m\u00eb s\u00eb shpeshti dhe m\u00eb me d\u00ebshir\u00eb?<\/strong><\/p>\n<p>Shpatin dhe mamin.<\/p>\n<p><strong>Je e fejuara e Shpatit. Sa \u00ebsht\u00eb e v\u00ebshtir\u00eb q\u00eb t\u00eb jet\u00eb e fort\u00eb nj\u00eb lidhje dashurie mes dy artist\u00ebsh aq m\u00eb tep\u00ebr kur jeni larg nj\u00ebri tjetrit?<\/strong><\/p>\n<p>\u00cbsht\u00eb shum\u00eb e leht\u00eb kur ke nj\u00eb marr\u00ebveshje t\u00eb shk\u00eblqyer. Dashuria jon\u00eb \u00ebsht\u00eb me e fort se \u00e7do gj\u00eb!<\/p>\n<p><strong>N\u00eb k\u00ebng\u00ebn e fundit t\u00eb Shpatit kemi vrenjtur se p\u00ebr stilin e veshjes je p\u00ebrkujdesur ti. E b\u00ebn k\u00ebt\u00eb vet\u00ebm p\u00ebr Shpatin apo e mendon stilizimin si profesion t\u00eb ardhsh\u00ebm?<\/strong><\/p>\n<p>H\u00eb p\u00ebr h\u00eb k\u00ebt\u00eb e b\u00ebj vet\u00ebm p\u00ebr veten dhe Shpatin.<\/p>\n<p><strong>Festa e Vitit t\u00eb Ri po afrohet. Ku do ta festosh Vitin e Ri?<\/strong><\/p>\n<p>-Do t\u00eb jam me koncerte n\u00eb Kanada.<\/p>\n<p><strong><a href=\"http:\/\/www.visit-ulcinj.com\/blog\/wp-content\/uploads\/2011\/01\/Aferdita-Dreshaj.3.jpg\"><img loading=\"lazy\" class=\"alignleft size-medium wp-image-41819\" title=\"Aferdita Dreshaj.3\" src=\"http:\/\/www.visit-ulcinj.com\/blog\/wp-content\/uploads\/2011\/01\/Aferdita-Dreshaj.3-300x200.jpg\" alt=\"\" width=\"300\" height=\"200\" \/><\/a>Cila do t\u00eb ishte d\u00ebshira q\u00eb do t\u00eb doje t\u00eb plot\u00ebsohet kur akrepat sh\u00ebnojn\u00eb or\u00ebn 24.00?<\/strong><\/p>\n<p>-T\u00eb fitoj vendin e par\u00eb n\u00eb \u201cMiss Universe Kosova\u201d dhe t\u00eb p\u00ebrfaq\u00ebsoj Kosov\u00ebn n\u00eb \u201cMiss Universe\u201d. Por, kjo thjesht\u00eb \u00ebsht\u00eb d\u00ebshir\u00eb e imja sikur q\u00eb mund t\u00eb jet\u00eb e secil\u00ebs konkurrente.<\/p>\n<p><strong>Cilat jan\u00eb projektet tua p\u00ebr vitin 2011?<\/strong><\/p>\n<p>K\u00ebng\u00eb t\u00eb reja, videoklipe, sfilata dhe fotosesione t\u00eb shumta&#8230;<\/p>\n<p><strong>Po dasma \u00ebsht\u00eb n\u00eb planet e juaja t\u00eb k\u00ebtij viti?<\/strong><\/p>\n<p>Ende nuk kemi b\u00ebr\u00eb plane p\u00ebr dasm\u00eb.<\/p>\n<p><strong>Urime dhe mbarsi n\u00eb vitin 2011!<\/strong><\/p>\n<p>Urime juve dhe lexueseve tuaj t\u00eb cil\u00ebt i p\u00ebrsh\u00ebndes dhe i puth shum\u00eb.<\/p>\n<p><strong>Arben Gjinaj<\/strong><strong><br \/>\nZeri.info<br \/>\n<!--YouTube Error: bad URL entered--><\/strong><\/p>\n","protected":false},"excerpt":{"rendered":"<p>E njohim si modele, k\u00ebng\u00ebtare por m\u00eb s\u00eb shumti si e fejuara e Shpat Kasapit. Kjo \u00ebsht\u00eb Af\u00ebrdita Dreshaj e cila gjat\u00eb k\u00ebtij viti q\u00eb po l\u00ebm\u00eb pas nuk ishte aktive vet\u00ebm n\u00eb modelim, por edhe n\u00eb muzik\u00eb. Shqiptarja nga Mali i Zi e q\u00eb jeton n\u00eb Amerik\u00eb ka publikuar albumin e par\u00eb t\u00eb saj [&hellip;]<\/p>\n","protected":false},"author":1,"featured_media":0,"comment_status":"open","ping_status":"closed","sticky":false,"template":"","format":"standard","meta":{"spay_email":"","jetpack_publicize_message":"","jetpack_is_tweetstorm":false,"jetpack_publicize_feature_enabled":true},"categories":[1],"tags":[6121,12539],"jetpack_publicize_connections":[],"yoast_head":"<!-- This site is optimized with the Yoast SEO plugin v19.1 - https:\/\/yoast.com\/wordpress\/plugins\/seo\/ -->\n<title>Dashuria me Shpatin \u00ebsht\u00eb m\u00eb e fort\u00eb se \u00e7do gj\u00eb - Lajme nga Ulqini<\/title>\n<meta name=\"description\" content=\"E njohim si modele, k\u00ebng\u00ebtare por m\u00eb s\u00eb shumti si e fejuara e Shpat Kasapit. Kjo \u00ebsht\u00eb Af\u00ebrdita Dreshaj e cila gjat\u00eb k\u00ebtij viti q\u00eb po l\u00ebm\u00eb pas nuk ishte\" \/>\n<meta name=\"robots\" content=\"index, follow, max-snippet:-1, max-image-preview:large, max-video-preview:-1\" \/>\n<link rel=\"canonical\" href=\"https:\/\/www.visit-ulcinj.com\/blog\/2011\/01\/01\/dashuria-me-shpatin-eshte-me-e-forte-se-cdo-gje\/\" \/>\n<meta property=\"og:locale\" content=\"en_US\" \/>\n<meta property=\"og:type\" content=\"article\" \/>\n<meta property=\"og:title\" content=\"Dashuria me Shpatin \u00ebsht\u00eb m\u00eb e fort\u00eb se \u00e7do gj\u00eb - Lajme nga Ulqini\" \/>\n<meta property=\"og:description\" content=\"E njohim si modele, k\u00ebng\u00ebtare por m\u00eb s\u00eb shumti si e fejuara e Shpat Kasapit. Kjo \u00ebsht\u00eb Af\u00ebrdita Dreshaj e cila gjat\u00eb k\u00ebtij viti q\u00eb po l\u00ebm\u00eb pas nuk ishte\" \/>\n<meta property=\"og:url\" content=\"https:\/\/www.visit-ulcinj.com\/blog\/2011\/01\/01\/dashuria-me-shpatin-eshte-me-e-forte-se-cdo-gje\/\" \/>\n<meta property=\"og:site_name\" content=\"Lajme nga Ulqini\" \/>\n<meta property=\"article:published_time\" content=\"2011-01-01T09:27:21+00:00\" \/>\n<meta property=\"article:modified_time\" content=\"2011-01-01T09:37:13+00:00\" \/>\n<meta property=\"og:image\" content=\"http:\/\/www.visit-ulcinj.com\/blog\/wp-content\/uploads\/2011\/01\/Aferdita-Dreshaj.jpg\" \/>\n<meta name=\"twitter:label1\" content=\"Written by\" \/>\n\t<meta name=\"twitter:data1\" content=\"ulqini\" \/>\n\t<meta name=\"twitter:label2\" content=\"Est. reading time\" \/>\n\t<meta name=\"twitter:data2\" content=\"4 minutes\" \/>\n<script type=\"application\/ld+json\" class=\"yoast-schema-graph\">{\"@context\":\"https:\/\/schema.org\",\"@graph\":[{\"@type\":\"WebSite\",\"@id\":\"https:\/\/www.visit-ulcinj.com\/blog\/#website\",\"url\":\"https:\/\/www.visit-ulcinj.com\/blog\/\",\"name\":\"Lajme nga Ulqini\",\"description\":\"Lajme,Vijesti,Ulqini,Ulqin,Crna Gora,Mali i Zi\",\"potentialAction\":[{\"@type\":\"SearchAction\",\"target\":{\"@type\":\"EntryPoint\",\"urlTemplate\":\"https:\/\/www.visit-ulcinj.com\/blog\/?s={search_term_string}\"},\"query-input\":\"required name=search_term_string\"}],\"inLanguage\":\"en-US\"},{\"@type\":\"ImageObject\",\"inLanguage\":\"en-US\",\"@id\":\"https:\/\/www.visit-ulcinj.com\/blog\/2011\/01\/01\/dashuria-me-shpatin-eshte-me-e-forte-se-cdo-gje\/#primaryimage\",\"url\":\"http:\/\/www.visit-ulcinj.com\/blog\/wp-content\/uploads\/2011\/01\/Aferdita-Dreshaj.jpg\",\"contentUrl\":\"http:\/\/www.visit-ulcinj.com\/blog\/wp-content\/uploads\/2011\/01\/Aferdita-Dreshaj.jpg\"},{\"@type\":\"WebPage\",\"@id\":\"https:\/\/www.visit-ulcinj.com\/blog\/2011\/01\/01\/dashuria-me-shpatin-eshte-me-e-forte-se-cdo-gje\/#webpage\",\"url\":\"https:\/\/www.visit-ulcinj.com\/blog\/2011\/01\/01\/dashuria-me-shpatin-eshte-me-e-forte-se-cdo-gje\/\",\"name\":\"Dashuria me Shpatin \u00ebsht\u00eb m\u00eb e fort\u00eb se \u00e7do gj\u00eb - Lajme nga Ulqini\",\"isPartOf\":{\"@id\":\"https:\/\/www.visit-ulcinj.com\/blog\/#website\"},\"primaryImageOfPage\":{\"@id\":\"https:\/\/www.visit-ulcinj.com\/blog\/2011\/01\/01\/dashuria-me-shpatin-eshte-me-e-forte-se-cdo-gje\/#primaryimage\"},\"datePublished\":\"2011-01-01T09:27:21+00:00\",\"dateModified\":\"2011-01-01T09:37:13+00:00\",\"author\":{\"@id\":\"https:\/\/www.visit-ulcinj.com\/blog\/#\/schema\/person\/dcab619c614d3038751c63bc2aadc06d\"},\"description\":\"E njohim si modele, k\u00ebng\u00ebtare por m\u00eb s\u00eb shumti si e fejuara e Shpat Kasapit. Kjo \u00ebsht\u00eb Af\u00ebrdita Dreshaj e cila gjat\u00eb k\u00ebtij viti q\u00eb po l\u00ebm\u00eb pas nuk ishte\",\"breadcrumb\":{\"@id\":\"https:\/\/www.visit-ulcinj.com\/blog\/2011\/01\/01\/dashuria-me-shpatin-eshte-me-e-forte-se-cdo-gje\/#breadcrumb\"},\"inLanguage\":\"en-US\",\"potentialAction\":[{\"@type\":\"ReadAction\",\"target\":[\"https:\/\/www.visit-ulcinj.com\/blog\/2011\/01\/01\/dashuria-me-shpatin-eshte-me-e-forte-se-cdo-gje\/\"]}]},{\"@type\":\"BreadcrumbList\",\"@id\":\"https:\/\/www.visit-ulcinj.com\/blog\/2011\/01\/01\/dashuria-me-shpatin-eshte-me-e-forte-se-cdo-gje\/#breadcrumb\",\"itemListElement\":[{\"@type\":\"ListItem\",\"position\":1,\"name\":\"Dashuria me Shpatin \u00ebsht\u00eb m\u00eb e fort\u00eb se \u00e7do gj\u00eb\"}]},{\"@type\":\"Person\",\"@id\":\"https:\/\/www.visit-ulcinj.com\/blog\/#\/schema\/person\/dcab619c614d3038751c63bc2aadc06d\",\"name\":\"ulqini\",\"sameAs\":[\"http:\/\/www.visit-ulcinj.com\"],\"url\":\"https:\/\/www.visit-ulcinj.com\/blog\/author\/admin\/\"}]}<\/script>\n<!-- \/ Yoast SEO plugin. -->","yoast_head_json":{"title":"Dashuria me Shpatin \u00ebsht\u00eb m\u00eb e fort\u00eb se \u00e7do gj\u00eb - Lajme nga Ulqini","description":"E njohim si modele, k\u00ebng\u00ebtare por m\u00eb s\u00eb shumti si e fejuara e Shpat Kasapit. Kjo \u00ebsht\u00eb Af\u00ebrdita Dreshaj e cila gjat\u00eb k\u00ebtij viti q\u00eb po l\u00ebm\u00eb pas nuk ishte","robots":{"index":"index","follow":"follow","max-snippet":"max-snippet:-1","max-image-preview":"max-image-preview:large","max-video-preview":"max-video-preview:-1"},"canonical":"https:\/\/www.visit-ulcinj.com\/blog\/2011\/01\/01\/dashuria-me-shpatin-eshte-me-e-forte-se-cdo-gje\/","og_locale":"en_US","og_type":"article","og_title":"Dashuria me Shpatin \u00ebsht\u00eb m\u00eb e fort\u00eb se \u00e7do gj\u00eb - Lajme nga Ulqini","og_description":"E njohim si modele, k\u00ebng\u00ebtare por m\u00eb s\u00eb shumti si e fejuara e Shpat Kasapit. Kjo \u00ebsht\u00eb Af\u00ebrdita Dreshaj e cila gjat\u00eb k\u00ebtij viti q\u00eb po l\u00ebm\u00eb pas nuk ishte","og_url":"https:\/\/www.visit-ulcinj.com\/blog\/2011\/01\/01\/dashuria-me-shpatin-eshte-me-e-forte-se-cdo-gje\/","og_site_name":"Lajme nga Ulqini","article_published_time":"2011-01-01T09:27:21+00:00","article_modified_time":"2011-01-01T09:37:13+00:00","og_image":[{"url":"http:\/\/www.visit-ulcinj.com\/blog\/wp-content\/uploads\/2011\/01\/Aferdita-Dreshaj.jpg"}],"twitter_misc":{"Written by":"ulqini","Est. reading time":"4 minutes"},"schema":{"@context":"https:\/\/schema.org","@graph":[{"@type":"WebSite","@id":"https:\/\/www.visit-ulcinj.com\/blog\/#website","url":"https:\/\/www.visit-ulcinj.com\/blog\/","name":"Lajme nga Ulqini","description":"Lajme,Vijesti,Ulqini,Ulqin,Crna Gora,Mali i Zi","potentialAction":[{"@type":"SearchAction","target":{"@type":"EntryPoint","urlTemplate":"https:\/\/www.visit-ulcinj.com\/blog\/?s={search_term_string}"},"query-input":"required name=search_term_string"}],"inLanguage":"en-US"},{"@type":"ImageObject","inLanguage":"en-US","@id":"https:\/\/www.visit-ulcinj.com\/blog\/2011\/01\/01\/dashuria-me-shpatin-eshte-me-e-forte-se-cdo-gje\/#primaryimage","url":"http:\/\/www.visit-ulcinj.com\/blog\/wp-content\/uploads\/2011\/01\/Aferdita-Dreshaj.jpg","contentUrl":"http:\/\/www.visit-ulcinj.com\/blog\/wp-content\/uploads\/2011\/01\/Aferdita-Dreshaj.jpg"},{"@type":"WebPage","@id":"https:\/\/www.visit-ulcinj.com\/blog\/2011\/01\/01\/dashuria-me-shpatin-eshte-me-e-forte-se-cdo-gje\/#webpage","url":"https:\/\/www.visit-ulcinj.com\/blog\/2011\/01\/01\/dashuria-me-shpatin-eshte-me-e-forte-se-cdo-gje\/","name":"Dashuria me Shpatin \u00ebsht\u00eb m\u00eb e fort\u00eb se \u00e7do gj\u00eb - Lajme nga Ulqini","isPartOf":{"@id":"https:\/\/www.visit-ulcinj.com\/blog\/#website"},"primaryImageOfPage":{"@id":"https:\/\/www.visit-ulcinj.com\/blog\/2011\/01\/01\/dashuria-me-shpatin-eshte-me-e-forte-se-cdo-gje\/#primaryimage"},"datePublished":"2011-01-01T09:27:21+00:00","dateModified":"2011-01-01T09:37:13+00:00","author":{"@id":"https:\/\/www.visit-ulcinj.com\/blog\/#\/schema\/person\/dcab619c614d3038751c63bc2aadc06d"},"description":"E njohim si modele, k\u00ebng\u00ebtare por m\u00eb s\u00eb shumti si e fejuara e Shpat Kasapit. Kjo \u00ebsht\u00eb Af\u00ebrdita Dreshaj e cila gjat\u00eb k\u00ebtij viti q\u00eb po l\u00ebm\u00eb pas nuk ishte","breadcrumb":{"@id":"https:\/\/www.visit-ulcinj.com\/blog\/2011\/01\/01\/dashuria-me-shpatin-eshte-me-e-forte-se-cdo-gje\/#breadcrumb"},"inLanguage":"en-US","potentialAction":[{"@type":"ReadAction","target":["https:\/\/www.visit-ulcinj.com\/blog\/2011\/01\/01\/dashuria-me-shpatin-eshte-me-e-forte-se-cdo-gje\/"]}]},{"@type":"BreadcrumbList","@id":"https:\/\/www.visit-ulcinj.com\/blog\/2011\/01\/01\/dashuria-me-shpatin-eshte-me-e-forte-se-cdo-gje\/#breadcrumb","itemListElement":[{"@type":"ListItem","position":1,"name":"Dashuria me Shpatin \u00ebsht\u00eb m\u00eb e fort\u00eb se \u00e7do gj\u00eb"}]},{"@type":"Person","@id":"https:\/\/www.visit-ulcinj.com\/blog\/#\/schema\/person\/dcab619c614d3038751c63bc2aadc06d","name":"ulqini","sameAs":["http:\/\/www.visit-ulcinj.com"],"url":"https:\/\/www.visit-ulcinj.com\/blog\/author\/admin\/"}]}},"jetpack_featured_media_url":"","jetpack_sharing_enabled":true,"jetpack_shortlink":"https:\/\/wp.me\/pe6lTn-aSr","_links":{"self":[{"href":"https:\/\/www.visit-ulcinj.com\/blog\/wp-json\/wp\/v2\/posts\/41815"}],"collection":[{"href":"https:\/\/www.visit-ulcinj.com\/blog\/wp-json\/wp\/v2\/posts"}],"about":[{"href":"https:\/\/www.visit-ulcinj.com\/blog\/wp-json\/wp\/v2\/types\/post"}],"author":[{"embeddable":true,"href":"https:\/\/www.visit-ulcinj.com\/blog\/wp-json\/wp\/v2\/users\/1"}],"replies":[{"embeddable":true,"href":"https:\/\/www.visit-ulcinj.com\/blog\/wp-json\/wp\/v2\/comments?post=41815"}],"version-history":[{"count":0,"href":"https:\/\/www.visit-ulcinj.com\/blog\/wp-json\/wp\/v2\/posts\/41815\/revisions"}],"wp:attachment":[{"href":"https:\/\/www.visit-ulcinj.com\/blog\/wp-json\/wp\/v2\/media?parent=41815"}],"wp:term":[{"taxonomy":"category","embeddable":true,"href":"https:\/\/www.visit-ulcinj.com\/blog\/wp-json\/wp\/v2\/categories?post=41815"},{"taxonomy":"post_tag","embeddable":true,"href":"https:\/\/www.visit-ulcinj.com\/blog\/wp-json\/wp\/v2\/tags?post=41815"}],"curies":[{"name":"wp","href":"https:\/\/api.w.org\/{rel}","templated":true}]}}