{"id":41823,"date":"2011-01-02T22:00:57","date_gmt":"2011-01-02T21:00:57","guid":{"rendered":"http:\/\/www.visit-ulcinj.com\/blog\/?p=41823"},"modified":"2011-01-02T22:00:57","modified_gmt":"2011-01-02T21:00:57","slug":"ingrit-gjoni-feston-29-vjetorin","status":"publish","type":"post","link":"https:\/\/www.visit-ulcinj.com\/blog\/2011\/01\/02\/ingrit-gjoni-feston-29-vjetorin\/","title":{"rendered":"Ingrit Gjoni feston 29-vjetorin"},"content":{"rendered":"<p><a href=\"http:\/\/www.visit-ulcinj.com\/blog\/wp-content\/uploads\/2011\/01\/Ingrit-Gjoni.1.jpg\"><img loading=\"lazy\" class=\"alignleft size-full wp-image-41872\" title=\"Ingrit Gjoni.1\" src=\"http:\/\/www.visit-ulcinj.com\/blog\/wp-content\/uploads\/2011\/01\/Ingrit-Gjoni.1.jpg\" alt=\"\" width=\"490\" height=\"347\" \/><\/a>K\u00ebng\u00ebtarja e njohur e muzik\u00ebs moderne n\u00eb Shqip\u00ebri, Ingrit Gjoni ka festuar dit\u00ebn e djeshme 29-vjetorin e lindjes. Festa e supriz\u00eb e t\u00eb dashurit t\u00eb saj Genti, ka mbledhur bashk\u00eb gjith\u00eb miqt\u00eb dhe t\u00eb af\u00ebrmit e k\u00ebng\u00ebtares. Festa e dit\u00eblindjes ka nisur dje n\u00eb or\u00ebt e vona t\u00eb pasdites, dhe dhuratat q\u00eb ka marr\u00eb Gjoni kan\u00eb qen\u00eb t\u00eb shumta. Por, p\u00ebrve\u00e7se ka marr\u00eb shum\u00eb, edhe ka dhuruar shum\u00eb, pasi Ingriti feston Krishtlindjet dhe si pasoj\u00eb nuk mund t\u00eb mungonin dhuratat n\u00eb nj\u00eb dit\u00eb t\u00eb sh\u00ebnuar si kjo. Disa nga dhuratat q\u00eb mund\u00ebm t\u00eb zbulonim ishin ajo e motrave Inis dhe Ilda. Inisi p\u00ebrpos shum\u00eb dhuratave i ka bler\u00eb motr\u00ebs s\u00eb vog\u00ebl nj\u00eb bluz\u00eb t\u00eb kuqe mbi t\u00eb cil\u00ebn shkruhej VIP, duke i treguar n\u00eb k\u00ebt\u00eb m\u00ebnyr\u00eb r\u00ebnd\u00ebsin\u00eb q\u00eb ka e motra n\u00eb jet\u00ebn e saj. Ilda Gjoni, motra e madhe i ka b\u00ebr\u00eb gjithashtu nj\u00eb dhurat\u00eb shum\u00eb t\u00eb bukur motr\u00ebs s\u00eb vog\u00ebl, nj\u00eb var\u00ebse shum\u00eb e ve\u00e7ant\u00eb me kristale s\u00ebarovski. Nuk kan\u00eb munguar as dhuratat e miqve dhe t\u00eb af\u00ebrmve t\u00eb tjer\u00eb, megjithat\u00eb duket se dhurata e Gentit \u00ebsht\u00eb ajo q\u00eb ka m\u00eb shum\u00eb pesh\u00eb. \u201cDi\u00e7ka shum\u00eb e madhe dhe me vler\u00eb\u201d, thot\u00eb Ingriti nd\u00ebrsa e pyesim n\u00eb lidhje me t\u00eb, pa dashur t\u00eb b\u00ebj komente t\u00eb m\u00ebtejshme.<\/p>\n<p><strong>Bluetooth<br \/>\n<br \/>\n<!--YouTube Error: bad URL entered--><\/p>\n","protected":false},"excerpt":{"rendered":"<p>K\u00ebng\u00ebtarja e njohur e muzik\u00ebs moderne n\u00eb Shqip\u00ebri, Ingrit Gjoni ka festuar dit\u00ebn e djeshme 29-vjetorin e lindjes. Festa e supriz\u00eb e t\u00eb dashurit t\u00eb saj Genti, ka mbledhur bashk\u00eb gjith\u00eb miqt\u00eb dhe t\u00eb af\u00ebrmit e k\u00ebng\u00ebtares. Festa e dit\u00eblindjes ka nisur dje n\u00eb or\u00ebt e vona t\u00eb pasdites, dhe dhuratat q\u00eb ka marr\u00eb Gjoni [&hellip;]<\/p>\n","protected":false},"author":1,"featured_media":0,"comment_status":"open","ping_status":"closed","sticky":false,"template":"","format":"standard","meta":{"spay_email":"","jetpack_publicize_message":"","jetpack_is_tweetstorm":false,"jetpack_publicize_feature_enabled":true},"categories":[1],"tags":[14300],"jetpack_publicize_connections":[],"yoast_head":"<!-- This site is optimized with the Yoast SEO plugin v19.1 - https:\/\/yoast.com\/wordpress\/plugins\/seo\/ -->\n<title>Ingrit Gjoni feston 29-vjetorin - Lajme nga Ulqini<\/title>\n<meta name=\"description\" content=\"K\u00ebng\u00ebtarja e njohur e muzik\u00ebs moderne n\u00eb Shqip\u00ebri, Ingrit Gjoni ka festuar dit\u00ebn e djeshme 29-vjetorin e lindjes. Festa e supriz\u00eb e t\u00eb dashurit t\u00eb saj\" \/>\n<meta name=\"robots\" content=\"index, follow, max-snippet:-1, max-image-preview:large, max-video-preview:-1\" \/>\n<link rel=\"canonical\" href=\"https:\/\/www.visit-ulcinj.com\/blog\/2011\/01\/02\/ingrit-gjoni-feston-29-vjetorin\/\" \/>\n<meta property=\"og:locale\" content=\"en_US\" \/>\n<meta property=\"og:type\" content=\"article\" \/>\n<meta property=\"og:title\" content=\"Ingrit Gjoni feston 29-vjetorin - Lajme nga Ulqini\" \/>\n<meta property=\"og:description\" content=\"K\u00ebng\u00ebtarja e njohur e muzik\u00ebs moderne n\u00eb Shqip\u00ebri, Ingrit Gjoni ka festuar dit\u00ebn e djeshme 29-vjetorin e lindjes. Festa e supriz\u00eb e t\u00eb dashurit t\u00eb saj\" \/>\n<meta property=\"og:url\" content=\"https:\/\/www.visit-ulcinj.com\/blog\/2011\/01\/02\/ingrit-gjoni-feston-29-vjetorin\/\" \/>\n<meta property=\"og:site_name\" content=\"Lajme nga Ulqini\" \/>\n<meta property=\"article:published_time\" content=\"2011-01-02T21:00:57+00:00\" \/>\n<meta property=\"og:image\" content=\"https:\/\/www.visit-ulcinj.com\/blog\/wp-content\/uploads\/2011\/01\/Ingrit-Gjoni.1-150x150.jpg\" \/>\n<meta name=\"twitter:label1\" content=\"Written by\" \/>\n\t<meta name=\"twitter:data1\" content=\"ulqini\" \/>\n\t<meta name=\"twitter:label2\" content=\"Est. reading time\" \/>\n\t<meta name=\"twitter:data2\" content=\"1 minute\" \/>\n<script type=\"application\/ld+json\" class=\"yoast-schema-graph\">{\"@context\":\"https:\/\/schema.org\",\"@graph\":[{\"@type\":\"WebSite\",\"@id\":\"https:\/\/www.visit-ulcinj.com\/blog\/#website\",\"url\":\"https:\/\/www.visit-ulcinj.com\/blog\/\",\"name\":\"Lajme nga Ulqini\",\"description\":\"Lajme,Vijesti,Ulqini,Ulqin,Crna Gora,Mali i Zi\",\"potentialAction\":[{\"@type\":\"SearchAction\",\"target\":{\"@type\":\"EntryPoint\",\"urlTemplate\":\"https:\/\/www.visit-ulcinj.com\/blog\/?s={search_term_string}\"},\"query-input\":\"required name=search_term_string\"}],\"inLanguage\":\"en-US\"},{\"@type\":\"ImageObject\",\"inLanguage\":\"en-US\",\"@id\":\"https:\/\/www.visit-ulcinj.com\/blog\/2011\/01\/02\/ingrit-gjoni-feston-29-vjetorin\/#primaryimage\",\"url\":\"http:\/\/www.visit-ulcinj.com\/blog\/wp-content\/uploads\/2011\/01\/Ingrit-Gjoni.1.jpg\",\"contentUrl\":\"http:\/\/www.visit-ulcinj.com\/blog\/wp-content\/uploads\/2011\/01\/Ingrit-Gjoni.1.jpg\"},{\"@type\":\"WebPage\",\"@id\":\"https:\/\/www.visit-ulcinj.com\/blog\/2011\/01\/02\/ingrit-gjoni-feston-29-vjetorin\/#webpage\",\"url\":\"https:\/\/www.visit-ulcinj.com\/blog\/2011\/01\/02\/ingrit-gjoni-feston-29-vjetorin\/\",\"name\":\"Ingrit Gjoni feston 29-vjetorin - Lajme nga Ulqini\",\"isPartOf\":{\"@id\":\"https:\/\/www.visit-ulcinj.com\/blog\/#website\"},\"primaryImageOfPage\":{\"@id\":\"https:\/\/www.visit-ulcinj.com\/blog\/2011\/01\/02\/ingrit-gjoni-feston-29-vjetorin\/#primaryimage\"},\"datePublished\":\"2011-01-02T21:00:57+00:00\",\"dateModified\":\"2011-01-02T21:00:57+00:00\",\"author\":{\"@id\":\"https:\/\/www.visit-ulcinj.com\/blog\/#\/schema\/person\/dcab619c614d3038751c63bc2aadc06d\"},\"description\":\"K\u00ebng\u00ebtarja e njohur e muzik\u00ebs moderne n\u00eb Shqip\u00ebri, Ingrit Gjoni ka festuar dit\u00ebn e djeshme 29-vjetorin e lindjes. Festa e supriz\u00eb e t\u00eb dashurit t\u00eb saj\",\"breadcrumb\":{\"@id\":\"https:\/\/www.visit-ulcinj.com\/blog\/2011\/01\/02\/ingrit-gjoni-feston-29-vjetorin\/#breadcrumb\"},\"inLanguage\":\"en-US\",\"potentialAction\":[{\"@type\":\"ReadAction\",\"target\":[\"https:\/\/www.visit-ulcinj.com\/blog\/2011\/01\/02\/ingrit-gjoni-feston-29-vjetorin\/\"]}]},{\"@type\":\"BreadcrumbList\",\"@id\":\"https:\/\/www.visit-ulcinj.com\/blog\/2011\/01\/02\/ingrit-gjoni-feston-29-vjetorin\/#breadcrumb\",\"itemListElement\":[{\"@type\":\"ListItem\",\"position\":1,\"name\":\"Ingrit Gjoni feston 29-vjetorin\"}]},{\"@type\":\"Person\",\"@id\":\"https:\/\/www.visit-ulcinj.com\/blog\/#\/schema\/person\/dcab619c614d3038751c63bc2aadc06d\",\"name\":\"ulqini\",\"sameAs\":[\"http:\/\/www.visit-ulcinj.com\"],\"url\":\"https:\/\/www.visit-ulcinj.com\/blog\/author\/admin\/\"}]}<\/script>\n<!-- \/ Yoast SEO plugin. -->","yoast_head_json":{"title":"Ingrit Gjoni feston 29-vjetorin - Lajme nga Ulqini","description":"K\u00ebng\u00ebtarja e njohur e muzik\u00ebs moderne n\u00eb Shqip\u00ebri, Ingrit Gjoni ka festuar dit\u00ebn e djeshme 29-vjetorin e lindjes. Festa e supriz\u00eb e t\u00eb dashurit t\u00eb saj","robots":{"index":"index","follow":"follow","max-snippet":"max-snippet:-1","max-image-preview":"max-image-preview:large","max-video-preview":"max-video-preview:-1"},"canonical":"https:\/\/www.visit-ulcinj.com\/blog\/2011\/01\/02\/ingrit-gjoni-feston-29-vjetorin\/","og_locale":"en_US","og_type":"article","og_title":"Ingrit Gjoni feston 29-vjetorin - Lajme nga Ulqini","og_description":"K\u00ebng\u00ebtarja e njohur e muzik\u00ebs moderne n\u00eb Shqip\u00ebri, Ingrit Gjoni ka festuar dit\u00ebn e djeshme 29-vjetorin e lindjes. Festa e supriz\u00eb e t\u00eb dashurit t\u00eb saj","og_url":"https:\/\/www.visit-ulcinj.com\/blog\/2011\/01\/02\/ingrit-gjoni-feston-29-vjetorin\/","og_site_name":"Lajme nga Ulqini","article_published_time":"2011-01-02T21:00:57+00:00","og_image":[{"url":"https:\/\/www.visit-ulcinj.com\/blog\/wp-content\/uploads\/2011\/01\/Ingrit-Gjoni.1-150x150.jpg"}],"twitter_misc":{"Written by":"ulqini","Est. reading time":"1 minute"},"schema":{"@context":"https:\/\/schema.org","@graph":[{"@type":"WebSite","@id":"https:\/\/www.visit-ulcinj.com\/blog\/#website","url":"https:\/\/www.visit-ulcinj.com\/blog\/","name":"Lajme nga Ulqini","description":"Lajme,Vijesti,Ulqini,Ulqin,Crna Gora,Mali i Zi","potentialAction":[{"@type":"SearchAction","target":{"@type":"EntryPoint","urlTemplate":"https:\/\/www.visit-ulcinj.com\/blog\/?s={search_term_string}"},"query-input":"required name=search_term_string"}],"inLanguage":"en-US"},{"@type":"ImageObject","inLanguage":"en-US","@id":"https:\/\/www.visit-ulcinj.com\/blog\/2011\/01\/02\/ingrit-gjoni-feston-29-vjetorin\/#primaryimage","url":"http:\/\/www.visit-ulcinj.com\/blog\/wp-content\/uploads\/2011\/01\/Ingrit-Gjoni.1.jpg","contentUrl":"http:\/\/www.visit-ulcinj.com\/blog\/wp-content\/uploads\/2011\/01\/Ingrit-Gjoni.1.jpg"},{"@type":"WebPage","@id":"https:\/\/www.visit-ulcinj.com\/blog\/2011\/01\/02\/ingrit-gjoni-feston-29-vjetorin\/#webpage","url":"https:\/\/www.visit-ulcinj.com\/blog\/2011\/01\/02\/ingrit-gjoni-feston-29-vjetorin\/","name":"Ingrit Gjoni feston 29-vjetorin - Lajme nga Ulqini","isPartOf":{"@id":"https:\/\/www.visit-ulcinj.com\/blog\/#website"},"primaryImageOfPage":{"@id":"https:\/\/www.visit-ulcinj.com\/blog\/2011\/01\/02\/ingrit-gjoni-feston-29-vjetorin\/#primaryimage"},"datePublished":"2011-01-02T21:00:57+00:00","dateModified":"2011-01-02T21:00:57+00:00","author":{"@id":"https:\/\/www.visit-ulcinj.com\/blog\/#\/schema\/person\/dcab619c614d3038751c63bc2aadc06d"},"description":"K\u00ebng\u00ebtarja e njohur e muzik\u00ebs moderne n\u00eb Shqip\u00ebri, Ingrit Gjoni ka festuar dit\u00ebn e djeshme 29-vjetorin e lindjes. Festa e supriz\u00eb e t\u00eb dashurit t\u00eb saj","breadcrumb":{"@id":"https:\/\/www.visit-ulcinj.com\/blog\/2011\/01\/02\/ingrit-gjoni-feston-29-vjetorin\/#breadcrumb"},"inLanguage":"en-US","potentialAction":[{"@type":"ReadAction","target":["https:\/\/www.visit-ulcinj.com\/blog\/2011\/01\/02\/ingrit-gjoni-feston-29-vjetorin\/"]}]},{"@type":"BreadcrumbList","@id":"https:\/\/www.visit-ulcinj.com\/blog\/2011\/01\/02\/ingrit-gjoni-feston-29-vjetorin\/#breadcrumb","itemListElement":[{"@type":"ListItem","position":1,"name":"Ingrit Gjoni feston 29-vjetorin"}]},{"@type":"Person","@id":"https:\/\/www.visit-ulcinj.com\/blog\/#\/schema\/person\/dcab619c614d3038751c63bc2aadc06d","name":"ulqini","sameAs":["http:\/\/www.visit-ulcinj.com"],"url":"https:\/\/www.visit-ulcinj.com\/blog\/author\/admin\/"}]}},"jetpack_featured_media_url":"","jetpack_sharing_enabled":true,"jetpack_shortlink":"https:\/\/wp.me\/pe6lTn-aSz","_links":{"self":[{"href":"https:\/\/www.visit-ulcinj.com\/blog\/wp-json\/wp\/v2\/posts\/41823"}],"collection":[{"href":"https:\/\/www.visit-ulcinj.com\/blog\/wp-json\/wp\/v2\/posts"}],"about":[{"href":"https:\/\/www.visit-ulcinj.com\/blog\/wp-json\/wp\/v2\/types\/post"}],"author":[{"embeddable":true,"href":"https:\/\/www.visit-ulcinj.com\/blog\/wp-json\/wp\/v2\/users\/1"}],"replies":[{"embeddable":true,"href":"https:\/\/www.visit-ulcinj.com\/blog\/wp-json\/wp\/v2\/comments?post=41823"}],"version-history":[{"count":0,"href":"https:\/\/www.visit-ulcinj.com\/blog\/wp-json\/wp\/v2\/posts\/41823\/revisions"}],"wp:attachment":[{"href":"https:\/\/www.visit-ulcinj.com\/blog\/wp-json\/wp\/v2\/media?parent=41823"}],"wp:term":[{"taxonomy":"category","embeddable":true,"href":"https:\/\/www.visit-ulcinj.com\/blog\/wp-json\/wp\/v2\/categories?post=41823"},{"taxonomy":"post_tag","embeddable":true,"href":"https:\/\/www.visit-ulcinj.com\/blog\/wp-json\/wp\/v2\/tags?post=41823"}],"curies":[{"name":"wp","href":"https:\/\/api.w.org\/{rel}","templated":true}]}}