{"id":41824,"date":"2011-01-02T08:44:16","date_gmt":"2011-01-02T07:44:16","guid":{"rendered":"http:\/\/www.visit-ulcinj.com\/blog\/?p=41824"},"modified":"2011-01-02T08:44:16","modified_gmt":"2011-01-02T07:44:16","slug":"genta-ismajli-me-kenge-te-huazuar-nga-serbet","status":"publish","type":"post","link":"https:\/\/www.visit-ulcinj.com\/blog\/2011\/01\/02\/genta-ismajli-me-kenge-te-huazuar-nga-serbet\/","title":{"rendered":"Genta Ismajli, me k\u00ebng\u00eb t\u00eb huazuar nga serb\u00ebt?"},"content":{"rendered":"<p><a href=\"http:\/\/www.visit-ulcinj.com\/blog\/wp-content\/uploads\/2011\/01\/Genta-Ismajli.jpg\"><img loading=\"lazy\" class=\"alignleft size-full wp-image-41825\" title=\"Genta Ismajli\" src=\"http:\/\/www.visit-ulcinj.com\/blog\/wp-content\/uploads\/2011\/01\/Genta-Ismajli.jpg\" alt=\"\" width=\"490\" height=\"620\" \/><\/a>Hit k\u00ebng\u00ebtarja Genta Ismajli sapo ka lan\u00e7uar nj\u00eb k\u00ebng\u00eb t\u00eb re me titull \u201cPse ike\u201d t\u00eb cil\u00ebn e ka promovuar n\u00ebp\u00ebr xhirimet televizive n\u00eb televizionet kosovare dhe n\u00ebp\u00ebr videoprojekte te ndryshme.<\/p>\n<p>K\u00ebnga e Gent\u00ebs \u00ebsht\u00eb p\u00eblqyer shum\u00eb, por shumica nuk e din\u00eb versionin origjinal derisa ne jemi v\u00ebn\u00eb n\u00eb hulumtim dhe kemi zbuluar versionin e publikuar tre vite m\u00eb par\u00eb. Ka pak dit\u00eb q\u00eb kjo k\u00ebng\u00eb \u00ebsht\u00eb hedhur n\u00eb youtube dhe menj\u00ebher\u00eb jan\u00eb hedhur dyshimet q\u00eb kjo k\u00ebng\u00eb \u00ebsht\u00eb plagjiat nga nj\u00eb k\u00ebng\u00eb serbe, shkruajne &#8221;Vipat&#8221;.<\/p>\n<p>Duket se as Genta nuk i ka shp\u00ebtuar huazimit , pasi kenga e saj ka shume ngjashmei me nj\u00eb hit t\u00eb vjet\u00ebr serb q\u00eb e ka k\u00ebnduar grupi i njohur \u201cDjogani\u201d nd\u00ebrsa \u00ebsht\u00eb publikuar n\u00eb Serbi n\u00eb vitin 2008, kurse k\u00ebnga titullohej \u201cZnam ja\u201d q\u00eb n\u00eb shqip do t\u00eb thot\u00eb \u201cE di un\u00eb\u201d.<br \/>\n<br \/>\n<!--YouTube Error: bad URL entered--><\/p>\n","protected":false},"excerpt":{"rendered":"<p>Hit k\u00ebng\u00ebtarja Genta Ismajli sapo ka lan\u00e7uar nj\u00eb k\u00ebng\u00eb t\u00eb re me titull \u201cPse ike\u201d t\u00eb cil\u00ebn e ka promovuar n\u00ebp\u00ebr xhirimet televizive n\u00eb televizionet kosovare dhe n\u00ebp\u00ebr videoprojekte te ndryshme. K\u00ebnga e Gent\u00ebs \u00ebsht\u00eb p\u00eblqyer shum\u00eb, por shumica nuk e din\u00eb versionin origjinal derisa ne jemi v\u00ebn\u00eb n\u00eb hulumtim dhe kemi zbuluar versionin e [&hellip;]<\/p>\n","protected":false},"author":1,"featured_media":0,"comment_status":"open","ping_status":"closed","sticky":false,"template":"","format":"standard","meta":{"spay_email":"","jetpack_publicize_message":"","jetpack_is_tweetstorm":false,"jetpack_publicize_feature_enabled":true},"categories":[1],"tags":[323],"jetpack_publicize_connections":[],"yoast_head":"<!-- This site is optimized with the Yoast SEO plugin v19.1 - https:\/\/yoast.com\/wordpress\/plugins\/seo\/ -->\n<title>Genta Ismajli, me k\u00ebng\u00eb t\u00eb huazuar nga serb\u00ebt? - Lajme nga Ulqini<\/title>\n<meta name=\"description\" content=\"Hit k\u00ebng\u00ebtarja Genta Ismajli sapo ka lan\u00e7uar nj\u00eb k\u00ebng\u00eb t\u00eb re me titull \u201cPse ike\u201d t\u00eb cil\u00ebn e ka promovuar n\u00ebp\u00ebr xhirimet televizive n\u00eb televizionet\" \/>\n<meta name=\"robots\" content=\"index, follow, max-snippet:-1, max-image-preview:large, max-video-preview:-1\" \/>\n<link rel=\"canonical\" href=\"https:\/\/www.visit-ulcinj.com\/blog\/2011\/01\/02\/genta-ismajli-me-kenge-te-huazuar-nga-serbet\/\" \/>\n<meta property=\"og:locale\" content=\"en_US\" \/>\n<meta property=\"og:type\" content=\"article\" \/>\n<meta property=\"og:title\" content=\"Genta Ismajli, me k\u00ebng\u00eb t\u00eb huazuar nga serb\u00ebt? - Lajme nga Ulqini\" \/>\n<meta property=\"og:description\" content=\"Hit k\u00ebng\u00ebtarja Genta Ismajli sapo ka lan\u00e7uar nj\u00eb k\u00ebng\u00eb t\u00eb re me titull \u201cPse ike\u201d t\u00eb cil\u00ebn e ka promovuar n\u00ebp\u00ebr xhirimet televizive n\u00eb televizionet\" \/>\n<meta property=\"og:url\" content=\"https:\/\/www.visit-ulcinj.com\/blog\/2011\/01\/02\/genta-ismajli-me-kenge-te-huazuar-nga-serbet\/\" \/>\n<meta property=\"og:site_name\" content=\"Lajme nga Ulqini\" \/>\n<meta property=\"article:published_time\" content=\"2011-01-02T07:44:16+00:00\" \/>\n<meta property=\"og:image\" content=\"https:\/\/www.visit-ulcinj.com\/blog\/wp-content\/uploads\/2011\/01\/Genta-Ismajli-150x150.jpg\" \/>\n<meta name=\"twitter:label1\" content=\"Written by\" \/>\n\t<meta name=\"twitter:data1\" content=\"ulqini\" \/>\n\t<meta name=\"twitter:label2\" content=\"Est. reading time\" \/>\n\t<meta name=\"twitter:data2\" content=\"1 minute\" \/>\n<script type=\"application\/ld+json\" class=\"yoast-schema-graph\">{\"@context\":\"https:\/\/schema.org\",\"@graph\":[{\"@type\":\"WebSite\",\"@id\":\"https:\/\/www.visit-ulcinj.com\/blog\/#website\",\"url\":\"https:\/\/www.visit-ulcinj.com\/blog\/\",\"name\":\"Lajme nga Ulqini\",\"description\":\"Lajme,Vijesti,Ulqini,Ulqin,Crna Gora,Mali i Zi\",\"potentialAction\":[{\"@type\":\"SearchAction\",\"target\":{\"@type\":\"EntryPoint\",\"urlTemplate\":\"https:\/\/www.visit-ulcinj.com\/blog\/?s={search_term_string}\"},\"query-input\":\"required name=search_term_string\"}],\"inLanguage\":\"en-US\"},{\"@type\":\"ImageObject\",\"inLanguage\":\"en-US\",\"@id\":\"https:\/\/www.visit-ulcinj.com\/blog\/2011\/01\/02\/genta-ismajli-me-kenge-te-huazuar-nga-serbet\/#primaryimage\",\"url\":\"http:\/\/www.visit-ulcinj.com\/blog\/wp-content\/uploads\/2011\/01\/Genta-Ismajli.jpg\",\"contentUrl\":\"http:\/\/www.visit-ulcinj.com\/blog\/wp-content\/uploads\/2011\/01\/Genta-Ismajli.jpg\"},{\"@type\":\"WebPage\",\"@id\":\"https:\/\/www.visit-ulcinj.com\/blog\/2011\/01\/02\/genta-ismajli-me-kenge-te-huazuar-nga-serbet\/#webpage\",\"url\":\"https:\/\/www.visit-ulcinj.com\/blog\/2011\/01\/02\/genta-ismajli-me-kenge-te-huazuar-nga-serbet\/\",\"name\":\"Genta Ismajli, me k\u00ebng\u00eb t\u00eb huazuar nga serb\u00ebt? - Lajme nga Ulqini\",\"isPartOf\":{\"@id\":\"https:\/\/www.visit-ulcinj.com\/blog\/#website\"},\"primaryImageOfPage\":{\"@id\":\"https:\/\/www.visit-ulcinj.com\/blog\/2011\/01\/02\/genta-ismajli-me-kenge-te-huazuar-nga-serbet\/#primaryimage\"},\"datePublished\":\"2011-01-02T07:44:16+00:00\",\"dateModified\":\"2011-01-02T07:44:16+00:00\",\"author\":{\"@id\":\"https:\/\/www.visit-ulcinj.com\/blog\/#\/schema\/person\/dcab619c614d3038751c63bc2aadc06d\"},\"description\":\"Hit k\u00ebng\u00ebtarja Genta Ismajli sapo ka lan\u00e7uar nj\u00eb k\u00ebng\u00eb t\u00eb re me titull \u201cPse ike\u201d t\u00eb cil\u00ebn e ka promovuar n\u00ebp\u00ebr xhirimet televizive n\u00eb televizionet\",\"breadcrumb\":{\"@id\":\"https:\/\/www.visit-ulcinj.com\/blog\/2011\/01\/02\/genta-ismajli-me-kenge-te-huazuar-nga-serbet\/#breadcrumb\"},\"inLanguage\":\"en-US\",\"potentialAction\":[{\"@type\":\"ReadAction\",\"target\":[\"https:\/\/www.visit-ulcinj.com\/blog\/2011\/01\/02\/genta-ismajli-me-kenge-te-huazuar-nga-serbet\/\"]}]},{\"@type\":\"BreadcrumbList\",\"@id\":\"https:\/\/www.visit-ulcinj.com\/blog\/2011\/01\/02\/genta-ismajli-me-kenge-te-huazuar-nga-serbet\/#breadcrumb\",\"itemListElement\":[{\"@type\":\"ListItem\",\"position\":1,\"name\":\"Genta Ismajli, me k\u00ebng\u00eb t\u00eb huazuar nga serb\u00ebt?\"}]},{\"@type\":\"Person\",\"@id\":\"https:\/\/www.visit-ulcinj.com\/blog\/#\/schema\/person\/dcab619c614d3038751c63bc2aadc06d\",\"name\":\"ulqini\",\"sameAs\":[\"http:\/\/www.visit-ulcinj.com\"],\"url\":\"https:\/\/www.visit-ulcinj.com\/blog\/author\/admin\/\"}]}<\/script>\n<!-- \/ Yoast SEO plugin. -->","yoast_head_json":{"title":"Genta Ismajli, me k\u00ebng\u00eb t\u00eb huazuar nga serb\u00ebt? - Lajme nga Ulqini","description":"Hit k\u00ebng\u00ebtarja Genta Ismajli sapo ka lan\u00e7uar nj\u00eb k\u00ebng\u00eb t\u00eb re me titull \u201cPse ike\u201d t\u00eb cil\u00ebn e ka promovuar n\u00ebp\u00ebr xhirimet televizive n\u00eb televizionet","robots":{"index":"index","follow":"follow","max-snippet":"max-snippet:-1","max-image-preview":"max-image-preview:large","max-video-preview":"max-video-preview:-1"},"canonical":"https:\/\/www.visit-ulcinj.com\/blog\/2011\/01\/02\/genta-ismajli-me-kenge-te-huazuar-nga-serbet\/","og_locale":"en_US","og_type":"article","og_title":"Genta Ismajli, me k\u00ebng\u00eb t\u00eb huazuar nga serb\u00ebt? - Lajme nga Ulqini","og_description":"Hit k\u00ebng\u00ebtarja Genta Ismajli sapo ka lan\u00e7uar nj\u00eb k\u00ebng\u00eb t\u00eb re me titull \u201cPse ike\u201d t\u00eb cil\u00ebn e ka promovuar n\u00ebp\u00ebr xhirimet televizive n\u00eb televizionet","og_url":"https:\/\/www.visit-ulcinj.com\/blog\/2011\/01\/02\/genta-ismajli-me-kenge-te-huazuar-nga-serbet\/","og_site_name":"Lajme nga Ulqini","article_published_time":"2011-01-02T07:44:16+00:00","og_image":[{"url":"https:\/\/www.visit-ulcinj.com\/blog\/wp-content\/uploads\/2011\/01\/Genta-Ismajli-150x150.jpg"}],"twitter_misc":{"Written by":"ulqini","Est. reading time":"1 minute"},"schema":{"@context":"https:\/\/schema.org","@graph":[{"@type":"WebSite","@id":"https:\/\/www.visit-ulcinj.com\/blog\/#website","url":"https:\/\/www.visit-ulcinj.com\/blog\/","name":"Lajme nga Ulqini","description":"Lajme,Vijesti,Ulqini,Ulqin,Crna Gora,Mali i Zi","potentialAction":[{"@type":"SearchAction","target":{"@type":"EntryPoint","urlTemplate":"https:\/\/www.visit-ulcinj.com\/blog\/?s={search_term_string}"},"query-input":"required name=search_term_string"}],"inLanguage":"en-US"},{"@type":"ImageObject","inLanguage":"en-US","@id":"https:\/\/www.visit-ulcinj.com\/blog\/2011\/01\/02\/genta-ismajli-me-kenge-te-huazuar-nga-serbet\/#primaryimage","url":"http:\/\/www.visit-ulcinj.com\/blog\/wp-content\/uploads\/2011\/01\/Genta-Ismajli.jpg","contentUrl":"http:\/\/www.visit-ulcinj.com\/blog\/wp-content\/uploads\/2011\/01\/Genta-Ismajli.jpg"},{"@type":"WebPage","@id":"https:\/\/www.visit-ulcinj.com\/blog\/2011\/01\/02\/genta-ismajli-me-kenge-te-huazuar-nga-serbet\/#webpage","url":"https:\/\/www.visit-ulcinj.com\/blog\/2011\/01\/02\/genta-ismajli-me-kenge-te-huazuar-nga-serbet\/","name":"Genta Ismajli, me k\u00ebng\u00eb t\u00eb huazuar nga serb\u00ebt? - Lajme nga Ulqini","isPartOf":{"@id":"https:\/\/www.visit-ulcinj.com\/blog\/#website"},"primaryImageOfPage":{"@id":"https:\/\/www.visit-ulcinj.com\/blog\/2011\/01\/02\/genta-ismajli-me-kenge-te-huazuar-nga-serbet\/#primaryimage"},"datePublished":"2011-01-02T07:44:16+00:00","dateModified":"2011-01-02T07:44:16+00:00","author":{"@id":"https:\/\/www.visit-ulcinj.com\/blog\/#\/schema\/person\/dcab619c614d3038751c63bc2aadc06d"},"description":"Hit k\u00ebng\u00ebtarja Genta Ismajli sapo ka lan\u00e7uar nj\u00eb k\u00ebng\u00eb t\u00eb re me titull \u201cPse ike\u201d t\u00eb cil\u00ebn e ka promovuar n\u00ebp\u00ebr xhirimet televizive n\u00eb televizionet","breadcrumb":{"@id":"https:\/\/www.visit-ulcinj.com\/blog\/2011\/01\/02\/genta-ismajli-me-kenge-te-huazuar-nga-serbet\/#breadcrumb"},"inLanguage":"en-US","potentialAction":[{"@type":"ReadAction","target":["https:\/\/www.visit-ulcinj.com\/blog\/2011\/01\/02\/genta-ismajli-me-kenge-te-huazuar-nga-serbet\/"]}]},{"@type":"BreadcrumbList","@id":"https:\/\/www.visit-ulcinj.com\/blog\/2011\/01\/02\/genta-ismajli-me-kenge-te-huazuar-nga-serbet\/#breadcrumb","itemListElement":[{"@type":"ListItem","position":1,"name":"Genta Ismajli, me k\u00ebng\u00eb t\u00eb huazuar nga serb\u00ebt?"}]},{"@type":"Person","@id":"https:\/\/www.visit-ulcinj.com\/blog\/#\/schema\/person\/dcab619c614d3038751c63bc2aadc06d","name":"ulqini","sameAs":["http:\/\/www.visit-ulcinj.com"],"url":"https:\/\/www.visit-ulcinj.com\/blog\/author\/admin\/"}]}},"jetpack_featured_media_url":"","jetpack_sharing_enabled":true,"jetpack_shortlink":"https:\/\/wp.me\/pe6lTn-aSA","_links":{"self":[{"href":"https:\/\/www.visit-ulcinj.com\/blog\/wp-json\/wp\/v2\/posts\/41824"}],"collection":[{"href":"https:\/\/www.visit-ulcinj.com\/blog\/wp-json\/wp\/v2\/posts"}],"about":[{"href":"https:\/\/www.visit-ulcinj.com\/blog\/wp-json\/wp\/v2\/types\/post"}],"author":[{"embeddable":true,"href":"https:\/\/www.visit-ulcinj.com\/blog\/wp-json\/wp\/v2\/users\/1"}],"replies":[{"embeddable":true,"href":"https:\/\/www.visit-ulcinj.com\/blog\/wp-json\/wp\/v2\/comments?post=41824"}],"version-history":[{"count":0,"href":"https:\/\/www.visit-ulcinj.com\/blog\/wp-json\/wp\/v2\/posts\/41824\/revisions"}],"wp:attachment":[{"href":"https:\/\/www.visit-ulcinj.com\/blog\/wp-json\/wp\/v2\/media?parent=41824"}],"wp:term":[{"taxonomy":"category","embeddable":true,"href":"https:\/\/www.visit-ulcinj.com\/blog\/wp-json\/wp\/v2\/categories?post=41824"},{"taxonomy":"post_tag","embeddable":true,"href":"https:\/\/www.visit-ulcinj.com\/blog\/wp-json\/wp\/v2\/tags?post=41824"}],"curies":[{"name":"wp","href":"https:\/\/api.w.org\/{rel}","templated":true}]}}