{"id":41866,"date":"2011-01-02T21:42:09","date_gmt":"2011-01-02T20:42:09","guid":{"rendered":"http:\/\/www.visit-ulcinj.com\/blog\/?p=41866"},"modified":"2011-01-02T21:42:09","modified_gmt":"2011-01-02T20:42:09","slug":"aurela-gace-publiku-nuk-manipulohet-ai-ma-dha-%e2%80%98ok","status":"publish","type":"post","link":"https:\/\/www.visit-ulcinj.com\/blog\/2011\/01\/02\/aurela-gace-publiku-nuk-manipulohet-ai-ma-dha-%e2%80%98ok\/","title":{"rendered":"Aurela Ga\u00e7e: Publiku nuk manipulohet, ai ma dha \u2018OK"},"content":{"rendered":"<p><a href=\"http:\/\/www.visit-ulcinj.com\/blog\/wp-content\/uploads\/2011\/01\/Aurela-Ga\u00e7e.jpg\"><img loading=\"lazy\" class=\"alignleft size-full wp-image-41867\" title=\"Aurela Ga\u00e7e\" src=\"http:\/\/www.visit-ulcinj.com\/blog\/wp-content\/uploads\/2011\/01\/Aurela-Ga\u00e7e.jpg\" alt=\"\" width=\"490\" height=\"380\" \/><\/a>Pas zhurm\u00ebs q\u00eb \u00ebsht\u00eb b\u00ebr\u00eb k\u00ebto dit\u00eb n\u00eb media nga kantautori Alban Sk\u00ebnderaj n\u00eb lidhje me \u00e7mimin e par\u00eb t\u00eb Festivalit t\u00eb RTSH-s\u00eb (gjithashtu pjes\u00ebmarr\u00ebs n\u00eb k\u00ebt\u00eb edicion), p\u00ebrgjigjet sot p\u00ebr her\u00eb t\u00eb par\u00eb nga Amerika, k\u00ebng\u00ebtarja fituese Aurela Ga\u00e7e. Ndon\u00ebse \u00ebsht\u00eb e r\u00ebnd\u00eb p\u00ebr t\u00eb si artiste t\u00eb d\u00ebgjoj\u00eb a lexoj\u00eb deklarata t\u00eb tilla nga koleg\u00eb, Ga\u00e7e \u00ebsht\u00eb e lumtur q\u00eb p\u00ebrpos juris\u00eb edhe publiku i dha \u201cOK\u201d k\u00ebng\u00ebs s\u00eb saj. Madje ve\u00e7 tyre, edhe kompozitor\u00ebt e k\u00ebng\u00ebtar\u00ebt pjes\u00ebmarr\u00ebs sapo kan\u00eb d\u00ebgjuar k\u00ebng\u00ebn e saj, e kan\u00eb uruar Aurel\u00ebn p\u00ebr k\u00ebng\u00ebn pjes\u00ebmarr\u00ebse, duke dal\u00eb k\u00ebshtu krah gjykimit t\u00eb juris\u00eb&#8230; Kontratat e n\u00ebnshkruara koh\u00eb p\u00ebrpara festivalit, kan\u00eb b\u00ebr\u00eb q\u00eb ajo t\u00eb udh\u00ebtoj\u00eb drejt Amerik\u00ebs si pasoj\u00eb e angazhimeve muzikore, ama k\u00ebt\u00eb her\u00eb me nj\u00eb k\u00ebnaq\u00ebsi t\u00eb l\u00ebn\u00eb p\u00ebrgjysm\u00eb, por q\u00eb \u00ebsht\u00eb m\u00eb e madhe se \u00e7do gj\u00eb tjet\u00ebr&#8230; Po \u00e7far\u00eb na rr\u00ebfen sot artistja e njohur? E zbulojm\u00eb bashk\u00eb p\u00ebrmes k\u00ebtij rr\u00ebfimi ekskluziv&#8230;<\/p>\n<p><strong>Aurela, sapo mor\u00ebt \u00e7mimin e par\u00eb n\u00eb Festivalin n\u00eb RTSH u larguat p\u00ebr n\u00eb SHBA, p\u00ebrse gjith\u00eb ky nxitim?<\/strong><\/p>\n<p>Normalisht do t\u00eb kisha dashur t\u00eb q\u00ebndroja n\u00eb Shqip\u00ebri pas g\u00ebzimit t\u00eb festivalit, por un\u00eb kisha parashikuar muaj m\u00eb par\u00eb q\u00eb net\u00ebt e Vitit t\u00eb Ri do t\u00eb k\u00ebndoja n\u00eb disa qytete. Dhe festivali, si\u00e7 edhe e kam th\u00ebn\u00eb ishte di\u00e7ka q\u00eb un\u00eb nuk e kisha planifikuar n\u00eb axhend\u00ebn e k\u00ebtij viti. Sigurisht q\u00eb ende jam e emocionuar nga festivali, nga \u00e7mimi, por edhe nga k\u00ebnga e bukur q\u00eb krijoi kompozitori Shp\u00ebtim Sara\u00e7i dhe teksti aq i v\u00ebrtet\u00eb p\u00ebr mua i Sokol Marsit. Nga ana tjet\u00ebr p\u00ebrve\u00e7 emocionit kam edhe nj\u00eb lloj ankthi q\u00eb besoj do t\u00eb vazhdoj\u00eb gjat\u00eb gjith\u00eb k\u00ebtyre pes\u00eb muajve deri sa t\u00eb vij\u00eb koha e Festivalit Evropian.<\/p>\n<p><strong>E prisnit vendin e par\u00eb n\u00eb festival?<\/strong><\/p>\n<p>Arsyeja e par\u00eb q\u00eb un\u00eb mora pjes\u00eb n\u00eb festival \u00ebsht\u00eb muzika e bukur q\u00eb krijoi Shp\u00ebtimi. N\u00eb m\u00ebdyshjen time p\u00ebr t\u00eb marr\u00eb apo jo pjes\u00eb n\u00eb festival fitoi melodia e krijuar nga Shp\u00ebtimi, i cili k\u00ebmb\u00ebnguli fort q\u00eb un\u00eb t\u00eb merrja pjes\u00eb n\u00eb festival. Un\u00eb nuk mund ta lija at\u00eb k\u00ebng\u00eb t\u00eb bukur t\u00eb m\u00eb ikte nga duart dhe m\u00eb pas sigurisht q\u00eb e d\u00ebshiroja vendin e par\u00eb, m\u00eb ngacmonte d\u00ebshira p\u00ebr t\u00eb provuar edhe veten mes t\u00eb tjer\u00eb k\u00ebng\u00ebtar\u00ebve nga Evropa n\u00eb sken\u00ebn e Eurovizionit. Nuk mund t\u00eb them se nuk e pretendoja vendin e par\u00eb.<\/p>\n<p><strong>Alban Sk\u00ebnderaj, n\u00eb intervist\u00ebn e tij m\u00eb t\u00eb fundit p\u00ebr nj\u00eb media kosovare ka pohuar se festivali ishte i manipuluar\u2026Cili \u00ebsht\u00eb reagimi juaj n\u00eb lidhje me k\u00ebt\u00eb, Aurela?<\/strong><\/p>\n<p>Po ju them di\u00e7ka para se t\u2019i p\u00ebrgjigjem k\u00ebsaj pyetjeje. Kur kam marr\u00eb pjes\u00eb p\u00ebr her\u00eb t\u00eb par\u00eb n\u00eb Festivalin e RTSH, me k\u00ebng\u00ebn \u201cPegaso\u201d, isha e panjohur p\u00ebr t\u00eb gjith\u00eb dhe kisha nj\u00eb ndjesi se do t\u00eb hyja n\u00eb finale. Kur lexohen emrat e finalist\u00ebve, del q\u00eb n\u00eb finale nuk isha dhe brenda pak \u00e7astesh kompjuteri nxjerr n\u00eb ekran pik\u00ebt dhe un\u00eb sipas llogarive korrekte isha n\u00eb finale. Nj\u00eb tjet\u00ebr rast ka qen\u00eb kur kam fituar vendin e par\u00eb t\u00eb festivalit me k\u00ebng\u00ebn \u201cS\u2019jam tribu\u201d, n\u00eb fillim u tha q\u00eb un\u00eb isha n\u00eb vend t\u00eb dyt\u00eb, Zoti \u00e7oi Mevlan Shanajn t\u00eb rishihte pik\u00ebt dhe doli q\u00eb un\u00eb isha n\u00eb vend t\u00eb par\u00eb. I tregova k\u00ebto dy ngjarje p\u00ebr t\u00eb th\u00ebn\u00eb se un\u00eb i besoj shum\u00eb asaj intuit\u00ebs sime. Para se Shp\u00ebtimi t\u00eb m\u00eb ofronte iden\u00eb p\u00ebr t\u00eb bashk\u00ebpunuar, n\u00eb nj\u00eb tavolin\u00eb mes miqsh d\u00ebgjoj q\u00eb festivali do t\u00eb fitohet nga Alban Sk\u00ebnderaj. As nuk ua vura veshin, sepse jo vet\u00ebm nuk ishte n\u00eb interesin tim, por s\u00eb dyti gjithmon\u00eb kur hyn n\u00eb gar\u00eb nj\u00eb k\u00ebng\u00ebtar i mir\u00eb q\u00eb ka marr\u00eb \u00e7mime, ai paragjykohet. N\u00eb momentin q\u00eb hyra n\u00eb gar\u00eb, shum\u00eb njer\u00ebz m\u00eb thoshin, \u201ckot merr pjes\u00eb, \u00e7mimin do ta marr\u00eb Albani\u201d, madje mesa di, kishin shkruar edhe gazetat p\u00ebr k\u00ebt\u00eb gj\u00eb. E kam th\u00ebn\u00eb para festivalit publikisht, q\u00eb un\u00eb besoj q\u00eb gjithsecili ka t\u00eb ve\u00e7ant\u00ebn e vet, sjell at\u00eb q\u00eb sjell n\u00eb sken\u00eb, at\u00eb emocion q\u00eb ka Albani ose dikush tjet\u00ebr un\u00eb nuk e kam, por edhe dikush tjet\u00ebr nuk ka at\u00eb q\u00eb un\u00eb kam. K\u00ebshtu q\u00eb n\u00eb gar\u00eb futemi gjithsecili me ato q\u00eb i ka falur Zoti dhe nuk m\u00eb tremb konkurrenca dhe i jap dor\u00ebn fituesit gjithmon\u00eb n\u00ebse e meriton. Gjat\u00eb dit\u00ebve t\u00eb provave koleg\u00ebt por edhe kompozitor\u00eb, para se t\u00eb d\u00ebgjonin k\u00ebng\u00ebn time, m\u00eb thoshin t\u00eb nj\u00ebjtin thashethem p\u00ebr Albanin, kur d\u00ebgjuan k\u00ebng\u00ebn time t\u00eb gjith\u00eb m\u00eb takonin dhe m\u00eb thoshin \u201cti do t\u00eb fitosh\u201d, madje kishte nga ata q\u00eb m\u00eb thoshin \u201curime n\u00eb Eurovizion tani\u201d. Un\u00eb nuk doja t\u00eb ushqeja veten sepse emocionohem dhe kjo nuk t\u00eb b\u00ebn mir\u00eb kur je n\u00eb gar\u00eb e sidomos n\u00eb sken\u00eb, por ama kisha nj\u00eb ndjesi shum\u00eb t\u00eb mir\u00eb p\u00ebr k\u00ebt\u00eb k\u00ebng\u00eb, pasi impaktin e par\u00eb e kisha marr\u00eb dhe brenda vetes ndihesha mir\u00eb.<\/p>\n<p><strong>Por p\u00ebrve\u00e7 asaj \u00e7far\u00eb Albani ka th\u00ebn\u00eb, dy dit\u00eb para finales s\u00eb festivalit u tha n\u00eb emisionin \u2018Fiks Fare\u2019 se ju do t\u00eb ishit fituesja e festivalit\u2026<br \/>\n<\/strong><strong><br \/>\n<\/strong>Un\u00eb tani po e d\u00ebgjoj k\u00ebt\u00eb, por nuk kan\u00eb pasur faj q\u00eb e kan\u00eb th\u00ebn\u00eb. Dit\u00ebt e festivalit t\u00eb gjith\u00eb ata q\u00eb kishin d\u00ebgjuar k\u00ebng\u00ebn time m\u00eb uronin mua dhe Shp\u00ebtimin dhe m\u00eb thoshin se ti do t\u00eb shkosh n\u00eb Eurovizion. Reagimin pozitiv p\u00ebrve\u00e7 atyre miqve q\u00eb ua kisha treguar k\u00ebng\u00ebn, un\u00eb e mora para festivalit pik\u00ebrisht prej koleg\u00ebve. Por pavar\u00ebsisht gjith\u00e7kaje q\u00eb mund t\u00eb thon\u00eb e pretendojn\u00eb, un\u00eb jam shum\u00eb e lumtur p\u00ebr emocionin q\u00eb kam marr\u00eb nga publiku. Kur dola n\u00eb sken\u00eb n\u00eb nat\u00ebn finale pati duartrokitje q\u00eb ishin p\u00ebr mua dhe jo p\u00ebr k\u00ebng\u00ebn. Kur kam mbaruar interpretimin publiku ka duartrokitur n\u00eb m\u00ebnyr\u00eb masive, dhe mund t\u00eb hyni n\u00eb \u2018Youtube\u2019 dhe t\u00eb shihni q\u00eb kan\u00eb qen\u00eb duartrokitjet m\u00eb t\u00eb gjata. Kur an\u00ebtar\u00ebt e juris\u00eb jepnin publikisht pik\u00ebt p\u00ebr k\u00ebng\u00ebtar\u00ebt, n\u00eb momentin q\u00eb jepnin maksimumin p\u00ebr mua salla duartrokiste. Kur un\u00eb kam interpretuar k\u00ebng\u00ebn si fituese salla ka duartrokitur gjat\u00eb koh\u00ebs q\u00eb un\u00eb k\u00ebndoja dhe ka ndenjur deri n\u00eb fund dhe vazhdonte t\u00eb duartrokiste. Kjo ka qen\u00eb nj\u00eb lumturi m\u00eb e madhe se \u00e7mimi. Duartrokitjet nuk k\u00ebrkohen, jepen kur i ndjejn\u00eb! Dhe ajo q\u00eb m\u00eb b\u00ebn mua t\u00eb jem shum\u00eb e lumtur \u00ebsht\u00eb se publiku e miratoi vendimin e juris\u00eb.<\/p>\n<p><strong>Duke ju uruar me gjith\u00eb zem\u00ebr sa m\u00eb shum\u00eb suksese n\u00eb Eurovizion, ju falenderoj shum\u00eb p\u00ebr intervist\u00ebn&#8230;<\/strong><\/p>\n<p>Faleminderit, un\u00eb do t\u00eb doja t\u00eb uroja gjith\u00eb shqiptar\u00ebt n\u00eb k\u00ebt\u00eb fundvit dhe ju premtoj se do t\u00eb b\u00ebj t\u00eb pamundur\u00ebn q\u00eb t\u2019ju p\u00ebrfaq\u00ebsoj denj\u00ebsisht n\u00eb Eurovizion!<\/p>\n<p><strong>(d.b\/GSH\/BalkanWeb)<br \/>\n<!--YouTube Error: bad URL entered--><\/strong><\/p>\n","protected":false},"excerpt":{"rendered":"<p>Pas zhurm\u00ebs q\u00eb \u00ebsht\u00eb b\u00ebr\u00eb k\u00ebto dit\u00eb n\u00eb media nga kantautori Alban Sk\u00ebnderaj n\u00eb lidhje me \u00e7mimin e par\u00eb t\u00eb Festivalit t\u00eb RTSH-s\u00eb (gjithashtu pjes\u00ebmarr\u00ebs n\u00eb k\u00ebt\u00eb edicion), p\u00ebrgjigjet sot p\u00ebr her\u00eb t\u00eb par\u00eb nga Amerika, k\u00ebng\u00ebtarja fituese Aurela Ga\u00e7e. Ndon\u00ebse \u00ebsht\u00eb e r\u00ebnd\u00eb p\u00ebr t\u00eb si artiste t\u00eb d\u00ebgjoj\u00eb a lexoj\u00eb deklarata t\u00eb tilla [&hellip;]<\/p>\n","protected":false},"author":1,"featured_media":0,"comment_status":"open","ping_status":"closed","sticky":false,"template":"","format":"standard","meta":{"spay_email":"","jetpack_publicize_message":"","jetpack_is_tweetstorm":false,"jetpack_publicize_feature_enabled":true},"categories":[1],"tags":[4019,5088,16839,3797],"jetpack_publicize_connections":[],"yoast_head":"<!-- This site is optimized with the Yoast SEO plugin v19.1 - https:\/\/yoast.com\/wordpress\/plugins\/seo\/ -->\n<title>Aurela Ga\u00e7e: Publiku nuk manipulohet, ai ma dha \u2018OK - Lajme nga Ulqini<\/title>\n<meta name=\"description\" content=\"Pas zhurm\u00ebs q\u00eb \u00ebsht\u00eb b\u00ebr\u00eb k\u00ebto dit\u00eb n\u00eb media nga kantautori Alban Sk\u00ebnderaj n\u00eb lidhje me \u00e7mimin e par\u00eb t\u00eb Festivalit t\u00eb RTSH-s\u00eb (gjithashtu pjes\u00ebmarr\u00ebs n\u00eb\" \/>\n<meta name=\"robots\" content=\"index, follow, max-snippet:-1, max-image-preview:large, max-video-preview:-1\" \/>\n<link rel=\"canonical\" href=\"https:\/\/www.visit-ulcinj.com\/blog\/2011\/01\/02\/aurela-gace-publiku-nuk-manipulohet-ai-ma-dha-\u2018ok\/\" \/>\n<meta property=\"og:locale\" content=\"en_US\" \/>\n<meta property=\"og:type\" content=\"article\" \/>\n<meta property=\"og:title\" content=\"Aurela Ga\u00e7e: Publiku nuk manipulohet, ai ma dha \u2018OK - Lajme nga Ulqini\" \/>\n<meta property=\"og:description\" content=\"Pas zhurm\u00ebs q\u00eb \u00ebsht\u00eb b\u00ebr\u00eb k\u00ebto dit\u00eb n\u00eb media nga kantautori Alban Sk\u00ebnderaj n\u00eb lidhje me \u00e7mimin e par\u00eb t\u00eb Festivalit t\u00eb RTSH-s\u00eb (gjithashtu pjes\u00ebmarr\u00ebs n\u00eb\" \/>\n<meta property=\"og:url\" content=\"https:\/\/www.visit-ulcinj.com\/blog\/2011\/01\/02\/aurela-gace-publiku-nuk-manipulohet-ai-ma-dha-\u2018ok\/\" \/>\n<meta property=\"og:site_name\" content=\"Lajme nga Ulqini\" \/>\n<meta property=\"article:published_time\" content=\"2011-01-02T20:42:09+00:00\" \/>\n<meta name=\"twitter:label1\" content=\"Written by\" \/>\n\t<meta name=\"twitter:data1\" content=\"ulqini\" \/>\n\t<meta name=\"twitter:label2\" content=\"Est. reading time\" \/>\n\t<meta name=\"twitter:data2\" content=\"6 minutes\" \/>\n<script type=\"application\/ld+json\" class=\"yoast-schema-graph\">{\"@context\":\"https:\/\/schema.org\",\"@graph\":[{\"@type\":\"WebSite\",\"@id\":\"https:\/\/www.visit-ulcinj.com\/blog\/#website\",\"url\":\"https:\/\/www.visit-ulcinj.com\/blog\/\",\"name\":\"Lajme nga Ulqini\",\"description\":\"Lajme,Vijesti,Ulqini,Ulqin,Crna Gora,Mali i Zi\",\"potentialAction\":[{\"@type\":\"SearchAction\",\"target\":{\"@type\":\"EntryPoint\",\"urlTemplate\":\"https:\/\/www.visit-ulcinj.com\/blog\/?s={search_term_string}\"},\"query-input\":\"required name=search_term_string\"}],\"inLanguage\":\"en-US\"},{\"@type\":\"WebPage\",\"@id\":\"https:\/\/www.visit-ulcinj.com\/blog\/2011\/01\/02\/aurela-gace-publiku-nuk-manipulohet-ai-ma-dha-%e2%80%98ok\/#webpage\",\"url\":\"https:\/\/www.visit-ulcinj.com\/blog\/2011\/01\/02\/aurela-gace-publiku-nuk-manipulohet-ai-ma-dha-%e2%80%98ok\/\",\"name\":\"Aurela Ga\u00e7e: Publiku nuk manipulohet, ai ma dha \u2018OK - Lajme nga Ulqini\",\"isPartOf\":{\"@id\":\"https:\/\/www.visit-ulcinj.com\/blog\/#website\"},\"datePublished\":\"2011-01-02T20:42:09+00:00\",\"dateModified\":\"2011-01-02T20:42:09+00:00\",\"author\":{\"@id\":\"https:\/\/www.visit-ulcinj.com\/blog\/#\/schema\/person\/dcab619c614d3038751c63bc2aadc06d\"},\"description\":\"Pas zhurm\u00ebs q\u00eb \u00ebsht\u00eb b\u00ebr\u00eb k\u00ebto dit\u00eb n\u00eb media nga kantautori Alban Sk\u00ebnderaj n\u00eb lidhje me \u00e7mimin e par\u00eb t\u00eb Festivalit t\u00eb RTSH-s\u00eb (gjithashtu pjes\u00ebmarr\u00ebs n\u00eb\",\"breadcrumb\":{\"@id\":\"https:\/\/www.visit-ulcinj.com\/blog\/2011\/01\/02\/aurela-gace-publiku-nuk-manipulohet-ai-ma-dha-%e2%80%98ok\/#breadcrumb\"},\"inLanguage\":\"en-US\",\"potentialAction\":[{\"@type\":\"ReadAction\",\"target\":[\"https:\/\/www.visit-ulcinj.com\/blog\/2011\/01\/02\/aurela-gace-publiku-nuk-manipulohet-ai-ma-dha-%e2%80%98ok\/\"]}]},{\"@type\":\"BreadcrumbList\",\"@id\":\"https:\/\/www.visit-ulcinj.com\/blog\/2011\/01\/02\/aurela-gace-publiku-nuk-manipulohet-ai-ma-dha-%e2%80%98ok\/#breadcrumb\",\"itemListElement\":[{\"@type\":\"ListItem\",\"position\":1,\"name\":\"Aurela Ga\u00e7e: Publiku nuk manipulohet, ai ma dha \u2018OK\"}]},{\"@type\":\"Person\",\"@id\":\"https:\/\/www.visit-ulcinj.com\/blog\/#\/schema\/person\/dcab619c614d3038751c63bc2aadc06d\",\"name\":\"ulqini\",\"sameAs\":[\"http:\/\/www.visit-ulcinj.com\"],\"url\":\"https:\/\/www.visit-ulcinj.com\/blog\/author\/admin\/\"}]}<\/script>\n<!-- \/ Yoast SEO plugin. -->","yoast_head_json":{"title":"Aurela Ga\u00e7e: Publiku nuk manipulohet, ai ma dha \u2018OK - Lajme nga Ulqini","description":"Pas zhurm\u00ebs q\u00eb \u00ebsht\u00eb b\u00ebr\u00eb k\u00ebto dit\u00eb n\u00eb media nga kantautori Alban Sk\u00ebnderaj n\u00eb lidhje me \u00e7mimin e par\u00eb t\u00eb Festivalit t\u00eb RTSH-s\u00eb (gjithashtu pjes\u00ebmarr\u00ebs n\u00eb","robots":{"index":"index","follow":"follow","max-snippet":"max-snippet:-1","max-image-preview":"max-image-preview:large","max-video-preview":"max-video-preview:-1"},"canonical":"https:\/\/www.visit-ulcinj.com\/blog\/2011\/01\/02\/aurela-gace-publiku-nuk-manipulohet-ai-ma-dha-\u2018ok\/","og_locale":"en_US","og_type":"article","og_title":"Aurela Ga\u00e7e: Publiku nuk manipulohet, ai ma dha \u2018OK - Lajme nga Ulqini","og_description":"Pas zhurm\u00ebs q\u00eb \u00ebsht\u00eb b\u00ebr\u00eb k\u00ebto dit\u00eb n\u00eb media nga kantautori Alban Sk\u00ebnderaj n\u00eb lidhje me \u00e7mimin e par\u00eb t\u00eb Festivalit t\u00eb RTSH-s\u00eb (gjithashtu pjes\u00ebmarr\u00ebs n\u00eb","og_url":"https:\/\/www.visit-ulcinj.com\/blog\/2011\/01\/02\/aurela-gace-publiku-nuk-manipulohet-ai-ma-dha-\u2018ok\/","og_site_name":"Lajme nga Ulqini","article_published_time":"2011-01-02T20:42:09+00:00","twitter_misc":{"Written by":"ulqini","Est. reading time":"6 minutes"},"schema":{"@context":"https:\/\/schema.org","@graph":[{"@type":"WebSite","@id":"https:\/\/www.visit-ulcinj.com\/blog\/#website","url":"https:\/\/www.visit-ulcinj.com\/blog\/","name":"Lajme nga Ulqini","description":"Lajme,Vijesti,Ulqini,Ulqin,Crna Gora,Mali i Zi","potentialAction":[{"@type":"SearchAction","target":{"@type":"EntryPoint","urlTemplate":"https:\/\/www.visit-ulcinj.com\/blog\/?s={search_term_string}"},"query-input":"required name=search_term_string"}],"inLanguage":"en-US"},{"@type":"WebPage","@id":"https:\/\/www.visit-ulcinj.com\/blog\/2011\/01\/02\/aurela-gace-publiku-nuk-manipulohet-ai-ma-dha-%e2%80%98ok\/#webpage","url":"https:\/\/www.visit-ulcinj.com\/blog\/2011\/01\/02\/aurela-gace-publiku-nuk-manipulohet-ai-ma-dha-%e2%80%98ok\/","name":"Aurela Ga\u00e7e: Publiku nuk manipulohet, ai ma dha \u2018OK - Lajme nga Ulqini","isPartOf":{"@id":"https:\/\/www.visit-ulcinj.com\/blog\/#website"},"datePublished":"2011-01-02T20:42:09+00:00","dateModified":"2011-01-02T20:42:09+00:00","author":{"@id":"https:\/\/www.visit-ulcinj.com\/blog\/#\/schema\/person\/dcab619c614d3038751c63bc2aadc06d"},"description":"Pas zhurm\u00ebs q\u00eb \u00ebsht\u00eb b\u00ebr\u00eb k\u00ebto dit\u00eb n\u00eb media nga kantautori Alban Sk\u00ebnderaj n\u00eb lidhje me \u00e7mimin e par\u00eb t\u00eb Festivalit t\u00eb RTSH-s\u00eb (gjithashtu pjes\u00ebmarr\u00ebs n\u00eb","breadcrumb":{"@id":"https:\/\/www.visit-ulcinj.com\/blog\/2011\/01\/02\/aurela-gace-publiku-nuk-manipulohet-ai-ma-dha-%e2%80%98ok\/#breadcrumb"},"inLanguage":"en-US","potentialAction":[{"@type":"ReadAction","target":["https:\/\/www.visit-ulcinj.com\/blog\/2011\/01\/02\/aurela-gace-publiku-nuk-manipulohet-ai-ma-dha-%e2%80%98ok\/"]}]},{"@type":"BreadcrumbList","@id":"https:\/\/www.visit-ulcinj.com\/blog\/2011\/01\/02\/aurela-gace-publiku-nuk-manipulohet-ai-ma-dha-%e2%80%98ok\/#breadcrumb","itemListElement":[{"@type":"ListItem","position":1,"name":"Aurela Ga\u00e7e: Publiku nuk manipulohet, ai ma dha \u2018OK"}]},{"@type":"Person","@id":"https:\/\/www.visit-ulcinj.com\/blog\/#\/schema\/person\/dcab619c614d3038751c63bc2aadc06d","name":"ulqini","sameAs":["http:\/\/www.visit-ulcinj.com"],"url":"https:\/\/www.visit-ulcinj.com\/blog\/author\/admin\/"}]}},"jetpack_featured_media_url":"","jetpack_sharing_enabled":true,"jetpack_shortlink":"https:\/\/wp.me\/pe6lTn-aTg","_links":{"self":[{"href":"https:\/\/www.visit-ulcinj.com\/blog\/wp-json\/wp\/v2\/posts\/41866"}],"collection":[{"href":"https:\/\/www.visit-ulcinj.com\/blog\/wp-json\/wp\/v2\/posts"}],"about":[{"href":"https:\/\/www.visit-ulcinj.com\/blog\/wp-json\/wp\/v2\/types\/post"}],"author":[{"embeddable":true,"href":"https:\/\/www.visit-ulcinj.com\/blog\/wp-json\/wp\/v2\/users\/1"}],"replies":[{"embeddable":true,"href":"https:\/\/www.visit-ulcinj.com\/blog\/wp-json\/wp\/v2\/comments?post=41866"}],"version-history":[{"count":0,"href":"https:\/\/www.visit-ulcinj.com\/blog\/wp-json\/wp\/v2\/posts\/41866\/revisions"}],"wp:attachment":[{"href":"https:\/\/www.visit-ulcinj.com\/blog\/wp-json\/wp\/v2\/media?parent=41866"}],"wp:term":[{"taxonomy":"category","embeddable":true,"href":"https:\/\/www.visit-ulcinj.com\/blog\/wp-json\/wp\/v2\/categories?post=41866"},{"taxonomy":"post_tag","embeddable":true,"href":"https:\/\/www.visit-ulcinj.com\/blog\/wp-json\/wp\/v2\/tags?post=41866"}],"curies":[{"name":"wp","href":"https:\/\/api.w.org\/{rel}","templated":true}]}}