{"id":41890,"date":"2011-01-03T13:31:46","date_gmt":"2011-01-03T12:31:46","guid":{"rendered":"http:\/\/www.visit-ulcinj.com\/blog\/?p=41890"},"modified":"2011-01-03T13:35:00","modified_gmt":"2011-01-03T12:35:00","slug":"shoqata-e-artisteve-dhe-intelektualeve-art-club-shenoi-20-vjetorin-e-saj","status":"publish","type":"post","link":"https:\/\/www.visit-ulcinj.com\/blog\/2011\/01\/03\/shoqata-e-artisteve-dhe-intelektualeve-art-club-shenoi-20-vjetorin-e-saj\/","title":{"rendered":"Shoqata e Artist\u00ebve dhe Intelektual\u00ebve Art Club &#8211; sh\u00ebnoi 20-vjetorin e saj"},"content":{"rendered":"<p><strong><a href=\"http:\/\/www.visit-ulcinj.com\/blog\/wp-content\/uploads\/2011\/01\/Art-Club-Ulqin-Perurimi-i-tre-librave-te-rinj.jpg\"><img loading=\"lazy\" class=\"alignleft size-full wp-image-41891\" title=\"Art Club - Ulqin- Perurimi i tre librave te rinj\" src=\"http:\/\/www.visit-ulcinj.com\/blog\/wp-content\/uploads\/2011\/01\/Art-Club-Ulqin-Perurimi-i-tre-librave-te-rinj.jpg\" alt=\"\" width=\"490\" height=\"380\" \/><\/a>Nj\u00ebzet vjet kultur\u00eb<br \/>\n<\/strong>Shoqata e Artisteve dhe Intelektualeve\u00a0\u201cArt Club\u201d nga Ulqini shenoi njezetvjetorin\u00a0e themelimit te saj me nje veprimtari\u00a0kulturore, qe u zhvillua te henen dhe te\u00a0marten ne Biblioteken e Qytetit ne Ulqin,\u00a0ne kuader te manifestimit \u201cKultura e\u00a0shqiptareve ne Malin e Zi\u201d.\u00a0Naten e pare te kesaj veprimtarie u peruruan\u00a0librat e mr. Haxhi Shabanit \u201cJam ai\u00a0qe nuk jam\u201d, mr. Anton Gojcajt \u201cNdermjet\u00a0kapakeve\u201d dhe dr. Nail Drages \u201cKultura\u00a0dhe shoqeria civile\u201d, qe jane botuar\u00a0nga kjo shoqate.\u00a0Ne mungese te kritikut Ndue Ukaj, u\u00a0lexua nje pjese nga recensioni kushtuar\u00a0librit te Haxhi Shabanit, marre nga libri,\u00a0si dhe pjese nga vleresimi i poetit Xhevahir\u00a0Spahiu.\u00a0\u201cLirika e Haxhi Shabanit eshte tipologjikisht\u00a0lirike e pershkuar fuqishem nga motivet\u00a0e dashurise, mirepo, ato tejkalojne\u00a0dimensionet e prekshme te retorikes\u00a0monotone dhe keshtu behen shenjues\u00a0te perjetesive universale. Sikur nje kopsht\u00a0bregdetar, me fruta te gjithfarshme,\u00a0eshte poezia e Shabanit, e pasur, me\u00a0figura te bukura poetike, me ndjesi\u00a0subtile, te pershkuara nga emocione te\u00a0fuqishme. Autori di te luaj me fjalet, t\u2019i\u00a0shoshit dhe te krijoje tablo poetike te\u00a0kendshme, sikur ne vargjet me dendesi\u00a0poetike\u201d, thuhet ne recensionin e Ukajt.\u00a0Autori i librit, Haxhi Shabani, lexoi me\u00a0kete rast esene e titulluar \u201cMeditim per\u00a0Pse-te e medha njerezore \u2013 Pse shkruaj?\u201d.\u00a0Per librin \u201cNdermjet kapakeve\u201d te Anton\u00a0Gojcajt foli studiuesi Gjovalin Cuni,\u00a0drejtor i Bibliotekes \u201cMarin Barleti\u201d ne\u00a0Shkoder.\u00a0Ai tha se \u201crrefimet e Gojcajt nuk jane\u00a0rrefime eksploratoresh, nuk jane rrefime\u00a0per bemat dhe prapesite e aventuriereve;\u00a0ata jane rremime ne shpirtin\u00a0e shqiptarit, jane shperthime akumuluese,\u00a0shkarkim energjish, jane \u201critmet\u00a0e nje universi befje, te nje kohe qe ka\u00a0kaluar, por eshte perseri prezente.\u201d\u00a0Cuni tha se shkrimtari Gojcaj eshte\u00a0prurje ne letersine shqiptare te Malit te\u00a0Zi dhe pjese e atij grupi letraresh te rinj,\u00a0tanime elite e letrave shqipe.\u00a0\u201cGojcaj eshte nje rrefimtar dhe si i tille\u00a0ai qendron krah tregimtareve te tjere qe\u00a0di te rrefeje ne nje stil te vetin origjinal\u201d,\u00a0tha ai.\u00a0Pasi qe falenderoi pjesemarresit, autori\u00a0i librit, Anton Gojcaj, duke iu referuar\u00a0recensionit te Cunit dhe vleresimeve te\u00a0tij pozitive, tha se \u201cas une nuk e paskam\u00a0kuptuar veten krejtesisht\u201d.\u00a0Ai tha se shpreson qe ne te ardhmen do\u00a0te kete edhe libra te tjere dhe lexoi nje\u00a0fragment nga permbledhja \u201cNdermjet\u00a0kapakeve\u201d.\u00a0Perkthyesi dhe kritiku Qazim Muja foli per librin e dr. Nail Drages \u201cKultura dhe\u00a0shoqeria civile\u201d.\u00a0Ai tha se ne liber \u201cautori vecon ndikimin\u00a0e shoqerise civile ne politikat kulturore,\u00a0por edhe ne politika te tjera publike\u201d.\u00a0Muja tha se Draga shqetesohet per\u00a0mungesen e kujdesit ndaj trashegimise\u00a0kulturore te shqiptareve dhe komunikimin\u00a0e munguar kulturor ndershqiptar,\u00a0ne vecanti te atij institucional.\u00a0\u201cLibri \u201cKultura dhe shoqeria civile\u201d, me\u00a0ne fund, duhet kuptuar si apel per ndryshime\u00a0te njemendta duke filluar nga\u00a0politika kulturore, gjuhesore, arsimore e\u00a0deri tek politikat e te drejtave te njeriut,\u00a0sidomos te shqiptareve ne Mal te Zi si\u00a0kategori teresisht e vecante kulturore e gjuhesore\u201d, theksoi ai.\u00a0Ne fjalen e tij, autori i librit, dr. Nail Draga,\u00a0tha se \u201cky liber eshte vazhdimesi\u00a0e librit tim te mehershem \u201cMeditime\u00a0per identitetin\u201d dhe mendoj se ne kete\u00a0aspekt eshte permbyllur nje ceshtje e\u00a0identitetit te shqiptareve ne Mal te Zi\u201d.\u00a0Botimi jubilar dhe filmi dokumentar\u00a0kushtuar \u201cArt Club\u201d-it\u00a0Naten e dyte te veprimtarise u be perurimi\u00a0i botimit jubilar \u201c20 vjet kulture\u201d si\u00a0dhe u shfaq filmi dokumentar \u201cRikthim\u00a0ne identitet\u201d kushtuar veprimtarise se\u00a0\u201cArt Club\u201d-it.\u00a0Botimi jubilar perben nje historik te si themelimi, veprimtarite e para, veprimtarite\u00a0botuese, perfshire librat dhe\u00a0revistat, pastaj veprimtarite tradiconale\u00a0si \u201cKalimera poetike\u201d, perurimet e librave\u00a0dhe autoreve, sesionet shkencore,\u00a0fituesit e cmimeve te \u201cArt Club\u201d-it, veprimtari\u00a0te tjera tradiconale dhe veprimtari\u00a0ne artet pamore, tryeza te rrumbullaketa,\u00a0skena alternative e \u201cArt Club\u201d-it,\u00a0pervjetoret, bashkepunimi, donatoret e\u00a0\u201cArt Club\u201d-it, mediet per veprimtarite e\u00a0\u201cArt Club\u201d-it.\u00a0Nderkaq filmi dokumentar, i realizuar\u00a0nga autori Haxhi Shabani, prodhim i\u00a0Televizionit te Malit te Zi, eshte nje sinteze\u00a0apo permbledhje e veprimtarise se\u00a0\u201cArt Club\u201d-it. Ne te nder te tjera, themeluesit\u00a0dhe anetaret e \u201cArt Club\u201d-it si dhe\u00a0krijues te tjere shqiptare ne Mal te Zi\u00a0shprehin mendimet e veta per veprimtarine\u00a0njezetvjecare te kesaj shoqate.\u00a0Shoqata e Artisteve dhe Intelektualeve\u00a0\u201cArt Club\u201d eshte themeluar ne vitin 1990\u00a0nga nje grup i dalluar i krijuesve dhe i\u00a0intelektualeve te Ulqinit.\u00a0Deri tani \u201cArt Club\u201d-i ka arritur te organizoje\u00a0shume manifestime kulturore qe\u00a0nga simpoziumet shkencore, prezentimi i personaliteteve te ndryshme nga\u00a0fushat e permendura kulturore, pastaj\u00a0ka realizuar perurime librash, takime letrare,\u00a0ekspozita te arteve figurative, ka\u00a0dhene shfaqje teatrale etj.\u00a0Kjo shoqate ka botuar rreth 60 libra,\u00a0shumica e autoreve shqiptare nga Mali\u00a0i Zi. Nder veprimtarite e perhershme\u00a0vlen te permenden manifestimi letrar\u00a0nderkombetar \u201cKalimera poetike\u201d,\u00a0pastaj \u201cKultura e shqiptareve ne Malin\u00a0e Zi\u201d. \u201cArt Club\u201d-i eshte po ashtu bashkethemelues\u00a0i Panairit te Librit ne Ulqin.<\/p>\n<p><strong>I. Kallaba<\/strong> <strong><br \/>\nKoha Javore<br \/>\n\n\t\t<style type=\"text\/css\">\n\t\t\t#gallery-1 {\n\t\t\t\tmargin: auto;\n\t\t\t}\n\t\t\t#gallery-1 .gallery-item {\n\t\t\t\tfloat: left;\n\t\t\t\tmargin-top: 10px;\n\t\t\t\ttext-align: center;\n\t\t\t\twidth: 33%;\n\t\t\t}\n\t\t\t#gallery-1 img {\n\t\t\t\tborder: 2px solid #cfcfcf;\n\t\t\t}\n\t\t\t#gallery-1 .gallery-caption {\n\t\t\t\tmargin-left: 0;\n\t\t\t}\n\t\t\t\/* see gallery_shortcode() in wp-includes\/media.php *\/\n\t\t<\/style>\n\t\t<div id='gallery-1' class='gallery galleryid-41890 gallery-columns-3 gallery-size-thumbnail'><dl class='gallery-item'>\n\t\t\t<dt class='gallery-icon landscape'>\n\t\t\t\t<a href='https:\/\/www.visit-ulcinj.com\/blog\/wp-content\/uploads\/2011\/01\/Art-Club-Ulqin-Perurimi-i-tre-librave-te-rinj.jpg'><img width=\"150\" height=\"150\" src=\"https:\/\/www.visit-ulcinj.com\/blog\/wp-content\/uploads\/2011\/01\/Art-Club-Ulqin-Perurimi-i-tre-librave-te-rinj-150x150.jpg\" class=\"attachment-thumbnail size-thumbnail\" alt=\"\" loading=\"lazy\" \/><\/a>\n\t\t\t<\/dt><\/dl><dl class='gallery-item'>\n\t\t\t<dt class='gallery-icon landscape'>\n\t\t\t\t<a href='https:\/\/www.visit-ulcinj.com\/blog\/wp-content\/uploads\/2011\/01\/ARDITA-RAMA_ART-KLUBI-ULQIN.jpg'><img width=\"150\" height=\"150\" src=\"https:\/\/www.visit-ulcinj.com\/blog\/wp-content\/uploads\/2011\/01\/ARDITA-RAMA_ART-KLUBI-ULQIN-150x150.jpg\" class=\"attachment-thumbnail size-thumbnail\" alt=\"\" loading=\"lazy\" \/><\/a>\n\t\t\t<\/dt><\/dl><dl class='gallery-item'>\n\t\t\t<dt class='gallery-icon landscape'>\n\t\t\t\t<a href='https:\/\/www.visit-ulcinj.com\/blog\/wp-content\/uploads\/2011\/01\/Art-Club-Ulqin_A.-Goj\u00e7aj.jpg'><img width=\"150\" height=\"150\" src=\"https:\/\/www.visit-ulcinj.com\/blog\/wp-content\/uploads\/2011\/01\/Art-Club-Ulqin_A.-Goj\u00e7aj-150x150.jpg\" class=\"attachment-thumbnail size-thumbnail\" alt=\"\" loading=\"lazy\" \/><\/a>\n\t\t\t<\/dt><\/dl><br style=\"clear: both\" \/><dl class='gallery-item'>\n\t\t\t<dt class='gallery-icon landscape'>\n\t\t\t\t<a href='https:\/\/www.visit-ulcinj.com\/blog\/wp-content\/uploads\/2011\/01\/Art-Club-Ulqin_Gjovalin-Cuni.jpg'><img width=\"150\" height=\"150\" src=\"https:\/\/www.visit-ulcinj.com\/blog\/wp-content\/uploads\/2011\/01\/Art-Club-Ulqin_Gjovalin-Cuni-150x150.jpg\" class=\"attachment-thumbnail size-thumbnail\" alt=\"\" loading=\"lazy\" \/><\/a>\n\t\t\t<\/dt><\/dl><dl class='gallery-item'>\n\t\t\t<dt class='gallery-icon portrait'>\n\t\t\t\t<a href='https:\/\/www.visit-ulcinj.com\/blog\/wp-content\/uploads\/2011\/01\/Art-Club-Ulqin_Haxhi-Shabani.jpg'><img width=\"150\" height=\"150\" src=\"https:\/\/www.visit-ulcinj.com\/blog\/wp-content\/uploads\/2011\/01\/Art-Club-Ulqin_Haxhi-Shabani-150x150.jpg\" class=\"attachment-thumbnail size-thumbnail\" alt=\"\" loading=\"lazy\" \/><\/a>\n\t\t\t<\/dt><\/dl>\n\t\t\t<br style='clear: both' \/>\n\t\t<\/div>\n<br \/>\n<!--YouTube Error: bad URL entered--><\/p>\n<p><\/strong><\/p>\n<p><strong> <\/strong><\/p>\n","protected":false},"excerpt":{"rendered":"<p>Nj\u00ebzet vjet kultur\u00eb Shoqata e Artisteve dhe Intelektualeve\u00a0\u201cArt Club\u201d nga Ulqini shenoi njezetvjetorin\u00a0e themelimit te saj me nje veprimtari\u00a0kulturore, qe u zhvillua te henen dhe te\u00a0marten ne Biblioteken e Qytetit ne Ulqin,\u00a0ne kuader te manifestimit \u201cKultura e\u00a0shqiptareve ne Malin e Zi\u201d.\u00a0Naten e pare te kesaj veprimtarie u peruruan\u00a0librat e mr. Haxhi Shabanit \u201cJam ai\u00a0qe nuk [&hellip;]<\/p>\n","protected":false},"author":1,"featured_media":0,"comment_status":"open","ping_status":"closed","sticky":false,"template":"","format":"standard","meta":{"spay_email":"","jetpack_publicize_message":"","jetpack_is_tweetstorm":false,"jetpack_publicize_feature_enabled":true},"categories":[4],"tags":[16848,16819,16847,16849,16846,16845,200,18],"jetpack_publicize_connections":[],"yoast_head":"<!-- This site is optimized with the Yoast SEO plugin v19.1 - https:\/\/yoast.com\/wordpress\/plugins\/seo\/ -->\n<title>Shoqata e Artist\u00ebve dhe Intelektual\u00ebve Art Club - sh\u00ebnoi 20-vjetorin e saj - Lajme nga Ulqini<\/title>\n<meta name=\"description\" content=\"Nj\u00ebzet vjet kultur\u00eb Shoqata e Artisteve dhe Intelektualeve\u00a0\u201cArt Club\u201d nga Ulqini shenoi njezetvjetorin\u00a0e themelimit te saj me nje veprimtari\u00a0kulturore, qe\" \/>\n<meta name=\"robots\" content=\"index, follow, max-snippet:-1, max-image-preview:large, max-video-preview:-1\" \/>\n<link rel=\"canonical\" href=\"https:\/\/www.visit-ulcinj.com\/blog\/2011\/01\/03\/shoqata-e-artisteve-dhe-intelektualeve-art-club-shenoi-20-vjetorin-e-saj\/\" \/>\n<meta property=\"og:locale\" content=\"en_US\" \/>\n<meta property=\"og:type\" content=\"article\" \/>\n<meta property=\"og:title\" content=\"Shoqata e Artist\u00ebve dhe Intelektual\u00ebve Art Club - sh\u00ebnoi 20-vjetorin e saj - Lajme nga Ulqini\" \/>\n<meta property=\"og:description\" content=\"Nj\u00ebzet vjet kultur\u00eb Shoqata e Artisteve dhe Intelektualeve\u00a0\u201cArt Club\u201d nga Ulqini shenoi njezetvjetorin\u00a0e themelimit te saj me nje veprimtari\u00a0kulturore, qe\" \/>\n<meta property=\"og:url\" content=\"https:\/\/www.visit-ulcinj.com\/blog\/2011\/01\/03\/shoqata-e-artisteve-dhe-intelektualeve-art-club-shenoi-20-vjetorin-e-saj\/\" \/>\n<meta property=\"og:site_name\" content=\"Lajme nga Ulqini\" \/>\n<meta property=\"article:published_time\" content=\"2011-01-03T12:31:46+00:00\" \/>\n<meta property=\"article:modified_time\" content=\"2011-01-03T12:35:00+00:00\" \/>\n<meta property=\"og:image\" content=\"https:\/\/www.visit-ulcinj.com\/blog\/wp-content\/uploads\/2011\/01\/Art-Club-Ulqin-Perurimi-i-tre-librave-te-rinj-150x150.jpg\" \/>\n<meta name=\"twitter:label1\" content=\"Written by\" \/>\n\t<meta name=\"twitter:data1\" content=\"ulqini\" \/>\n\t<meta name=\"twitter:label2\" content=\"Est. reading time\" \/>\n\t<meta name=\"twitter:data2\" content=\"4 minutes\" \/>\n<script type=\"application\/ld+json\" class=\"yoast-schema-graph\">{\"@context\":\"https:\/\/schema.org\",\"@graph\":[{\"@type\":\"WebSite\",\"@id\":\"https:\/\/www.visit-ulcinj.com\/blog\/#website\",\"url\":\"https:\/\/www.visit-ulcinj.com\/blog\/\",\"name\":\"Lajme nga Ulqini\",\"description\":\"Lajme,Vijesti,Ulqini,Ulqin,Crna Gora,Mali i Zi\",\"potentialAction\":[{\"@type\":\"SearchAction\",\"target\":{\"@type\":\"EntryPoint\",\"urlTemplate\":\"https:\/\/www.visit-ulcinj.com\/blog\/?s={search_term_string}\"},\"query-input\":\"required name=search_term_string\"}],\"inLanguage\":\"en-US\"},{\"@type\":\"ImageObject\",\"inLanguage\":\"en-US\",\"@id\":\"https:\/\/www.visit-ulcinj.com\/blog\/2011\/01\/03\/shoqata-e-artisteve-dhe-intelektualeve-art-club-shenoi-20-vjetorin-e-saj\/#primaryimage\",\"url\":\"https:\/\/www.visit-ulcinj.com\/blog\/wp-content\/uploads\/2011\/01\/Art-Club-Ulqin-Perurimi-i-tre-librave-te-rinj.jpg\",\"contentUrl\":\"https:\/\/www.visit-ulcinj.com\/blog\/wp-content\/uploads\/2011\/01\/Art-Club-Ulqin-Perurimi-i-tre-librave-te-rinj.jpg\",\"width\":\"720\",\"height\":\"528\"},{\"@type\":\"WebPage\",\"@id\":\"https:\/\/www.visit-ulcinj.com\/blog\/2011\/01\/03\/shoqata-e-artisteve-dhe-intelektualeve-art-club-shenoi-20-vjetorin-e-saj\/#webpage\",\"url\":\"https:\/\/www.visit-ulcinj.com\/blog\/2011\/01\/03\/shoqata-e-artisteve-dhe-intelektualeve-art-club-shenoi-20-vjetorin-e-saj\/\",\"name\":\"Shoqata e Artist\u00ebve dhe Intelektual\u00ebve Art Club - sh\u00ebnoi 20-vjetorin e saj - Lajme nga Ulqini\",\"isPartOf\":{\"@id\":\"https:\/\/www.visit-ulcinj.com\/blog\/#website\"},\"primaryImageOfPage\":{\"@id\":\"https:\/\/www.visit-ulcinj.com\/blog\/2011\/01\/03\/shoqata-e-artisteve-dhe-intelektualeve-art-club-shenoi-20-vjetorin-e-saj\/#primaryimage\"},\"datePublished\":\"2011-01-03T12:31:46+00:00\",\"dateModified\":\"2011-01-03T12:35:00+00:00\",\"author\":{\"@id\":\"https:\/\/www.visit-ulcinj.com\/blog\/#\/schema\/person\/dcab619c614d3038751c63bc2aadc06d\"},\"description\":\"Nj\u00ebzet vjet kultur\u00eb Shoqata e Artisteve dhe Intelektualeve\u00a0\u201cArt Club\u201d nga Ulqini shenoi njezetvjetorin\u00a0e themelimit te saj me nje veprimtari\u00a0kulturore, qe\",\"breadcrumb\":{\"@id\":\"https:\/\/www.visit-ulcinj.com\/blog\/2011\/01\/03\/shoqata-e-artisteve-dhe-intelektualeve-art-club-shenoi-20-vjetorin-e-saj\/#breadcrumb\"},\"inLanguage\":\"en-US\",\"potentialAction\":[{\"@type\":\"ReadAction\",\"target\":[\"https:\/\/www.visit-ulcinj.com\/blog\/2011\/01\/03\/shoqata-e-artisteve-dhe-intelektualeve-art-club-shenoi-20-vjetorin-e-saj\/\"]}]},{\"@type\":\"BreadcrumbList\",\"@id\":\"https:\/\/www.visit-ulcinj.com\/blog\/2011\/01\/03\/shoqata-e-artisteve-dhe-intelektualeve-art-club-shenoi-20-vjetorin-e-saj\/#breadcrumb\",\"itemListElement\":[{\"@type\":\"ListItem\",\"position\":1,\"name\":\"Shoqata e Artist\u00ebve dhe Intelektual\u00ebve Art Club &#8211; sh\u00ebnoi 20-vjetorin e saj\"}]},{\"@type\":\"Person\",\"@id\":\"https:\/\/www.visit-ulcinj.com\/blog\/#\/schema\/person\/dcab619c614d3038751c63bc2aadc06d\",\"name\":\"ulqini\",\"sameAs\":[\"http:\/\/www.visit-ulcinj.com\"],\"url\":\"https:\/\/www.visit-ulcinj.com\/blog\/author\/admin\/\"}]}<\/script>\n<!-- \/ Yoast SEO plugin. -->","yoast_head_json":{"title":"Shoqata e Artist\u00ebve dhe Intelektual\u00ebve Art Club - sh\u00ebnoi 20-vjetorin e saj - Lajme nga Ulqini","description":"Nj\u00ebzet vjet kultur\u00eb Shoqata e Artisteve dhe Intelektualeve\u00a0\u201cArt Club\u201d nga Ulqini shenoi njezetvjetorin\u00a0e themelimit te saj me nje veprimtari\u00a0kulturore, qe","robots":{"index":"index","follow":"follow","max-snippet":"max-snippet:-1","max-image-preview":"max-image-preview:large","max-video-preview":"max-video-preview:-1"},"canonical":"https:\/\/www.visit-ulcinj.com\/blog\/2011\/01\/03\/shoqata-e-artisteve-dhe-intelektualeve-art-club-shenoi-20-vjetorin-e-saj\/","og_locale":"en_US","og_type":"article","og_title":"Shoqata e Artist\u00ebve dhe Intelektual\u00ebve Art Club - sh\u00ebnoi 20-vjetorin e saj - Lajme nga Ulqini","og_description":"Nj\u00ebzet vjet kultur\u00eb Shoqata e Artisteve dhe Intelektualeve\u00a0\u201cArt Club\u201d nga Ulqini shenoi njezetvjetorin\u00a0e themelimit te saj me nje veprimtari\u00a0kulturore, qe","og_url":"https:\/\/www.visit-ulcinj.com\/blog\/2011\/01\/03\/shoqata-e-artisteve-dhe-intelektualeve-art-club-shenoi-20-vjetorin-e-saj\/","og_site_name":"Lajme nga Ulqini","article_published_time":"2011-01-03T12:31:46+00:00","article_modified_time":"2011-01-03T12:35:00+00:00","og_image":[{"url":"https:\/\/www.visit-ulcinj.com\/blog\/wp-content\/uploads\/2011\/01\/Art-Club-Ulqin-Perurimi-i-tre-librave-te-rinj-150x150.jpg"}],"twitter_misc":{"Written by":"ulqini","Est. reading time":"4 minutes"},"schema":{"@context":"https:\/\/schema.org","@graph":[{"@type":"WebSite","@id":"https:\/\/www.visit-ulcinj.com\/blog\/#website","url":"https:\/\/www.visit-ulcinj.com\/blog\/","name":"Lajme nga Ulqini","description":"Lajme,Vijesti,Ulqini,Ulqin,Crna Gora,Mali i Zi","potentialAction":[{"@type":"SearchAction","target":{"@type":"EntryPoint","urlTemplate":"https:\/\/www.visit-ulcinj.com\/blog\/?s={search_term_string}"},"query-input":"required name=search_term_string"}],"inLanguage":"en-US"},{"@type":"ImageObject","inLanguage":"en-US","@id":"https:\/\/www.visit-ulcinj.com\/blog\/2011\/01\/03\/shoqata-e-artisteve-dhe-intelektualeve-art-club-shenoi-20-vjetorin-e-saj\/#primaryimage","url":"https:\/\/www.visit-ulcinj.com\/blog\/wp-content\/uploads\/2011\/01\/Art-Club-Ulqin-Perurimi-i-tre-librave-te-rinj.jpg","contentUrl":"https:\/\/www.visit-ulcinj.com\/blog\/wp-content\/uploads\/2011\/01\/Art-Club-Ulqin-Perurimi-i-tre-librave-te-rinj.jpg","width":"720","height":"528"},{"@type":"WebPage","@id":"https:\/\/www.visit-ulcinj.com\/blog\/2011\/01\/03\/shoqata-e-artisteve-dhe-intelektualeve-art-club-shenoi-20-vjetorin-e-saj\/#webpage","url":"https:\/\/www.visit-ulcinj.com\/blog\/2011\/01\/03\/shoqata-e-artisteve-dhe-intelektualeve-art-club-shenoi-20-vjetorin-e-saj\/","name":"Shoqata e Artist\u00ebve dhe Intelektual\u00ebve Art Club - sh\u00ebnoi 20-vjetorin e saj - Lajme nga Ulqini","isPartOf":{"@id":"https:\/\/www.visit-ulcinj.com\/blog\/#website"},"primaryImageOfPage":{"@id":"https:\/\/www.visit-ulcinj.com\/blog\/2011\/01\/03\/shoqata-e-artisteve-dhe-intelektualeve-art-club-shenoi-20-vjetorin-e-saj\/#primaryimage"},"datePublished":"2011-01-03T12:31:46+00:00","dateModified":"2011-01-03T12:35:00+00:00","author":{"@id":"https:\/\/www.visit-ulcinj.com\/blog\/#\/schema\/person\/dcab619c614d3038751c63bc2aadc06d"},"description":"Nj\u00ebzet vjet kultur\u00eb Shoqata e Artisteve dhe Intelektualeve\u00a0\u201cArt Club\u201d nga Ulqini shenoi njezetvjetorin\u00a0e themelimit te saj me nje veprimtari\u00a0kulturore, qe","breadcrumb":{"@id":"https:\/\/www.visit-ulcinj.com\/blog\/2011\/01\/03\/shoqata-e-artisteve-dhe-intelektualeve-art-club-shenoi-20-vjetorin-e-saj\/#breadcrumb"},"inLanguage":"en-US","potentialAction":[{"@type":"ReadAction","target":["https:\/\/www.visit-ulcinj.com\/blog\/2011\/01\/03\/shoqata-e-artisteve-dhe-intelektualeve-art-club-shenoi-20-vjetorin-e-saj\/"]}]},{"@type":"BreadcrumbList","@id":"https:\/\/www.visit-ulcinj.com\/blog\/2011\/01\/03\/shoqata-e-artisteve-dhe-intelektualeve-art-club-shenoi-20-vjetorin-e-saj\/#breadcrumb","itemListElement":[{"@type":"ListItem","position":1,"name":"Shoqata e Artist\u00ebve dhe Intelektual\u00ebve Art Club &#8211; sh\u00ebnoi 20-vjetorin e saj"}]},{"@type":"Person","@id":"https:\/\/www.visit-ulcinj.com\/blog\/#\/schema\/person\/dcab619c614d3038751c63bc2aadc06d","name":"ulqini","sameAs":["http:\/\/www.visit-ulcinj.com"],"url":"https:\/\/www.visit-ulcinj.com\/blog\/author\/admin\/"}]}},"jetpack_featured_media_url":"","jetpack_sharing_enabled":true,"jetpack_shortlink":"https:\/\/wp.me\/pe6lTn-aTE","_links":{"self":[{"href":"https:\/\/www.visit-ulcinj.com\/blog\/wp-json\/wp\/v2\/posts\/41890"}],"collection":[{"href":"https:\/\/www.visit-ulcinj.com\/blog\/wp-json\/wp\/v2\/posts"}],"about":[{"href":"https:\/\/www.visit-ulcinj.com\/blog\/wp-json\/wp\/v2\/types\/post"}],"author":[{"embeddable":true,"href":"https:\/\/www.visit-ulcinj.com\/blog\/wp-json\/wp\/v2\/users\/1"}],"replies":[{"embeddable":true,"href":"https:\/\/www.visit-ulcinj.com\/blog\/wp-json\/wp\/v2\/comments?post=41890"}],"version-history":[{"count":0,"href":"https:\/\/www.visit-ulcinj.com\/blog\/wp-json\/wp\/v2\/posts\/41890\/revisions"}],"wp:attachment":[{"href":"https:\/\/www.visit-ulcinj.com\/blog\/wp-json\/wp\/v2\/media?parent=41890"}],"wp:term":[{"taxonomy":"category","embeddable":true,"href":"https:\/\/www.visit-ulcinj.com\/blog\/wp-json\/wp\/v2\/categories?post=41890"},{"taxonomy":"post_tag","embeddable":true,"href":"https:\/\/www.visit-ulcinj.com\/blog\/wp-json\/wp\/v2\/tags?post=41890"}],"curies":[{"name":"wp","href":"https:\/\/api.w.org\/{rel}","templated":true}]}}