{"id":419,"date":"2008-02-07T14:46:24","date_gmt":"2008-02-07T19:46:24","guid":{"rendered":"http:\/\/www.visit-ulcinj.com\/blog\/2008\/02\/07\/montenegro-neue-regeln-fur-die-landessprache\/"},"modified":"2008-02-12T14:25:32","modified_gmt":"2008-02-12T19:25:32","slug":"montenegro-neue-regeln-fur-die-landessprache","status":"publish","type":"post","link":"https:\/\/www.visit-ulcinj.com\/blog\/2008\/02\/07\/montenegro-neue-regeln-fur-die-landessprache\/","title":{"rendered":"Montenegro: Neue Regeln f\u00fcr die Landessprache"},"content":{"rendered":"<p><a href=\"http:\/\/www.dw-world.de\/dw\/article\/0,2144,3100459,00.html\" target=\"_blank\"><img loading=\"lazy\" src=\"http:\/\/www.dw-world.de\/image\/0,,2170107_4,00.jpg\" align=\"left\" height=\"188\" hspace=\"2\" vspace=\"2\" width=\"138\" \/>Einige Monate nachdem \u201eMontenegrinisch<\/a>\u201c als Landessprache in die Verfassung aufgenommen wurde, soll die Sprache nun standardisiert werden. Kritiker halten die Bem\u00fchungen f\u00fcr sinnlos.<br \/>\nDie Regierung in Podgorica hat am 25. Januar beschlossen, eine Kommission mit der Standardisierung des Montenegrinischen zu betrauen. Sie soll Rechtschreibung, Grammatik und Wortschatz des Montenegrinischen verbindlich festlegen.  Die Kommission besteht aus 13 Mitgliedern: Es handelt sich um Schriftsteller, Literaturkritiker, ber\u00fchmte Pers\u00f6nlichkeiten und Kenner der montenegrinischen<!--more--> Sprache. Die neue Rechtschreibung, Grammatik und ein W\u00f6rterbuch sollen bis zum Beginn des kommenden Schuljahres fertig gestellt werden.<\/p>\n<p>K\u00fcnstliche Abgrenzung vom Serbischen?<\/p>\n<p>Ersten Stellungnahmen von Fachleuten zufolge sollten die neuen Regelungen nichts festschreiben, was nicht bereits im Sprachgebrauch der meisten Montenegriner pr\u00e4sent und akzeptiert ist. Dies widerspricht den Vorschl\u00e4gen anderer Experten, die Archaismen im Wortschatz und drei zus\u00e4tzlich Buchstaben einzuf\u00fchren m\u00f6chten, damit sich die neue Sprache vom Serbischen unterscheidet.<br \/>\nDie meisten Sprachwissenschaftler warnen jedoch einhellig davor, um jeden Preis Unterschiede zum Serbischen entdecken zu wollen. Als ihrer Meinung nach abschreckendes Beispiel nennen sie Kroatien, wo aus politischen Gr\u00fcnden neue, zuvor nicht existierende W\u00f6rter geschaffen wurden, um sich k\u00fcnstlich vom Serbischen abzugrenzen.<\/p>\n<p>\u201eMerkw\u00fcrdige Versuche\u201c<\/p>\n<p>Der letzten Volksz\u00e4hlung vom November 2003 zufolge haben 22 Prozent der B\u00fcrger Montenegrinisch als Muttersprache bezeichnet, 60 Prozent erkl\u00e4rten dagegen, dass sie Serbisch sprechen. Deshalb meinen einige Fachleute, dass Montenegrinisch nicht als eigenst\u00e4ndige Sprache bezeichnet werden m\u00fcsse. Dragan Koprivica von der philosophischen Fakult\u00e4t in Niksic sagte der Deutschen Welle, auf ihn wirkten die Pl\u00e4ne der Regierung wie \u201ekomische Spiele ohne Grenzen bei dem Versuch, das Image Montenegros zu verbessern.\u201c Er f\u00fcgte hinzu: \u201eBesser w\u00e4re es, wenn sie Montenegro zu einem Rechtsstaat machten und all diejenigen \u00dcbel bek\u00e4mpfen w\u00fcrden, die dem Ansehen Montenegros schaden. Ein gro\u00dfes Land wie \u00d6sterreich beh\u00e4lt sich auch Deutsch als Amtssprache vor. Daher sieht es merkw\u00fcrdig aus, wenn ein kleines Land wie Montenegro versucht, Serbisch in Montenegrinisch umzutaufen, angeblich, um seine W\u00fcrde zu bewahren.\u201c<br \/>\nIn der Ende vergangenen Jahres verabschiedeten Verfassung Montenegros ist die montenegrinische Sprache als Amtssprache definiert. Weitere Sprachen f\u00fcr den amtlichen Gebrauch sind Serbisch, Bosnisch, Kroatisch und Albanisch.<\/p>\n<p>Vesna Rajkovic, DW-Serbisch<\/p>\n","protected":false},"excerpt":{"rendered":"<p><img loading=\"lazy\" src=\"http:\/\/www.dw-world.de\/image\/0,,2170107_4,00.jpg\" height=\"140\" width=\"138\" \/><\/p>\n","protected":false},"author":1,"featured_media":0,"comment_status":"open","ping_status":"closed","sticky":false,"template":"","format":"standard","meta":{"spay_email":"","jetpack_publicize_message":"","jetpack_is_tweetstorm":false,"jetpack_publicize_feature_enabled":true},"categories":[12],"tags":[],"jetpack_publicize_connections":[],"yoast_head":"<!-- This site is optimized with the Yoast SEO plugin v19.1 - https:\/\/yoast.com\/wordpress\/plugins\/seo\/ -->\n<title>Montenegro: Neue Regeln f\u00fcr die Landessprache - Lajme nga Ulqini<\/title>\n<meta name=\"robots\" content=\"index, follow, max-snippet:-1, max-image-preview:large, max-video-preview:-1\" \/>\n<link rel=\"canonical\" href=\"https:\/\/www.visit-ulcinj.com\/blog\/2008\/02\/07\/montenegro-neue-regeln-fur-die-landessprache\/\" \/>\n<meta property=\"og:locale\" content=\"en_US\" \/>\n<meta property=\"og:type\" content=\"article\" \/>\n<meta property=\"og:title\" content=\"Montenegro: Neue Regeln f\u00fcr die Landessprache - Lajme nga Ulqini\" \/>\n<meta property=\"og:url\" content=\"https:\/\/www.visit-ulcinj.com\/blog\/2008\/02\/07\/montenegro-neue-regeln-fur-die-landessprache\/\" \/>\n<meta property=\"og:site_name\" content=\"Lajme nga Ulqini\" \/>\n<meta property=\"article:published_time\" content=\"2008-02-07T19:46:24+00:00\" \/>\n<meta property=\"article:modified_time\" content=\"2008-02-12T19:25:32+00:00\" \/>\n<meta property=\"og:image\" content=\"http:\/\/www.dw-world.de\/image\/0,,2170107_4,00.jpg\" \/>\n<meta name=\"twitter:label1\" content=\"Written by\" \/>\n\t<meta name=\"twitter:data1\" content=\"ulqini\" \/>\n\t<meta name=\"twitter:label2\" content=\"Est. reading time\" \/>\n\t<meta name=\"twitter:data2\" content=\"2 minutes\" \/>\n<script type=\"application\/ld+json\" class=\"yoast-schema-graph\">{\"@context\":\"https:\/\/schema.org\",\"@graph\":[{\"@type\":\"WebSite\",\"@id\":\"https:\/\/www.visit-ulcinj.com\/blog\/#website\",\"url\":\"https:\/\/www.visit-ulcinj.com\/blog\/\",\"name\":\"Lajme nga Ulqini\",\"description\":\"Lajme,Vijesti,Ulqini,Ulqin,Crna Gora,Mali i Zi\",\"potentialAction\":[{\"@type\":\"SearchAction\",\"target\":{\"@type\":\"EntryPoint\",\"urlTemplate\":\"https:\/\/www.visit-ulcinj.com\/blog\/?s={search_term_string}\"},\"query-input\":\"required name=search_term_string\"}],\"inLanguage\":\"en-US\"},{\"@type\":\"ImageObject\",\"inLanguage\":\"en-US\",\"@id\":\"https:\/\/www.visit-ulcinj.com\/blog\/2008\/02\/07\/montenegro-neue-regeln-fur-die-landessprache\/#primaryimage\",\"url\":\"http:\/\/www.dw-world.de\/image\/0,,2170107_4,00.jpg\",\"contentUrl\":\"http:\/\/www.dw-world.de\/image\/0,,2170107_4,00.jpg\"},{\"@type\":\"WebPage\",\"@id\":\"https:\/\/www.visit-ulcinj.com\/blog\/2008\/02\/07\/montenegro-neue-regeln-fur-die-landessprache\/#webpage\",\"url\":\"https:\/\/www.visit-ulcinj.com\/blog\/2008\/02\/07\/montenegro-neue-regeln-fur-die-landessprache\/\",\"name\":\"Montenegro: Neue Regeln f\u00fcr die Landessprache - Lajme nga Ulqini\",\"isPartOf\":{\"@id\":\"https:\/\/www.visit-ulcinj.com\/blog\/#website\"},\"primaryImageOfPage\":{\"@id\":\"https:\/\/www.visit-ulcinj.com\/blog\/2008\/02\/07\/montenegro-neue-regeln-fur-die-landessprache\/#primaryimage\"},\"datePublished\":\"2008-02-07T19:46:24+00:00\",\"dateModified\":\"2008-02-12T19:25:32+00:00\",\"author\":{\"@id\":\"https:\/\/www.visit-ulcinj.com\/blog\/#\/schema\/person\/dcab619c614d3038751c63bc2aadc06d\"},\"breadcrumb\":{\"@id\":\"https:\/\/www.visit-ulcinj.com\/blog\/2008\/02\/07\/montenegro-neue-regeln-fur-die-landessprache\/#breadcrumb\"},\"inLanguage\":\"en-US\",\"potentialAction\":[{\"@type\":\"ReadAction\",\"target\":[\"https:\/\/www.visit-ulcinj.com\/blog\/2008\/02\/07\/montenegro-neue-regeln-fur-die-landessprache\/\"]}]},{\"@type\":\"BreadcrumbList\",\"@id\":\"https:\/\/www.visit-ulcinj.com\/blog\/2008\/02\/07\/montenegro-neue-regeln-fur-die-landessprache\/#breadcrumb\",\"itemListElement\":[{\"@type\":\"ListItem\",\"position\":1,\"name\":\"Montenegro: Neue Regeln f\u00fcr die Landessprache\"}]},{\"@type\":\"Person\",\"@id\":\"https:\/\/www.visit-ulcinj.com\/blog\/#\/schema\/person\/dcab619c614d3038751c63bc2aadc06d\",\"name\":\"ulqini\",\"sameAs\":[\"http:\/\/www.visit-ulcinj.com\"],\"url\":\"https:\/\/www.visit-ulcinj.com\/blog\/author\/admin\/\"}]}<\/script>\n<!-- \/ Yoast SEO plugin. -->","yoast_head_json":{"title":"Montenegro: Neue Regeln f\u00fcr die Landessprache - Lajme nga Ulqini","robots":{"index":"index","follow":"follow","max-snippet":"max-snippet:-1","max-image-preview":"max-image-preview:large","max-video-preview":"max-video-preview:-1"},"canonical":"https:\/\/www.visit-ulcinj.com\/blog\/2008\/02\/07\/montenegro-neue-regeln-fur-die-landessprache\/","og_locale":"en_US","og_type":"article","og_title":"Montenegro: Neue Regeln f\u00fcr die Landessprache - Lajme nga Ulqini","og_url":"https:\/\/www.visit-ulcinj.com\/blog\/2008\/02\/07\/montenegro-neue-regeln-fur-die-landessprache\/","og_site_name":"Lajme nga Ulqini","article_published_time":"2008-02-07T19:46:24+00:00","article_modified_time":"2008-02-12T19:25:32+00:00","og_image":[{"url":"http:\/\/www.dw-world.de\/image\/0,,2170107_4,00.jpg"}],"twitter_misc":{"Written by":"ulqini","Est. reading time":"2 minutes"},"schema":{"@context":"https:\/\/schema.org","@graph":[{"@type":"WebSite","@id":"https:\/\/www.visit-ulcinj.com\/blog\/#website","url":"https:\/\/www.visit-ulcinj.com\/blog\/","name":"Lajme nga Ulqini","description":"Lajme,Vijesti,Ulqini,Ulqin,Crna Gora,Mali i Zi","potentialAction":[{"@type":"SearchAction","target":{"@type":"EntryPoint","urlTemplate":"https:\/\/www.visit-ulcinj.com\/blog\/?s={search_term_string}"},"query-input":"required name=search_term_string"}],"inLanguage":"en-US"},{"@type":"ImageObject","inLanguage":"en-US","@id":"https:\/\/www.visit-ulcinj.com\/blog\/2008\/02\/07\/montenegro-neue-regeln-fur-die-landessprache\/#primaryimage","url":"http:\/\/www.dw-world.de\/image\/0,,2170107_4,00.jpg","contentUrl":"http:\/\/www.dw-world.de\/image\/0,,2170107_4,00.jpg"},{"@type":"WebPage","@id":"https:\/\/www.visit-ulcinj.com\/blog\/2008\/02\/07\/montenegro-neue-regeln-fur-die-landessprache\/#webpage","url":"https:\/\/www.visit-ulcinj.com\/blog\/2008\/02\/07\/montenegro-neue-regeln-fur-die-landessprache\/","name":"Montenegro: Neue Regeln f\u00fcr die Landessprache - Lajme nga Ulqini","isPartOf":{"@id":"https:\/\/www.visit-ulcinj.com\/blog\/#website"},"primaryImageOfPage":{"@id":"https:\/\/www.visit-ulcinj.com\/blog\/2008\/02\/07\/montenegro-neue-regeln-fur-die-landessprache\/#primaryimage"},"datePublished":"2008-02-07T19:46:24+00:00","dateModified":"2008-02-12T19:25:32+00:00","author":{"@id":"https:\/\/www.visit-ulcinj.com\/blog\/#\/schema\/person\/dcab619c614d3038751c63bc2aadc06d"},"breadcrumb":{"@id":"https:\/\/www.visit-ulcinj.com\/blog\/2008\/02\/07\/montenegro-neue-regeln-fur-die-landessprache\/#breadcrumb"},"inLanguage":"en-US","potentialAction":[{"@type":"ReadAction","target":["https:\/\/www.visit-ulcinj.com\/blog\/2008\/02\/07\/montenegro-neue-regeln-fur-die-landessprache\/"]}]},{"@type":"BreadcrumbList","@id":"https:\/\/www.visit-ulcinj.com\/blog\/2008\/02\/07\/montenegro-neue-regeln-fur-die-landessprache\/#breadcrumb","itemListElement":[{"@type":"ListItem","position":1,"name":"Montenegro: Neue Regeln f\u00fcr die Landessprache"}]},{"@type":"Person","@id":"https:\/\/www.visit-ulcinj.com\/blog\/#\/schema\/person\/dcab619c614d3038751c63bc2aadc06d","name":"ulqini","sameAs":["http:\/\/www.visit-ulcinj.com"],"url":"https:\/\/www.visit-ulcinj.com\/blog\/author\/admin\/"}]}},"jetpack_featured_media_url":"","jetpack_sharing_enabled":true,"jetpack_shortlink":"https:\/\/wp.me\/pe6lTn-6L","_links":{"self":[{"href":"https:\/\/www.visit-ulcinj.com\/blog\/wp-json\/wp\/v2\/posts\/419"}],"collection":[{"href":"https:\/\/www.visit-ulcinj.com\/blog\/wp-json\/wp\/v2\/posts"}],"about":[{"href":"https:\/\/www.visit-ulcinj.com\/blog\/wp-json\/wp\/v2\/types\/post"}],"author":[{"embeddable":true,"href":"https:\/\/www.visit-ulcinj.com\/blog\/wp-json\/wp\/v2\/users\/1"}],"replies":[{"embeddable":true,"href":"https:\/\/www.visit-ulcinj.com\/blog\/wp-json\/wp\/v2\/comments?post=419"}],"version-history":[{"count":0,"href":"https:\/\/www.visit-ulcinj.com\/blog\/wp-json\/wp\/v2\/posts\/419\/revisions"}],"wp:attachment":[{"href":"https:\/\/www.visit-ulcinj.com\/blog\/wp-json\/wp\/v2\/media?parent=419"}],"wp:term":[{"taxonomy":"category","embeddable":true,"href":"https:\/\/www.visit-ulcinj.com\/blog\/wp-json\/wp\/v2\/categories?post=419"},{"taxonomy":"post_tag","embeddable":true,"href":"https:\/\/www.visit-ulcinj.com\/blog\/wp-json\/wp\/v2\/tags?post=419"}],"curies":[{"name":"wp","href":"https:\/\/api.w.org\/{rel}","templated":true}]}}