{"id":41902,"date":"2011-01-03T14:17:01","date_gmt":"2011-01-03T13:17:01","guid":{"rendered":"http:\/\/www.visit-ulcinj.com\/blog\/?p=41902"},"modified":"2011-01-04T22:28:31","modified_gmt":"2011-01-04T21:28:31","slug":"vazhdon-te-jetoje-shpirti-i-tradites-se-shestanit","status":"publish","type":"post","link":"https:\/\/www.visit-ulcinj.com\/blog\/2011\/01\/03\/vazhdon-te-jetoje-shpirti-i-tradites-se-shestanit\/","title":{"rendered":"Vazhdon t\u00eb jetoj\u00eb shpirti i tradit\u00ebs s\u00eb Shestanit"},"content":{"rendered":"<p><img loading=\"lazy\" class=\"alignleft\" title=\"Shoqata Dom Gjon Buzuku\" src=\"http:\/\/www.visit-ulcinj.com\/blog\/wp-content\/uploads\/2010\/11\/Shoqata_Don-Gjon-Buzuku_kremtoi-pesembedhjet-vjetorin.jpg\" alt=\"\" width=\"490\" height=\"382\" \/>Me rastin e sh\u00ebnimit t\u00eb pes\u00ebmb\u00ebdhjet\u00eb vjetorit t\u00eb themelimit t\u00eb Shoqat\u00ebs \u201cDom Gjon Buzuku\u201d , i cili u mbajt n\u00eb Pallatin e Kultur\u00ebs t\u00eb Ulqinit, m\u00eb 20 n\u00ebntor 2010, shestanasit e rinj t\u00eb tubuar n\u00eb Grupin Folklorik \u201cBuzuku\u201d u paraqit\u00ebn n\u00eb sken\u00eb\u00a0 p\u00ebr her\u00eb\u00a0 t\u00eb par\u00eb me veshjen e tyre popullore.\u00a0 N\u00ebnt\u00eb\u00a0\u00a0 djem t\u00eb rinj t\u00eb veshur me kostumin e harruar me vite t\u00eb burrave\u00a0 t\u00eb k\u00ebsaj krahine t\u00eb lasht\u00eb shqiptare t\u00eb Kraj\u00ebs dhe tet\u00eb vajza (shestanesha) t\u00eb reja shk\u00eblqyen\u00a0 n\u00eb sken\u00eb si asnj\u00ebher\u00eb m\u00eb par\u00eb, para syve t\u00eb prind\u00ebrve\u00a0 t\u00eb tyre dhe t\u00eb publikut t\u00eb shumt\u00eb, q\u00eb kishin ardhur k\u00ebt\u00eb mbr\u00ebmje nga\u00a0 treva t\u00eb ndryshme shqiptare, p\u00ebr t\u00eb mb\u00ebshtetur nism\u00ebn e mbar\u00eb dhe d\u00ebshir\u00ebn e madhe\u00a0 t\u00eb k\u00ebsaj shoqate kulturore p\u00ebr t\u00eb prezentuar\u00a0 premier\u00eb vallet e bukura popullore t\u00eb Shestanit.\u00a0\u00a0 P\u00ebrfaq\u00ebsimi i k\u00ebtij grupi folklorik u prit me shum\u00eb interes. Larmia e veshjes popullore e Shestanit dhe performanca e valltar\u00ebve n\u00eb sken\u00ebn e punuar me shije artistike entuziasmoi jo vet\u00ebm pjes\u00ebmarr\u00ebsit e k\u00ebtij aktiviteti t\u00eb r\u00ebnd\u00ebsish\u00ebm kulturor do t\u00eb thoja p\u00ebr t\u00eb gjith\u00eb komunitetin shqiptar, por edhe\u00a0 t\u00eb pranishmit, t\u00eb cil\u00ebt me ovacione p\u00ebrcoll\u00ebn\u00a0 l\u00ebvizjet koreografike t\u00eb k\u00ebmb\u00ebve, duarve, kok\u00ebs dhe shtatit n\u00eb p\u00ebrgjith\u00ebsi t\u00eb t\u00eb gjith\u00eb valltar\u00ebve, t\u00eb g\u00ebrshetuara\u00a0 me melodi t\u00eb vjetra dhe tekst. N\u00eb k\u00ebt\u00eb fest\u00eb t\u00eb Shestanit, n\u00ebse mund t\u00eb quhet k\u00ebshtu, u v\u00ebrtetuan disa vlera. S\u00eb pari u ringjall ( rikthye)\u00a0 vesha\u00a0 e burrave t\u00eb shestanit me tirq, xhamadan dhe qeleshe. S\u00eb dyti\u00a0 u faktua origjinaliteti dhe lasht\u00ebsia e veshjes popullore t\u00eb trev\u00ebs.\u00a0 S\u00eb treti\u00a0 u d\u00ebshmua gatishm\u00ebria p\u00ebr ruajtjen e vlerave t\u00eb trash\u00ebgimis\u00eb kulturore t\u00eb pakontestueshme t\u00eb k\u00ebsaj pjese t\u00eb populllit ton\u00eb. S\u00eb kat\u00ebrti\u00a0 u tregua se\u00a0 shestanasit p\u00ebrmes folklorit kan\u00eb shprehur gjithmon\u00eb emocionet e tyre si n\u00eb g\u00ebzim ashtu edhe n\u00eb hidh\u00ebrim. S\u00eb pesti kuptuam\u00a0 deri n\u00eb nj\u00eb mas\u00eb\u00a0\u00a0 nivelin e zhvillimit kulturor si dhe psikologjin\u00eb e\u00a0 trev\u00ebs. S\u00eb gjashti u tregua se vazhdon t\u00eb jetoj\u00eb shpirti i tradit\u00ebs s\u00eb Shestanit\u00a0 S\u00eb shtati\u00a0\u00a0 u realizua \u00ebndrra e\u00a0 \u00e7do shqiptari p\u00ebr ti par\u00eb dhe k\u00ebrcyer k\u00ebto valle, me t\u00eb cilat krenohen t\u00eb gjith\u00eb shqiptar\u00ebt kudo q\u00eb ndodhen, sepse ato jan\u00eb\u00a0 pasuri e mrrekullueshme e populllit ton\u00eb. S\u00eb teti vallet dhe k\u00ebng\u00ebt e Shestanit\u00a0 jan\u00eb\u00a0 d\u00ebshmia m\u00eb e mir\u00eb e ekzistimit n\u00eb trojet e tyre etnike shekullore dhe jan\u00eb motiv i jet\u00ebs dhe ekzistenc\u00ebs s\u00eb tyre\u00a0 t\u00eb v\u00ebshtir\u00eb ekonomike gjat\u00eb regjimeve dhe sunduesve t\u00eb ndrysh\u00ebm, t\u00eb cil\u00ebt\u00a0\u00a0 pothuaj gati ia\u00a0 arrit\u00ebn\u00a0 t\u00eb asimilojn\u00eb k\u00ebt\u00eb pjes\u00eb t\u00eb lavdishme t\u00eb kombit ton\u00eb, e cila fatmir\u00ebsisht \u00ebsht\u00eb n\u00eb rrug\u00eb t\u00eb mbar\u00eb t\u00eb rikthehet n\u00eb rr\u00ebnj\u00ebt e veta iliro-arb\u00ebrore. Nga kjo dit\u00eb e sh\u00ebnuar p\u00ebr Shestanin, banor\u00ebt e k\u00ebsaj trev\u00eb, mendoj se m\u00eb n\u00eb fund\u00a0 duhet t\u00eb nxjerrin\u00a0 edhe k\u00ebt\u00eb mesazh:\u00a0\u00a0 cil\u00ebsimi i vetes si shqiptar, me gjuh\u00ebn e vet, nga m\u00eb t\u00eb lashtat e bot\u00ebs, me kultur\u00ebn dhe artin, ashtu si edhe me historin\u00eb e tyre shum\u00ebmij\u00ebvje\u00e7are. Dua t\u00eb besoj se brezat e ardhsh\u00ebm\u00a0 t\u00eb Shestanit\u00a0 kan\u00eb filluar\u00a0 ta kuptojn\u00eb nj\u00eb her\u00eb e p\u00ebrgjithmon\u00eb\u00a0 se e kaluara e t\u00eb par\u00ebve t\u00eb tyre shqiptar\u00eb\u00a0 i obligon dhe i detyron t\u00eb duan kombin,\u00a0 t\u00eb ruajn\u00eb dhe t\u00eb flasin gjuh\u00ebn shqipe, t\u00eb kultivojn\u00eb kultur\u00ebn dhe traditat, duke i krijuar mund\u00ebsi vetvetes q\u00eb t\u00eb ruajn\u00eb kurdoher\u00eb identitetin ton\u00eb komb\u00ebtar si nj\u00eb popull i vjet\u00ebr i Evrop\u00ebs, krahas popujve\u00a0 t\u00eb qytet\u00ebrimit t\u00eb lasht\u00eb t\u00eb kontinentit plak. N\u00ebse veprojn\u00eb k\u00ebshtu ata do t\u00eb b\u00ebhen njer\u00ebz fisnik, do t\u00eb pasurojn\u00eb shpirtin dhe mendjen. Un\u00eb me t\u00eb v\u00ebrtet\u00eb jam i lumtur\u00a0 q\u00eb, me p\u00ebrurimin e tre librave t\u00eb mi, Nj\u00ebmend\u00ebsi shqiptare, Gjurm\u00ebve t\u00eb koh\u00ebs dhe\u00a0 Shqipet e maleve, isha bashk\u00ebpjes\u00ebtar, i k\u00ebsaj ngjarje t\u00eb madhe kulturore, e cila pati jehon\u00eb t\u00eb\u00a0 papar\u00eb te popullata vendase, dhe jo vet\u00ebm.<\/p>\n<p><strong>Gjek\u00eb Gjonaj<br \/>\nKoha Javore<br \/>\n<!--YouTube Error: bad URL entered--><br \/>\n<a href=\"http:\/\/www.visit-ulcinj.com\/blog\/wp-content\/uploads\/2011\/01\/FOLKLORI-I-SHESTANIT.jpg\"><img loading=\"lazy\" class=\"alignleft size-full wp-image-42005\" title=\"FOLKLORI I SHESTANIT\" src=\"http:\/\/www.visit-ulcinj.com\/blog\/wp-content\/uploads\/2011\/01\/FOLKLORI-I-SHESTANIT.jpg\" alt=\"\" width=\"490\" height=\"372\" \/><\/a><br \/>\n<\/strong><\/p>\n<p><strong><span style=\"color: #000000;\">Grupi folklorik BUZUKU<\/span><\/strong><\/p>\n<p><span style=\"color: #000000;\"> 1.Andrea Ivos Antit-Lukiq;  2.Pala\u2019j Nikolls Pals-Peconj (Pecoviq*);   3.Marku\u2019j Niks Markut Niks Tags-Tagaj (Tagiq);  4.Andrijani Nikolls  Zefit-Brisku (Briskoviq);  5.Sandroja\u2019j Nikolls Pals-Peconj (Pecoviq);   6.Jozoja\u2019j Vasit Zefit Nreks Niks-Nilonj (Niloviq);  7.Peroja\u2019j Filipit  Pjetrit-Maroviq; 8.Peroja\u2019j Markut Pjetrit Markut-Bardhonj (Bardhoviq);   9.Jozoja\u2019j Nikolls Nreks-Nrekiq;  10.Nikolla\u2019j Markut Niks-Dedonj  (Dediq);  11.Pala\u2019j Jozit Luks-Jankonj (Jankoviq);  12.Viktori Gjergjit  Toms-Lukiq; 13.Stevoja\u2019j Pjetrit Zefit-Dabonj (Daboviq);  14.Marku\u2019j  Nikolls Nreks-Nrekiq;  15.Gjergji Leks Markut \u00c7obs-Dedonj (Dediq);   16.Kristina Anris Pers-Lukiq;  17.Luboja\u2019j Antit Zefit-Lukiq;  18.Zefi  Gjonit Lucit Nojs-Kova\u00e7i (Pema);  19.Gjergji Kols Gjeks-Pepgjononj  (Pepgjonoviq);  20.Viktori Nreks Lush Nreks-Nrekiq;  21.Marija Filipit  Pjetrit-Maroviq;  22.Ana Anris Pers-Lukiq;  23.Aleksandra Ivos  Antit-Lukiq;  24.Marijana Ivos Antit-Lukiq;  25.Domenika Markut Pjetrit  Markut-Bardhonj (Bardhoviq); 26.Gabrijella Anris Gjonit-Simonaj;   27.Monika Sims Pers-Lukiq;  28.Mrika Antit Pals Leks-Lukiq; 29.Julija  Gjonit Zefit Gjonit Niks-Dobreci (Dobrecoviq);  30.Gjergji Rrokut  Jakut-Pekaj (Pekiq);  31.Zefi Rrokut Sims Markut Pre\u00e7\u2019Palit-Lukiq;   32.Domeniku\u2019j Franit Deds-Lukiq;  33.Andrija\u2019j Gjonit Pjetrit-Simonaj;   34.Valentini Zefit Gjonit Lucit Nojs-Kova\u00e7i (Pema).<\/span><\/p>\n","protected":false},"excerpt":{"rendered":"<p>Me rastin e sh\u00ebnimit t\u00eb pes\u00ebmb\u00ebdhjet\u00eb vjetorit t\u00eb themelimit t\u00eb Shoqat\u00ebs \u201cDom Gjon Buzuku\u201d , i cili u mbajt n\u00eb Pallatin e Kultur\u00ebs t\u00eb Ulqinit, m\u00eb 20 n\u00ebntor 2010, shestanasit e rinj t\u00eb tubuar n\u00eb Grupin Folklorik \u201cBuzuku\u201d u paraqit\u00ebn n\u00eb sken\u00eb\u00a0 p\u00ebr her\u00eb\u00a0 t\u00eb par\u00eb me veshjen e tyre popullore.\u00a0 N\u00ebnt\u00eb\u00a0\u00a0 djem t\u00eb rinj [&hellip;]<\/p>\n","protected":false},"author":1,"featured_media":0,"comment_status":"open","ping_status":"closed","sticky":false,"template":"","format":"standard","meta":{"spay_email":"","jetpack_publicize_message":"","jetpack_is_tweetstorm":false,"jetpack_publicize_feature_enabled":true},"categories":[11],"tags":[16862,16861,12959,16851,200,18],"jetpack_publicize_connections":[],"yoast_head":"<!-- This site is optimized with the Yoast SEO plugin v19.1 - https:\/\/yoast.com\/wordpress\/plugins\/seo\/ -->\n<title>Vazhdon t\u00eb jetoj\u00eb shpirti i tradit\u00ebs s\u00eb Shestanit - Lajme nga Ulqini<\/title>\n<meta name=\"description\" content=\"Me rastin e sh\u00ebnimit t\u00eb pes\u00ebmb\u00ebdhjet\u00eb vjetorit t\u00eb themelimit t\u00eb Shoqat\u00ebs \u201cDom Gjon Buzuku\u201d , i cili u mbajt n\u00eb Pallatin e Kultur\u00ebs t\u00eb Ulqinit, m\u00eb 20\" \/>\n<meta name=\"robots\" content=\"index, follow, max-snippet:-1, max-image-preview:large, max-video-preview:-1\" \/>\n<link rel=\"canonical\" href=\"https:\/\/www.visit-ulcinj.com\/blog\/2011\/01\/03\/vazhdon-te-jetoje-shpirti-i-tradites-se-shestanit\/\" \/>\n<meta property=\"og:locale\" content=\"en_US\" \/>\n<meta property=\"og:type\" content=\"article\" \/>\n<meta property=\"og:title\" content=\"Vazhdon t\u00eb jetoj\u00eb shpirti i tradit\u00ebs s\u00eb Shestanit - Lajme nga Ulqini\" \/>\n<meta property=\"og:description\" content=\"Me rastin e sh\u00ebnimit t\u00eb pes\u00ebmb\u00ebdhjet\u00eb vjetorit t\u00eb themelimit t\u00eb Shoqat\u00ebs \u201cDom Gjon Buzuku\u201d , i cili u mbajt n\u00eb Pallatin e Kultur\u00ebs t\u00eb Ulqinit, m\u00eb 20\" \/>\n<meta property=\"og:url\" content=\"https:\/\/www.visit-ulcinj.com\/blog\/2011\/01\/03\/vazhdon-te-jetoje-shpirti-i-tradites-se-shestanit\/\" \/>\n<meta property=\"og:site_name\" content=\"Lajme nga Ulqini\" \/>\n<meta property=\"article:published_time\" content=\"2011-01-03T13:17:01+00:00\" \/>\n<meta property=\"article:modified_time\" content=\"2011-01-04T21:28:31+00:00\" \/>\n<meta property=\"og:image\" content=\"http:\/\/www.visit-ulcinj.com\/blog\/wp-content\/uploads\/2010\/11\/Shoqata_Don-Gjon-Buzuku_kremtoi-pesembedhjet-vjetorin.jpg\" \/>\n<meta name=\"twitter:label1\" content=\"Written by\" \/>\n\t<meta name=\"twitter:data1\" content=\"ulqini\" \/>\n\t<meta name=\"twitter:label2\" content=\"Est. reading time\" \/>\n\t<meta name=\"twitter:data2\" content=\"4 minutes\" \/>\n<script type=\"application\/ld+json\" class=\"yoast-schema-graph\">{\"@context\":\"https:\/\/schema.org\",\"@graph\":[{\"@type\":\"WebSite\",\"@id\":\"https:\/\/www.visit-ulcinj.com\/blog\/#website\",\"url\":\"https:\/\/www.visit-ulcinj.com\/blog\/\",\"name\":\"Lajme nga Ulqini\",\"description\":\"Lajme,Vijesti,Ulqini,Ulqin,Crna Gora,Mali i Zi\",\"potentialAction\":[{\"@type\":\"SearchAction\",\"target\":{\"@type\":\"EntryPoint\",\"urlTemplate\":\"https:\/\/www.visit-ulcinj.com\/blog\/?s={search_term_string}\"},\"query-input\":\"required name=search_term_string\"}],\"inLanguage\":\"en-US\"},{\"@type\":\"ImageObject\",\"inLanguage\":\"en-US\",\"@id\":\"https:\/\/www.visit-ulcinj.com\/blog\/2011\/01\/03\/vazhdon-te-jetoje-shpirti-i-tradites-se-shestanit\/#primaryimage\",\"url\":\"https:\/\/www.visit-ulcinj.com\/blog\/wp-content\/uploads\/2010\/11\/Shoqata_Don-Gjon-Buzuku_kremtoi-pesembedhjet-vjetorin.jpg\",\"contentUrl\":\"https:\/\/www.visit-ulcinj.com\/blog\/wp-content\/uploads\/2010\/11\/Shoqata_Don-Gjon-Buzuku_kremtoi-pesembedhjet-vjetorin.jpg\",\"width\":\"720\",\"height\":\"482\"},{\"@type\":\"WebPage\",\"@id\":\"https:\/\/www.visit-ulcinj.com\/blog\/2011\/01\/03\/vazhdon-te-jetoje-shpirti-i-tradites-se-shestanit\/#webpage\",\"url\":\"https:\/\/www.visit-ulcinj.com\/blog\/2011\/01\/03\/vazhdon-te-jetoje-shpirti-i-tradites-se-shestanit\/\",\"name\":\"Vazhdon t\u00eb jetoj\u00eb shpirti i tradit\u00ebs s\u00eb Shestanit - Lajme nga Ulqini\",\"isPartOf\":{\"@id\":\"https:\/\/www.visit-ulcinj.com\/blog\/#website\"},\"primaryImageOfPage\":{\"@id\":\"https:\/\/www.visit-ulcinj.com\/blog\/2011\/01\/03\/vazhdon-te-jetoje-shpirti-i-tradites-se-shestanit\/#primaryimage\"},\"datePublished\":\"2011-01-03T13:17:01+00:00\",\"dateModified\":\"2011-01-04T21:28:31+00:00\",\"author\":{\"@id\":\"https:\/\/www.visit-ulcinj.com\/blog\/#\/schema\/person\/dcab619c614d3038751c63bc2aadc06d\"},\"description\":\"Me rastin e sh\u00ebnimit t\u00eb pes\u00ebmb\u00ebdhjet\u00eb vjetorit t\u00eb themelimit t\u00eb Shoqat\u00ebs \u201cDom Gjon Buzuku\u201d , i cili u mbajt n\u00eb Pallatin e Kultur\u00ebs t\u00eb Ulqinit, m\u00eb 20\",\"breadcrumb\":{\"@id\":\"https:\/\/www.visit-ulcinj.com\/blog\/2011\/01\/03\/vazhdon-te-jetoje-shpirti-i-tradites-se-shestanit\/#breadcrumb\"},\"inLanguage\":\"en-US\",\"potentialAction\":[{\"@type\":\"ReadAction\",\"target\":[\"https:\/\/www.visit-ulcinj.com\/blog\/2011\/01\/03\/vazhdon-te-jetoje-shpirti-i-tradites-se-shestanit\/\"]}]},{\"@type\":\"BreadcrumbList\",\"@id\":\"https:\/\/www.visit-ulcinj.com\/blog\/2011\/01\/03\/vazhdon-te-jetoje-shpirti-i-tradites-se-shestanit\/#breadcrumb\",\"itemListElement\":[{\"@type\":\"ListItem\",\"position\":1,\"name\":\"Vazhdon t\u00eb jetoj\u00eb shpirti i tradit\u00ebs s\u00eb Shestanit\"}]},{\"@type\":\"Person\",\"@id\":\"https:\/\/www.visit-ulcinj.com\/blog\/#\/schema\/person\/dcab619c614d3038751c63bc2aadc06d\",\"name\":\"ulqini\",\"sameAs\":[\"http:\/\/www.visit-ulcinj.com\"],\"url\":\"https:\/\/www.visit-ulcinj.com\/blog\/author\/admin\/\"}]}<\/script>\n<!-- \/ Yoast SEO plugin. -->","yoast_head_json":{"title":"Vazhdon t\u00eb jetoj\u00eb shpirti i tradit\u00ebs s\u00eb Shestanit - Lajme nga Ulqini","description":"Me rastin e sh\u00ebnimit t\u00eb pes\u00ebmb\u00ebdhjet\u00eb vjetorit t\u00eb themelimit t\u00eb Shoqat\u00ebs \u201cDom Gjon Buzuku\u201d , i cili u mbajt n\u00eb Pallatin e Kultur\u00ebs t\u00eb Ulqinit, m\u00eb 20","robots":{"index":"index","follow":"follow","max-snippet":"max-snippet:-1","max-image-preview":"max-image-preview:large","max-video-preview":"max-video-preview:-1"},"canonical":"https:\/\/www.visit-ulcinj.com\/blog\/2011\/01\/03\/vazhdon-te-jetoje-shpirti-i-tradites-se-shestanit\/","og_locale":"en_US","og_type":"article","og_title":"Vazhdon t\u00eb jetoj\u00eb shpirti i tradit\u00ebs s\u00eb Shestanit - Lajme nga Ulqini","og_description":"Me rastin e sh\u00ebnimit t\u00eb pes\u00ebmb\u00ebdhjet\u00eb vjetorit t\u00eb themelimit t\u00eb Shoqat\u00ebs \u201cDom Gjon Buzuku\u201d , i cili u mbajt n\u00eb Pallatin e Kultur\u00ebs t\u00eb Ulqinit, m\u00eb 20","og_url":"https:\/\/www.visit-ulcinj.com\/blog\/2011\/01\/03\/vazhdon-te-jetoje-shpirti-i-tradites-se-shestanit\/","og_site_name":"Lajme nga Ulqini","article_published_time":"2011-01-03T13:17:01+00:00","article_modified_time":"2011-01-04T21:28:31+00:00","og_image":[{"url":"http:\/\/www.visit-ulcinj.com\/blog\/wp-content\/uploads\/2010\/11\/Shoqata_Don-Gjon-Buzuku_kremtoi-pesembedhjet-vjetorin.jpg"}],"twitter_misc":{"Written by":"ulqini","Est. reading time":"4 minutes"},"schema":{"@context":"https:\/\/schema.org","@graph":[{"@type":"WebSite","@id":"https:\/\/www.visit-ulcinj.com\/blog\/#website","url":"https:\/\/www.visit-ulcinj.com\/blog\/","name":"Lajme nga Ulqini","description":"Lajme,Vijesti,Ulqini,Ulqin,Crna Gora,Mali i Zi","potentialAction":[{"@type":"SearchAction","target":{"@type":"EntryPoint","urlTemplate":"https:\/\/www.visit-ulcinj.com\/blog\/?s={search_term_string}"},"query-input":"required name=search_term_string"}],"inLanguage":"en-US"},{"@type":"ImageObject","inLanguage":"en-US","@id":"https:\/\/www.visit-ulcinj.com\/blog\/2011\/01\/03\/vazhdon-te-jetoje-shpirti-i-tradites-se-shestanit\/#primaryimage","url":"https:\/\/www.visit-ulcinj.com\/blog\/wp-content\/uploads\/2010\/11\/Shoqata_Don-Gjon-Buzuku_kremtoi-pesembedhjet-vjetorin.jpg","contentUrl":"https:\/\/www.visit-ulcinj.com\/blog\/wp-content\/uploads\/2010\/11\/Shoqata_Don-Gjon-Buzuku_kremtoi-pesembedhjet-vjetorin.jpg","width":"720","height":"482"},{"@type":"WebPage","@id":"https:\/\/www.visit-ulcinj.com\/blog\/2011\/01\/03\/vazhdon-te-jetoje-shpirti-i-tradites-se-shestanit\/#webpage","url":"https:\/\/www.visit-ulcinj.com\/blog\/2011\/01\/03\/vazhdon-te-jetoje-shpirti-i-tradites-se-shestanit\/","name":"Vazhdon t\u00eb jetoj\u00eb shpirti i tradit\u00ebs s\u00eb Shestanit - Lajme nga Ulqini","isPartOf":{"@id":"https:\/\/www.visit-ulcinj.com\/blog\/#website"},"primaryImageOfPage":{"@id":"https:\/\/www.visit-ulcinj.com\/blog\/2011\/01\/03\/vazhdon-te-jetoje-shpirti-i-tradites-se-shestanit\/#primaryimage"},"datePublished":"2011-01-03T13:17:01+00:00","dateModified":"2011-01-04T21:28:31+00:00","author":{"@id":"https:\/\/www.visit-ulcinj.com\/blog\/#\/schema\/person\/dcab619c614d3038751c63bc2aadc06d"},"description":"Me rastin e sh\u00ebnimit t\u00eb pes\u00ebmb\u00ebdhjet\u00eb vjetorit t\u00eb themelimit t\u00eb Shoqat\u00ebs \u201cDom Gjon Buzuku\u201d , i cili u mbajt n\u00eb Pallatin e Kultur\u00ebs t\u00eb Ulqinit, m\u00eb 20","breadcrumb":{"@id":"https:\/\/www.visit-ulcinj.com\/blog\/2011\/01\/03\/vazhdon-te-jetoje-shpirti-i-tradites-se-shestanit\/#breadcrumb"},"inLanguage":"en-US","potentialAction":[{"@type":"ReadAction","target":["https:\/\/www.visit-ulcinj.com\/blog\/2011\/01\/03\/vazhdon-te-jetoje-shpirti-i-tradites-se-shestanit\/"]}]},{"@type":"BreadcrumbList","@id":"https:\/\/www.visit-ulcinj.com\/blog\/2011\/01\/03\/vazhdon-te-jetoje-shpirti-i-tradites-se-shestanit\/#breadcrumb","itemListElement":[{"@type":"ListItem","position":1,"name":"Vazhdon t\u00eb jetoj\u00eb shpirti i tradit\u00ebs s\u00eb Shestanit"}]},{"@type":"Person","@id":"https:\/\/www.visit-ulcinj.com\/blog\/#\/schema\/person\/dcab619c614d3038751c63bc2aadc06d","name":"ulqini","sameAs":["http:\/\/www.visit-ulcinj.com"],"url":"https:\/\/www.visit-ulcinj.com\/blog\/author\/admin\/"}]}},"jetpack_featured_media_url":"","jetpack_sharing_enabled":true,"jetpack_shortlink":"https:\/\/wp.me\/pe6lTn-aTQ","_links":{"self":[{"href":"https:\/\/www.visit-ulcinj.com\/blog\/wp-json\/wp\/v2\/posts\/41902"}],"collection":[{"href":"https:\/\/www.visit-ulcinj.com\/blog\/wp-json\/wp\/v2\/posts"}],"about":[{"href":"https:\/\/www.visit-ulcinj.com\/blog\/wp-json\/wp\/v2\/types\/post"}],"author":[{"embeddable":true,"href":"https:\/\/www.visit-ulcinj.com\/blog\/wp-json\/wp\/v2\/users\/1"}],"replies":[{"embeddable":true,"href":"https:\/\/www.visit-ulcinj.com\/blog\/wp-json\/wp\/v2\/comments?post=41902"}],"version-history":[{"count":1,"href":"https:\/\/www.visit-ulcinj.com\/blog\/wp-json\/wp\/v2\/posts\/41902\/revisions"}],"predecessor-version":[{"id":48346,"href":"https:\/\/www.visit-ulcinj.com\/blog\/wp-json\/wp\/v2\/posts\/41902\/revisions\/48346"}],"wp:attachment":[{"href":"https:\/\/www.visit-ulcinj.com\/blog\/wp-json\/wp\/v2\/media?parent=41902"}],"wp:term":[{"taxonomy":"category","embeddable":true,"href":"https:\/\/www.visit-ulcinj.com\/blog\/wp-json\/wp\/v2\/categories?post=41902"},{"taxonomy":"post_tag","embeddable":true,"href":"https:\/\/www.visit-ulcinj.com\/blog\/wp-json\/wp\/v2\/tags?post=41902"}],"curies":[{"name":"wp","href":"https:\/\/api.w.org\/{rel}","templated":true}]}}