{"id":41905,"date":"2011-01-03T18:30:21","date_gmt":"2011-01-03T17:30:21","guid":{"rendered":"http:\/\/www.visit-ulcinj.com\/blog\/?p=41905"},"modified":"2011-01-03T18:30:21","modified_gmt":"2011-01-03T17:30:21","slug":"albanci-moraju-imati-sva-prava","status":"publish","type":"post","link":"https:\/\/www.visit-ulcinj.com\/blog\/2011\/01\/03\/albanci-moraju-imati-sva-prava\/","title":{"rendered":"Albanci moraju imati sva prava"},"content":{"rendered":"<p><strong><a href=\"http:\/\/www.visit-ulcinj.com\/blog\/wp-content\/uploads\/2011\/01\/Vaselj-Sini\u0161taj.jpg\"><img loading=\"lazy\" class=\"alignleft size-full wp-image-41906\" title=\"Vaselj Sini\u0161taj\" src=\"http:\/\/www.visit-ulcinj.com\/blog\/wp-content\/uploads\/2011\/01\/Vaselj-Sini\u0161taj.jpg\" alt=\"\" width=\"390\" height=\"302\" \/><\/a>Vaselj Sini\u0161taj za &#8220;Dan&#8221; isti\u010de da 2011. <\/strong><strong>godina mora donijeti bolji status za manjine<br \/>\n<\/strong>Predstavnik albanske koalicije &#8220;Perspektiva&#8221; Vaselj Sini\u0161taj istakao je da 2011. godina ne\u0107e donijeti veliki napredak u pobolj\u0161anju \u017eivotnog standarda, tvrde\u0107i da polo\u017eaj Albanaca treba zna\u010dajno pobolj\u0161ati. On je za &#8220;Dan&#8221; kazao i da je dobra okolnost \u0161to Evropska unija od Crne Gore zahtijeva gotovo isto \u0161to zahtijevaju manjinski narodi.<br \/>\n&#8211; Decentralizacija vlasti, izborni zakon uskla\u0111en sa Ustavom, i integracija svih manjinskih naroda u dr\u017eavne strukture, klju\u010dni su zahtjevi kako EU, tako i partija koje zastupaju interese manjina. Prema tome, to se mora kad-tad ostvariti, i dobro je \u0161to je tako &#8211; rekao je Sini\u0161taj.<br \/>\nPrema njegovoj tvrdnji, ne treba se previ\u0161e nadati i da \u0107e svi ti ciljevi biti u potpunosti ostvareni 2011. godine.<br \/>\n&#8211; Posebno pitanje je izborni zakon. Evo ve\u0107 tri godine nema dogovora o tome, i sve su prilike da \u0107e moj mandat u parlamentu, koji po\u010dinje ove godine, &#8220;zaka\u010diti&#8221; rad na izbornom zakonu. \u010cinjenica da nemamo regulisana ekonomska, politi\u010dka i druga prava za Albance u Crnoj Gori, veoma me brine &#8211; zaklju\u010dio je Sini\u0161taj.<\/p>\n<p><strong>M.V.<br \/>\n<a href=\"http:\/\/www.dan.co.me\/?nivo=3&amp;rubrika=Politika&amp;datum=2011-01-03&amp;clanak=262309\" target=\"_blank\">DAN<\/a><\/strong><\/p>\n","protected":false},"excerpt":{"rendered":"<p>Vaselj Sini\u0161taj za &#8220;Dan&#8221; isti\u010de da 2011. godina mora donijeti bolji status za manjine Predstavnik albanske koalicije &#8220;Perspektiva&#8221; Vaselj Sini\u0161taj istakao je da 2011. godina ne\u0107e donijeti veliki napredak u pobolj\u0161anju \u017eivotnog standarda, tvrde\u0107i da polo\u017eaj Albanaca treba zna\u010dajno pobolj\u0161ati. On je za &#8220;Dan&#8221; kazao i da je dobra okolnost \u0161to Evropska unija od Crne [&hellip;]<\/p>\n","protected":false},"author":1,"featured_media":0,"comment_status":"open","ping_status":"closed","sticky":false,"template":"","format":"standard","meta":{"spay_email":"","jetpack_publicize_message":"","jetpack_is_tweetstorm":false,"jetpack_publicize_feature_enabled":true},"categories":[8337],"tags":[1520,12670,16852],"jetpack_publicize_connections":[],"yoast_head":"<!-- This site is optimized with the Yoast SEO plugin v19.1 - https:\/\/yoast.com\/wordpress\/plugins\/seo\/ -->\n<title>Albanci moraju imati sva prava - Lajme nga Ulqini<\/title>\n<meta name=\"description\" content=\"Vaselj Sini\u0161taj za &quot;Dan&quot; isti\u010de da 2011. godina mora donijeti bolji status za manjine Predstavnik albanske koalicije &quot;Perspektiva&quot; Vaselj Sini\u0161taj istakao\" \/>\n<meta name=\"robots\" content=\"index, follow, max-snippet:-1, max-image-preview:large, max-video-preview:-1\" \/>\n<link rel=\"canonical\" href=\"https:\/\/www.visit-ulcinj.com\/blog\/2011\/01\/03\/albanci-moraju-imati-sva-prava\/\" \/>\n<meta property=\"og:locale\" content=\"en_US\" \/>\n<meta property=\"og:type\" content=\"article\" \/>\n<meta property=\"og:title\" content=\"Albanci moraju imati sva prava - Lajme nga Ulqini\" \/>\n<meta property=\"og:description\" content=\"Vaselj Sini\u0161taj za &quot;Dan&quot; isti\u010de da 2011. godina mora donijeti bolji status za manjine Predstavnik albanske koalicije &quot;Perspektiva&quot; Vaselj Sini\u0161taj istakao\" \/>\n<meta property=\"og:url\" content=\"https:\/\/www.visit-ulcinj.com\/blog\/2011\/01\/03\/albanci-moraju-imati-sva-prava\/\" \/>\n<meta property=\"og:site_name\" content=\"Lajme nga Ulqini\" \/>\n<meta property=\"article:published_time\" content=\"2011-01-03T17:30:21+00:00\" \/>\n<meta name=\"twitter:label1\" content=\"Written by\" \/>\n\t<meta name=\"twitter:data1\" content=\"ulqini\" \/>\n\t<meta name=\"twitter:label2\" content=\"Est. reading time\" \/>\n\t<meta name=\"twitter:data2\" content=\"1 minute\" \/>\n<script type=\"application\/ld+json\" class=\"yoast-schema-graph\">{\"@context\":\"https:\/\/schema.org\",\"@graph\":[{\"@type\":\"WebSite\",\"@id\":\"https:\/\/www.visit-ulcinj.com\/blog\/#website\",\"url\":\"https:\/\/www.visit-ulcinj.com\/blog\/\",\"name\":\"Lajme nga Ulqini\",\"description\":\"Lajme,Vijesti,Ulqini,Ulqin,Crna Gora,Mali i Zi\",\"potentialAction\":[{\"@type\":\"SearchAction\",\"target\":{\"@type\":\"EntryPoint\",\"urlTemplate\":\"https:\/\/www.visit-ulcinj.com\/blog\/?s={search_term_string}\"},\"query-input\":\"required name=search_term_string\"}],\"inLanguage\":\"en-US\"},{\"@type\":\"WebPage\",\"@id\":\"https:\/\/www.visit-ulcinj.com\/blog\/2011\/01\/03\/albanci-moraju-imati-sva-prava\/#webpage\",\"url\":\"https:\/\/www.visit-ulcinj.com\/blog\/2011\/01\/03\/albanci-moraju-imati-sva-prava\/\",\"name\":\"Albanci moraju imati sva prava - Lajme nga Ulqini\",\"isPartOf\":{\"@id\":\"https:\/\/www.visit-ulcinj.com\/blog\/#website\"},\"datePublished\":\"2011-01-03T17:30:21+00:00\",\"dateModified\":\"2011-01-03T17:30:21+00:00\",\"author\":{\"@id\":\"https:\/\/www.visit-ulcinj.com\/blog\/#\/schema\/person\/dcab619c614d3038751c63bc2aadc06d\"},\"description\":\"Vaselj Sini\u0161taj za \\\"Dan\\\" isti\u010de da 2011. godina mora donijeti bolji status za manjine Predstavnik albanske koalicije \\\"Perspektiva\\\" Vaselj Sini\u0161taj istakao\",\"breadcrumb\":{\"@id\":\"https:\/\/www.visit-ulcinj.com\/blog\/2011\/01\/03\/albanci-moraju-imati-sva-prava\/#breadcrumb\"},\"inLanguage\":\"en-US\",\"potentialAction\":[{\"@type\":\"ReadAction\",\"target\":[\"https:\/\/www.visit-ulcinj.com\/blog\/2011\/01\/03\/albanci-moraju-imati-sva-prava\/\"]}]},{\"@type\":\"BreadcrumbList\",\"@id\":\"https:\/\/www.visit-ulcinj.com\/blog\/2011\/01\/03\/albanci-moraju-imati-sva-prava\/#breadcrumb\",\"itemListElement\":[{\"@type\":\"ListItem\",\"position\":1,\"name\":\"Albanci moraju imati sva prava\"}]},{\"@type\":\"Person\",\"@id\":\"https:\/\/www.visit-ulcinj.com\/blog\/#\/schema\/person\/dcab619c614d3038751c63bc2aadc06d\",\"name\":\"ulqini\",\"sameAs\":[\"http:\/\/www.visit-ulcinj.com\"],\"url\":\"https:\/\/www.visit-ulcinj.com\/blog\/author\/admin\/\"}]}<\/script>\n<!-- \/ Yoast SEO plugin. -->","yoast_head_json":{"title":"Albanci moraju imati sva prava - Lajme nga Ulqini","description":"Vaselj Sini\u0161taj za \"Dan\" isti\u010de da 2011. godina mora donijeti bolji status za manjine Predstavnik albanske koalicije \"Perspektiva\" Vaselj Sini\u0161taj istakao","robots":{"index":"index","follow":"follow","max-snippet":"max-snippet:-1","max-image-preview":"max-image-preview:large","max-video-preview":"max-video-preview:-1"},"canonical":"https:\/\/www.visit-ulcinj.com\/blog\/2011\/01\/03\/albanci-moraju-imati-sva-prava\/","og_locale":"en_US","og_type":"article","og_title":"Albanci moraju imati sva prava - Lajme nga Ulqini","og_description":"Vaselj Sini\u0161taj za \"Dan\" isti\u010de da 2011. godina mora donijeti bolji status za manjine Predstavnik albanske koalicije \"Perspektiva\" Vaselj Sini\u0161taj istakao","og_url":"https:\/\/www.visit-ulcinj.com\/blog\/2011\/01\/03\/albanci-moraju-imati-sva-prava\/","og_site_name":"Lajme nga Ulqini","article_published_time":"2011-01-03T17:30:21+00:00","twitter_misc":{"Written by":"ulqini","Est. reading time":"1 minute"},"schema":{"@context":"https:\/\/schema.org","@graph":[{"@type":"WebSite","@id":"https:\/\/www.visit-ulcinj.com\/blog\/#website","url":"https:\/\/www.visit-ulcinj.com\/blog\/","name":"Lajme nga Ulqini","description":"Lajme,Vijesti,Ulqini,Ulqin,Crna Gora,Mali i Zi","potentialAction":[{"@type":"SearchAction","target":{"@type":"EntryPoint","urlTemplate":"https:\/\/www.visit-ulcinj.com\/blog\/?s={search_term_string}"},"query-input":"required name=search_term_string"}],"inLanguage":"en-US"},{"@type":"WebPage","@id":"https:\/\/www.visit-ulcinj.com\/blog\/2011\/01\/03\/albanci-moraju-imati-sva-prava\/#webpage","url":"https:\/\/www.visit-ulcinj.com\/blog\/2011\/01\/03\/albanci-moraju-imati-sva-prava\/","name":"Albanci moraju imati sva prava - Lajme nga Ulqini","isPartOf":{"@id":"https:\/\/www.visit-ulcinj.com\/blog\/#website"},"datePublished":"2011-01-03T17:30:21+00:00","dateModified":"2011-01-03T17:30:21+00:00","author":{"@id":"https:\/\/www.visit-ulcinj.com\/blog\/#\/schema\/person\/dcab619c614d3038751c63bc2aadc06d"},"description":"Vaselj Sini\u0161taj za \"Dan\" isti\u010de da 2011. godina mora donijeti bolji status za manjine Predstavnik albanske koalicije \"Perspektiva\" Vaselj Sini\u0161taj istakao","breadcrumb":{"@id":"https:\/\/www.visit-ulcinj.com\/blog\/2011\/01\/03\/albanci-moraju-imati-sva-prava\/#breadcrumb"},"inLanguage":"en-US","potentialAction":[{"@type":"ReadAction","target":["https:\/\/www.visit-ulcinj.com\/blog\/2011\/01\/03\/albanci-moraju-imati-sva-prava\/"]}]},{"@type":"BreadcrumbList","@id":"https:\/\/www.visit-ulcinj.com\/blog\/2011\/01\/03\/albanci-moraju-imati-sva-prava\/#breadcrumb","itemListElement":[{"@type":"ListItem","position":1,"name":"Albanci moraju imati sva prava"}]},{"@type":"Person","@id":"https:\/\/www.visit-ulcinj.com\/blog\/#\/schema\/person\/dcab619c614d3038751c63bc2aadc06d","name":"ulqini","sameAs":["http:\/\/www.visit-ulcinj.com"],"url":"https:\/\/www.visit-ulcinj.com\/blog\/author\/admin\/"}]}},"jetpack_featured_media_url":"","jetpack_sharing_enabled":true,"jetpack_shortlink":"https:\/\/wp.me\/pe6lTn-aTT","_links":{"self":[{"href":"https:\/\/www.visit-ulcinj.com\/blog\/wp-json\/wp\/v2\/posts\/41905"}],"collection":[{"href":"https:\/\/www.visit-ulcinj.com\/blog\/wp-json\/wp\/v2\/posts"}],"about":[{"href":"https:\/\/www.visit-ulcinj.com\/blog\/wp-json\/wp\/v2\/types\/post"}],"author":[{"embeddable":true,"href":"https:\/\/www.visit-ulcinj.com\/blog\/wp-json\/wp\/v2\/users\/1"}],"replies":[{"embeddable":true,"href":"https:\/\/www.visit-ulcinj.com\/blog\/wp-json\/wp\/v2\/comments?post=41905"}],"version-history":[{"count":0,"href":"https:\/\/www.visit-ulcinj.com\/blog\/wp-json\/wp\/v2\/posts\/41905\/revisions"}],"wp:attachment":[{"href":"https:\/\/www.visit-ulcinj.com\/blog\/wp-json\/wp\/v2\/media?parent=41905"}],"wp:term":[{"taxonomy":"category","embeddable":true,"href":"https:\/\/www.visit-ulcinj.com\/blog\/wp-json\/wp\/v2\/categories?post=41905"},{"taxonomy":"post_tag","embeddable":true,"href":"https:\/\/www.visit-ulcinj.com\/blog\/wp-json\/wp\/v2\/tags?post=41905"}],"curies":[{"name":"wp","href":"https:\/\/api.w.org\/{rel}","templated":true}]}}