{"id":41909,"date":"2011-01-03T19:50:01","date_gmt":"2011-01-03T18:50:01","guid":{"rendered":"http:\/\/www.visit-ulcinj.com\/blog\/?p=41909"},"modified":"2011-01-03T19:50:01","modified_gmt":"2011-01-03T18:50:01","slug":"ryva-kajtazi-ti-nuk-e-din-cka-don","status":"publish","type":"post","link":"https:\/\/www.visit-ulcinj.com\/blog\/2011\/01\/03\/ryva-kajtazi-ti-nuk-e-din-cka-don\/","title":{"rendered":"Ryva Kajtazi: Ti nuk e din \u00e7ka don"},"content":{"rendered":"<p><strong><a href=\"http:\/\/www.visit-ulcinj.com\/blog\/wp-content\/uploads\/2011\/01\/Ryva-Kajtazi.2.jpg\"><img loading=\"lazy\" class=\"alignleft size-full wp-image-41910\" title=\"Ryva Kajtazi.2\" src=\"http:\/\/www.visit-ulcinj.com\/blog\/wp-content\/uploads\/2011\/01\/Ryva-Kajtazi.2.jpg\" alt=\"\" width=\"490\" height=\"390\" \/><\/a>Ryva Kajtazi k\u00ebto dit\u00eb t\u00eb festave \u00ebsht\u00eb paraqitur me k\u00ebng\u00ebn e saj m\u00eb t\u00eb re \u201cTi nuk e din \u00e7ka don\u201d, me tekst t\u00eb Capital T.<\/strong><\/p>\n<p>K\u00ebng\u00ebtarja dhe aktorja kosovare ka treguar p\u00ebr Telegrafi.com se ndodh q\u00eb s\u00eb shpejti t\u00eb realizoj\u00eb edhe video-klipin e k\u00ebsaj k\u00ebnge.<br \/>\n\u201cNuk jam ende e sigurt se kur do ta realizoj video-klipin e k\u00ebsaj k\u00ebnge, por e kam n\u00eb plan. K\u00ebnga \u00ebsht\u00eb m\u00eb ritmike dhe besoj q\u00eb do t\u00eb p\u00eblqehet edhe nga publiku\u201d, ka pohuar Ryva.<\/p>\n<p>Ryva Kajtazi ka treguar se viti i kaluar p\u00ebr t\u00eb ka qen\u00eb shum\u00eb i suksessh\u00ebm dhe se ajo do t\u00eb vazhdoj\u00eb t\u00eb punoj\u00eb me t\u00eb nj\u00ebjtin rit\u00ebm edhe k\u00ebt\u00eb vit.<\/p>\n<p>\u201cViti 2010 v\u00ebrtet ishte i suksessh\u00ebm p\u00ebr mua, si n\u00eb muzik\u00eb ashtu edhe n\u00eb aktrim. K\u00ebt\u00eb vit do t\u00eb vazhdoj t\u00eb punoj si\u00e7 kam punuar deri tani. Por jam duke menduar edhe p\u00ebr nj\u00eb biznes t\u00eb ri, por ende asgj\u00eb konkrete\u201d, \u00ebsht\u00eb shprehur Ryva.<\/p>\n<p><strong>Telegrafi<br \/>\n<br \/>\n<!--YouTube Error: bad URL entered--><\/p>\n","protected":false},"excerpt":{"rendered":"<p>Ryva Kajtazi k\u00ebto dit\u00eb t\u00eb festave \u00ebsht\u00eb paraqitur me k\u00ebng\u00ebn e saj m\u00eb t\u00eb re \u201cTi nuk e din \u00e7ka don\u201d, me tekst t\u00eb Capital T. K\u00ebng\u00ebtarja dhe aktorja kosovare ka treguar p\u00ebr Telegrafi.com se ndodh q\u00eb s\u00eb shpejti t\u00eb realizoj\u00eb edhe video-klipin e k\u00ebsaj k\u00ebnge. \u201cNuk jam ende e sigurt se kur do ta [&hellip;]<\/p>\n","protected":false},"author":1,"featured_media":0,"comment_status":"open","ping_status":"closed","sticky":false,"template":"","format":"standard","meta":{"spay_email":"","jetpack_publicize_message":"","jetpack_is_tweetstorm":false,"jetpack_publicize_feature_enabled":true},"categories":[1],"tags":[9340,5022],"jetpack_publicize_connections":[],"yoast_head":"<!-- This site is optimized with the Yoast SEO plugin v19.1 - https:\/\/yoast.com\/wordpress\/plugins\/seo\/ -->\n<title>Ryva Kajtazi: Ti nuk e din \u00e7ka don - Lajme nga Ulqini<\/title>\n<meta name=\"description\" content=\"Ryva Kajtazi k\u00ebto dit\u00eb t\u00eb festave \u00ebsht\u00eb paraqitur me k\u00ebng\u00ebn e saj m\u00eb t\u00eb re \u201cTi nuk e din \u00e7ka don\u201d, me tekst t\u00eb Capital T. K\u00ebng\u00ebtarja dhe aktorja kosovare\" \/>\n<meta name=\"robots\" content=\"index, follow, max-snippet:-1, max-image-preview:large, max-video-preview:-1\" \/>\n<link rel=\"canonical\" href=\"https:\/\/www.visit-ulcinj.com\/blog\/2011\/01\/03\/ryva-kajtazi-ti-nuk-e-din-cka-don\/\" \/>\n<meta property=\"og:locale\" content=\"en_US\" \/>\n<meta property=\"og:type\" content=\"article\" \/>\n<meta property=\"og:title\" content=\"Ryva Kajtazi: Ti nuk e din \u00e7ka don - Lajme nga Ulqini\" \/>\n<meta property=\"og:description\" content=\"Ryva Kajtazi k\u00ebto dit\u00eb t\u00eb festave \u00ebsht\u00eb paraqitur me k\u00ebng\u00ebn e saj m\u00eb t\u00eb re \u201cTi nuk e din \u00e7ka don\u201d, me tekst t\u00eb Capital T. K\u00ebng\u00ebtarja dhe aktorja kosovare\" \/>\n<meta property=\"og:url\" content=\"https:\/\/www.visit-ulcinj.com\/blog\/2011\/01\/03\/ryva-kajtazi-ti-nuk-e-din-cka-don\/\" \/>\n<meta property=\"og:site_name\" content=\"Lajme nga Ulqini\" \/>\n<meta property=\"article:published_time\" content=\"2011-01-03T18:50:01+00:00\" \/>\n<meta property=\"og:image\" content=\"https:\/\/www.visit-ulcinj.com\/blog\/wp-content\/uploads\/2011\/01\/Ryva-Kajtazi.2-150x150.jpg\" \/>\n<meta name=\"twitter:label1\" content=\"Written by\" \/>\n\t<meta name=\"twitter:data1\" content=\"ulqini\" \/>\n\t<meta name=\"twitter:label2\" content=\"Est. reading time\" \/>\n\t<meta name=\"twitter:data2\" content=\"1 minute\" \/>\n<script type=\"application\/ld+json\" class=\"yoast-schema-graph\">{\"@context\":\"https:\/\/schema.org\",\"@graph\":[{\"@type\":\"WebSite\",\"@id\":\"https:\/\/www.visit-ulcinj.com\/blog\/#website\",\"url\":\"https:\/\/www.visit-ulcinj.com\/blog\/\",\"name\":\"Lajme nga Ulqini\",\"description\":\"Lajme,Vijesti,Ulqini,Ulqin,Crna Gora,Mali i Zi\",\"potentialAction\":[{\"@type\":\"SearchAction\",\"target\":{\"@type\":\"EntryPoint\",\"urlTemplate\":\"https:\/\/www.visit-ulcinj.com\/blog\/?s={search_term_string}\"},\"query-input\":\"required name=search_term_string\"}],\"inLanguage\":\"en-US\"},{\"@type\":\"ImageObject\",\"inLanguage\":\"en-US\",\"@id\":\"https:\/\/www.visit-ulcinj.com\/blog\/2011\/01\/03\/ryva-kajtazi-ti-nuk-e-din-cka-don\/#primaryimage\",\"url\":\"http:\/\/www.visit-ulcinj.com\/blog\/wp-content\/uploads\/2011\/01\/Ryva-Kajtazi.2.jpg\",\"contentUrl\":\"http:\/\/www.visit-ulcinj.com\/blog\/wp-content\/uploads\/2011\/01\/Ryva-Kajtazi.2.jpg\"},{\"@type\":\"WebPage\",\"@id\":\"https:\/\/www.visit-ulcinj.com\/blog\/2011\/01\/03\/ryva-kajtazi-ti-nuk-e-din-cka-don\/#webpage\",\"url\":\"https:\/\/www.visit-ulcinj.com\/blog\/2011\/01\/03\/ryva-kajtazi-ti-nuk-e-din-cka-don\/\",\"name\":\"Ryva Kajtazi: Ti nuk e din \u00e7ka don - Lajme nga Ulqini\",\"isPartOf\":{\"@id\":\"https:\/\/www.visit-ulcinj.com\/blog\/#website\"},\"primaryImageOfPage\":{\"@id\":\"https:\/\/www.visit-ulcinj.com\/blog\/2011\/01\/03\/ryva-kajtazi-ti-nuk-e-din-cka-don\/#primaryimage\"},\"datePublished\":\"2011-01-03T18:50:01+00:00\",\"dateModified\":\"2011-01-03T18:50:01+00:00\",\"author\":{\"@id\":\"https:\/\/www.visit-ulcinj.com\/blog\/#\/schema\/person\/dcab619c614d3038751c63bc2aadc06d\"},\"description\":\"Ryva Kajtazi k\u00ebto dit\u00eb t\u00eb festave \u00ebsht\u00eb paraqitur me k\u00ebng\u00ebn e saj m\u00eb t\u00eb re \u201cTi nuk e din \u00e7ka don\u201d, me tekst t\u00eb Capital T. K\u00ebng\u00ebtarja dhe aktorja kosovare\",\"breadcrumb\":{\"@id\":\"https:\/\/www.visit-ulcinj.com\/blog\/2011\/01\/03\/ryva-kajtazi-ti-nuk-e-din-cka-don\/#breadcrumb\"},\"inLanguage\":\"en-US\",\"potentialAction\":[{\"@type\":\"ReadAction\",\"target\":[\"https:\/\/www.visit-ulcinj.com\/blog\/2011\/01\/03\/ryva-kajtazi-ti-nuk-e-din-cka-don\/\"]}]},{\"@type\":\"BreadcrumbList\",\"@id\":\"https:\/\/www.visit-ulcinj.com\/blog\/2011\/01\/03\/ryva-kajtazi-ti-nuk-e-din-cka-don\/#breadcrumb\",\"itemListElement\":[{\"@type\":\"ListItem\",\"position\":1,\"name\":\"Ryva Kajtazi: Ti nuk e din \u00e7ka don\"}]},{\"@type\":\"Person\",\"@id\":\"https:\/\/www.visit-ulcinj.com\/blog\/#\/schema\/person\/dcab619c614d3038751c63bc2aadc06d\",\"name\":\"ulqini\",\"sameAs\":[\"http:\/\/www.visit-ulcinj.com\"],\"url\":\"https:\/\/www.visit-ulcinj.com\/blog\/author\/admin\/\"}]}<\/script>\n<!-- \/ Yoast SEO plugin. -->","yoast_head_json":{"title":"Ryva Kajtazi: Ti nuk e din \u00e7ka don - Lajme nga Ulqini","description":"Ryva Kajtazi k\u00ebto dit\u00eb t\u00eb festave \u00ebsht\u00eb paraqitur me k\u00ebng\u00ebn e saj m\u00eb t\u00eb re \u201cTi nuk e din \u00e7ka don\u201d, me tekst t\u00eb Capital T. K\u00ebng\u00ebtarja dhe aktorja kosovare","robots":{"index":"index","follow":"follow","max-snippet":"max-snippet:-1","max-image-preview":"max-image-preview:large","max-video-preview":"max-video-preview:-1"},"canonical":"https:\/\/www.visit-ulcinj.com\/blog\/2011\/01\/03\/ryva-kajtazi-ti-nuk-e-din-cka-don\/","og_locale":"en_US","og_type":"article","og_title":"Ryva Kajtazi: Ti nuk e din \u00e7ka don - Lajme nga Ulqini","og_description":"Ryva Kajtazi k\u00ebto dit\u00eb t\u00eb festave \u00ebsht\u00eb paraqitur me k\u00ebng\u00ebn e saj m\u00eb t\u00eb re \u201cTi nuk e din \u00e7ka don\u201d, me tekst t\u00eb Capital T. K\u00ebng\u00ebtarja dhe aktorja kosovare","og_url":"https:\/\/www.visit-ulcinj.com\/blog\/2011\/01\/03\/ryva-kajtazi-ti-nuk-e-din-cka-don\/","og_site_name":"Lajme nga Ulqini","article_published_time":"2011-01-03T18:50:01+00:00","og_image":[{"url":"https:\/\/www.visit-ulcinj.com\/blog\/wp-content\/uploads\/2011\/01\/Ryva-Kajtazi.2-150x150.jpg"}],"twitter_misc":{"Written by":"ulqini","Est. reading time":"1 minute"},"schema":{"@context":"https:\/\/schema.org","@graph":[{"@type":"WebSite","@id":"https:\/\/www.visit-ulcinj.com\/blog\/#website","url":"https:\/\/www.visit-ulcinj.com\/blog\/","name":"Lajme nga Ulqini","description":"Lajme,Vijesti,Ulqini,Ulqin,Crna Gora,Mali i Zi","potentialAction":[{"@type":"SearchAction","target":{"@type":"EntryPoint","urlTemplate":"https:\/\/www.visit-ulcinj.com\/blog\/?s={search_term_string}"},"query-input":"required name=search_term_string"}],"inLanguage":"en-US"},{"@type":"ImageObject","inLanguage":"en-US","@id":"https:\/\/www.visit-ulcinj.com\/blog\/2011\/01\/03\/ryva-kajtazi-ti-nuk-e-din-cka-don\/#primaryimage","url":"http:\/\/www.visit-ulcinj.com\/blog\/wp-content\/uploads\/2011\/01\/Ryva-Kajtazi.2.jpg","contentUrl":"http:\/\/www.visit-ulcinj.com\/blog\/wp-content\/uploads\/2011\/01\/Ryva-Kajtazi.2.jpg"},{"@type":"WebPage","@id":"https:\/\/www.visit-ulcinj.com\/blog\/2011\/01\/03\/ryva-kajtazi-ti-nuk-e-din-cka-don\/#webpage","url":"https:\/\/www.visit-ulcinj.com\/blog\/2011\/01\/03\/ryva-kajtazi-ti-nuk-e-din-cka-don\/","name":"Ryva Kajtazi: Ti nuk e din \u00e7ka don - Lajme nga Ulqini","isPartOf":{"@id":"https:\/\/www.visit-ulcinj.com\/blog\/#website"},"primaryImageOfPage":{"@id":"https:\/\/www.visit-ulcinj.com\/blog\/2011\/01\/03\/ryva-kajtazi-ti-nuk-e-din-cka-don\/#primaryimage"},"datePublished":"2011-01-03T18:50:01+00:00","dateModified":"2011-01-03T18:50:01+00:00","author":{"@id":"https:\/\/www.visit-ulcinj.com\/blog\/#\/schema\/person\/dcab619c614d3038751c63bc2aadc06d"},"description":"Ryva Kajtazi k\u00ebto dit\u00eb t\u00eb festave \u00ebsht\u00eb paraqitur me k\u00ebng\u00ebn e saj m\u00eb t\u00eb re \u201cTi nuk e din \u00e7ka don\u201d, me tekst t\u00eb Capital T. K\u00ebng\u00ebtarja dhe aktorja kosovare","breadcrumb":{"@id":"https:\/\/www.visit-ulcinj.com\/blog\/2011\/01\/03\/ryva-kajtazi-ti-nuk-e-din-cka-don\/#breadcrumb"},"inLanguage":"en-US","potentialAction":[{"@type":"ReadAction","target":["https:\/\/www.visit-ulcinj.com\/blog\/2011\/01\/03\/ryva-kajtazi-ti-nuk-e-din-cka-don\/"]}]},{"@type":"BreadcrumbList","@id":"https:\/\/www.visit-ulcinj.com\/blog\/2011\/01\/03\/ryva-kajtazi-ti-nuk-e-din-cka-don\/#breadcrumb","itemListElement":[{"@type":"ListItem","position":1,"name":"Ryva Kajtazi: Ti nuk e din \u00e7ka don"}]},{"@type":"Person","@id":"https:\/\/www.visit-ulcinj.com\/blog\/#\/schema\/person\/dcab619c614d3038751c63bc2aadc06d","name":"ulqini","sameAs":["http:\/\/www.visit-ulcinj.com"],"url":"https:\/\/www.visit-ulcinj.com\/blog\/author\/admin\/"}]}},"jetpack_featured_media_url":"","jetpack_sharing_enabled":true,"jetpack_shortlink":"https:\/\/wp.me\/pe6lTn-aTX","_links":{"self":[{"href":"https:\/\/www.visit-ulcinj.com\/blog\/wp-json\/wp\/v2\/posts\/41909"}],"collection":[{"href":"https:\/\/www.visit-ulcinj.com\/blog\/wp-json\/wp\/v2\/posts"}],"about":[{"href":"https:\/\/www.visit-ulcinj.com\/blog\/wp-json\/wp\/v2\/types\/post"}],"author":[{"embeddable":true,"href":"https:\/\/www.visit-ulcinj.com\/blog\/wp-json\/wp\/v2\/users\/1"}],"replies":[{"embeddable":true,"href":"https:\/\/www.visit-ulcinj.com\/blog\/wp-json\/wp\/v2\/comments?post=41909"}],"version-history":[{"count":0,"href":"https:\/\/www.visit-ulcinj.com\/blog\/wp-json\/wp\/v2\/posts\/41909\/revisions"}],"wp:attachment":[{"href":"https:\/\/www.visit-ulcinj.com\/blog\/wp-json\/wp\/v2\/media?parent=41909"}],"wp:term":[{"taxonomy":"category","embeddable":true,"href":"https:\/\/www.visit-ulcinj.com\/blog\/wp-json\/wp\/v2\/categories?post=41909"},{"taxonomy":"post_tag","embeddable":true,"href":"https:\/\/www.visit-ulcinj.com\/blog\/wp-json\/wp\/v2\/tags?post=41909"}],"curies":[{"name":"wp","href":"https:\/\/api.w.org\/{rel}","templated":true}]}}