{"id":41957,"date":"2011-01-04T11:08:48","date_gmt":"2011-01-04T10:08:48","guid":{"rendered":"http:\/\/www.visit-ulcinj.com\/blog\/?p=41957"},"modified":"2011-01-04T11:08:48","modified_gmt":"2011-01-04T10:08:48","slug":"crna-gora-na-naslovnoj-strani-casopisa-tatler","status":"publish","type":"post","link":"https:\/\/www.visit-ulcinj.com\/blog\/2011\/01\/04\/crna-gora-na-naslovnoj-strani-casopisa-tatler\/","title":{"rendered":"Crna Gora na naslovnoj strani \u010dasopisa Tatler"},"content":{"rendered":"<p><a href=\"http:\/\/www.visit-ulcinj.com\/blog\/wp-content\/uploads\/2011\/01\/Tatler-Travel-Guide-January-2011.jpg\"><img loading=\"lazy\" class=\"alignleft size-large wp-image-41958\" title=\"Tatler-Travel-Guide-January-2011\" src=\"http:\/\/www.visit-ulcinj.com\/blog\/wp-content\/uploads\/2011\/01\/Tatler-Travel-Guide-January-2011-787x1024.jpg\" alt=\"\" width=\"508\" height=\"824\" \/><\/a>Nakon \u201cConde Nast Traveller\u201d-a, \u201cVanity Fair\u201d-a i brojnih drugih renomiranih \u010dasopisa \u010dlanak o Crnoj Gori objavljen je i u godi\u0161njem vodi\u010du za putovanja \u201cTatler\u201d \u010dasopisa, izdanje za 2011.godinu. \u201cTatler\u201d je jedan od najuticajnijih \u010dasopisa koji prati \u017eivotni stil i modu, koji uti\u010de na formiranje stavova i trendova i koji se \u0161tampa u oko 100.000 primjeraka mjese\u010dno. Objavljivanjem pri\u010da o putovanju, modi i kulturi, ovaj \u010dasopis uti\u010de na odre\u0111ivanje budu\u0107ih trendova, dok njihov godi\u0161nji vodi\u010d za putovanja predstavlja jedan od najva\u017enijih izdanja o putovanjima u Velikoj Britaniji. Sadr\u017eaj ovog vodi\u010da uti\u010de u velikoj mjeri na njegove sofisticirane i iskusne \u010ditaoce, koji iz njega crpe savjete za putovanja tokom cijele godine.<br \/>\nU \u010dlanku pod nazivom \u201eStjenovita obala i svjetska elita\u201c Crna Gora se opisuje kao: \u201eJedinstveno na Mediteranu: sa obalom iz koje se uzdi\u017eu visoke planine, sa gradovima i mjestima koji su skoro ostali netaknuti tokom vjekova, sa dahom italijanskog baroka koji bi zaveo i Federika Felinija. To je osje\u0107aj nekog drugog svijeta, sanjiva ideja da se ovdje, izmedju planina i jedinstvene obale, nalazi poslednje netaknuto mjesto u Evropi\u201c. \u201eKotor &#8211; to je kao Venecija u malom, ali bez kanala. Turci, Mle\u010dani, Austrijanci \u2013 svi su oni ostavili traga u Crnoj Gori, stvaraju\u0107i ovdje narod koji je istovremeno bio po\u0161tovan i napadan od svojih susjeda\u201c.<br \/>\nZa marinu \u201ePorto Montenegro\u201c pisac ka\u017ee da \u201esvako ko ima i malo morskog duha, obo\u017eava\u0107e je. Vrijednost svih jahti koje su ve\u0107 vezane u Porto Montenegru je vjerovatno jednaka BDP jedne male zemlje, \u0161to Crna Gora zasigurno jeste. Osim lokacije, koja se nalazi u izuzetno lijepom Bokokotorskom zalivu, koji je pod za\u0161titom UNESCO-a, ova marina ima prednost kojom se mo\u017ee pohvaliti samo mali broj marina \u2013 mo\u017ee primiti novu generaciju superjahti.\u201c<br \/>\nOsim ponude marine Porto Montenegro u \u010dlanku je stvaljen akcenat i na Sveti Stefan pa se ka\u017ee da je to \u201enajimpresivnije mjesto na obali koji predstavlja izuzetan prizor.\u201c<br \/>\nPisac takodje preporu\u010duje najbolja mjesta, pla\u017ee (\u201eVelika pla\u017ea sa toplim, \u010distim morem i mekim pijeskom boje \u010dokolade koji ima ljekovita svojstva\u201c), najbolji izlet (splavarenje Tarom), najbolje jelo, pi\u0107e, pijaca, najbolji pogled \u2013 \u201ecijela zemlja! Crna Gora ima najuzbudljiviju topografiju na svijetu: planine \u010diji su vrhovi prekriveni snijegom, male doline, glacijalna jezera, sve potpuno netaknuto.\u201c Osvr\u0107u\u0107i se na sve ove projekte pisac zavr\u0161ava \u010dlanak re\u010denicom \u201eIzazov za ljude koji vode \u201eAman Sveti Stefan\u201c, \u201ePorto Montenegro\u201c i druge projekte u Crnoj Gori je: uvesti promjene u ovu probu\u0111enu ljepoticu, ali tako da se od nje ne napravi zvijer\u201c.<br \/>\nOvaj vodi\u010d predstavlja izuzetan na\u010din da se plasira ponuda Crne Gore i da se \u010ditaoci koji predstavljaju putnike sa velikom kupovnom jo\u0161 bli\u017ee upoznaju sa jedinstveno\u0161\u0107u i atrakcijama Crne Gore.<br \/>\nOvaj \u010dlanak je rezultat PR kampanje kompanije Porto Montenegro koja je na ovogodi\u0161njoj dodjeli nagrada \u201eWild Beauty Award 2010\u201c dobila nagradu za kampanju koja je doprinijela promociji, unapredjenju imid\u017ea i podizanju nivoa kvaliteta turisti\u010dke ponude Crne Gore kao destinacije.<\/p>\n<p><a href=\"http:\/\/www.mt.gov.me\/vijesti\/102297\/Saopstenje-Crna-Gora-na-naslovnoj-strani-casopisa-Tatler.html\" target=\"_blank\"><strong>PR slu\u017eba Nacionalne turisticke organizacije Crne Gore<\/strong><\/a><br \/>\n[flv]http:\/\/videooglasi.net\/video-file-280.m4v[\/flv]<\/p>\n","protected":false},"excerpt":{"rendered":"<p>Nakon \u201cConde Nast Traveller\u201d-a, \u201cVanity Fair\u201d-a i brojnih drugih renomiranih \u010dasopisa \u010dlanak o Crnoj Gori objavljen je i u godi\u0161njem vodi\u010du za putovanja \u201cTatler\u201d \u010dasopisa, izdanje za 2011.godinu. \u201cTatler\u201d je jedan od najuticajnijih \u010dasopisa koji prati \u017eivotni stil i modu, koji uti\u010de na formiranje stavova i trendova i koji se \u0161tampa u oko 100.000 primjeraka [&hellip;]<\/p>\n","protected":false},"author":1,"featured_media":0,"comment_status":"open","ping_status":"closed","sticky":false,"template":"","format":"standard","meta":{"spay_email":"","jetpack_publicize_message":"","jetpack_is_tweetstorm":false,"jetpack_publicize_feature_enabled":true},"categories":[8337],"tags":[79,16854,2890,19],"jetpack_publicize_connections":[],"yoast_head":"<!-- This site is optimized with the Yoast SEO plugin v19.1 - https:\/\/yoast.com\/wordpress\/plugins\/seo\/ -->\n<title>Crna Gora na naslovnoj strani \u010dasopisa Tatler - Lajme nga Ulqini<\/title>\n<meta name=\"description\" content=\"Nakon \u201cConde Nast Traveller\u201d-a, \u201cVanity Fair\u201d-a i brojnih drugih renomiranih \u010dasopisa \u010dlanak o Crnoj Gori objavljen je i u godi\u0161njem vodi\u010du za putovanja\" \/>\n<meta name=\"robots\" content=\"index, follow, max-snippet:-1, max-image-preview:large, max-video-preview:-1\" \/>\n<link rel=\"canonical\" href=\"https:\/\/www.visit-ulcinj.com\/blog\/2011\/01\/04\/crna-gora-na-naslovnoj-strani-casopisa-tatler\/\" \/>\n<meta property=\"og:locale\" content=\"en_US\" \/>\n<meta property=\"og:type\" content=\"article\" \/>\n<meta property=\"og:title\" content=\"Crna Gora na naslovnoj strani \u010dasopisa Tatler - Lajme nga Ulqini\" \/>\n<meta property=\"og:description\" content=\"Nakon \u201cConde Nast Traveller\u201d-a, \u201cVanity Fair\u201d-a i brojnih drugih renomiranih \u010dasopisa \u010dlanak o Crnoj Gori objavljen je i u godi\u0161njem vodi\u010du za putovanja\" \/>\n<meta property=\"og:url\" content=\"https:\/\/www.visit-ulcinj.com\/blog\/2011\/01\/04\/crna-gora-na-naslovnoj-strani-casopisa-tatler\/\" \/>\n<meta property=\"og:site_name\" content=\"Lajme nga Ulqini\" \/>\n<meta property=\"article:published_time\" content=\"2011-01-04T10:08:48+00:00\" \/>\n<meta property=\"og:image\" content=\"http:\/\/www.visit-ulcinj.com\/blog\/wp-content\/uploads\/2011\/01\/Tatler-Travel-Guide-January-2011-787x1024.jpg\" \/>\n<meta name=\"twitter:label1\" content=\"Written by\" \/>\n\t<meta name=\"twitter:data1\" content=\"ulqini\" \/>\n\t<meta name=\"twitter:label2\" content=\"Est. reading time\" \/>\n\t<meta name=\"twitter:data2\" content=\"3 minutes\" \/>\n<script type=\"application\/ld+json\" class=\"yoast-schema-graph\">{\"@context\":\"https:\/\/schema.org\",\"@graph\":[{\"@type\":\"WebSite\",\"@id\":\"https:\/\/www.visit-ulcinj.com\/blog\/#website\",\"url\":\"https:\/\/www.visit-ulcinj.com\/blog\/\",\"name\":\"Lajme nga Ulqini\",\"description\":\"Lajme,Vijesti,Ulqini,Ulqin,Crna Gora,Mali i Zi\",\"potentialAction\":[{\"@type\":\"SearchAction\",\"target\":{\"@type\":\"EntryPoint\",\"urlTemplate\":\"https:\/\/www.visit-ulcinj.com\/blog\/?s={search_term_string}\"},\"query-input\":\"required name=search_term_string\"}],\"inLanguage\":\"en-US\"},{\"@type\":\"ImageObject\",\"inLanguage\":\"en-US\",\"@id\":\"https:\/\/www.visit-ulcinj.com\/blog\/2011\/01\/04\/crna-gora-na-naslovnoj-strani-casopisa-tatler\/#primaryimage\",\"url\":\"http:\/\/www.visit-ulcinj.com\/blog\/wp-content\/uploads\/2011\/01\/Tatler-Travel-Guide-January-2011-787x1024.jpg\",\"contentUrl\":\"http:\/\/www.visit-ulcinj.com\/blog\/wp-content\/uploads\/2011\/01\/Tatler-Travel-Guide-January-2011-787x1024.jpg\"},{\"@type\":\"WebPage\",\"@id\":\"https:\/\/www.visit-ulcinj.com\/blog\/2011\/01\/04\/crna-gora-na-naslovnoj-strani-casopisa-tatler\/#webpage\",\"url\":\"https:\/\/www.visit-ulcinj.com\/blog\/2011\/01\/04\/crna-gora-na-naslovnoj-strani-casopisa-tatler\/\",\"name\":\"Crna Gora na naslovnoj strani \u010dasopisa Tatler - Lajme nga Ulqini\",\"isPartOf\":{\"@id\":\"https:\/\/www.visit-ulcinj.com\/blog\/#website\"},\"primaryImageOfPage\":{\"@id\":\"https:\/\/www.visit-ulcinj.com\/blog\/2011\/01\/04\/crna-gora-na-naslovnoj-strani-casopisa-tatler\/#primaryimage\"},\"datePublished\":\"2011-01-04T10:08:48+00:00\",\"dateModified\":\"2011-01-04T10:08:48+00:00\",\"author\":{\"@id\":\"https:\/\/www.visit-ulcinj.com\/blog\/#\/schema\/person\/dcab619c614d3038751c63bc2aadc06d\"},\"description\":\"Nakon \u201cConde Nast Traveller\u201d-a, \u201cVanity Fair\u201d-a i brojnih drugih renomiranih \u010dasopisa \u010dlanak o Crnoj Gori objavljen je i u godi\u0161njem vodi\u010du za putovanja\",\"breadcrumb\":{\"@id\":\"https:\/\/www.visit-ulcinj.com\/blog\/2011\/01\/04\/crna-gora-na-naslovnoj-strani-casopisa-tatler\/#breadcrumb\"},\"inLanguage\":\"en-US\",\"potentialAction\":[{\"@type\":\"ReadAction\",\"target\":[\"https:\/\/www.visit-ulcinj.com\/blog\/2011\/01\/04\/crna-gora-na-naslovnoj-strani-casopisa-tatler\/\"]}]},{\"@type\":\"BreadcrumbList\",\"@id\":\"https:\/\/www.visit-ulcinj.com\/blog\/2011\/01\/04\/crna-gora-na-naslovnoj-strani-casopisa-tatler\/#breadcrumb\",\"itemListElement\":[{\"@type\":\"ListItem\",\"position\":1,\"name\":\"Crna Gora na naslovnoj strani \u010dasopisa Tatler\"}]},{\"@type\":\"Person\",\"@id\":\"https:\/\/www.visit-ulcinj.com\/blog\/#\/schema\/person\/dcab619c614d3038751c63bc2aadc06d\",\"name\":\"ulqini\",\"sameAs\":[\"http:\/\/www.visit-ulcinj.com\"],\"url\":\"https:\/\/www.visit-ulcinj.com\/blog\/author\/admin\/\"}]}<\/script>\n<!-- \/ Yoast SEO plugin. -->","yoast_head_json":{"title":"Crna Gora na naslovnoj strani \u010dasopisa Tatler - Lajme nga Ulqini","description":"Nakon \u201cConde Nast Traveller\u201d-a, \u201cVanity Fair\u201d-a i brojnih drugih renomiranih \u010dasopisa \u010dlanak o Crnoj Gori objavljen je i u godi\u0161njem vodi\u010du za putovanja","robots":{"index":"index","follow":"follow","max-snippet":"max-snippet:-1","max-image-preview":"max-image-preview:large","max-video-preview":"max-video-preview:-1"},"canonical":"https:\/\/www.visit-ulcinj.com\/blog\/2011\/01\/04\/crna-gora-na-naslovnoj-strani-casopisa-tatler\/","og_locale":"en_US","og_type":"article","og_title":"Crna Gora na naslovnoj strani \u010dasopisa Tatler - Lajme nga Ulqini","og_description":"Nakon \u201cConde Nast Traveller\u201d-a, \u201cVanity Fair\u201d-a i brojnih drugih renomiranih \u010dasopisa \u010dlanak o Crnoj Gori objavljen je i u godi\u0161njem vodi\u010du za putovanja","og_url":"https:\/\/www.visit-ulcinj.com\/blog\/2011\/01\/04\/crna-gora-na-naslovnoj-strani-casopisa-tatler\/","og_site_name":"Lajme nga Ulqini","article_published_time":"2011-01-04T10:08:48+00:00","og_image":[{"url":"http:\/\/www.visit-ulcinj.com\/blog\/wp-content\/uploads\/2011\/01\/Tatler-Travel-Guide-January-2011-787x1024.jpg"}],"twitter_misc":{"Written by":"ulqini","Est. reading time":"3 minutes"},"schema":{"@context":"https:\/\/schema.org","@graph":[{"@type":"WebSite","@id":"https:\/\/www.visit-ulcinj.com\/blog\/#website","url":"https:\/\/www.visit-ulcinj.com\/blog\/","name":"Lajme nga Ulqini","description":"Lajme,Vijesti,Ulqini,Ulqin,Crna Gora,Mali i Zi","potentialAction":[{"@type":"SearchAction","target":{"@type":"EntryPoint","urlTemplate":"https:\/\/www.visit-ulcinj.com\/blog\/?s={search_term_string}"},"query-input":"required name=search_term_string"}],"inLanguage":"en-US"},{"@type":"ImageObject","inLanguage":"en-US","@id":"https:\/\/www.visit-ulcinj.com\/blog\/2011\/01\/04\/crna-gora-na-naslovnoj-strani-casopisa-tatler\/#primaryimage","url":"http:\/\/www.visit-ulcinj.com\/blog\/wp-content\/uploads\/2011\/01\/Tatler-Travel-Guide-January-2011-787x1024.jpg","contentUrl":"http:\/\/www.visit-ulcinj.com\/blog\/wp-content\/uploads\/2011\/01\/Tatler-Travel-Guide-January-2011-787x1024.jpg"},{"@type":"WebPage","@id":"https:\/\/www.visit-ulcinj.com\/blog\/2011\/01\/04\/crna-gora-na-naslovnoj-strani-casopisa-tatler\/#webpage","url":"https:\/\/www.visit-ulcinj.com\/blog\/2011\/01\/04\/crna-gora-na-naslovnoj-strani-casopisa-tatler\/","name":"Crna Gora na naslovnoj strani \u010dasopisa Tatler - Lajme nga Ulqini","isPartOf":{"@id":"https:\/\/www.visit-ulcinj.com\/blog\/#website"},"primaryImageOfPage":{"@id":"https:\/\/www.visit-ulcinj.com\/blog\/2011\/01\/04\/crna-gora-na-naslovnoj-strani-casopisa-tatler\/#primaryimage"},"datePublished":"2011-01-04T10:08:48+00:00","dateModified":"2011-01-04T10:08:48+00:00","author":{"@id":"https:\/\/www.visit-ulcinj.com\/blog\/#\/schema\/person\/dcab619c614d3038751c63bc2aadc06d"},"description":"Nakon \u201cConde Nast Traveller\u201d-a, \u201cVanity Fair\u201d-a i brojnih drugih renomiranih \u010dasopisa \u010dlanak o Crnoj Gori objavljen je i u godi\u0161njem vodi\u010du za putovanja","breadcrumb":{"@id":"https:\/\/www.visit-ulcinj.com\/blog\/2011\/01\/04\/crna-gora-na-naslovnoj-strani-casopisa-tatler\/#breadcrumb"},"inLanguage":"en-US","potentialAction":[{"@type":"ReadAction","target":["https:\/\/www.visit-ulcinj.com\/blog\/2011\/01\/04\/crna-gora-na-naslovnoj-strani-casopisa-tatler\/"]}]},{"@type":"BreadcrumbList","@id":"https:\/\/www.visit-ulcinj.com\/blog\/2011\/01\/04\/crna-gora-na-naslovnoj-strani-casopisa-tatler\/#breadcrumb","itemListElement":[{"@type":"ListItem","position":1,"name":"Crna Gora na naslovnoj strani \u010dasopisa Tatler"}]},{"@type":"Person","@id":"https:\/\/www.visit-ulcinj.com\/blog\/#\/schema\/person\/dcab619c614d3038751c63bc2aadc06d","name":"ulqini","sameAs":["http:\/\/www.visit-ulcinj.com"],"url":"https:\/\/www.visit-ulcinj.com\/blog\/author\/admin\/"}]}},"jetpack_featured_media_url":"","jetpack_sharing_enabled":true,"jetpack_shortlink":"https:\/\/wp.me\/pe6lTn-aUJ","_links":{"self":[{"href":"https:\/\/www.visit-ulcinj.com\/blog\/wp-json\/wp\/v2\/posts\/41957"}],"collection":[{"href":"https:\/\/www.visit-ulcinj.com\/blog\/wp-json\/wp\/v2\/posts"}],"about":[{"href":"https:\/\/www.visit-ulcinj.com\/blog\/wp-json\/wp\/v2\/types\/post"}],"author":[{"embeddable":true,"href":"https:\/\/www.visit-ulcinj.com\/blog\/wp-json\/wp\/v2\/users\/1"}],"replies":[{"embeddable":true,"href":"https:\/\/www.visit-ulcinj.com\/blog\/wp-json\/wp\/v2\/comments?post=41957"}],"version-history":[{"count":0,"href":"https:\/\/www.visit-ulcinj.com\/blog\/wp-json\/wp\/v2\/posts\/41957\/revisions"}],"wp:attachment":[{"href":"https:\/\/www.visit-ulcinj.com\/blog\/wp-json\/wp\/v2\/media?parent=41957"}],"wp:term":[{"taxonomy":"category","embeddable":true,"href":"https:\/\/www.visit-ulcinj.com\/blog\/wp-json\/wp\/v2\/categories?post=41957"},{"taxonomy":"post_tag","embeddable":true,"href":"https:\/\/www.visit-ulcinj.com\/blog\/wp-json\/wp\/v2\/tags?post=41957"}],"curies":[{"name":"wp","href":"https:\/\/api.w.org\/{rel}","templated":true}]}}