{"id":41966,"date":"2011-01-04T18:23:39","date_gmt":"2011-01-04T17:23:39","guid":{"rendered":"http:\/\/www.visit-ulcinj.com\/blog\/?p=41966"},"modified":"2011-01-15T12:18:52","modified_gmt":"2011-01-15T11:18:52","slug":"arti-i-fotografise-ne-ulqin","status":"publish","type":"post","link":"https:\/\/www.visit-ulcinj.com\/blog\/2011\/01\/04\/arti-i-fotografise-ne-ulqin\/","title":{"rendered":"Arti i Fotografise ne Ulqin"},"content":{"rendered":"<p><a href=\"http:\/\/www.visit-ulcinj.com\/blog\/wp-content\/uploads\/2011\/01\/Fotografi-ulqinak-Rizo-Harapi-Shurdha.jpg\"><img loading=\"lazy\" class=\"alignleft size-full wp-image-41967\" title=\"Fotografi ulqinak  Rizo Harapi Shurdha\" src=\"http:\/\/www.visit-ulcinj.com\/blog\/wp-content\/uploads\/2011\/01\/Fotografi-ulqinak-Rizo-Harapi-Shurdha.jpg\" alt=\"\" width=\"390\" height=\"540\" \/><\/a>Le te udhetojme me shpejt se koha per nje here te vetme. Diku atje ne vendin me te bukur ne bote, vendin e detarise, ne Ulqin.Te udhetojme kunder viteve te shkuara dhe te takohemi te gjithe brezat ketu ne komunitetin tone virtual,gjat nje reportazhe te zhvilluar nga <a href=\"http:\/\/www.facebook.com\/pages\/Lajme-Nga-Ulqini\/143844329234#!\/profile.php?id=100000735676378\" target=\"_blank\"><strong>StudioUlqini 24 <\/strong><\/a>mbi fotografet e Ulqinit.<\/p>\n<p>Ata te cilet hodhen themelet e artit te fotografise ne Ulqin,ashte fotografi i ndjer ulqinak  Rizo Harapi Shurdha q\u00eb ishte fotografi i par i Ulqinit modern qe prej vitit 1951.Kurse njeri nga nxensit e tije si fotografe ishte edhe Hajro Lika.Zanatin e artit t\u00eb fotografis\u00eb Hajro Lika e m\u00ebsoi kur aje ishte 15 vje\u00e7ar m\u00eb 1965.<br \/>\nFotografi i fundit i familjes Lika i \u00ebsht\u00eb edhe Shuqo Lika.Ai e ruan artin e fotografis\u00eb si tradit\u00eb t\u00eb familjes deri ne diten e sotme, megjith\u00ebse n\u00eb Ulqin ekzistonte nj\u00eb sistem, i cili e \u00e7oi njeriun drejt munges\u00ebs s\u00eb pron\u00ebs dhe trash\u00ebgimis\u00eb.<\/p>\n<p>Familja Lika pati fatin t\u00eb linte trashegimtare, t\u00eb cilet do mund ta vazhdonin artin e fotografimit per qytetin ton te dashur Ulqinin.<br \/>\nDo te desha te pakten te vleresohen Fotografet e Ulqinit  per meritat qe kane. Asgje me teper.<br \/>\nMbi  fototeken ton Ulqinake flet specialisti,analisti dhe fotografi jon i njohur Gazmend \u00c7itaku<br \/>\n,ku do ta ndjekim fjalimin e tij ne reportazhe.<\/p>\n<p><strong>Faleminderimi i takon <a href=\"http:\/\/www.facebook.com\/pages\/Lajme-Nga-Ulqini\/143844329234#!\/profile.php?id=100000735676378\" target=\"_blank\">Studioul Infocenter Facebo0k <\/a>q\u00eb na solli ket video,qe te pakten te vleresohen Fotografet e Ulqinit  per meritat qe kane. Asgje me teper.<\/strong><\/p>\n<p><strong>Lajme nga Ulqini<br \/>\n<a href=\"http:\/\/www.facebook.com\/pages\/Lajme-Nga-Ulqini\/143844329234#!\/profile.php?id=100000735676378\" target=\"_blank\">Video <\/a><\/strong><a href=\"http:\/\/www.facebook.com\/pages\/Lajme-Nga-Ulqini\/143844329234#!\/profile.php?id=100000735676378\" target=\"_blank\"><strong>Studioul Infocenter Facebook<br \/>\n\n\t\t<style type=\"text\/css\">\n\t\t\t#gallery-1 {\n\t\t\t\tmargin: auto;\n\t\t\t}\n\t\t\t#gallery-1 .gallery-item {\n\t\t\t\tfloat: left;\n\t\t\t\tmargin-top: 10px;\n\t\t\t\ttext-align: center;\n\t\t\t\twidth: 33%;\n\t\t\t}\n\t\t\t#gallery-1 img {\n\t\t\t\tborder: 2px solid #cfcfcf;\n\t\t\t}\n\t\t\t#gallery-1 .gallery-caption {\n\t\t\t\tmargin-left: 0;\n\t\t\t}\n\t\t\t\/* see gallery_shortcode() in wp-includes\/media.php *\/\n\t\t<\/style>\n\t\t<div id='gallery-1' class='gallery galleryid-41966 gallery-columns-3 gallery-size-thumbnail'><dl class='gallery-item'>\n\t\t\t<dt class='gallery-icon portrait'>\n\t\t\t\t<a href='https:\/\/www.visit-ulcinj.com\/blog\/wp-content\/uploads\/2011\/01\/Fotografi-ulqinak-Rizo-Harapi-Shurdha.jpg'><img width=\"150\" height=\"150\" src=\"https:\/\/www.visit-ulcinj.com\/blog\/wp-content\/uploads\/2011\/01\/Fotografi-ulqinak-Rizo-Harapi-Shurdha-150x150.jpg\" class=\"attachment-thumbnail size-thumbnail\" alt=\"\" loading=\"lazy\" \/><\/a>\n\t\t\t<\/dt><\/dl><dl class='gallery-item'>\n\t\t\t<dt class='gallery-icon landscape'>\n\t\t\t\t<a href='https:\/\/www.visit-ulcinj.com\/blog\/wp-content\/uploads\/2011\/01\/Berhan-Lika-_Fotograf-i-shquar-Ulqinak.jpg'><img width=\"150\" height=\"150\" src=\"https:\/\/www.visit-ulcinj.com\/blog\/wp-content\/uploads\/2011\/01\/Berhan-Lika-_Fotograf-i-shquar-Ulqinak-150x150.jpg\" class=\"attachment-thumbnail size-thumbnail\" alt=\"\" loading=\"lazy\" \/><\/a>\n\t\t\t<\/dt><\/dl><dl class='gallery-item'>\n\t\t\t<dt class='gallery-icon portrait'>\n\t\t\t\t<a href='https:\/\/www.visit-ulcinj.com\/blog\/wp-content\/uploads\/2011\/01\/Fotografi-i-ulqinak-Rizo-Harapi-Shurdha-Nada.jpg'><img width=\"150\" height=\"150\" src=\"https:\/\/www.visit-ulcinj.com\/blog\/wp-content\/uploads\/2011\/01\/Fotografi-i-ulqinak-Rizo-Harapi-Shurdha-Nada-150x150.jpg\" class=\"attachment-thumbnail size-thumbnail\" alt=\"\" loading=\"lazy\" \/><\/a>\n\t\t\t<\/dt><\/dl><br style=\"clear: both\" \/><dl class='gallery-item'>\n\t\t\t<dt class='gallery-icon portrait'>\n\t\t\t\t<a href='https:\/\/www.visit-ulcinj.com\/blog\/wp-content\/uploads\/2011\/01\/Fotografi-ulqinak-Rizo-Harapi-Shurdha.1.jpg'><img width=\"150\" height=\"150\" src=\"https:\/\/www.visit-ulcinj.com\/blog\/wp-content\/uploads\/2011\/01\/Fotografi-ulqinak-Rizo-Harapi-Shurdha.1-150x150.jpg\" class=\"attachment-thumbnail size-thumbnail\" alt=\"\" loading=\"lazy\" \/><\/a>\n\t\t\t<\/dt><\/dl><dl class='gallery-item'>\n\t\t\t<dt class='gallery-icon portrait'>\n\t\t\t\t<a href='https:\/\/www.visit-ulcinj.com\/blog\/wp-content\/uploads\/2011\/01\/Hajro-Lika_Fotograf-i-shquar-Ulqinak.jpg'><img width=\"150\" height=\"150\" src=\"https:\/\/www.visit-ulcinj.com\/blog\/wp-content\/uploads\/2011\/01\/Hajro-Lika_Fotograf-i-shquar-Ulqinak-150x150.jpg\" class=\"attachment-thumbnail size-thumbnail\" alt=\"\" loading=\"lazy\" \/><\/a>\n\t\t\t<\/dt><\/dl><dl class='gallery-item'>\n\t\t\t<dt class='gallery-icon landscape'>\n\t\t\t\t<a href='https:\/\/www.visit-ulcinj.com\/blog\/wp-content\/uploads\/2011\/01\/Hajro-Lika_Fotograf-i-shquar-Ulqinak.1.jpg'><img width=\"150\" height=\"150\" src=\"https:\/\/www.visit-ulcinj.com\/blog\/wp-content\/uploads\/2011\/01\/Hajro-Lika_Fotograf-i-shquar-Ulqinak.1-150x150.jpg\" class=\"attachment-thumbnail size-thumbnail\" alt=\"\" loading=\"lazy\" \/><\/a>\n\t\t\t<\/dt><\/dl><br style=\"clear: both\" \/><dl class='gallery-item'>\n\t\t\t<dt class='gallery-icon landscape'>\n\t\t\t\t<a href='https:\/\/www.visit-ulcinj.com\/blog\/wp-content\/uploads\/2011\/01\/Shuqo-Lika_Fotograf-i-shquar-Ulqinak.jpg'><img width=\"150\" height=\"150\" src=\"https:\/\/www.visit-ulcinj.com\/blog\/wp-content\/uploads\/2011\/01\/Shuqo-Lika_Fotograf-i-shquar-Ulqinak-150x150.jpg\" class=\"attachment-thumbnail size-thumbnail\" alt=\"\" loading=\"lazy\" \/><\/a>\n\t\t\t<\/dt><\/dl><dl class='gallery-item'>\n\t\t\t<dt class='gallery-icon landscape'>\n\t\t\t\t<a href='https:\/\/www.visit-ulcinj.com\/blog\/wp-content\/uploads\/2011\/01\/Familja-Lika-trashigimtaret-e-fotografise-Ulqinake.jpg'><img width=\"150\" height=\"150\" src=\"https:\/\/www.visit-ulcinj.com\/blog\/wp-content\/uploads\/2011\/01\/Familja-Lika-trashigimtaret-e-fotografise-Ulqinake-150x150.jpg\" class=\"attachment-thumbnail size-thumbnail\" alt=\"\" loading=\"lazy\" \/><\/a>\n\t\t\t<\/dt><\/dl><dl class='gallery-item'>\n\t\t\t<dt class='gallery-icon landscape'>\n\t\t\t\t<a href='https:\/\/www.visit-ulcinj.com\/blog\/wp-content\/uploads\/2011\/01\/Fotografi-Gazmend-\u00c7itaku_Ulqin.jpg'><img width=\"150\" height=\"150\" src=\"https:\/\/www.visit-ulcinj.com\/blog\/wp-content\/uploads\/2011\/01\/Fotografi-Gazmend-\u00c7itaku_Ulqin-150x150.jpg\" class=\"attachment-thumbnail size-thumbnail\" alt=\"\" loading=\"lazy\" \/><\/a>\n\t\t\t<\/dt><\/dl><br style=\"clear: both\" \/><dl class='gallery-item'>\n\t\t\t<dt class='gallery-icon landscape'>\n\t\t\t\t<a href='https:\/\/www.visit-ulcinj.com\/blog\/wp-content\/uploads\/2011\/01\/Fotografi-Gazmend-\u00c7itaku_Ulqin.1.jpg'><img width=\"150\" height=\"150\" src=\"https:\/\/www.visit-ulcinj.com\/blog\/wp-content\/uploads\/2011\/01\/Fotografi-Gazmend-\u00c7itaku_Ulqin.1-150x150.jpg\" class=\"attachment-thumbnail size-thumbnail\" alt=\"\" loading=\"lazy\" \/><\/a>\n\t\t\t<\/dt><\/dl><dl class='gallery-item'>\n\t\t\t<dt class='gallery-icon landscape'>\n\t\t\t\t<a href='https:\/\/www.visit-ulcinj.com\/blog\/wp-content\/uploads\/2011\/01\/Libri-i-Fotografis-nga-Gazmend-\u00c7itaku.jpg'><img width=\"150\" height=\"150\" src=\"https:\/\/www.visit-ulcinj.com\/blog\/wp-content\/uploads\/2011\/01\/Libri-i-Fotografis-nga-Gazmend-\u00c7itaku-150x150.jpg\" class=\"attachment-thumbnail size-thumbnail\" alt=\"\" loading=\"lazy\" srcset=\"https:\/\/www.visit-ulcinj.com\/blog\/wp-content\/uploads\/2011\/01\/Libri-i-Fotografis-nga-Gazmend-\u00c7itaku-150x150.jpg 150w, https:\/\/www.visit-ulcinj.com\/blog\/wp-content\/uploads\/2011\/01\/Libri-i-Fotografis-nga-Gazmend-\u00c7itaku-300x300.jpg 300w, https:\/\/www.visit-ulcinj.com\/blog\/wp-content\/uploads\/2011\/01\/Libri-i-Fotografis-nga-Gazmend-\u00c7itaku.jpg 604w\" sizes=\"(max-width: 150px) 100vw, 150px\" \/><\/a>\n\t\t\t<\/dt><\/dl>\n\t\t\t<br style='clear: both' \/>\n\t\t<\/div>\n<\/p>\n<p><\/strong><\/a><\/p>\n<p><a href=\"http:\/\/www.facebook.com\/pages\/Lajme-Nga-Ulqini\/143844329234#!\/profile.php?id=100000735676378\" target=\"_blank\"><strong> <\/strong><\/a><\/p>\n<p><a href=\"http:\/\/www.facebook.com\/pages\/Lajme-Nga-Ulqini\/143844329234#!\/profile.php?id=100000735676378\" target=\"_blank\"><strong> <\/strong><\/a><\/p>\n<p><a href=\"http:\/\/www.facebook.com\/pages\/Lajme-Nga-Ulqini\/143844329234#!\/profile.php?id=100000735676378\" target=\"_blank\"><strong> <\/strong><\/a><\/p>\n<p><a href=\"http:\/\/www.facebook.com\/pages\/Lajme-Nga-Ulqini\/143844329234#!\/profile.php?id=100000735676378\" target=\"_blank\"><strong> <\/strong><\/a><\/p>\n<!--YouTube Error: bad URL entered-->\n","protected":false},"excerpt":{"rendered":"<p>Le te udhetojme me shpejt se koha per nje here te vetme. Diku atje ne vendin me te bukur ne bote, vendin e detarise, ne Ulqin.Te udhetojme kunder viteve te shkuara dhe te takohemi te gjithe brezat ketu ne komunitetin tone virtual,gjat nje reportazhe te zhvilluar nga StudioUlqini 24 mbi fotografet e Ulqinit. Ata te [&hellip;]<\/p>\n","protected":false},"author":1,"featured_media":0,"comment_status":"open","ping_status":"closed","sticky":false,"template":"","format":"standard","meta":{"spay_email":"","jetpack_publicize_message":"","jetpack_is_tweetstorm":false,"jetpack_publicize_feature_enabled":true},"categories":[7,1],"tags":[16859,16856,2735,16858,16857,16860,200],"jetpack_publicize_connections":[],"yoast_head":"<!-- This site is optimized with the Yoast SEO plugin v19.1 - https:\/\/yoast.com\/wordpress\/plugins\/seo\/ -->\n<title>Arti i Fotografise ne Ulqin - Lajme nga Ulqini<\/title>\n<meta name=\"description\" content=\"Le te udhetojme me shpejt se koha per nje here te vetme. Diku atje ne vendin me te bukur ne bote, vendin e detarise, ne Ulqin.Te udhetojme kunder viteve\" \/>\n<meta name=\"robots\" content=\"index, follow, max-snippet:-1, max-image-preview:large, max-video-preview:-1\" \/>\n<link rel=\"canonical\" href=\"https:\/\/www.visit-ulcinj.com\/blog\/2011\/01\/04\/arti-i-fotografise-ne-ulqin\/\" \/>\n<meta property=\"og:locale\" content=\"en_US\" \/>\n<meta property=\"og:type\" content=\"article\" \/>\n<meta property=\"og:title\" content=\"Arti i Fotografise ne Ulqin - Lajme nga Ulqini\" \/>\n<meta property=\"og:description\" content=\"Le te udhetojme me shpejt se koha per nje here te vetme. Diku atje ne vendin me te bukur ne bote, vendin e detarise, ne Ulqin.Te udhetojme kunder viteve\" \/>\n<meta property=\"og:url\" content=\"https:\/\/www.visit-ulcinj.com\/blog\/2011\/01\/04\/arti-i-fotografise-ne-ulqin\/\" \/>\n<meta property=\"og:site_name\" content=\"Lajme nga Ulqini\" \/>\n<meta property=\"article:published_time\" content=\"2011-01-04T17:23:39+00:00\" \/>\n<meta property=\"article:modified_time\" content=\"2011-01-15T11:18:52+00:00\" \/>\n<meta property=\"og:image\" content=\"https:\/\/www.visit-ulcinj.com\/blog\/wp-content\/uploads\/2011\/01\/Fotografi-ulqinak-Rizo-Harapi-Shurdha-150x150.jpg\" \/>\n<meta name=\"twitter:label1\" content=\"Written by\" \/>\n\t<meta name=\"twitter:data1\" content=\"ulqini\" \/>\n\t<meta name=\"twitter:label2\" content=\"Est. reading time\" \/>\n\t<meta name=\"twitter:data2\" content=\"1 minute\" \/>\n<script type=\"application\/ld+json\" class=\"yoast-schema-graph\">{\"@context\":\"https:\/\/schema.org\",\"@graph\":[{\"@type\":\"WebSite\",\"@id\":\"https:\/\/www.visit-ulcinj.com\/blog\/#website\",\"url\":\"https:\/\/www.visit-ulcinj.com\/blog\/\",\"name\":\"Lajme nga Ulqini\",\"description\":\"Lajme,Vijesti,Ulqini,Ulqin,Crna Gora,Mali i Zi\",\"potentialAction\":[{\"@type\":\"SearchAction\",\"target\":{\"@type\":\"EntryPoint\",\"urlTemplate\":\"https:\/\/www.visit-ulcinj.com\/blog\/?s={search_term_string}\"},\"query-input\":\"required name=search_term_string\"}],\"inLanguage\":\"en-US\"},{\"@type\":\"ImageObject\",\"inLanguage\":\"en-US\",\"@id\":\"https:\/\/www.visit-ulcinj.com\/blog\/2011\/01\/04\/arti-i-fotografise-ne-ulqin\/#primaryimage\",\"url\":\"https:\/\/www.visit-ulcinj.com\/blog\/wp-content\/uploads\/2011\/01\/Fotografi-ulqinak-Rizo-Harapi-Shurdha.jpg\",\"contentUrl\":\"https:\/\/www.visit-ulcinj.com\/blog\/wp-content\/uploads\/2011\/01\/Fotografi-ulqinak-Rizo-Harapi-Shurdha.jpg\",\"width\":\"425\",\"height\":\"604\"},{\"@type\":\"WebPage\",\"@id\":\"https:\/\/www.visit-ulcinj.com\/blog\/2011\/01\/04\/arti-i-fotografise-ne-ulqin\/#webpage\",\"url\":\"https:\/\/www.visit-ulcinj.com\/blog\/2011\/01\/04\/arti-i-fotografise-ne-ulqin\/\",\"name\":\"Arti i Fotografise ne Ulqin - Lajme nga Ulqini\",\"isPartOf\":{\"@id\":\"https:\/\/www.visit-ulcinj.com\/blog\/#website\"},\"primaryImageOfPage\":{\"@id\":\"https:\/\/www.visit-ulcinj.com\/blog\/2011\/01\/04\/arti-i-fotografise-ne-ulqin\/#primaryimage\"},\"datePublished\":\"2011-01-04T17:23:39+00:00\",\"dateModified\":\"2011-01-15T11:18:52+00:00\",\"author\":{\"@id\":\"https:\/\/www.visit-ulcinj.com\/blog\/#\/schema\/person\/dcab619c614d3038751c63bc2aadc06d\"},\"description\":\"Le te udhetojme me shpejt se koha per nje here te vetme. Diku atje ne vendin me te bukur ne bote, vendin e detarise, ne Ulqin.Te udhetojme kunder viteve\",\"breadcrumb\":{\"@id\":\"https:\/\/www.visit-ulcinj.com\/blog\/2011\/01\/04\/arti-i-fotografise-ne-ulqin\/#breadcrumb\"},\"inLanguage\":\"en-US\",\"potentialAction\":[{\"@type\":\"ReadAction\",\"target\":[\"https:\/\/www.visit-ulcinj.com\/blog\/2011\/01\/04\/arti-i-fotografise-ne-ulqin\/\"]}]},{\"@type\":\"BreadcrumbList\",\"@id\":\"https:\/\/www.visit-ulcinj.com\/blog\/2011\/01\/04\/arti-i-fotografise-ne-ulqin\/#breadcrumb\",\"itemListElement\":[{\"@type\":\"ListItem\",\"position\":1,\"name\":\"Arti i Fotografise ne Ulqin\"}]},{\"@type\":\"Person\",\"@id\":\"https:\/\/www.visit-ulcinj.com\/blog\/#\/schema\/person\/dcab619c614d3038751c63bc2aadc06d\",\"name\":\"ulqini\",\"sameAs\":[\"http:\/\/www.visit-ulcinj.com\"],\"url\":\"https:\/\/www.visit-ulcinj.com\/blog\/author\/admin\/\"}]}<\/script>\n<!-- \/ Yoast SEO plugin. -->","yoast_head_json":{"title":"Arti i Fotografise ne Ulqin - Lajme nga Ulqini","description":"Le te udhetojme me shpejt se koha per nje here te vetme. Diku atje ne vendin me te bukur ne bote, vendin e detarise, ne Ulqin.Te udhetojme kunder viteve","robots":{"index":"index","follow":"follow","max-snippet":"max-snippet:-1","max-image-preview":"max-image-preview:large","max-video-preview":"max-video-preview:-1"},"canonical":"https:\/\/www.visit-ulcinj.com\/blog\/2011\/01\/04\/arti-i-fotografise-ne-ulqin\/","og_locale":"en_US","og_type":"article","og_title":"Arti i Fotografise ne Ulqin - Lajme nga Ulqini","og_description":"Le te udhetojme me shpejt se koha per nje here te vetme. Diku atje ne vendin me te bukur ne bote, vendin e detarise, ne Ulqin.Te udhetojme kunder viteve","og_url":"https:\/\/www.visit-ulcinj.com\/blog\/2011\/01\/04\/arti-i-fotografise-ne-ulqin\/","og_site_name":"Lajme nga Ulqini","article_published_time":"2011-01-04T17:23:39+00:00","article_modified_time":"2011-01-15T11:18:52+00:00","og_image":[{"url":"https:\/\/www.visit-ulcinj.com\/blog\/wp-content\/uploads\/2011\/01\/Fotografi-ulqinak-Rizo-Harapi-Shurdha-150x150.jpg"}],"twitter_misc":{"Written by":"ulqini","Est. reading time":"1 minute"},"schema":{"@context":"https:\/\/schema.org","@graph":[{"@type":"WebSite","@id":"https:\/\/www.visit-ulcinj.com\/blog\/#website","url":"https:\/\/www.visit-ulcinj.com\/blog\/","name":"Lajme nga Ulqini","description":"Lajme,Vijesti,Ulqini,Ulqin,Crna Gora,Mali i Zi","potentialAction":[{"@type":"SearchAction","target":{"@type":"EntryPoint","urlTemplate":"https:\/\/www.visit-ulcinj.com\/blog\/?s={search_term_string}"},"query-input":"required name=search_term_string"}],"inLanguage":"en-US"},{"@type":"ImageObject","inLanguage":"en-US","@id":"https:\/\/www.visit-ulcinj.com\/blog\/2011\/01\/04\/arti-i-fotografise-ne-ulqin\/#primaryimage","url":"https:\/\/www.visit-ulcinj.com\/blog\/wp-content\/uploads\/2011\/01\/Fotografi-ulqinak-Rizo-Harapi-Shurdha.jpg","contentUrl":"https:\/\/www.visit-ulcinj.com\/blog\/wp-content\/uploads\/2011\/01\/Fotografi-ulqinak-Rizo-Harapi-Shurdha.jpg","width":"425","height":"604"},{"@type":"WebPage","@id":"https:\/\/www.visit-ulcinj.com\/blog\/2011\/01\/04\/arti-i-fotografise-ne-ulqin\/#webpage","url":"https:\/\/www.visit-ulcinj.com\/blog\/2011\/01\/04\/arti-i-fotografise-ne-ulqin\/","name":"Arti i Fotografise ne Ulqin - Lajme nga Ulqini","isPartOf":{"@id":"https:\/\/www.visit-ulcinj.com\/blog\/#website"},"primaryImageOfPage":{"@id":"https:\/\/www.visit-ulcinj.com\/blog\/2011\/01\/04\/arti-i-fotografise-ne-ulqin\/#primaryimage"},"datePublished":"2011-01-04T17:23:39+00:00","dateModified":"2011-01-15T11:18:52+00:00","author":{"@id":"https:\/\/www.visit-ulcinj.com\/blog\/#\/schema\/person\/dcab619c614d3038751c63bc2aadc06d"},"description":"Le te udhetojme me shpejt se koha per nje here te vetme. Diku atje ne vendin me te bukur ne bote, vendin e detarise, ne Ulqin.Te udhetojme kunder viteve","breadcrumb":{"@id":"https:\/\/www.visit-ulcinj.com\/blog\/2011\/01\/04\/arti-i-fotografise-ne-ulqin\/#breadcrumb"},"inLanguage":"en-US","potentialAction":[{"@type":"ReadAction","target":["https:\/\/www.visit-ulcinj.com\/blog\/2011\/01\/04\/arti-i-fotografise-ne-ulqin\/"]}]},{"@type":"BreadcrumbList","@id":"https:\/\/www.visit-ulcinj.com\/blog\/2011\/01\/04\/arti-i-fotografise-ne-ulqin\/#breadcrumb","itemListElement":[{"@type":"ListItem","position":1,"name":"Arti i Fotografise ne Ulqin"}]},{"@type":"Person","@id":"https:\/\/www.visit-ulcinj.com\/blog\/#\/schema\/person\/dcab619c614d3038751c63bc2aadc06d","name":"ulqini","sameAs":["http:\/\/www.visit-ulcinj.com"],"url":"https:\/\/www.visit-ulcinj.com\/blog\/author\/admin\/"}]}},"jetpack_featured_media_url":"","jetpack_sharing_enabled":true,"jetpack_shortlink":"https:\/\/wp.me\/pe6lTn-aUS","_links":{"self":[{"href":"https:\/\/www.visit-ulcinj.com\/blog\/wp-json\/wp\/v2\/posts\/41966"}],"collection":[{"href":"https:\/\/www.visit-ulcinj.com\/blog\/wp-json\/wp\/v2\/posts"}],"about":[{"href":"https:\/\/www.visit-ulcinj.com\/blog\/wp-json\/wp\/v2\/types\/post"}],"author":[{"embeddable":true,"href":"https:\/\/www.visit-ulcinj.com\/blog\/wp-json\/wp\/v2\/users\/1"}],"replies":[{"embeddable":true,"href":"https:\/\/www.visit-ulcinj.com\/blog\/wp-json\/wp\/v2\/comments?post=41966"}],"version-history":[{"count":0,"href":"https:\/\/www.visit-ulcinj.com\/blog\/wp-json\/wp\/v2\/posts\/41966\/revisions"}],"wp:attachment":[{"href":"https:\/\/www.visit-ulcinj.com\/blog\/wp-json\/wp\/v2\/media?parent=41966"}],"wp:term":[{"taxonomy":"category","embeddable":true,"href":"https:\/\/www.visit-ulcinj.com\/blog\/wp-json\/wp\/v2\/categories?post=41966"},{"taxonomy":"post_tag","embeddable":true,"href":"https:\/\/www.visit-ulcinj.com\/blog\/wp-json\/wp\/v2\/tags?post=41966"}],"curies":[{"name":"wp","href":"https:\/\/api.w.org\/{rel}","templated":true}]}}