{"id":41983,"date":"2011-01-04T19:28:59","date_gmt":"2011-01-04T18:28:59","guid":{"rendered":"http:\/\/www.visit-ulcinj.com\/blog\/?p=41983"},"modified":"2011-01-05T09:09:06","modified_gmt":"2011-01-05T08:09:06","slug":"potpredsjednik-vlade-vujica-lazovic-o-valdanosu","status":"publish","type":"post","link":"https:\/\/www.visit-ulcinj.com\/blog\/2011\/01\/04\/potpredsjednik-vlade-vujica-lazovic-o-valdanosu\/","title":{"rendered":"Potpredsjednik Vlade Vujica Lazovi\u0107 o Valdanosu"},"content":{"rendered":"<h4><strong><a href=\"http:\/\/www.visit-ulcinj.com\/blog\/wp-content\/uploads\/2011\/01\/Vujica-Lazovic-o-Valdanosu.jpg\"><img loading=\"lazy\" class=\"alignleft size-full wp-image-41987\" title=\"Vujica Lazovic o Valdanosu\" src=\"http:\/\/www.visit-ulcinj.com\/blog\/wp-content\/uploads\/2011\/01\/Vujica-Lazovic-o-Valdanosu.jpg\" alt=\"\" width=\"490\" height=\"374\" \/><\/a>Bolje je da sami gradimo elektrane i ubiramo prihode<\/strong><\/h4>\n<p>Potpredsjednik Vlade i Socijaldemokratske partije Vujica Lazovi\u0107 izjavio je da SDP podr\u017eava gradnju hidroelektrana na Mora\u010di, ali ne po konceptu koji zagovara njen koalicioni partner Demokratska partija socijalista (DPS).<\/p>\n<p>Lazovi\u0107 u intervjuu \u201cVijestima\u201d ocjenjuje da bi bilo isplativije da dr\u017eava gradi elektrane i ubira ukupne benefite. On poru\u010duje da sa DPS-om nijesu saglasani ni o davanju subvencija Kombinatu aluminijumu, kao i da nije zadovoljan privatizacijama \u017deljezare i nik\u0161i\u0107kih Rudnika boksita\u2026<br \/>\nU tome \u0161to su predstavnici Tenderske komisije za dokapitalizaciju Elektroprivrede, koju je li\u010dno predvodio, nagra\u0111eni sa po 17 hiljada eura zbog poluprivatizacije EPCG nazvane \u201cposlom decenije\u201d, Lazovi\u0107 ne vidi ni\u0161ta sporno.<br \/>\n&#8211; Mislim da je Tenderska komisija, s obzirom na odra\u0111eni posao, skromno nagra\u0111ena \u2013 izjavio je Lazovi\u0107.<\/p>\n<p>\u2022 Vjerujete li zaista da Crna Gora nije u ekonomskom problemu, pored nelikvidnosti privrede, lo\u0161eg stanja u bankarskom sektoru, izra\u017eenog spoljnotrgovinskog deficita, prevelike zadu\u017eenosti gra\u0111ana, ka\u0161njenja plata, otpu\u0161tanja radnika kojeg se mnogi pla\u0161e od 2011. godine?<br \/>\n&#8211; Zavisi kako na stvari gledate. Imamo problema, ali je sigurno da ne\u0107emo bankrotirati, a imamo \u0161anse za uspjeh. Za\u0161to ne pogledati na pozitivne pomake. Ve\u0107 bilje\u017eimo rast proizvodnje, stabilizaciju u finansijskom sektoru, ja\u010danje konkurentnosti, rast zaposlenosti, bitne iskorake na putu evropskih i evroatlantskih integracija. Dakle, prebrodili smo bez katastrofalnih lomova ono najte\u017ee i ponovo se vra\u0107amo na dobre staze ekonomskog rasta i razvoja. Negativne posljedice krize i dalje postoje. Pro\u0161li smo kroz brzo i korisno iskustvo ekonomskog buma, a zatim i recesije i iza\u0161li iz njega, kao pojedinci poslovni ljudi i dr\u017eava, mudriji, oprezniji i sa dugoro\u010dnim projekcijama odluka koje donosimo danas.<\/p>\n<p>\u2022 Podr\u017eava li SDP gradnju hidroelektrana na Mora\u010di? Koje rje\u0161enje je prihvatljivo za realizaciju projekta?<br \/>\n&#8211; Generalno podr\u017eavamo. Me\u0111utim, kod na\u010dina realizacije imamo druga\u010diji pristup. Kvalitetna valorizacija energetskih potencijala je jedan od bitnih izazova daljeg razvoja crnogorske ekonomije. Oko gradnje HE na Mora\u010di polazna dilema je: ima li dr\u017eava dovoljno novca, znanja i kapaciteta, da sama u\u0111e u taj projekat i da kasnije, odmah po izgradnji, crpi sama ukpune benefite. Ili da se kroz model privatno-javnog partenrstva opredijeli za koncesiju gdje \u0107e se u toku koncesionog perioda odre\u0107i ukupnog benefita, a poslije isteka koncesije dobiti u vlasni\u0161tvo HE koje mo\u017ee koristiti u periodu njihove funkcionalne upotrebe. Krupno pitanje, krupna dilema! I zato smo mi insistirali da se o ugovoru i nacrtu koncesionog akta prethodno izjasni i crnogorski parlament, pri \u010demu i dalje u SDP-u smatramo da bi izgradnja u dr\u017eavnom ara\u017emanu bila mnogo isplativiji projekat, svakako uz maksimalno po\u0161tovanje ekolo\u0161kih standarda.<\/p>\n<p>\u2022 Sti\u010de se utisak da je praksa SDP-a da do zavr\u0161nice u projektima, koje osu\u0111uje ve\u0107ina javnosti, bude sa DPS-om, pa da se distancira. \u010clanovi Vlade iz SDP-a su o\u0107utali Mora\u010du. Upe\u010datljivo ostaje i da ste se protivili prodaji Termoelektrane na kraju procesa, a potom pristali da krene privatizacija EPCG. Sve li\u010di na igru vlasti, gdje se SDP samo ogra\u0111uje, a sa partnerom dobro zara\u0111uje?<br \/>\n&#8211; Nije ta\u010dno. Kod svih projekata uvijek iznosimo svoj stav i ne tr\u010dimo za onim \u0161to bi se svidjelo javnosti, nego nam je u prvom planu dugoro\u010dni interes dr\u017eave Crne Gore. U radnim varijantama se tretiraju alternative, ali kod finalizacije su stvari do kraja precizne i tu SDP nikada nije kalkulisao, a vrijeme pokazuje da smo u pravu. \u0160to se EPCG ti\u010de, ona je dokapitalizovana a ne privatizovana. I ne treba zaboraviti da je dr\u017eava i dalje ve\u0107inski vlasnik.<\/p>\n<p>\u2022 Ako DPS ponovo predlo\u017ei Mugo\u0161u za podgori\u010dkog gradona\u010delnika, raskidate li koaliciju na dr\u017eavnom nivou? U kakvim ste sada odnosima?<br \/>\n&#8211; Na\u0161 stav se tu ne mijenja. Sve smo uglavnom na ovu temu saop\u0161tili, sa\u010dekajmo septembar i sve \u0107e biti jasno. \u0160to se ti\u010de odnosa sa DPS-om , kada je u pitanju lokalni ili dr\u017eavni nivo, imamo partnerske i korektne odnose.<\/p>\n<p>\u2022 Kako je potro\u0161eno 96 miliona od dokapitalizacije EPCG, \u0161ta je Savjet za privatizaciju uradio sa 1,92 miliona koje je dobio od tog posla? Nezvani\u010dan podatak je da su \u010dlanovi Tenderske komisije zbog izbora A2A za suvlasnika EPCG i \u201eposla decenije\u201c nagra\u0111eni sa po 17.000 eura. Zar to nije neprimjereno, s obzirom na to da ste dobijali naknade od rada u komisiji?<br \/>\n&#8211; Prihodi od dokapitalizacije su prikazani u bud\u017eetu i kori\u0161teni za kapitalne investicije. Prihodi Savjeta od dokapitalizacije EPCG su usmjereni na finansiranje aktivnosti Savjeta u 2009. i 2010. pa i 2011. godini. I to je prikazano u bud\u017eetu. \u0160ta to radi Savjet? Zna\u010dajni su tro\u0161kovi izrade tenderske dokumentacije, anga\u017eovanje me\u0111unarodnih savjetnika, objavljivanje tendera i ostale tenderske aktivnosti, a u prosjeku godi\u0161nje imamo objavljenih preko deset tendera. Mislim da je Tenderska komisija za dokapitalizaciju EPCG, s obzirom na odra\u0111eni posao, skromno nagra\u0111ena. Postupak pripreme je trajao preko 15 mjeseci, imali smo 54 sjednice komisije, zahtjevan, slo\u017een i odgovoran posao, naknada je ispla\u0107ivana u nekoliko iteracija, u skladu sa pravilnicima i procedurom koja je i do sada bila prisutna. Za svaki uspje\u0161an tender \u010dlanovi imaju pravo na dodatnu naknadu. I sasvim je prirodno da budu nagra\u0111eni za najve\u0107i privatizacioni posao. Ne zaboraviti da je u godini krize u CG upliv od preko 420 miliona eura, mnogi smatraju da je taj projekat spasio crnogorsku ekonomiju. Ono na \u0161ta sam ponosan, s obzirom da se identifikujem sa tim projektom, je da je do kraja ura\u0111en maksimalno transparentno i u korist svih akcionara EPCG.<\/p>\n<p>\u2022 Da li Vi podr\u017eavate da EPCG od 2015. godine bude vlasni\u0161tvo A2A, ako ta kompanija ispuni uslove, \u0161to \u0107e i uspjeti uz pribli\u017eavanje cijena struje tr\u017ei\u0161nom nivou?<br \/>\nVidje\u0107emo \u0161ta \u0107e se desiti. Zacrtani indikatori su veoma zahtjevni, visoki i nije ih lako dosti\u0107i. Ugovorom smo ostavili opciju da \u010dak i ako A2A ispuni indikatore da dr\u017eava mo\u017ee odlu\u010diti da otkupi akcije koje smo im sada prodali. Ako pitate odakle novac, dovoljno \u0107e biti samo da dr\u017eava \u010duva dio profita koji \u0107e joj se usmjeravati prema ugovoru u ovih pet godina.<\/p>\n<p><span style=\"color: #ff0000;\"><strong>\u2022 Britanski Kjubus Luks godinama je u gubicima, ostvaruje male godi\u0161nje prihode. Zar to nije dovoljno da se pitate iz kojih izvora \u0107e finansirati izgradnju luksuznog kompleksa na Valdanosu?<br \/>\n&#8211; Oni su zadovoljili sve \u0161to je tenderom tra\u017eeno. Godinu ekonomske krize ne mo\u017eemo korisititi kao referentnu, ko sve nije bio u gubitku u toj godini. Slu\u0161amo komentare pojedinaca, udru\u017eenja, finansijskih, pravnih i turisti\u010dkih poznavalaca u vezi sa realizacijom jednog od veoma interesantnih razvojnih projekta u najju\u017enijoj crnogorskoj op\u0161tini. Ponekad se zapitam koliko svi ti kriti\u010dari stvarno \u017eele napredak i razvoj Ulcinja, ali na kraju moj pozitivni stav navodi me na zaklju\u010dak da mo\u017eda \u017eele samo da pojasne neke elemente ili da saznaju i sve detalje iz postupka realizacije projekta. Zato ne \u017eelim da kritikujem nikoga, ali \u017eelim da svi budu upoznati sa \u010dinjenicama u vezi sa projektom valorizacije Valdanosa.<br \/>\nVlada je od kompanije prije zaklju\u010denja pregovora zahtijevala dostavljanje kompletne finansijske konstrukcije kao i potvrde da je investitor obezbijedio sredstva. Iz dostavljene dokumentacije mo\u017ee se zaklju\u010diti da \u0107e kompanija mo\u0107i da do kraja ispo\u0161tuje dogovoreni investicioni plan, kao i da \u0107e mo\u0107i da ispo\u0161tuje sve rokove definisane ugovorom. Tako\u0111e, potpisivanje ugovora podrazumijeva i da partner dostavi potpisane garancije, kako \u010dinidbene tako i garancije za godi\u0161nju zakupninu.<br \/>\nTo \u010dini sastavni dio ugovora, koji bez toga ne mo\u017ee biti potpisan. \u0160to nam jos jednom garantuje kvalitetnu i uspje\u0161nu realizaciju projekta i njegov razvoj u jedan od najelitnijih turisti\u010dkih kompleska na Jadranu, koji \u0107e nuditi niz aktivnosti za odmor i rekreaciju. To nam potvr\u0111uje partnerska kompanija Sol Melia, svojim vi\u0161egodi\u0161njim iskustvom u svijetu, koja ce biti zadu\u017eena za menad\u017ement ovog rizorta. <\/strong><\/span><\/p>\n<p>\u2022 Do kad je Planta\u017eama sigurno da \u0107e ostati u dr\u017eavnom vlasni\u0161tvu i za\u0161to Vlada ho\u0107e da privatizuje nacionalnog avioprevoznika?<br \/>\n&#8211; Planta\u017ee \u0107e biti u dr\u017eavnom vlasni\u0161tvu vjerovatno dok SDP u\u010destvuje u vlasti. Nema razloga za privatizaciju Planta\u017ea, uspje\u0161na kompanija i nacionalni brend i tu ne treba eksperimentisati. Kada je u pitanju privatizacija nacionalonog avioprevoznika, cilj je pove\u0107anje investicija, efikasnosti i profitabilnosti kompanije.<br \/>\nDobijanjem jakog partnera i me\u0111unarodno pozicionirane kompanije mo\u017eemo napraviti veliki napredak za avioprevoz i rast turizma, kao i otvaranje Crne Gore i njenih gra\u0111ana prema svijetu.<\/p>\n<p>Nijesmo za toliko pomaganje KAP-u<\/p>\n<p>Da ste radnik \u017deljezare, Rudnika boksita ili bilo kojeg prodatog preduze\u0107a u kojima \u201estrate\u0161ki partneri\u201c Vlade ne ispla\u0107uju redovno zarade ili nema proizvodnje, da li biste bili zadovoljni privatizacijama?<br \/>\n&#8211; Ni ja nijesam zadovoljan sa tim privatizacijama. Nikada nijesam krio stav da na\u017ealost nijesmo, uvijek, imali dobre partnere. Pitanje i jesmo li imali \u0161anse da izaberemo bolje i jesmo li imali dovoljno opreza kod izbora. No, ipak se mora priznati da su ovi problemi eskalirali u doba ekonomske krize, kada su i dobre kompanije i dobri partneri znali posrnuti.<br \/>\nKAP je jama bez dna. \u0160ta ako vlasnik napusti fabriku, a Vladi ostavi dugovanja? Mislite da je korektno da gra\u0111ani gledaju kako firmi Olega Deripaske otpisujete poreze, ne vidite utaju, a uz to poreski obveznici moraju pla\u0107ati subvencije za struju toj kompaniji?<br \/>\n&#8211; Oko KAP-a i pomaganja toj kompaniji smo na nivou koalicione vlasti imali suprotstavljene stavove. I SDP je bio protiv subvencija i takvog pomaganja. Ali sada treba svaka institucija i dr\u017eavni organ da radi svoj posao. Iako su velike firme zna\u010dajne za na\u0161u ekonomiju, ne mogu biti po\u0161te\u0111ene i moraju regularno poslovati. Dobro \u0161to imamo svoje predstavnike u upravnom odboru i sada \u0107emo biti u poziciji da interveni\u0161emo kada je u pitanju poslovna politika u svim njenim dimenzijama.<\/p>\n<p><strong>Ivana GUDOVI\u0106<br \/>\n<a href=\"http:\/\/www.vijesti.me\/index.php?id_pre=358714&amp;godina=2010\" target=\"_blank\">Vijesti<br \/>\n<\/a><\/strong><\/p>\n<p><strong><!--YouTube Error: bad URL entered--><br \/>\n<\/strong><\/p>\n","protected":false},"excerpt":{"rendered":"<p>Bolje je da sami gradimo elektrane i ubiramo prihode Potpredsjednik Vlade i Socijaldemokratske partije Vujica Lazovi\u0107 izjavio je da SDP podr\u017eava gradnju hidroelektrana na Mora\u010di, ali ne po konceptu koji zagovara njen koalicioni partner Demokratska partija socijalista (DPS). Lazovi\u0107 u intervjuu \u201cVijestima\u201d ocjenjuje da bi bilo isplativije da dr\u017eava gradi elektrane i ubira ukupne benefite. [&hellip;]<\/p>\n","protected":false},"author":1,"featured_media":0,"comment_status":"open","ping_status":"closed","sticky":false,"template":"","format":"standard","meta":{"spay_email":"","jetpack_publicize_message":"","jetpack_is_tweetstorm":false,"jetpack_publicize_feature_enabled":true},"categories":[8337],"tags":[8761,19,136],"jetpack_publicize_connections":[],"yoast_head":"<!-- This site is optimized with the Yoast SEO plugin v19.1 - https:\/\/yoast.com\/wordpress\/plugins\/seo\/ -->\n<title>Potpredsjednik Vlade Vujica Lazovi\u0107 o Valdanosu - Lajme nga Ulqini<\/title>\n<meta name=\"description\" content=\"Bolje je da sami gradimo elektrane i ubiramo prihode Potpredsjednik Vlade i Socijaldemokratske partije Vujica Lazovi\u0107 izjavio je da SDP podr\u017eava gradnju\" \/>\n<meta name=\"robots\" content=\"index, follow, max-snippet:-1, max-image-preview:large, max-video-preview:-1\" \/>\n<link rel=\"canonical\" href=\"https:\/\/www.visit-ulcinj.com\/blog\/2011\/01\/04\/potpredsjednik-vlade-vujica-lazovic-o-valdanosu\/\" \/>\n<meta property=\"og:locale\" content=\"en_US\" \/>\n<meta property=\"og:type\" content=\"article\" \/>\n<meta property=\"og:title\" content=\"Potpredsjednik Vlade Vujica Lazovi\u0107 o Valdanosu - Lajme nga Ulqini\" \/>\n<meta property=\"og:description\" content=\"Bolje je da sami gradimo elektrane i ubiramo prihode Potpredsjednik Vlade i Socijaldemokratske partije Vujica Lazovi\u0107 izjavio je da SDP podr\u017eava gradnju\" \/>\n<meta property=\"og:url\" content=\"https:\/\/www.visit-ulcinj.com\/blog\/2011\/01\/04\/potpredsjednik-vlade-vujica-lazovic-o-valdanosu\/\" \/>\n<meta property=\"og:site_name\" content=\"Lajme nga Ulqini\" \/>\n<meta property=\"article:published_time\" content=\"2011-01-04T18:28:59+00:00\" \/>\n<meta property=\"article:modified_time\" content=\"2011-01-05T08:09:06+00:00\" \/>\n<meta property=\"og:image\" content=\"http:\/\/www.visit-ulcinj.com\/blog\/wp-content\/uploads\/2011\/01\/Vujica-Lazovic-o-Valdanosu.jpg\" \/>\n<meta name=\"twitter:label1\" content=\"Written by\" \/>\n\t<meta name=\"twitter:data1\" content=\"ulqini\" \/>\n\t<meta name=\"twitter:label2\" content=\"Est. reading time\" \/>\n\t<meta name=\"twitter:data2\" content=\"8 minutes\" \/>\n<script type=\"application\/ld+json\" class=\"yoast-schema-graph\">{\"@context\":\"https:\/\/schema.org\",\"@graph\":[{\"@type\":\"WebSite\",\"@id\":\"https:\/\/www.visit-ulcinj.com\/blog\/#website\",\"url\":\"https:\/\/www.visit-ulcinj.com\/blog\/\",\"name\":\"Lajme nga Ulqini\",\"description\":\"Lajme,Vijesti,Ulqini,Ulqin,Crna Gora,Mali i Zi\",\"potentialAction\":[{\"@type\":\"SearchAction\",\"target\":{\"@type\":\"EntryPoint\",\"urlTemplate\":\"https:\/\/www.visit-ulcinj.com\/blog\/?s={search_term_string}\"},\"query-input\":\"required name=search_term_string\"}],\"inLanguage\":\"en-US\"},{\"@type\":\"ImageObject\",\"inLanguage\":\"en-US\",\"@id\":\"https:\/\/www.visit-ulcinj.com\/blog\/2011\/01\/04\/potpredsjednik-vlade-vujica-lazovic-o-valdanosu\/#primaryimage\",\"url\":\"https:\/\/www.visit-ulcinj.com\/blog\/wp-content\/uploads\/2011\/01\/Vujica-Lazovic-o-Valdanosu.jpg\",\"contentUrl\":\"https:\/\/www.visit-ulcinj.com\/blog\/wp-content\/uploads\/2011\/01\/Vujica-Lazovic-o-Valdanosu.jpg\",\"width\":\"470\",\"height\":\"314\"},{\"@type\":\"WebPage\",\"@id\":\"https:\/\/www.visit-ulcinj.com\/blog\/2011\/01\/04\/potpredsjednik-vlade-vujica-lazovic-o-valdanosu\/#webpage\",\"url\":\"https:\/\/www.visit-ulcinj.com\/blog\/2011\/01\/04\/potpredsjednik-vlade-vujica-lazovic-o-valdanosu\/\",\"name\":\"Potpredsjednik Vlade Vujica Lazovi\u0107 o Valdanosu - Lajme nga Ulqini\",\"isPartOf\":{\"@id\":\"https:\/\/www.visit-ulcinj.com\/blog\/#website\"},\"primaryImageOfPage\":{\"@id\":\"https:\/\/www.visit-ulcinj.com\/blog\/2011\/01\/04\/potpredsjednik-vlade-vujica-lazovic-o-valdanosu\/#primaryimage\"},\"datePublished\":\"2011-01-04T18:28:59+00:00\",\"dateModified\":\"2011-01-05T08:09:06+00:00\",\"author\":{\"@id\":\"https:\/\/www.visit-ulcinj.com\/blog\/#\/schema\/person\/dcab619c614d3038751c63bc2aadc06d\"},\"description\":\"Bolje je da sami gradimo elektrane i ubiramo prihode Potpredsjednik Vlade i Socijaldemokratske partije Vujica Lazovi\u0107 izjavio je da SDP podr\u017eava gradnju\",\"breadcrumb\":{\"@id\":\"https:\/\/www.visit-ulcinj.com\/blog\/2011\/01\/04\/potpredsjednik-vlade-vujica-lazovic-o-valdanosu\/#breadcrumb\"},\"inLanguage\":\"en-US\",\"potentialAction\":[{\"@type\":\"ReadAction\",\"target\":[\"https:\/\/www.visit-ulcinj.com\/blog\/2011\/01\/04\/potpredsjednik-vlade-vujica-lazovic-o-valdanosu\/\"]}]},{\"@type\":\"BreadcrumbList\",\"@id\":\"https:\/\/www.visit-ulcinj.com\/blog\/2011\/01\/04\/potpredsjednik-vlade-vujica-lazovic-o-valdanosu\/#breadcrumb\",\"itemListElement\":[{\"@type\":\"ListItem\",\"position\":1,\"name\":\"Potpredsjednik Vlade Vujica Lazovi\u0107 o Valdanosu\"}]},{\"@type\":\"Person\",\"@id\":\"https:\/\/www.visit-ulcinj.com\/blog\/#\/schema\/person\/dcab619c614d3038751c63bc2aadc06d\",\"name\":\"ulqini\",\"sameAs\":[\"http:\/\/www.visit-ulcinj.com\"],\"url\":\"https:\/\/www.visit-ulcinj.com\/blog\/author\/admin\/\"}]}<\/script>\n<!-- \/ Yoast SEO plugin. -->","yoast_head_json":{"title":"Potpredsjednik Vlade Vujica Lazovi\u0107 o Valdanosu - Lajme nga Ulqini","description":"Bolje je da sami gradimo elektrane i ubiramo prihode Potpredsjednik Vlade i Socijaldemokratske partije Vujica Lazovi\u0107 izjavio je da SDP podr\u017eava gradnju","robots":{"index":"index","follow":"follow","max-snippet":"max-snippet:-1","max-image-preview":"max-image-preview:large","max-video-preview":"max-video-preview:-1"},"canonical":"https:\/\/www.visit-ulcinj.com\/blog\/2011\/01\/04\/potpredsjednik-vlade-vujica-lazovic-o-valdanosu\/","og_locale":"en_US","og_type":"article","og_title":"Potpredsjednik Vlade Vujica Lazovi\u0107 o Valdanosu - Lajme nga Ulqini","og_description":"Bolje je da sami gradimo elektrane i ubiramo prihode Potpredsjednik Vlade i Socijaldemokratske partije Vujica Lazovi\u0107 izjavio je da SDP podr\u017eava gradnju","og_url":"https:\/\/www.visit-ulcinj.com\/blog\/2011\/01\/04\/potpredsjednik-vlade-vujica-lazovic-o-valdanosu\/","og_site_name":"Lajme nga Ulqini","article_published_time":"2011-01-04T18:28:59+00:00","article_modified_time":"2011-01-05T08:09:06+00:00","og_image":[{"url":"http:\/\/www.visit-ulcinj.com\/blog\/wp-content\/uploads\/2011\/01\/Vujica-Lazovic-o-Valdanosu.jpg"}],"twitter_misc":{"Written by":"ulqini","Est. reading time":"8 minutes"},"schema":{"@context":"https:\/\/schema.org","@graph":[{"@type":"WebSite","@id":"https:\/\/www.visit-ulcinj.com\/blog\/#website","url":"https:\/\/www.visit-ulcinj.com\/blog\/","name":"Lajme nga Ulqini","description":"Lajme,Vijesti,Ulqini,Ulqin,Crna Gora,Mali i Zi","potentialAction":[{"@type":"SearchAction","target":{"@type":"EntryPoint","urlTemplate":"https:\/\/www.visit-ulcinj.com\/blog\/?s={search_term_string}"},"query-input":"required name=search_term_string"}],"inLanguage":"en-US"},{"@type":"ImageObject","inLanguage":"en-US","@id":"https:\/\/www.visit-ulcinj.com\/blog\/2011\/01\/04\/potpredsjednik-vlade-vujica-lazovic-o-valdanosu\/#primaryimage","url":"https:\/\/www.visit-ulcinj.com\/blog\/wp-content\/uploads\/2011\/01\/Vujica-Lazovic-o-Valdanosu.jpg","contentUrl":"https:\/\/www.visit-ulcinj.com\/blog\/wp-content\/uploads\/2011\/01\/Vujica-Lazovic-o-Valdanosu.jpg","width":"470","height":"314"},{"@type":"WebPage","@id":"https:\/\/www.visit-ulcinj.com\/blog\/2011\/01\/04\/potpredsjednik-vlade-vujica-lazovic-o-valdanosu\/#webpage","url":"https:\/\/www.visit-ulcinj.com\/blog\/2011\/01\/04\/potpredsjednik-vlade-vujica-lazovic-o-valdanosu\/","name":"Potpredsjednik Vlade Vujica Lazovi\u0107 o Valdanosu - Lajme nga Ulqini","isPartOf":{"@id":"https:\/\/www.visit-ulcinj.com\/blog\/#website"},"primaryImageOfPage":{"@id":"https:\/\/www.visit-ulcinj.com\/blog\/2011\/01\/04\/potpredsjednik-vlade-vujica-lazovic-o-valdanosu\/#primaryimage"},"datePublished":"2011-01-04T18:28:59+00:00","dateModified":"2011-01-05T08:09:06+00:00","author":{"@id":"https:\/\/www.visit-ulcinj.com\/blog\/#\/schema\/person\/dcab619c614d3038751c63bc2aadc06d"},"description":"Bolje je da sami gradimo elektrane i ubiramo prihode Potpredsjednik Vlade i Socijaldemokratske partije Vujica Lazovi\u0107 izjavio je da SDP podr\u017eava gradnju","breadcrumb":{"@id":"https:\/\/www.visit-ulcinj.com\/blog\/2011\/01\/04\/potpredsjednik-vlade-vujica-lazovic-o-valdanosu\/#breadcrumb"},"inLanguage":"en-US","potentialAction":[{"@type":"ReadAction","target":["https:\/\/www.visit-ulcinj.com\/blog\/2011\/01\/04\/potpredsjednik-vlade-vujica-lazovic-o-valdanosu\/"]}]},{"@type":"BreadcrumbList","@id":"https:\/\/www.visit-ulcinj.com\/blog\/2011\/01\/04\/potpredsjednik-vlade-vujica-lazovic-o-valdanosu\/#breadcrumb","itemListElement":[{"@type":"ListItem","position":1,"name":"Potpredsjednik Vlade Vujica Lazovi\u0107 o Valdanosu"}]},{"@type":"Person","@id":"https:\/\/www.visit-ulcinj.com\/blog\/#\/schema\/person\/dcab619c614d3038751c63bc2aadc06d","name":"ulqini","sameAs":["http:\/\/www.visit-ulcinj.com"],"url":"https:\/\/www.visit-ulcinj.com\/blog\/author\/admin\/"}]}},"jetpack_featured_media_url":"","jetpack_sharing_enabled":true,"jetpack_shortlink":"https:\/\/wp.me\/pe6lTn-aV9","_links":{"self":[{"href":"https:\/\/www.visit-ulcinj.com\/blog\/wp-json\/wp\/v2\/posts\/41983"}],"collection":[{"href":"https:\/\/www.visit-ulcinj.com\/blog\/wp-json\/wp\/v2\/posts"}],"about":[{"href":"https:\/\/www.visit-ulcinj.com\/blog\/wp-json\/wp\/v2\/types\/post"}],"author":[{"embeddable":true,"href":"https:\/\/www.visit-ulcinj.com\/blog\/wp-json\/wp\/v2\/users\/1"}],"replies":[{"embeddable":true,"href":"https:\/\/www.visit-ulcinj.com\/blog\/wp-json\/wp\/v2\/comments?post=41983"}],"version-history":[{"count":0,"href":"https:\/\/www.visit-ulcinj.com\/blog\/wp-json\/wp\/v2\/posts\/41983\/revisions"}],"wp:attachment":[{"href":"https:\/\/www.visit-ulcinj.com\/blog\/wp-json\/wp\/v2\/media?parent=41983"}],"wp:term":[{"taxonomy":"category","embeddable":true,"href":"https:\/\/www.visit-ulcinj.com\/blog\/wp-json\/wp\/v2\/categories?post=41983"},{"taxonomy":"post_tag","embeddable":true,"href":"https:\/\/www.visit-ulcinj.com\/blog\/wp-json\/wp\/v2\/tags?post=41983"}],"curies":[{"name":"wp","href":"https:\/\/api.w.org\/{rel}","templated":true}]}}