{"id":4199,"date":"2008-10-13T16:44:28","date_gmt":"2008-10-13T21:44:28","guid":{"rendered":"http:\/\/www.visit-ulcinj.com\/blog\/?p=4199"},"modified":"2008-10-17T13:34:20","modified_gmt":"2008-10-17T18:34:20","slug":"podgorice-perleshje-ne-protesten-kunder-kosoves","status":"publish","type":"post","link":"https:\/\/www.visit-ulcinj.com\/blog\/2008\/10\/13\/podgorice-perleshje-ne-protesten-kunder-kosoves\/","title":{"rendered":"Podgoric\u00eb, p\u00ebrleshje n\u00eb protest\u00ebn kund\u00ebr Kosov\u00ebs"},"content":{"rendered":"<p><a href=\"http:\/\/www.visit-ulcinj.com\/blog\/wp-content\/uploads\/2008\/10\/neredi-u-podgorici-5.jpg\"><img loading=\"lazy\" class=\"alignleft size-medium wp-image-4200\" title=\"neredi-u-podgorici-5\" src=\"http:\/\/www.visit-ulcinj.com\/blog\/wp-content\/uploads\/2008\/10\/neredi-u-podgorici-5-300x209.jpg\" alt=\"\" width=\"300\" height=\"209\" srcset=\"https:\/\/www.visit-ulcinj.com\/blog\/wp-content\/uploads\/2008\/10\/neredi-u-podgorici-5-300x209.jpg 300w, https:\/\/www.visit-ulcinj.com\/blog\/wp-content\/uploads\/2008\/10\/neredi-u-podgorici-5.jpg 470w\" sizes=\"(max-width: 300px) 100vw, 300px\" \/><\/a>PODGORICE- Ka p\u00ebrfunduar me p\u00ebrleshje demonstrata e sotme n\u00eb kryeqytetin e Malit t\u00eb Zi, Podgoric\u00eb, kund\u00ebr njohjes s\u00eb pavar\u00ebsis\u00eb s\u00eb Kosov\u00ebs. Protestat jan\u00eb organizuar nga Partia Popullore Serbe, Partia Popullore, Partia Demokratike Serbe dhe Lista Serbe, p\u00ebr shkak t\u00eb njohjes s\u00eb Kosov\u00ebs nga Qeveria malazeze. Dhuna ka shp\u00ebrthyer pasi masa e protestuesve ka shmangur barrikadat para godin\u00ebs s\u00eb Parlamentit t\u00eb Malit t\u00eb Zi dhe ka filluar t\u00eb sulmoj\u00eb policin\u00eb me gur\u00eb dhe mjete t\u00eb r\u00ebnda.<br \/>\nNga dhuna midis protestuesve dhe policis\u00eb dy persona kan\u00eb marr\u00eb l\u00ebndime t\u00eb r\u00ebnda, nd\u00ebrsa jan\u00eb l\u00ebnduar edhe disa polic\u00eb dhe fotoreporter\u00eb. Nj\u00eb num\u00ebr i madh i policis\u00eb speciale malazeze ka bllokuar godin\u00ebn e Parlamentit dhe Qeveris\u00eb si dhe rrug\u00ebt p\u00ebrreth. Agjencia malazeze e lajmeve Mina njofton se situata pran\u00eb rrug\u00ebve kryesore dhe institucioneve \u00ebsht\u00eb e qet\u00eb. K\u00ebrkesat e protestuesve kan\u00eb qen\u00eb q\u00eb Qeveria e Malit t\u00eb Zi t\u00eb anuloj\u00eb vendimin p\u00ebr njohjen e shtetit t\u00eb Kosov\u00ebs dhe t\u00eb shpallet referendum ku qytetar\u00ebt t\u00eb deklaroheshin p\u00ebr njohjen ose jo t\u00eb Kosov\u00ebs.<br \/>\nProtesta e sotme vjen pas njohjes zyrtare qe Podgorica i beri 4 dit\u00eb me par\u00eb shtetit t\u00eb ri te Kosov\u00ebs. Ne te nj\u00ebjt\u00ebn dite me Podgoricen dhe Maqedonia mori vendimin per t\u00eb njohur zyrtarisht shtetin e ri t\u00eb Kosov\u00ebs duke e \u00e7uar ne 50 numrin e vendeve qe kan\u00eb njohur Prishtin\u00ebn.<br \/>\nDisa persona jane plagosur e disa te tjere jane arrestuar n\u00eb protest\u00ebn e sotme organizuar nga opozita n\u00eb Malin e Zi p\u00ebr t\u00eb kund\u00ebrshtuar njohjen e Kosov\u00ebs. Protestuesit q\u00eb k\u00ebrkuan anullimin e vendimit p\u00ebr njohjen e Kosov\u00ebs u konfrontuan me policin\u00eb, nd\u00ebrsa kjo e fundit me pas shoq\u00ebroi disa persona. Sipas mediave vendase situata pas protest\u00ebs paraqitet e qet\u00eb, ndersa forca t\u00eb shumta t\u00eb policis\u00eb malazeze po mbik\u00ebqyrin institucionet kryesore te vendit.<br \/>\n<strong>Burimi \/ (a.r\/News24\/Balkanweb)<\/strong><\/p>\n","protected":false},"excerpt":{"rendered":"<p>PODGORICE- Ka p\u00ebrfunduar me p\u00ebrleshje demonstrata e sotme n\u00eb kryeqytetin e Malit t\u00eb Zi, Podgoric\u00eb, kund\u00ebr njohjes s\u00eb pavar\u00ebsis\u00eb s\u00eb Kosov\u00ebs. Protestat jan\u00eb organizuar nga Partia Popullore Serbe, Partia Popullore, Partia Demokratike Serbe dhe Lista Serbe, p\u00ebr shkak t\u00eb njohjes s\u00eb Kosov\u00ebs nga Qeveria malazeze. Dhuna ka shp\u00ebrthyer pasi masa e protestuesve ka shmangur barrikadat [&hellip;]<\/p>\n","protected":false},"author":1,"featured_media":0,"comment_status":"open","ping_status":"closed","sticky":false,"template":"","format":"standard","meta":{"spay_email":"","jetpack_publicize_message":"","jetpack_is_tweetstorm":false,"jetpack_publicize_feature_enabled":true},"categories":[1,12],"tags":[95,92],"jetpack_publicize_connections":[],"yoast_head":"<!-- This site is optimized with the Yoast SEO plugin v19.1 - https:\/\/yoast.com\/wordpress\/plugins\/seo\/ -->\n<title>Podgoric\u00eb, p\u00ebrleshje n\u00eb protest\u00ebn kund\u00ebr Kosov\u00ebs - Lajme nga Ulqini<\/title>\n<meta name=\"description\" content=\"PODGORICE- Ka p\u00ebrfunduar me p\u00ebrleshje demonstrata e sotme n\u00eb kryeqytetin e Malit t\u00eb Zi, Podgoric\u00eb, kund\u00ebr njohjes s\u00eb pavar\u00ebsis\u00eb s\u00eb Kosov\u00ebs. Protestat jan\u00eb\" \/>\n<meta name=\"robots\" content=\"index, follow, max-snippet:-1, max-image-preview:large, max-video-preview:-1\" \/>\n<link rel=\"canonical\" href=\"https:\/\/www.visit-ulcinj.com\/blog\/2008\/10\/13\/podgorice-perleshje-ne-protesten-kunder-kosoves\/\" \/>\n<meta property=\"og:locale\" content=\"en_US\" \/>\n<meta property=\"og:type\" content=\"article\" \/>\n<meta property=\"og:title\" content=\"Podgoric\u00eb, p\u00ebrleshje n\u00eb protest\u00ebn kund\u00ebr Kosov\u00ebs - Lajme nga Ulqini\" \/>\n<meta property=\"og:description\" content=\"PODGORICE- Ka p\u00ebrfunduar me p\u00ebrleshje demonstrata e sotme n\u00eb kryeqytetin e Malit t\u00eb Zi, Podgoric\u00eb, kund\u00ebr njohjes s\u00eb pavar\u00ebsis\u00eb s\u00eb Kosov\u00ebs. Protestat jan\u00eb\" \/>\n<meta property=\"og:url\" content=\"https:\/\/www.visit-ulcinj.com\/blog\/2008\/10\/13\/podgorice-perleshje-ne-protesten-kunder-kosoves\/\" \/>\n<meta property=\"og:site_name\" content=\"Lajme nga Ulqini\" \/>\n<meta property=\"article:published_time\" content=\"2008-10-13T21:44:28+00:00\" \/>\n<meta property=\"article:modified_time\" content=\"2008-10-17T18:34:20+00:00\" \/>\n<meta property=\"og:image\" content=\"http:\/\/www.visit-ulcinj.com\/blog\/wp-content\/uploads\/2008\/10\/neredi-u-podgorici-5-300x209.jpg\" \/>\n<meta name=\"twitter:label1\" content=\"Written by\" \/>\n\t<meta name=\"twitter:data1\" content=\"ulqini\" \/>\n\t<meta name=\"twitter:label2\" content=\"Est. reading time\" \/>\n\t<meta name=\"twitter:data2\" content=\"2 minutes\" \/>\n<script type=\"application\/ld+json\" class=\"yoast-schema-graph\">{\"@context\":\"https:\/\/schema.org\",\"@graph\":[{\"@type\":\"WebSite\",\"@id\":\"https:\/\/www.visit-ulcinj.com\/blog\/#website\",\"url\":\"https:\/\/www.visit-ulcinj.com\/blog\/\",\"name\":\"Lajme nga Ulqini\",\"description\":\"Lajme,Vijesti,Ulqini,Ulqin,Crna Gora,Mali i Zi\",\"potentialAction\":[{\"@type\":\"SearchAction\",\"target\":{\"@type\":\"EntryPoint\",\"urlTemplate\":\"https:\/\/www.visit-ulcinj.com\/blog\/?s={search_term_string}\"},\"query-input\":\"required name=search_term_string\"}],\"inLanguage\":\"en-US\"},{\"@type\":\"ImageObject\",\"inLanguage\":\"en-US\",\"@id\":\"https:\/\/www.visit-ulcinj.com\/blog\/2008\/10\/13\/podgorice-perleshje-ne-protesten-kunder-kosoves\/#primaryimage\",\"url\":\"http:\/\/www.visit-ulcinj.com\/blog\/wp-content\/uploads\/2008\/10\/neredi-u-podgorici-5-300x209.jpg\",\"contentUrl\":\"http:\/\/www.visit-ulcinj.com\/blog\/wp-content\/uploads\/2008\/10\/neredi-u-podgorici-5-300x209.jpg\"},{\"@type\":\"WebPage\",\"@id\":\"https:\/\/www.visit-ulcinj.com\/blog\/2008\/10\/13\/podgorice-perleshje-ne-protesten-kunder-kosoves\/#webpage\",\"url\":\"https:\/\/www.visit-ulcinj.com\/blog\/2008\/10\/13\/podgorice-perleshje-ne-protesten-kunder-kosoves\/\",\"name\":\"Podgoric\u00eb, p\u00ebrleshje n\u00eb protest\u00ebn kund\u00ebr Kosov\u00ebs - Lajme nga Ulqini\",\"isPartOf\":{\"@id\":\"https:\/\/www.visit-ulcinj.com\/blog\/#website\"},\"primaryImageOfPage\":{\"@id\":\"https:\/\/www.visit-ulcinj.com\/blog\/2008\/10\/13\/podgorice-perleshje-ne-protesten-kunder-kosoves\/#primaryimage\"},\"datePublished\":\"2008-10-13T21:44:28+00:00\",\"dateModified\":\"2008-10-17T18:34:20+00:00\",\"author\":{\"@id\":\"https:\/\/www.visit-ulcinj.com\/blog\/#\/schema\/person\/dcab619c614d3038751c63bc2aadc06d\"},\"description\":\"PODGORICE- Ka p\u00ebrfunduar me p\u00ebrleshje demonstrata e sotme n\u00eb kryeqytetin e Malit t\u00eb Zi, Podgoric\u00eb, kund\u00ebr njohjes s\u00eb pavar\u00ebsis\u00eb s\u00eb Kosov\u00ebs. Protestat jan\u00eb\",\"breadcrumb\":{\"@id\":\"https:\/\/www.visit-ulcinj.com\/blog\/2008\/10\/13\/podgorice-perleshje-ne-protesten-kunder-kosoves\/#breadcrumb\"},\"inLanguage\":\"en-US\",\"potentialAction\":[{\"@type\":\"ReadAction\",\"target\":[\"https:\/\/www.visit-ulcinj.com\/blog\/2008\/10\/13\/podgorice-perleshje-ne-protesten-kunder-kosoves\/\"]}]},{\"@type\":\"BreadcrumbList\",\"@id\":\"https:\/\/www.visit-ulcinj.com\/blog\/2008\/10\/13\/podgorice-perleshje-ne-protesten-kunder-kosoves\/#breadcrumb\",\"itemListElement\":[{\"@type\":\"ListItem\",\"position\":1,\"name\":\"Podgoric\u00eb, p\u00ebrleshje n\u00eb protest\u00ebn kund\u00ebr Kosov\u00ebs\"}]},{\"@type\":\"Person\",\"@id\":\"https:\/\/www.visit-ulcinj.com\/blog\/#\/schema\/person\/dcab619c614d3038751c63bc2aadc06d\",\"name\":\"ulqini\",\"sameAs\":[\"http:\/\/www.visit-ulcinj.com\"],\"url\":\"https:\/\/www.visit-ulcinj.com\/blog\/author\/admin\/\"}]}<\/script>\n<!-- \/ Yoast SEO plugin. -->","yoast_head_json":{"title":"Podgoric\u00eb, p\u00ebrleshje n\u00eb protest\u00ebn kund\u00ebr Kosov\u00ebs - Lajme nga Ulqini","description":"PODGORICE- Ka p\u00ebrfunduar me p\u00ebrleshje demonstrata e sotme n\u00eb kryeqytetin e Malit t\u00eb Zi, Podgoric\u00eb, kund\u00ebr njohjes s\u00eb pavar\u00ebsis\u00eb s\u00eb Kosov\u00ebs. Protestat jan\u00eb","robots":{"index":"index","follow":"follow","max-snippet":"max-snippet:-1","max-image-preview":"max-image-preview:large","max-video-preview":"max-video-preview:-1"},"canonical":"https:\/\/www.visit-ulcinj.com\/blog\/2008\/10\/13\/podgorice-perleshje-ne-protesten-kunder-kosoves\/","og_locale":"en_US","og_type":"article","og_title":"Podgoric\u00eb, p\u00ebrleshje n\u00eb protest\u00ebn kund\u00ebr Kosov\u00ebs - Lajme nga Ulqini","og_description":"PODGORICE- Ka p\u00ebrfunduar me p\u00ebrleshje demonstrata e sotme n\u00eb kryeqytetin e Malit t\u00eb Zi, Podgoric\u00eb, kund\u00ebr njohjes s\u00eb pavar\u00ebsis\u00eb s\u00eb Kosov\u00ebs. Protestat jan\u00eb","og_url":"https:\/\/www.visit-ulcinj.com\/blog\/2008\/10\/13\/podgorice-perleshje-ne-protesten-kunder-kosoves\/","og_site_name":"Lajme nga Ulqini","article_published_time":"2008-10-13T21:44:28+00:00","article_modified_time":"2008-10-17T18:34:20+00:00","og_image":[{"url":"http:\/\/www.visit-ulcinj.com\/blog\/wp-content\/uploads\/2008\/10\/neredi-u-podgorici-5-300x209.jpg"}],"twitter_misc":{"Written by":"ulqini","Est. reading time":"2 minutes"},"schema":{"@context":"https:\/\/schema.org","@graph":[{"@type":"WebSite","@id":"https:\/\/www.visit-ulcinj.com\/blog\/#website","url":"https:\/\/www.visit-ulcinj.com\/blog\/","name":"Lajme nga Ulqini","description":"Lajme,Vijesti,Ulqini,Ulqin,Crna Gora,Mali i Zi","potentialAction":[{"@type":"SearchAction","target":{"@type":"EntryPoint","urlTemplate":"https:\/\/www.visit-ulcinj.com\/blog\/?s={search_term_string}"},"query-input":"required name=search_term_string"}],"inLanguage":"en-US"},{"@type":"ImageObject","inLanguage":"en-US","@id":"https:\/\/www.visit-ulcinj.com\/blog\/2008\/10\/13\/podgorice-perleshje-ne-protesten-kunder-kosoves\/#primaryimage","url":"http:\/\/www.visit-ulcinj.com\/blog\/wp-content\/uploads\/2008\/10\/neredi-u-podgorici-5-300x209.jpg","contentUrl":"http:\/\/www.visit-ulcinj.com\/blog\/wp-content\/uploads\/2008\/10\/neredi-u-podgorici-5-300x209.jpg"},{"@type":"WebPage","@id":"https:\/\/www.visit-ulcinj.com\/blog\/2008\/10\/13\/podgorice-perleshje-ne-protesten-kunder-kosoves\/#webpage","url":"https:\/\/www.visit-ulcinj.com\/blog\/2008\/10\/13\/podgorice-perleshje-ne-protesten-kunder-kosoves\/","name":"Podgoric\u00eb, p\u00ebrleshje n\u00eb protest\u00ebn kund\u00ebr Kosov\u00ebs - Lajme nga Ulqini","isPartOf":{"@id":"https:\/\/www.visit-ulcinj.com\/blog\/#website"},"primaryImageOfPage":{"@id":"https:\/\/www.visit-ulcinj.com\/blog\/2008\/10\/13\/podgorice-perleshje-ne-protesten-kunder-kosoves\/#primaryimage"},"datePublished":"2008-10-13T21:44:28+00:00","dateModified":"2008-10-17T18:34:20+00:00","author":{"@id":"https:\/\/www.visit-ulcinj.com\/blog\/#\/schema\/person\/dcab619c614d3038751c63bc2aadc06d"},"description":"PODGORICE- Ka p\u00ebrfunduar me p\u00ebrleshje demonstrata e sotme n\u00eb kryeqytetin e Malit t\u00eb Zi, Podgoric\u00eb, kund\u00ebr njohjes s\u00eb pavar\u00ebsis\u00eb s\u00eb Kosov\u00ebs. Protestat jan\u00eb","breadcrumb":{"@id":"https:\/\/www.visit-ulcinj.com\/blog\/2008\/10\/13\/podgorice-perleshje-ne-protesten-kunder-kosoves\/#breadcrumb"},"inLanguage":"en-US","potentialAction":[{"@type":"ReadAction","target":["https:\/\/www.visit-ulcinj.com\/blog\/2008\/10\/13\/podgorice-perleshje-ne-protesten-kunder-kosoves\/"]}]},{"@type":"BreadcrumbList","@id":"https:\/\/www.visit-ulcinj.com\/blog\/2008\/10\/13\/podgorice-perleshje-ne-protesten-kunder-kosoves\/#breadcrumb","itemListElement":[{"@type":"ListItem","position":1,"name":"Podgoric\u00eb, p\u00ebrleshje n\u00eb protest\u00ebn kund\u00ebr Kosov\u00ebs"}]},{"@type":"Person","@id":"https:\/\/www.visit-ulcinj.com\/blog\/#\/schema\/person\/dcab619c614d3038751c63bc2aadc06d","name":"ulqini","sameAs":["http:\/\/www.visit-ulcinj.com"],"url":"https:\/\/www.visit-ulcinj.com\/blog\/author\/admin\/"}]}},"jetpack_featured_media_url":"","jetpack_sharing_enabled":true,"jetpack_shortlink":"https:\/\/wp.me\/pe6lTn-15J","_links":{"self":[{"href":"https:\/\/www.visit-ulcinj.com\/blog\/wp-json\/wp\/v2\/posts\/4199"}],"collection":[{"href":"https:\/\/www.visit-ulcinj.com\/blog\/wp-json\/wp\/v2\/posts"}],"about":[{"href":"https:\/\/www.visit-ulcinj.com\/blog\/wp-json\/wp\/v2\/types\/post"}],"author":[{"embeddable":true,"href":"https:\/\/www.visit-ulcinj.com\/blog\/wp-json\/wp\/v2\/users\/1"}],"replies":[{"embeddable":true,"href":"https:\/\/www.visit-ulcinj.com\/blog\/wp-json\/wp\/v2\/comments?post=4199"}],"version-history":[{"count":0,"href":"https:\/\/www.visit-ulcinj.com\/blog\/wp-json\/wp\/v2\/posts\/4199\/revisions"}],"wp:attachment":[{"href":"https:\/\/www.visit-ulcinj.com\/blog\/wp-json\/wp\/v2\/media?parent=4199"}],"wp:term":[{"taxonomy":"category","embeddable":true,"href":"https:\/\/www.visit-ulcinj.com\/blog\/wp-json\/wp\/v2\/categories?post=4199"},{"taxonomy":"post_tag","embeddable":true,"href":"https:\/\/www.visit-ulcinj.com\/blog\/wp-json\/wp\/v2\/tags?post=4199"}],"curies":[{"name":"wp","href":"https:\/\/api.w.org\/{rel}","templated":true}]}}