{"id":41993,"date":"2011-01-04T19:58:47","date_gmt":"2011-01-04T18:58:47","guid":{"rendered":"http:\/\/www.visit-ulcinj.com\/blog\/?p=41993"},"modified":"2011-01-04T20:01:48","modified_gmt":"2011-01-04T19:01:48","slug":"predrag-sekulic-boravice-u-posjeti-opstinama-bar-i-ulcinj","status":"publish","type":"post","link":"https:\/\/www.visit-ulcinj.com\/blog\/2011\/01\/04\/predrag-sekulic-boravice-u-posjeti-opstinama-bar-i-ulcinj\/","title":{"rendered":"Predrag Sekulic boravice u posjeti opstinama Bar i Ulcinj"},"content":{"rendered":"<p><a href=\"http:\/\/www.visit-ulcinj.com\/blog\/wp-content\/uploads\/2011\/01\/Predrag-Sekulic.jpg\"><img loading=\"lazy\" class=\"alignleft size-full wp-image-41994\" title=\"Predrag Sekulic\" src=\"http:\/\/www.visit-ulcinj.com\/blog\/wp-content\/uploads\/2011\/01\/Predrag-Sekulic.jpg\" alt=\"\" width=\"490\" height=\"390\" \/><\/a>Ministar odrzivog razvoja i turizma Predrag Sekulic boravice u posjeti opstinama Bar i Ulcinj<br \/>\nMinistar odr\u017eivog razvoja i turizma Predrag Sekuli\u0107 boravi\u0107e, u srijedu,<strong> 5. januara<\/strong>, u posjeti op\u0161tinama <strong>Bar i Ulcinj<\/strong>. Sastanak sa predsjednikom op\u0161tine Bara <strong>\u017darkom Pavi\u0107evi\u0107em<\/strong> i saradnicima bi\u0107e odr\u017ean u <strong>10,00 sati<\/strong> (po\u010detak razgovora mogu zabilje\u017eiti fotoreporteri i snimatelji), nakon kojeg su ( u <strong>11,30 sati<\/strong>) planirane izjave za medije.<\/p>\n<p>Razgovori ministra Sekuli\u0107a sa predsjednikom op\u0161tine Ulcinj <strong>Gzimom Hajdinagom<\/strong> i saradnicima bi\u0107e odr\u017eani u <strong>12, 30 sati<\/strong> (po\u010detak mogu zabilje\u017eiti fotoreporteri i snimatelji), dok su izjave planirane za <strong>14,00 sati.<br \/>\n<\/strong><br \/>\nNa sastancima u te dvije op\u0161tine bi\u0107e rije\u010di o projektu pretvaranja neformalnih naselja u formalna (legalizacija bespravno podignutih naselja u Sutomoru &#8211; Rutke), izgradnji deponije komunalnog otpada za Bar i Ulcinj &#8211; lokacija Mo\u017eura, pripremama priprema ljetnje turisti\u010dke sezone i izgradnji regionalnog vodovoda na potezu prema Ulcinju i Velikoj pla\u017ei .<\/p>\n<h3><a href=\"http:\/\/www.gov.me\/Najave\/102348\/Ministar-odrzivog-razvoja-i-turizma-Predrag-Sekulic-boravice.html\" target=\"_blank\"><strong>Autor\u00a0: Vlada.me<\/strong><\/a><strong> <\/strong><\/p>\n<p><strong><\/strong>Municipality of Ulcinj \/ Ulqin<br \/>\nArsllan Hajdinaga<br \/>\n<!--YouTube Error: bad URL entered--><\/h3>\n","protected":false},"excerpt":{"rendered":"<p>Ministar odrzivog razvoja i turizma Predrag Sekulic boravice u posjeti opstinama Bar i Ulcinj Ministar odr\u017eivog razvoja i turizma Predrag Sekuli\u0107 boravi\u0107e, u srijedu, 5. januara, u posjeti op\u0161tinama Bar i Ulcinj. Sastanak sa predsjednikom op\u0161tine Bara \u017darkom Pavi\u0107evi\u0107em i saradnicima bi\u0107e odr\u017ean u 10,00 sati (po\u010detak razgovora mogu zabilje\u017eiti fotoreporteri i snimatelji), nakon kojeg [&hellip;]<\/p>\n","protected":false},"author":1,"featured_media":0,"comment_status":"open","ping_status":"closed","sticky":false,"template":"","format":"standard","meta":{"spay_email":"","jetpack_publicize_message":"","jetpack_is_tweetstorm":false,"jetpack_publicize_feature_enabled":true},"categories":[8337],"tags":[2775,9718,1054,19],"jetpack_publicize_connections":[],"yoast_head":"<!-- This site is optimized with the Yoast SEO plugin v19.1 - https:\/\/yoast.com\/wordpress\/plugins\/seo\/ -->\n<title>Predrag Sekulic boravice u posjeti opstinama Bar i Ulcinj - Lajme nga Ulqini<\/title>\n<meta name=\"description\" content=\"Ministar odrzivog razvoja i turizma Predrag Sekulic boravice u posjeti opstinama Bar i Ulcinj Ministar odr\u017eivog razvoja i turizma Predrag Sekuli\u0107\" \/>\n<meta name=\"robots\" content=\"index, follow, max-snippet:-1, max-image-preview:large, max-video-preview:-1\" \/>\n<link rel=\"canonical\" href=\"https:\/\/www.visit-ulcinj.com\/blog\/2011\/01\/04\/predrag-sekulic-boravice-u-posjeti-opstinama-bar-i-ulcinj\/\" \/>\n<meta property=\"og:locale\" content=\"en_US\" \/>\n<meta property=\"og:type\" content=\"article\" \/>\n<meta property=\"og:title\" content=\"Predrag Sekulic boravice u posjeti opstinama Bar i Ulcinj - Lajme nga Ulqini\" \/>\n<meta property=\"og:description\" content=\"Ministar odrzivog razvoja i turizma Predrag Sekulic boravice u posjeti opstinama Bar i Ulcinj Ministar odr\u017eivog razvoja i turizma Predrag Sekuli\u0107\" \/>\n<meta property=\"og:url\" content=\"https:\/\/www.visit-ulcinj.com\/blog\/2011\/01\/04\/predrag-sekulic-boravice-u-posjeti-opstinama-bar-i-ulcinj\/\" \/>\n<meta property=\"og:site_name\" content=\"Lajme nga Ulqini\" \/>\n<meta property=\"article:published_time\" content=\"2011-01-04T18:58:47+00:00\" \/>\n<meta property=\"article:modified_time\" content=\"2011-01-04T19:01:48+00:00\" \/>\n<meta property=\"og:image\" content=\"http:\/\/www.visit-ulcinj.com\/blog\/wp-content\/uploads\/2011\/01\/Predrag-Sekulic.jpg\" \/>\n<meta name=\"twitter:label1\" content=\"Written by\" \/>\n\t<meta name=\"twitter:data1\" content=\"ulqini\" \/>\n\t<meta name=\"twitter:label2\" content=\"Est. reading time\" \/>\n\t<meta name=\"twitter:data2\" content=\"1 minute\" \/>\n<script type=\"application\/ld+json\" class=\"yoast-schema-graph\">{\"@context\":\"https:\/\/schema.org\",\"@graph\":[{\"@type\":\"WebSite\",\"@id\":\"https:\/\/www.visit-ulcinj.com\/blog\/#website\",\"url\":\"https:\/\/www.visit-ulcinj.com\/blog\/\",\"name\":\"Lajme nga Ulqini\",\"description\":\"Lajme,Vijesti,Ulqini,Ulqin,Crna Gora,Mali i Zi\",\"potentialAction\":[{\"@type\":\"SearchAction\",\"target\":{\"@type\":\"EntryPoint\",\"urlTemplate\":\"https:\/\/www.visit-ulcinj.com\/blog\/?s={search_term_string}\"},\"query-input\":\"required name=search_term_string\"}],\"inLanguage\":\"en-US\"},{\"@type\":\"ImageObject\",\"inLanguage\":\"en-US\",\"@id\":\"https:\/\/www.visit-ulcinj.com\/blog\/2011\/01\/04\/predrag-sekulic-boravice-u-posjeti-opstinama-bar-i-ulcinj\/#primaryimage\",\"url\":\"https:\/\/www.visit-ulcinj.com\/blog\/wp-content\/uploads\/2011\/01\/Predrag-Sekulic.jpg\",\"contentUrl\":\"https:\/\/www.visit-ulcinj.com\/blog\/wp-content\/uploads\/2011\/01\/Predrag-Sekulic.jpg\",\"width\":\"640\",\"height\":\"427\"},{\"@type\":\"WebPage\",\"@id\":\"https:\/\/www.visit-ulcinj.com\/blog\/2011\/01\/04\/predrag-sekulic-boravice-u-posjeti-opstinama-bar-i-ulcinj\/#webpage\",\"url\":\"https:\/\/www.visit-ulcinj.com\/blog\/2011\/01\/04\/predrag-sekulic-boravice-u-posjeti-opstinama-bar-i-ulcinj\/\",\"name\":\"Predrag Sekulic boravice u posjeti opstinama Bar i Ulcinj - Lajme nga Ulqini\",\"isPartOf\":{\"@id\":\"https:\/\/www.visit-ulcinj.com\/blog\/#website\"},\"primaryImageOfPage\":{\"@id\":\"https:\/\/www.visit-ulcinj.com\/blog\/2011\/01\/04\/predrag-sekulic-boravice-u-posjeti-opstinama-bar-i-ulcinj\/#primaryimage\"},\"datePublished\":\"2011-01-04T18:58:47+00:00\",\"dateModified\":\"2011-01-04T19:01:48+00:00\",\"author\":{\"@id\":\"https:\/\/www.visit-ulcinj.com\/blog\/#\/schema\/person\/dcab619c614d3038751c63bc2aadc06d\"},\"description\":\"Ministar odrzivog razvoja i turizma Predrag Sekulic boravice u posjeti opstinama Bar i Ulcinj Ministar odr\u017eivog razvoja i turizma Predrag Sekuli\u0107\",\"breadcrumb\":{\"@id\":\"https:\/\/www.visit-ulcinj.com\/blog\/2011\/01\/04\/predrag-sekulic-boravice-u-posjeti-opstinama-bar-i-ulcinj\/#breadcrumb\"},\"inLanguage\":\"en-US\",\"potentialAction\":[{\"@type\":\"ReadAction\",\"target\":[\"https:\/\/www.visit-ulcinj.com\/blog\/2011\/01\/04\/predrag-sekulic-boravice-u-posjeti-opstinama-bar-i-ulcinj\/\"]}]},{\"@type\":\"BreadcrumbList\",\"@id\":\"https:\/\/www.visit-ulcinj.com\/blog\/2011\/01\/04\/predrag-sekulic-boravice-u-posjeti-opstinama-bar-i-ulcinj\/#breadcrumb\",\"itemListElement\":[{\"@type\":\"ListItem\",\"position\":1,\"name\":\"Predrag Sekulic boravice u posjeti opstinama Bar i Ulcinj\"}]},{\"@type\":\"Person\",\"@id\":\"https:\/\/www.visit-ulcinj.com\/blog\/#\/schema\/person\/dcab619c614d3038751c63bc2aadc06d\",\"name\":\"ulqini\",\"sameAs\":[\"http:\/\/www.visit-ulcinj.com\"],\"url\":\"https:\/\/www.visit-ulcinj.com\/blog\/author\/admin\/\"}]}<\/script>\n<!-- \/ Yoast SEO plugin. -->","yoast_head_json":{"title":"Predrag Sekulic boravice u posjeti opstinama Bar i Ulcinj - Lajme nga Ulqini","description":"Ministar odrzivog razvoja i turizma Predrag Sekulic boravice u posjeti opstinama Bar i Ulcinj Ministar odr\u017eivog razvoja i turizma Predrag Sekuli\u0107","robots":{"index":"index","follow":"follow","max-snippet":"max-snippet:-1","max-image-preview":"max-image-preview:large","max-video-preview":"max-video-preview:-1"},"canonical":"https:\/\/www.visit-ulcinj.com\/blog\/2011\/01\/04\/predrag-sekulic-boravice-u-posjeti-opstinama-bar-i-ulcinj\/","og_locale":"en_US","og_type":"article","og_title":"Predrag Sekulic boravice u posjeti opstinama Bar i Ulcinj - Lajme nga Ulqini","og_description":"Ministar odrzivog razvoja i turizma Predrag Sekulic boravice u posjeti opstinama Bar i Ulcinj Ministar odr\u017eivog razvoja i turizma Predrag Sekuli\u0107","og_url":"https:\/\/www.visit-ulcinj.com\/blog\/2011\/01\/04\/predrag-sekulic-boravice-u-posjeti-opstinama-bar-i-ulcinj\/","og_site_name":"Lajme nga Ulqini","article_published_time":"2011-01-04T18:58:47+00:00","article_modified_time":"2011-01-04T19:01:48+00:00","og_image":[{"url":"http:\/\/www.visit-ulcinj.com\/blog\/wp-content\/uploads\/2011\/01\/Predrag-Sekulic.jpg"}],"twitter_misc":{"Written by":"ulqini","Est. reading time":"1 minute"},"schema":{"@context":"https:\/\/schema.org","@graph":[{"@type":"WebSite","@id":"https:\/\/www.visit-ulcinj.com\/blog\/#website","url":"https:\/\/www.visit-ulcinj.com\/blog\/","name":"Lajme nga Ulqini","description":"Lajme,Vijesti,Ulqini,Ulqin,Crna Gora,Mali i Zi","potentialAction":[{"@type":"SearchAction","target":{"@type":"EntryPoint","urlTemplate":"https:\/\/www.visit-ulcinj.com\/blog\/?s={search_term_string}"},"query-input":"required name=search_term_string"}],"inLanguage":"en-US"},{"@type":"ImageObject","inLanguage":"en-US","@id":"https:\/\/www.visit-ulcinj.com\/blog\/2011\/01\/04\/predrag-sekulic-boravice-u-posjeti-opstinama-bar-i-ulcinj\/#primaryimage","url":"https:\/\/www.visit-ulcinj.com\/blog\/wp-content\/uploads\/2011\/01\/Predrag-Sekulic.jpg","contentUrl":"https:\/\/www.visit-ulcinj.com\/blog\/wp-content\/uploads\/2011\/01\/Predrag-Sekulic.jpg","width":"640","height":"427"},{"@type":"WebPage","@id":"https:\/\/www.visit-ulcinj.com\/blog\/2011\/01\/04\/predrag-sekulic-boravice-u-posjeti-opstinama-bar-i-ulcinj\/#webpage","url":"https:\/\/www.visit-ulcinj.com\/blog\/2011\/01\/04\/predrag-sekulic-boravice-u-posjeti-opstinama-bar-i-ulcinj\/","name":"Predrag Sekulic boravice u posjeti opstinama Bar i Ulcinj - Lajme nga Ulqini","isPartOf":{"@id":"https:\/\/www.visit-ulcinj.com\/blog\/#website"},"primaryImageOfPage":{"@id":"https:\/\/www.visit-ulcinj.com\/blog\/2011\/01\/04\/predrag-sekulic-boravice-u-posjeti-opstinama-bar-i-ulcinj\/#primaryimage"},"datePublished":"2011-01-04T18:58:47+00:00","dateModified":"2011-01-04T19:01:48+00:00","author":{"@id":"https:\/\/www.visit-ulcinj.com\/blog\/#\/schema\/person\/dcab619c614d3038751c63bc2aadc06d"},"description":"Ministar odrzivog razvoja i turizma Predrag Sekulic boravice u posjeti opstinama Bar i Ulcinj Ministar odr\u017eivog razvoja i turizma Predrag Sekuli\u0107","breadcrumb":{"@id":"https:\/\/www.visit-ulcinj.com\/blog\/2011\/01\/04\/predrag-sekulic-boravice-u-posjeti-opstinama-bar-i-ulcinj\/#breadcrumb"},"inLanguage":"en-US","potentialAction":[{"@type":"ReadAction","target":["https:\/\/www.visit-ulcinj.com\/blog\/2011\/01\/04\/predrag-sekulic-boravice-u-posjeti-opstinama-bar-i-ulcinj\/"]}]},{"@type":"BreadcrumbList","@id":"https:\/\/www.visit-ulcinj.com\/blog\/2011\/01\/04\/predrag-sekulic-boravice-u-posjeti-opstinama-bar-i-ulcinj\/#breadcrumb","itemListElement":[{"@type":"ListItem","position":1,"name":"Predrag Sekulic boravice u posjeti opstinama Bar i Ulcinj"}]},{"@type":"Person","@id":"https:\/\/www.visit-ulcinj.com\/blog\/#\/schema\/person\/dcab619c614d3038751c63bc2aadc06d","name":"ulqini","sameAs":["http:\/\/www.visit-ulcinj.com"],"url":"https:\/\/www.visit-ulcinj.com\/blog\/author\/admin\/"}]}},"jetpack_featured_media_url":"","jetpack_sharing_enabled":true,"jetpack_shortlink":"https:\/\/wp.me\/pe6lTn-aVj","_links":{"self":[{"href":"https:\/\/www.visit-ulcinj.com\/blog\/wp-json\/wp\/v2\/posts\/41993"}],"collection":[{"href":"https:\/\/www.visit-ulcinj.com\/blog\/wp-json\/wp\/v2\/posts"}],"about":[{"href":"https:\/\/www.visit-ulcinj.com\/blog\/wp-json\/wp\/v2\/types\/post"}],"author":[{"embeddable":true,"href":"https:\/\/www.visit-ulcinj.com\/blog\/wp-json\/wp\/v2\/users\/1"}],"replies":[{"embeddable":true,"href":"https:\/\/www.visit-ulcinj.com\/blog\/wp-json\/wp\/v2\/comments?post=41993"}],"version-history":[{"count":0,"href":"https:\/\/www.visit-ulcinj.com\/blog\/wp-json\/wp\/v2\/posts\/41993\/revisions"}],"wp:attachment":[{"href":"https:\/\/www.visit-ulcinj.com\/blog\/wp-json\/wp\/v2\/media?parent=41993"}],"wp:term":[{"taxonomy":"category","embeddable":true,"href":"https:\/\/www.visit-ulcinj.com\/blog\/wp-json\/wp\/v2\/categories?post=41993"},{"taxonomy":"post_tag","embeddable":true,"href":"https:\/\/www.visit-ulcinj.com\/blog\/wp-json\/wp\/v2\/tags?post=41993"}],"curies":[{"name":"wp","href":"https:\/\/api.w.org\/{rel}","templated":true}]}}