{"id":42013,"date":"2011-01-05T20:58:23","date_gmt":"2011-01-05T19:58:23","guid":{"rendered":"http:\/\/www.visit-ulcinj.com\/blog\/?p=42013"},"modified":"2011-01-05T21:06:00","modified_gmt":"2011-01-05T20:06:00","slug":"valdanos-kao-zavala","status":"publish","type":"post","link":"https:\/\/www.visit-ulcinj.com\/blog\/2011\/01\/05\/valdanos-kao-zavala\/","title":{"rendered":"Valdanos kao Zavala"},"content":{"rendered":"<p><strong><a href=\"http:\/\/www.visit-ulcinj.com\/blog\/wp-content\/uploads\/2011\/01\/Odbor-za-povracaj-Maslinade-u-Valdanosu.5.jpg\"><img loading=\"lazy\" class=\"alignleft size-full wp-image-42014\" title=\"Odbor za povracaj Maslinade u Valdanosu.5\" src=\"http:\/\/www.visit-ulcinj.com\/blog\/wp-content\/uploads\/2011\/01\/Odbor-za-povracaj-Maslinade-u-Valdanosu.5.jpg\" alt=\"\" width=\"490\" height=\"390\" \/><\/a>Ulcinjani poru\u010dili potpredsjedniku vlade da je bilo dosta \u201eobmanjivanja javnosti\u201d<\/strong><br \/>\nPodgorica \u2013 Grupa ulcinjskih intelektualaca tvrdi da se farsa oko zakupa Valdanosa nastavlja, iako se, kako tvrde, gotovo dnevno dokazuje da se radi o krajnje sumnjivom poslu koji je dobila britanska firma Kjubus luks. Oni optu\u017euju potpredsjednika Vlade Vujicu Lazovi\u0107a \u201ckoji neodgovorno obmanjuje javnost iskazom da je Kjubus luks ispunio sve \u0161to je tenderom tra\u017eeno\u201d.<br \/>\n&#8211; A mi ka\u017eemo, i u to se mogu uvjeriti svi oni koji pogledaju tender i znaju poslovne reference Kjubus luksa \u2013 apsolutno nijedan! Jer, \u0161to drugo o\u010dekivati od kompanije za koju i on nevoljno potvr\u0111uje da posluje sa gubicima. I sada svi treba da povjerujemo Lazovi\u0107u da \u0107e oni da ulo\u017ee u Valdanos 222 miliona eura!? Ma hajte, molimo Vas, ne \u0161alite se, 2011. je \u2013 stoji u reagovanju Ulcinjana, dostavljenom redakciji \u201cVijesti\u201d.<br \/>\nPismo su, u ime grupe nevladinih organizacija, nezavisnih intelektualaca i Odbora za povra\u0107aj Maslinade u Valdanosu, potpisali D\u017eemal M. Perovi\u0107, D\u017eabir Hod\u017ea, Luka \u2013 Batko \u0110akonovi\u0107, Mustafa Canka, Dritan Abazovi\u0107.<br \/>\nLazovi\u0107, prema njihovim rije\u010dima, prije svega \u017eeli da opravda sebe, \u201cjer je upravo on bio na \u010delu Tenderske komisije za Valdanos\u201d.<\/p>\n<p>&#8211; Ako ga premijer Igor Luk\u0161i\u0107 i prije svega njegov predsjednik stranke Ranko Krivokapi\u0107 ne ubijede da odustane od ove opasne avanture, vjerujemo da \u0107e se sve okon\u010dati po onoj staroj: \u0107erasmo lisicu, i\u0161\u0107erasmo vuka! A mogao bi i sam da izvu\u010de pouku iz \u201cslu\u010daja Zavala\u201d, jer \u0107emo mi ukoliko se Ugovor o Valdanosu ipak zaklju\u010di, sigurno podnijeti krivi\u010dne prijave protiv svih aktera u tom poslu. Upornost sa kojom se zvani\u010dno forsira Kjubus luks, jedna mala i nereferentna kompanija, govori nam da iza ovog ponovnog poku\u0161aja otimanja imovine od gra\u0111ana Ulcinja i ovog \u0161tetnog posla za dr\u017eavu Crnu Goru i op\u0161tinu Ulcinj stoje doma\u0107i tajkuni &#8211; stoji u reagovanju.<br \/>\nNijedan privatizacioni i kupoprodajni ugovor koji je Vlada sklopila u Ulcinju, kako se dodaje, nije ispunjen.<br \/>\nZatra\u017eeno je i da se starim vlasnicima vrati imovina, prije nego \u0161to to odlu\u010de sudovi, jer bi onda do pla\u0107ali gra\u0111ani Crne Gore.<\/p>\n<p><strong>R. M.<br \/>\n<a href=\"http:\/\/www.vijesti.me\/\" target=\"_blank\">Vijesti<\/a><\/strong><br \/>\n<!--YouTube Error: bad URL entered--><br \/>\n1.<br \/>\n<a href=\"http:\/\/www.visit-ulcinj.com\/blog\/wp-content\/uploads\/2011\/01\/Odbor-za-povracaj-Maslinade-u-Valdanosu.jpg\"><img loading=\"lazy\" class=\"alignleft size-full wp-image-42015\" title=\"Odbor za povracaj Maslinade u Valdanosu\" src=\"http:\/\/www.visit-ulcinj.com\/blog\/wp-content\/uploads\/2011\/01\/Odbor-za-povracaj-Maslinade-u-Valdanosu.jpg\" alt=\"\" width=\"490\" height=\"380\" \/><\/a><br \/>\n2.<br \/>\n<a href=\"http:\/\/www.visit-ulcinj.com\/blog\/wp-content\/uploads\/2011\/01\/Odbor-za-povracaj-Maslinade-u-Valdanosu.1.jpg\"><img loading=\"lazy\" class=\"alignleft size-full wp-image-42016\" title=\"Odbor za povracaj Maslinade u Valdanosu.1\" src=\"http:\/\/www.visit-ulcinj.com\/blog\/wp-content\/uploads\/2011\/01\/Odbor-za-povracaj-Maslinade-u-Valdanosu.1.jpg\" alt=\"\" width=\"490\" height=\"380\" \/><\/a><br \/>\n3.<br \/>\n<a href=\"http:\/\/www.visit-ulcinj.com\/blog\/wp-content\/uploads\/2011\/01\/Odbor-za-povracaj-Maslinade-u-Valdanosu.2.jpg\"><img loading=\"lazy\" class=\"alignleft size-full wp-image-42017\" title=\"Odbor za povracaj Maslinade u Valdanosu.2\" src=\"http:\/\/www.visit-ulcinj.com\/blog\/wp-content\/uploads\/2011\/01\/Odbor-za-povracaj-Maslinade-u-Valdanosu.2.jpg\" alt=\"\" width=\"490\" height=\"380\" \/><\/a><br \/>\n4.<br \/>\n<a href=\"http:\/\/www.visit-ulcinj.com\/blog\/wp-content\/uploads\/2011\/01\/Odbor-za-povracaj-Maslinade-u-Valdanosu.3.jpg\"><img loading=\"lazy\" class=\"alignleft size-full wp-image-42018\" title=\"Odbor za povracaj Maslinade u Valdanosu.3\" src=\"http:\/\/www.visit-ulcinj.com\/blog\/wp-content\/uploads\/2011\/01\/Odbor-za-povracaj-Maslinade-u-Valdanosu.3.jpg\" alt=\"\" width=\"490\" height=\"380\" \/><\/a><br \/>\n5.<br \/>\n<a href=\"http:\/\/www.visit-ulcinj.com\/blog\/wp-content\/uploads\/2011\/01\/Odbor-za-povracaj-Maslinade-u-Valdanosu.4.jpg\"><img loading=\"lazy\" class=\"alignleft size-full wp-image-42019\" title=\"Odbor za povracaj Maslinade u Valdanosu.4\" src=\"http:\/\/www.visit-ulcinj.com\/blog\/wp-content\/uploads\/2011\/01\/Odbor-za-povracaj-Maslinade-u-Valdanosu.4.jpg\" alt=\"\" width=\"490\" height=\"380\" \/><\/a><\/p>\n","protected":false},"excerpt":{"rendered":"<p>Ulcinjani poru\u010dili potpredsjedniku vlade da je bilo dosta \u201eobmanjivanja javnosti\u201d Podgorica \u2013 Grupa ulcinjskih intelektualaca tvrdi da se farsa oko zakupa Valdanosa nastavlja, iako se, kako tvrde, gotovo dnevno dokazuje da se radi o krajnje sumnjivom poslu koji je dobila britanska firma Kjubus luks. Oni optu\u017euju potpredsjednika Vlade Vujicu Lazovi\u0107a \u201ckoji neodgovorno obmanjuje javnost iskazom [&hellip;]<\/p>\n","protected":false},"author":1,"featured_media":0,"comment_status":"open","ping_status":"closed","sticky":false,"template":"","format":"standard","meta":{"spay_email":"","jetpack_publicize_message":"","jetpack_is_tweetstorm":false,"jetpack_publicize_feature_enabled":true},"categories":[8337],"tags":[20,13706,10307,10777,11767,16864,5276,16863,2187,19,136,10195],"jetpack_publicize_connections":[],"yoast_head":"<!-- This site is optimized with the Yoast SEO plugin v19.1 - https:\/\/yoast.com\/wordpress\/plugins\/seo\/ -->\n<title>Valdanos kao Zavala - Lajme nga Ulqini<\/title>\n<meta name=\"description\" content=\"Ulcinjani poru\u010dili potpredsjedniku vlade da je bilo dosta \u201eobmanjivanja javnosti\u201d Podgorica \u2013 Grupa ulcinjskih intelektualaca tvrdi da se farsa oko zakupa\" \/>\n<meta name=\"robots\" content=\"index, follow, max-snippet:-1, max-image-preview:large, max-video-preview:-1\" \/>\n<link rel=\"canonical\" href=\"https:\/\/www.visit-ulcinj.com\/blog\/2011\/01\/05\/valdanos-kao-zavala\/\" \/>\n<meta property=\"og:locale\" content=\"en_US\" \/>\n<meta property=\"og:type\" content=\"article\" \/>\n<meta property=\"og:title\" content=\"Valdanos kao Zavala - Lajme nga Ulqini\" \/>\n<meta property=\"og:description\" content=\"Ulcinjani poru\u010dili potpredsjedniku vlade da je bilo dosta \u201eobmanjivanja javnosti\u201d Podgorica \u2013 Grupa ulcinjskih intelektualaca tvrdi da se farsa oko zakupa\" \/>\n<meta property=\"og:url\" content=\"https:\/\/www.visit-ulcinj.com\/blog\/2011\/01\/05\/valdanos-kao-zavala\/\" \/>\n<meta property=\"og:site_name\" content=\"Lajme nga Ulqini\" \/>\n<meta property=\"article:published_time\" content=\"2011-01-05T19:58:23+00:00\" \/>\n<meta property=\"article:modified_time\" content=\"2011-01-05T20:06:00+00:00\" \/>\n<meta property=\"og:image\" content=\"http:\/\/www.visit-ulcinj.com\/blog\/wp-content\/uploads\/2011\/01\/Odbor-za-povracaj-Maslinade-u-Valdanosu.5.jpg\" \/>\n<meta name=\"twitter:label1\" content=\"Written by\" \/>\n\t<meta name=\"twitter:data1\" content=\"ulqini\" \/>\n\t<meta name=\"twitter:label2\" content=\"Est. reading time\" \/>\n\t<meta name=\"twitter:data2\" content=\"2 minutes\" \/>\n<script type=\"application\/ld+json\" class=\"yoast-schema-graph\">{\"@context\":\"https:\/\/schema.org\",\"@graph\":[{\"@type\":\"WebSite\",\"@id\":\"https:\/\/www.visit-ulcinj.com\/blog\/#website\",\"url\":\"https:\/\/www.visit-ulcinj.com\/blog\/\",\"name\":\"Lajme nga Ulqini\",\"description\":\"Lajme,Vijesti,Ulqini,Ulqin,Crna Gora,Mali i Zi\",\"potentialAction\":[{\"@type\":\"SearchAction\",\"target\":{\"@type\":\"EntryPoint\",\"urlTemplate\":\"https:\/\/www.visit-ulcinj.com\/blog\/?s={search_term_string}\"},\"query-input\":\"required name=search_term_string\"}],\"inLanguage\":\"en-US\"},{\"@type\":\"ImageObject\",\"inLanguage\":\"en-US\",\"@id\":\"https:\/\/www.visit-ulcinj.com\/blog\/2011\/01\/05\/valdanos-kao-zavala\/#primaryimage\",\"url\":\"https:\/\/www.visit-ulcinj.com\/blog\/wp-content\/uploads\/2011\/01\/Odbor-za-povracaj-Maslinade-u-Valdanosu.5.jpg\",\"contentUrl\":\"https:\/\/www.visit-ulcinj.com\/blog\/wp-content\/uploads\/2011\/01\/Odbor-za-povracaj-Maslinade-u-Valdanosu.5.jpg\",\"width\":\"604\",\"height\":\"403\"},{\"@type\":\"WebPage\",\"@id\":\"https:\/\/www.visit-ulcinj.com\/blog\/2011\/01\/05\/valdanos-kao-zavala\/#webpage\",\"url\":\"https:\/\/www.visit-ulcinj.com\/blog\/2011\/01\/05\/valdanos-kao-zavala\/\",\"name\":\"Valdanos kao Zavala - Lajme nga Ulqini\",\"isPartOf\":{\"@id\":\"https:\/\/www.visit-ulcinj.com\/blog\/#website\"},\"primaryImageOfPage\":{\"@id\":\"https:\/\/www.visit-ulcinj.com\/blog\/2011\/01\/05\/valdanos-kao-zavala\/#primaryimage\"},\"datePublished\":\"2011-01-05T19:58:23+00:00\",\"dateModified\":\"2011-01-05T20:06:00+00:00\",\"author\":{\"@id\":\"https:\/\/www.visit-ulcinj.com\/blog\/#\/schema\/person\/dcab619c614d3038751c63bc2aadc06d\"},\"description\":\"Ulcinjani poru\u010dili potpredsjedniku vlade da je bilo dosta \u201eobmanjivanja javnosti\u201d Podgorica \u2013 Grupa ulcinjskih intelektualaca tvrdi da se farsa oko zakupa\",\"breadcrumb\":{\"@id\":\"https:\/\/www.visit-ulcinj.com\/blog\/2011\/01\/05\/valdanos-kao-zavala\/#breadcrumb\"},\"inLanguage\":\"en-US\",\"potentialAction\":[{\"@type\":\"ReadAction\",\"target\":[\"https:\/\/www.visit-ulcinj.com\/blog\/2011\/01\/05\/valdanos-kao-zavala\/\"]}]},{\"@type\":\"BreadcrumbList\",\"@id\":\"https:\/\/www.visit-ulcinj.com\/blog\/2011\/01\/05\/valdanos-kao-zavala\/#breadcrumb\",\"itemListElement\":[{\"@type\":\"ListItem\",\"position\":1,\"name\":\"Valdanos kao Zavala\"}]},{\"@type\":\"Person\",\"@id\":\"https:\/\/www.visit-ulcinj.com\/blog\/#\/schema\/person\/dcab619c614d3038751c63bc2aadc06d\",\"name\":\"ulqini\",\"sameAs\":[\"http:\/\/www.visit-ulcinj.com\"],\"url\":\"https:\/\/www.visit-ulcinj.com\/blog\/author\/admin\/\"}]}<\/script>\n<!-- \/ Yoast SEO plugin. -->","yoast_head_json":{"title":"Valdanos kao Zavala - Lajme nga Ulqini","description":"Ulcinjani poru\u010dili potpredsjedniku vlade da je bilo dosta \u201eobmanjivanja javnosti\u201d Podgorica \u2013 Grupa ulcinjskih intelektualaca tvrdi da se farsa oko zakupa","robots":{"index":"index","follow":"follow","max-snippet":"max-snippet:-1","max-image-preview":"max-image-preview:large","max-video-preview":"max-video-preview:-1"},"canonical":"https:\/\/www.visit-ulcinj.com\/blog\/2011\/01\/05\/valdanos-kao-zavala\/","og_locale":"en_US","og_type":"article","og_title":"Valdanos kao Zavala - Lajme nga Ulqini","og_description":"Ulcinjani poru\u010dili potpredsjedniku vlade da je bilo dosta \u201eobmanjivanja javnosti\u201d Podgorica \u2013 Grupa ulcinjskih intelektualaca tvrdi da se farsa oko zakupa","og_url":"https:\/\/www.visit-ulcinj.com\/blog\/2011\/01\/05\/valdanos-kao-zavala\/","og_site_name":"Lajme nga Ulqini","article_published_time":"2011-01-05T19:58:23+00:00","article_modified_time":"2011-01-05T20:06:00+00:00","og_image":[{"url":"http:\/\/www.visit-ulcinj.com\/blog\/wp-content\/uploads\/2011\/01\/Odbor-za-povracaj-Maslinade-u-Valdanosu.5.jpg"}],"twitter_misc":{"Written by":"ulqini","Est. reading time":"2 minutes"},"schema":{"@context":"https:\/\/schema.org","@graph":[{"@type":"WebSite","@id":"https:\/\/www.visit-ulcinj.com\/blog\/#website","url":"https:\/\/www.visit-ulcinj.com\/blog\/","name":"Lajme nga Ulqini","description":"Lajme,Vijesti,Ulqini,Ulqin,Crna Gora,Mali i Zi","potentialAction":[{"@type":"SearchAction","target":{"@type":"EntryPoint","urlTemplate":"https:\/\/www.visit-ulcinj.com\/blog\/?s={search_term_string}"},"query-input":"required name=search_term_string"}],"inLanguage":"en-US"},{"@type":"ImageObject","inLanguage":"en-US","@id":"https:\/\/www.visit-ulcinj.com\/blog\/2011\/01\/05\/valdanos-kao-zavala\/#primaryimage","url":"https:\/\/www.visit-ulcinj.com\/blog\/wp-content\/uploads\/2011\/01\/Odbor-za-povracaj-Maslinade-u-Valdanosu.5.jpg","contentUrl":"https:\/\/www.visit-ulcinj.com\/blog\/wp-content\/uploads\/2011\/01\/Odbor-za-povracaj-Maslinade-u-Valdanosu.5.jpg","width":"604","height":"403"},{"@type":"WebPage","@id":"https:\/\/www.visit-ulcinj.com\/blog\/2011\/01\/05\/valdanos-kao-zavala\/#webpage","url":"https:\/\/www.visit-ulcinj.com\/blog\/2011\/01\/05\/valdanos-kao-zavala\/","name":"Valdanos kao Zavala - Lajme nga Ulqini","isPartOf":{"@id":"https:\/\/www.visit-ulcinj.com\/blog\/#website"},"primaryImageOfPage":{"@id":"https:\/\/www.visit-ulcinj.com\/blog\/2011\/01\/05\/valdanos-kao-zavala\/#primaryimage"},"datePublished":"2011-01-05T19:58:23+00:00","dateModified":"2011-01-05T20:06:00+00:00","author":{"@id":"https:\/\/www.visit-ulcinj.com\/blog\/#\/schema\/person\/dcab619c614d3038751c63bc2aadc06d"},"description":"Ulcinjani poru\u010dili potpredsjedniku vlade da je bilo dosta \u201eobmanjivanja javnosti\u201d Podgorica \u2013 Grupa ulcinjskih intelektualaca tvrdi da se farsa oko zakupa","breadcrumb":{"@id":"https:\/\/www.visit-ulcinj.com\/blog\/2011\/01\/05\/valdanos-kao-zavala\/#breadcrumb"},"inLanguage":"en-US","potentialAction":[{"@type":"ReadAction","target":["https:\/\/www.visit-ulcinj.com\/blog\/2011\/01\/05\/valdanos-kao-zavala\/"]}]},{"@type":"BreadcrumbList","@id":"https:\/\/www.visit-ulcinj.com\/blog\/2011\/01\/05\/valdanos-kao-zavala\/#breadcrumb","itemListElement":[{"@type":"ListItem","position":1,"name":"Valdanos kao Zavala"}]},{"@type":"Person","@id":"https:\/\/www.visit-ulcinj.com\/blog\/#\/schema\/person\/dcab619c614d3038751c63bc2aadc06d","name":"ulqini","sameAs":["http:\/\/www.visit-ulcinj.com"],"url":"https:\/\/www.visit-ulcinj.com\/blog\/author\/admin\/"}]}},"jetpack_featured_media_url":"","jetpack_sharing_enabled":true,"jetpack_shortlink":"https:\/\/wp.me\/pe6lTn-aVD","_links":{"self":[{"href":"https:\/\/www.visit-ulcinj.com\/blog\/wp-json\/wp\/v2\/posts\/42013"}],"collection":[{"href":"https:\/\/www.visit-ulcinj.com\/blog\/wp-json\/wp\/v2\/posts"}],"about":[{"href":"https:\/\/www.visit-ulcinj.com\/blog\/wp-json\/wp\/v2\/types\/post"}],"author":[{"embeddable":true,"href":"https:\/\/www.visit-ulcinj.com\/blog\/wp-json\/wp\/v2\/users\/1"}],"replies":[{"embeddable":true,"href":"https:\/\/www.visit-ulcinj.com\/blog\/wp-json\/wp\/v2\/comments?post=42013"}],"version-history":[{"count":0,"href":"https:\/\/www.visit-ulcinj.com\/blog\/wp-json\/wp\/v2\/posts\/42013\/revisions"}],"wp:attachment":[{"href":"https:\/\/www.visit-ulcinj.com\/blog\/wp-json\/wp\/v2\/media?parent=42013"}],"wp:term":[{"taxonomy":"category","embeddable":true,"href":"https:\/\/www.visit-ulcinj.com\/blog\/wp-json\/wp\/v2\/categories?post=42013"},{"taxonomy":"post_tag","embeddable":true,"href":"https:\/\/www.visit-ulcinj.com\/blog\/wp-json\/wp\/v2\/tags?post=42013"}],"curies":[{"name":"wp","href":"https:\/\/api.w.org\/{rel}","templated":true}]}}